{"id":84502,"date":"2006-06-23T19:37:06","date_gmt":"2006-06-23T19:37:06","guid":{"rendered":"http:\/\/www.feminissima.de\/?p=84502"},"modified":"2006-06-23T19:37:06","modified_gmt":"2006-06-23T19:37:06","slug":"leiharbeit-in-der-eigenen-firma","status":"publish","type":"post","link":"https:\/\/feminissima.de\/index.php\/2006\/06\/23\/leiharbeit-in-der-eigenen-firma\/","title":{"rendered":"&#8222;Leiharbeit&#8220; in der eigenen Firma"},"content":{"rendered":"<p>live-Text vom 22.6. 2006<br \/>242584.<br \/>heute: 600<\/p>\n<p>auch W\u00dcSTENROT will jetzt an die 1.000 Mitarbeiter entlassen.<\/p>\n<p>&#8222;Stellen abbauen&#8220;, hei\u00dft das neudeutsch.<\/p>\n<p>\/Es ist 22:22 Uhr in Berlin.<\/p>\n<table width=\"100%\">\n<tr>\n<td style=\"background-image=url('images\/monet-heller.jpg')\"><font size=\"+1\"><\/p>\n<p>&#8230;ah, wenn dieser Trend weitergeht,<br \/>arbeiten bald alle nur noch zum Hungerlohn. <\/p>\n<p>Als &#8222;Leiharbeiter&#8220; verdienen die bisherigen Arbeiter um die 400 Euro weniger.<\/p>\n<p>Um auf diese Weise Tariflohn etc. zu unterwandern, machen immer mehr Firmen langj\u00e4hrige Mitarbeiter, die jetzt \u00e4lter geworden sind&#8230;im eigenen Unternehmen durch &#8222;neue Vertr\u00e4ge&#8220; zu Leiharbeitern!!<\/p>\n<p>Diese Menschen kosten dann 20 Prozent weniger.<br \/>Und wovon sollen sie leben??<\/p>\n<p>Doch immer mehr Menschen treibt es in die Leiharbeit.<\/p>\n<p>Weil sie woanders entweder keine Arbeit mehr finden <br \/>oder von ihrer bisherigen Firma dazu gen\u00f6tigt werden.<\/p>\n<p>Was mal als flexible M\u00f6glichkeit des Arbeitsmarktes gedacht war, <\/p>\n<p>wie adia interim oder randstad, <br \/>f\u00fcr Berufsschnupperer und Studenten oder auch &#8230;naja&#8230;<br \/>immer unter dem \u00fcblichen Lohn, daf\u00fcr aber unb\u00fcrokratisch und Geld auf die Kralle auch schon mal nach 14 Tagen&#8230;<\/p>\n<p>Heute keine Jobs mehr dort, <br \/>die mehr als 7.50 Euro br\u00e4chten, kaum Angebote &#8211; warum???<\/p>\n<p>&#8222;Weil die Firmen das jetzt selbst machen.<br \/>Vorher hat sich ja die Agentur f\u00fcr Arbeit als Konkurrenz probiert&#8230;&#8220;<\/p>\n<p>Wer den h\u00f6lzernen M\u00fcntefering heute Abend kurz im TV sah, und er &#8222;seinen Etat&#8220; als gut und richtig&#8230;verteidigte,<\/p>\n<p>wirkte er nur noch wie eine Marionette.<\/p>\n<p>Ist er etwas anderes?<\/p>\n<p>Auch Verr\u00e4ter kriegen Magenschmerzen.<\/p>\n<p><\/td>\n<\/tr>\n<\/table>\n<p><br \/<\/p>\n","protected":false},"excerpt":{"rendered":"<p>live-Text vom 22.6. 2006<\/p>\n","protected":false},"author":2,"featured_media":0,"comment_status":"closed","ping_status":"closed","sticky":false,"template":"","format":"standard","meta":{"footnotes":""},"categories":[7],"tags":[],"class_list":["post-84502","post","type-post","status-publish","format-standard","hentry","category-femberuf","entry"],"yoast_head":"<!-- This site is optimized with the Yoast SEO plugin v21.0 - https:\/\/yoast.com\/wordpress\/plugins\/seo\/ -->\n<title>&quot;Leiharbeit&quot; in der eigenen Firma - Feminissima<\/title>\n<meta name=\"robots\" content=\"index, follow, max-snippet:-1, max-image-preview:large, max-video-preview:-1\" \/>\n<link rel=\"canonical\" href=\"https:\/\/feminissima.de\/index.php\/2006\/06\/23\/leiharbeit-in-der-eigenen-firma\/\" \/>\n<meta property=\"og:locale\" content=\"de_DE\" \/>\n<meta property=\"og:type\" content=\"article\" \/>\n<meta property=\"og:title\" content=\"&quot;Leiharbeit&quot; in der eigenen Firma - Feminissima\" \/>\n<meta property=\"og:description\" content=\"live-Text vom 22.6. 2006\" \/>\n<meta property=\"og:url\" content=\"https:\/\/feminissima.de\/index.php\/2006\/06\/23\/leiharbeit-in-der-eigenen-firma\/\" \/>\n<meta property=\"og:site_name\" content=\"Feminissima\" \/>\n<meta property=\"article:published_time\" content=\"2006-06-23T19:37:06+00:00\" \/>\n<meta name=\"author\" content=\"admin\" \/>\n<meta name=\"twitter:card\" content=\"summary_large_image\" \/>\n<meta name=\"twitter:label1\" content=\"Verfasst von\" \/>\n\t<meta name=\"twitter:data1\" content=\"admin\" \/>\n\t<meta name=\"twitter:label2\" content=\"Gesch\u00e4tzte Lesezeit\" \/>\n\t<meta name=\"twitter:data2\" content=\"1\u00a0Minute\" \/>\n<script type=\"application\/ld+json\" class=\"yoast-schema-graph\">{\"@context\":\"https:\/\/schema.org\",\"@graph\":[{\"@type\":\"WebPage\",\"@id\":\"https:\/\/feminissima.de\/index.php\/2006\/06\/23\/leiharbeit-in-der-eigenen-firma\/\",\"url\":\"https:\/\/feminissima.de\/index.php\/2006\/06\/23\/leiharbeit-in-der-eigenen-firma\/\",\"name\":\"\\\"Leiharbeit\\\" in der eigenen Firma - Feminissima\",\"isPartOf\":{\"@id\":\"https:\/\/feminissima.de\/#website\"},\"datePublished\":\"2006-06-23T19:37:06+00:00\",\"dateModified\":\"2006-06-23T19:37:06+00:00\",\"author\":{\"@id\":\"https:\/\/feminissima.de\/#\/schema\/person\/0b901e053624f88e7ecbea289d9d5128\"},\"breadcrumb\":{\"@id\":\"https:\/\/feminissima.de\/index.php\/2006\/06\/23\/leiharbeit-in-der-eigenen-firma\/#breadcrumb\"},\"inLanguage\":\"de\",\"potentialAction\":[{\"@type\":\"ReadAction\",\"target\":[\"https:\/\/feminissima.de\/index.php\/2006\/06\/23\/leiharbeit-in-der-eigenen-firma\/\"]}]},{\"@type\":\"BreadcrumbList\",\"@id\":\"https:\/\/feminissima.de\/index.php\/2006\/06\/23\/leiharbeit-in-der-eigenen-firma\/#breadcrumb\",\"itemListElement\":[{\"@type\":\"ListItem\",\"position\":1,\"name\":\"Startseite\",\"item\":\"https:\/\/feminissima.de\/\"},{\"@type\":\"ListItem\",\"position\":2,\"name\":\"&#8222;Leiharbeit&#8220; in der eigenen Firma\"}]},{\"@type\":\"WebSite\",\"@id\":\"https:\/\/feminissima.de\/#website\",\"url\":\"https:\/\/feminissima.de\/\",\"name\":\"Feminissima\",\"description\":\"\",\"potentialAction\":[{\"@type\":\"SearchAction\",\"target\":{\"@type\":\"EntryPoint\",\"urlTemplate\":\"https:\/\/feminissima.de\/?s={search_term_string}\"},\"query-input\":\"required name=search_term_string\"}],\"inLanguage\":\"de\"},{\"@type\":\"Person\",\"@id\":\"https:\/\/feminissima.de\/#\/schema\/person\/0b901e053624f88e7ecbea289d9d5128\",\"name\":\"admin\",\"image\":{\"@type\":\"ImageObject\",\"inLanguage\":\"de\",\"@id\":\"https:\/\/feminissima.de\/#\/schema\/person\/image\/\",\"url\":\"https:\/\/secure.gravatar.com\/avatar\/8da1f51327453c0bf63338e8e2a791948b7d2ac19b68839492d1e69aac6924a8?s=96&d=mm&r=g\",\"contentUrl\":\"https:\/\/secure.gravatar.com\/avatar\/8da1f51327453c0bf63338e8e2a791948b7d2ac19b68839492d1e69aac6924a8?s=96&d=mm&r=g\",\"caption\":\"admin\"},\"url\":\"https:\/\/feminissima.de\/index.php\/author\/admin\/\"}]}<\/script>\n<!-- \/ Yoast SEO plugin. -->","yoast_head_json":{"title":"\"Leiharbeit\" in der eigenen Firma - Feminissima","robots":{"index":"index","follow":"follow","max-snippet":"max-snippet:-1","max-image-preview":"max-image-preview:large","max-video-preview":"max-video-preview:-1"},"canonical":"https:\/\/feminissima.de\/index.php\/2006\/06\/23\/leiharbeit-in-der-eigenen-firma\/","og_locale":"de_DE","og_type":"article","og_title":"\"Leiharbeit\" in der eigenen Firma - Feminissima","og_description":"live-Text vom 22.6. 2006","og_url":"https:\/\/feminissima.de\/index.php\/2006\/06\/23\/leiharbeit-in-der-eigenen-firma\/","og_site_name":"Feminissima","article_published_time":"2006-06-23T19:37:06+00:00","author":"admin","twitter_card":"summary_large_image","twitter_misc":{"Verfasst von":"admin","Gesch\u00e4tzte Lesezeit":"1\u00a0Minute"},"schema":{"@context":"https:\/\/schema.org","@graph":[{"@type":"WebPage","@id":"https:\/\/feminissima.de\/index.php\/2006\/06\/23\/leiharbeit-in-der-eigenen-firma\/","url":"https:\/\/feminissima.de\/index.php\/2006\/06\/23\/leiharbeit-in-der-eigenen-firma\/","name":"\"Leiharbeit\" in der eigenen Firma - Feminissima","isPartOf":{"@id":"https:\/\/feminissima.de\/#website"},"datePublished":"2006-06-23T19:37:06+00:00","dateModified":"2006-06-23T19:37:06+00:00","author":{"@id":"https:\/\/feminissima.de\/#\/schema\/person\/0b901e053624f88e7ecbea289d9d5128"},"breadcrumb":{"@id":"https:\/\/feminissima.de\/index.php\/2006\/06\/23\/leiharbeit-in-der-eigenen-firma\/#breadcrumb"},"inLanguage":"de","potentialAction":[{"@type":"ReadAction","target":["https:\/\/feminissima.de\/index.php\/2006\/06\/23\/leiharbeit-in-der-eigenen-firma\/"]}]},{"@type":"BreadcrumbList","@id":"https:\/\/feminissima.de\/index.php\/2006\/06\/23\/leiharbeit-in-der-eigenen-firma\/#breadcrumb","itemListElement":[{"@type":"ListItem","position":1,"name":"Startseite","item":"https:\/\/feminissima.de\/"},{"@type":"ListItem","position":2,"name":"&#8222;Leiharbeit&#8220; in der eigenen Firma"}]},{"@type":"WebSite","@id":"https:\/\/feminissima.de\/#website","url":"https:\/\/feminissima.de\/","name":"Feminissima","description":"","potentialAction":[{"@type":"SearchAction","target":{"@type":"EntryPoint","urlTemplate":"https:\/\/feminissima.de\/?s={search_term_string}"},"query-input":"required name=search_term_string"}],"inLanguage":"de"},{"@type":"Person","@id":"https:\/\/feminissima.de\/#\/schema\/person\/0b901e053624f88e7ecbea289d9d5128","name":"admin","image":{"@type":"ImageObject","inLanguage":"de","@id":"https:\/\/feminissima.de\/#\/schema\/person\/image\/","url":"https:\/\/secure.gravatar.com\/avatar\/8da1f51327453c0bf63338e8e2a791948b7d2ac19b68839492d1e69aac6924a8?s=96&d=mm&r=g","contentUrl":"https:\/\/secure.gravatar.com\/avatar\/8da1f51327453c0bf63338e8e2a791948b7d2ac19b68839492d1e69aac6924a8?s=96&d=mm&r=g","caption":"admin"},"url":"https:\/\/feminissima.de\/index.php\/author\/admin\/"}]}},"jetpack_featured_media_url":"","_links":{"self":[{"href":"https:\/\/feminissima.de\/index.php\/wp-json\/wp\/v2\/posts\/84502","targetHints":{"allow":["GET"]}}],"collection":[{"href":"https:\/\/feminissima.de\/index.php\/wp-json\/wp\/v2\/posts"}],"about":[{"href":"https:\/\/feminissima.de\/index.php\/wp-json\/wp\/v2\/types\/post"}],"author":[{"embeddable":true,"href":"https:\/\/feminissima.de\/index.php\/wp-json\/wp\/v2\/users\/2"}],"replies":[{"embeddable":true,"href":"https:\/\/feminissima.de\/index.php\/wp-json\/wp\/v2\/comments?post=84502"}],"version-history":[{"count":0,"href":"https:\/\/feminissima.de\/index.php\/wp-json\/wp\/v2\/posts\/84502\/revisions"}],"wp:attachment":[{"href":"https:\/\/feminissima.de\/index.php\/wp-json\/wp\/v2\/media?parent=84502"}],"wp:term":[{"taxonomy":"category","embeddable":true,"href":"https:\/\/feminissima.de\/index.php\/wp-json\/wp\/v2\/categories?post=84502"},{"taxonomy":"post_tag","embeddable":true,"href":"https:\/\/feminissima.de\/index.php\/wp-json\/wp\/v2\/tags?post=84502"}],"curies":[{"name":"wp","href":"https:\/\/api.w.org\/{rel}","templated":true}]}}