{"id":84499,"date":"2006-06-23T11:32:25","date_gmt":"2006-06-23T11:32:25","guid":{"rendered":"http:\/\/www.feminissima.de\/?p=84499"},"modified":"2006-06-23T11:32:25","modified_gmt":"2006-06-23T11:32:25","slug":"pinn-swr-i-leute-z-b-cleo-kretschmer","status":"publish","type":"post","link":"https:\/\/feminissima.de\/index.php\/2006\/06\/23\/pinn-swr-i-leute-z-b-cleo-kretschmer\/","title":{"rendered":"PINN: SWR I\/ LEUTE &#8211; z.B. Cleo Kretschmer"},"content":{"rendered":"<p>SWR1 Leute &#8211; t\u00e4glich von 10 Uhr 05 bis 12 Uhr.<\/p>\n<p>Empfehlenswert: J\u00fcrgen Roth, Cleo Kretschmer &#8211; noch k\u00fcrzlich fragte FEM &#8222;wo ist sie eigentlich?&#8220;<\/p>\n<p>Cleo K. hatte 1998 eine schwere Hirnblutung..operiert, Koma, aufgewacht, alles wieder neu erlernt&#8230;auch das Leben. Am Mittwoch, den 28. 6. 2006 \/Ferner: ein Allerloge sagt, Neurodermitis ist nicht genetisch bedingt, sondern ein individuelles Schicksal und HEILBAR.<\/p>\n<p>Mehr:<br \/>SWR1 Leute<\/p>\n<p>von 10.05 bis 12.00 Uhr vom 26.06. bis 01.07.06<\/p>\n<p>Montag, 26.06.06<\/p>\n<p>Gast (live): J\u00fcrgen Roth, Journalist und Bestseller-Autor<\/p>\n<p>T\u00e4uschen, Tricksen, Aufkl\u00e4rung<\/p>\n<p>J\u00fcrgen Roth ist einer der investigativsten und hartn\u00e4ckig-<\/p>\n<p>sten deutschen Journalisten. Seit vielen Jahren besch\u00e4ftigt<\/p>\n<p>er sich mit Mafia und organisierter Kriminalit\u00e4t, mit Waffen-<\/p>\n<p>und Drogenhandel, mit Filz und Korruption. In seinem neuen<\/p>\n<p>Buch &#8222;Der Deutschland Clan&#8220; beschreibt er ein Netzwerk aus<\/p>\n<p>Politikern, Konzernchefs, Lobbyisten und Strippenziehern,<\/p>\n<p>das unseren Rechtsstaat ernsthaft gef\u00e4hrdet.<\/p>\n<p>Moderation: Wolfgang Heim<\/p>\n<p>Dienstag, 27.06.06<\/p>\n<p>Gast (live): Prof. Ernst-August Stemmann, Kinderarzt und<\/p>\n<p>Allergologe<\/p>\n<p>Asthma, Atemnot, Behandlungserfolge<\/p>\n<p>Warum bekomme ich Heuschnupfen? Ist Neurodermitis genetisch<\/p>\n<p>bedingt? Wie entsteht Asthma? Der Dermatologe Prof. Ernst-<\/p>\n<p>August Stemmann ist der Ansicht, dass chronische Allergien<\/p>\n<p>eine individuelle Ursache haben und geheilt werden k\u00f6nnen.<\/p>\n<p>Er hat dazu ein spezielles Behandlungsverfahren entwickelt.<\/p>\n<p>Moderation: Stefan Siller<\/p>\n<p>Mittwoch, 28.06.06<\/p>\n<p>Gast (live): Cleo Kretschmer, Schauspielerin und ehem.Koma-<\/p>\n<p>Patientin<\/p>\n<p>Karriere, Katastrophe, Neuanfang<\/p>\n<p>Als Schauspielerin war Cleo Kretschmer in den 70er und 80er<\/p>\n<p>Jahren in Deutschland Kult. 1998 dann die Katastrophe: Cleo<\/p>\n<p>Kretschmer erlitt eine schwere Hirnblutung, fiel ins Koma &#8211;<\/p>\n<p>und musste nach einer extrem schwierigen und risikoreichen<\/p>\n<p>Operation alles neu erlernen. Heute lebt Cleo Kretschmer in<\/p>\n<p>einem Dorf in Oberbayern und genie\u00dft ihr Leben.<\/p>\n<p>Moderation: Wolfgang Heim<\/p>\n<p>Donnerstag, 29.06.06<\/p>\n<p>Gast (live): Prof. Hans Ebersp\u00e4cher, Sportwissenschaftler<\/p>\n<p>Angst, Anspannung, Befreiung<\/p>\n<p>Was passiert in den K\u00f6pfen von Leistungssportlern? Wie erle-<\/p>\n<p>ben Fu\u00dfballer ein WM-k.o.-Spiel? Wer verschie\u00dft warum den<\/p>\n<p>entscheidenden Elfmeter? Mit diesen Fragen besch\u00e4ftigt sich<\/p>\n<p>seit vielen Jahren Prof. Hans Ebersp\u00e4cher aus Heidelberg.<\/p>\n<p>Ebersp\u00e4cher ist einer der f\u00fchrenden deutschen Sportwissen-<\/p>\n<p>schaftler. Seine Devise klingt wie eine Beschw\u00f6rungsformel:<\/p>\n<p>&#8222;Sei immer bei Dir! Kopf, K\u00f6rper und Gef\u00fchl zu einer Zeit<\/p>\n<p>an einem Ort!&#8220;<\/p>\n<p>Moderation: Wolfgang Heim<\/p>\n<p>Freitag, 30.06.06<\/p>\n<p>Gast (live): Prof. Hanns Ruder, Astronom und Astrophysiker<\/p>\n<p>Mars, Milchstra\u00dfe, Verst\u00e4ndnis<\/p>\n<p>Wir k\u00f6nnen mit Lichtgeschwindigkeit durch die Stadt fahren,<\/p>\n<p>und wir k\u00f6nnen uns gefahrlos einem schwarzen Loch n\u00e4hern.<\/p>\n<p>Prof. Hanns Ruder macht solche Effekte sichtbar. Er ist<\/p>\n<p>Professor f\u00fcr Astrophysik an der Universit\u00e4t T\u00fcbingen und<\/p>\n<p>besucht mit seinem &#8222;Einsteinmobil&#8220; viele Schulen des Landes.<\/p>\n<p>Moderation: Stefan Siller<\/p>\n<p>Samstag, 01.07.06<\/p>\n<p>Leute der Woche<\/p>\n<p>G\u00e4ste (Aufzeichnung)<\/p>\n<p>Moderation: Stefan Siller<\/p>\n<p>SWR1 Leute wird auch wiederholt in cont.ra t\u00e4glich von<\/p>\n<p>Montag bis Samstag von 9.05 bis 9.30 Uhr und von Montag<\/p>\n<p>bis Freitag von 14.05 bis 14.30 Uhr auf Mittelwelle. Weitere<\/p>\n<p>Informationen im Internet www.swr.de\/contra.<\/p>\n<p>Die &#8222;Leute Night&#8220;-\u00dcbersicht finden Sie jetzt im Internet unter<\/p>\n<p>www.swr.de\/leutenight<\/p>\n<p>SWR1 Leute als Podcast:<\/p>\n<p>http:\/\/www1.swr.de\/swr1\/bw\/programm\/2005\/09\/01\/index1.html<\/p>\n","protected":false},"excerpt":{"rendered":"<p>SWR1 Leute &#8211; t\u00e4glich von 10 Uhr 05 bis 12 Uhr.<\/p>\n<p>Empfehlenswert: J\u00fcrgen Roth, Cleo Kretschmer &#8211; noch k\u00fcrzlich fragte FEM &#8222;wo ist sie eigentlich?&#8220;<\/p>\n<p>Cleo K. hatte 1998 eine schwere Hirnblutung..operiert, Koma, aufgewacht, alles wieder neu erlernt&#8230;auch das Leben. Am Mittwoch, den 28. 6. 2006 \/Ferner: ein Allerloge sagt, Neurodermitis ist nicht genetisch bedingt, sondern ein individuelles Schicksal und HEILBAR.<\/p>\n<p>Mehr:<\/p>\n","protected":false},"author":2,"featured_media":0,"comment_status":"closed","ping_status":"closed","sticky":false,"template":"","format":"standard","meta":{"footnotes":""},"categories":[26],"tags":[],"class_list":["post-84499","post","type-post","status-publish","format-standard","hentry","category-pinnwand","entry"],"yoast_head":"<!-- This site is optimized with the Yoast SEO plugin v21.0 - https:\/\/yoast.com\/wordpress\/plugins\/seo\/ -->\n<title>PINN: SWR I\/ LEUTE - z.B. Cleo Kretschmer - Feminissima<\/title>\n<meta name=\"robots\" content=\"index, follow, max-snippet:-1, max-image-preview:large, max-video-preview:-1\" \/>\n<link rel=\"canonical\" href=\"https:\/\/feminissima.de\/index.php\/2006\/06\/23\/pinn-swr-i-leute-z-b-cleo-kretschmer\/\" \/>\n<meta property=\"og:locale\" content=\"de_DE\" \/>\n<meta property=\"og:type\" content=\"article\" \/>\n<meta property=\"og:title\" content=\"PINN: SWR I\/ LEUTE - z.B. Cleo Kretschmer - Feminissima\" \/>\n<meta property=\"og:description\" content=\"SWR1 Leute - t\u00e4glich von 10 Uhr 05 bis 12 Uhr. Empfehlenswert: J\u00fcrgen Roth, Cleo Kretschmer - noch k\u00fcrzlich fragte FEM &quot;wo ist sie eigentlich?&quot; Cleo K. hatte 1998 eine schwere Hirnblutung..operiert, Koma, aufgewacht, alles wieder neu erlernt...auch das Leben. Am Mittwoch, den 28. 6. 2006 \/Ferner: ein Allerloge sagt, Neurodermitis ist nicht genetisch bedingt, sondern ein individuelles Schicksal und HEILBAR. Mehr:\" \/>\n<meta property=\"og:url\" content=\"https:\/\/feminissima.de\/index.php\/2006\/06\/23\/pinn-swr-i-leute-z-b-cleo-kretschmer\/\" \/>\n<meta property=\"og:site_name\" content=\"Feminissima\" \/>\n<meta property=\"article:published_time\" content=\"2006-06-23T11:32:25+00:00\" \/>\n<meta name=\"author\" content=\"admin\" \/>\n<meta name=\"twitter:card\" content=\"summary_large_image\" \/>\n<meta name=\"twitter:label1\" content=\"Verfasst von\" \/>\n\t<meta name=\"twitter:data1\" content=\"admin\" \/>\n\t<meta name=\"twitter:label2\" content=\"Gesch\u00e4tzte Lesezeit\" \/>\n\t<meta name=\"twitter:data2\" content=\"2\u00a0Minuten\" \/>\n<script type=\"application\/ld+json\" class=\"yoast-schema-graph\">{\"@context\":\"https:\/\/schema.org\",\"@graph\":[{\"@type\":\"WebPage\",\"@id\":\"https:\/\/feminissima.de\/index.php\/2006\/06\/23\/pinn-swr-i-leute-z-b-cleo-kretschmer\/\",\"url\":\"https:\/\/feminissima.de\/index.php\/2006\/06\/23\/pinn-swr-i-leute-z-b-cleo-kretschmer\/\",\"name\":\"PINN: SWR I\/ LEUTE - z.B. Cleo Kretschmer - Feminissima\",\"isPartOf\":{\"@id\":\"https:\/\/feminissima.de\/#website\"},\"datePublished\":\"2006-06-23T11:32:25+00:00\",\"dateModified\":\"2006-06-23T11:32:25+00:00\",\"author\":{\"@id\":\"https:\/\/feminissima.de\/#\/schema\/person\/0b901e053624f88e7ecbea289d9d5128\"},\"breadcrumb\":{\"@id\":\"https:\/\/feminissima.de\/index.php\/2006\/06\/23\/pinn-swr-i-leute-z-b-cleo-kretschmer\/#breadcrumb\"},\"inLanguage\":\"de\",\"potentialAction\":[{\"@type\":\"ReadAction\",\"target\":[\"https:\/\/feminissima.de\/index.php\/2006\/06\/23\/pinn-swr-i-leute-z-b-cleo-kretschmer\/\"]}]},{\"@type\":\"BreadcrumbList\",\"@id\":\"https:\/\/feminissima.de\/index.php\/2006\/06\/23\/pinn-swr-i-leute-z-b-cleo-kretschmer\/#breadcrumb\",\"itemListElement\":[{\"@type\":\"ListItem\",\"position\":1,\"name\":\"Startseite\",\"item\":\"https:\/\/feminissima.de\/\"},{\"@type\":\"ListItem\",\"position\":2,\"name\":\"PINN: SWR I\/ LEUTE &#8211; z.B. Cleo Kretschmer\"}]},{\"@type\":\"WebSite\",\"@id\":\"https:\/\/feminissima.de\/#website\",\"url\":\"https:\/\/feminissima.de\/\",\"name\":\"Feminissima\",\"description\":\"\",\"potentialAction\":[{\"@type\":\"SearchAction\",\"target\":{\"@type\":\"EntryPoint\",\"urlTemplate\":\"https:\/\/feminissima.de\/?s={search_term_string}\"},\"query-input\":\"required name=search_term_string\"}],\"inLanguage\":\"de\"},{\"@type\":\"Person\",\"@id\":\"https:\/\/feminissima.de\/#\/schema\/person\/0b901e053624f88e7ecbea289d9d5128\",\"name\":\"admin\",\"image\":{\"@type\":\"ImageObject\",\"inLanguage\":\"de\",\"@id\":\"https:\/\/feminissima.de\/#\/schema\/person\/image\/\",\"url\":\"https:\/\/secure.gravatar.com\/avatar\/8da1f51327453c0bf63338e8e2a791948b7d2ac19b68839492d1e69aac6924a8?s=96&d=mm&r=g\",\"contentUrl\":\"https:\/\/secure.gravatar.com\/avatar\/8da1f51327453c0bf63338e8e2a791948b7d2ac19b68839492d1e69aac6924a8?s=96&d=mm&r=g\",\"caption\":\"admin\"},\"url\":\"https:\/\/feminissima.de\/index.php\/author\/admin\/\"}]}<\/script>\n<!-- \/ Yoast SEO plugin. -->","yoast_head_json":{"title":"PINN: SWR I\/ LEUTE - z.B. Cleo Kretschmer - Feminissima","robots":{"index":"index","follow":"follow","max-snippet":"max-snippet:-1","max-image-preview":"max-image-preview:large","max-video-preview":"max-video-preview:-1"},"canonical":"https:\/\/feminissima.de\/index.php\/2006\/06\/23\/pinn-swr-i-leute-z-b-cleo-kretschmer\/","og_locale":"de_DE","og_type":"article","og_title":"PINN: SWR I\/ LEUTE - z.B. Cleo Kretschmer - Feminissima","og_description":"SWR1 Leute - t\u00e4glich von 10 Uhr 05 bis 12 Uhr. Empfehlenswert: J\u00fcrgen Roth, Cleo Kretschmer - noch k\u00fcrzlich fragte FEM \"wo ist sie eigentlich?\" Cleo K. hatte 1998 eine schwere Hirnblutung..operiert, Koma, aufgewacht, alles wieder neu erlernt...auch das Leben. Am Mittwoch, den 28. 6. 2006 \/Ferner: ein Allerloge sagt, Neurodermitis ist nicht genetisch bedingt, sondern ein individuelles Schicksal und HEILBAR. Mehr:","og_url":"https:\/\/feminissima.de\/index.php\/2006\/06\/23\/pinn-swr-i-leute-z-b-cleo-kretschmer\/","og_site_name":"Feminissima","article_published_time":"2006-06-23T11:32:25+00:00","author":"admin","twitter_card":"summary_large_image","twitter_misc":{"Verfasst von":"admin","Gesch\u00e4tzte Lesezeit":"2\u00a0Minuten"},"schema":{"@context":"https:\/\/schema.org","@graph":[{"@type":"WebPage","@id":"https:\/\/feminissima.de\/index.php\/2006\/06\/23\/pinn-swr-i-leute-z-b-cleo-kretschmer\/","url":"https:\/\/feminissima.de\/index.php\/2006\/06\/23\/pinn-swr-i-leute-z-b-cleo-kretschmer\/","name":"PINN: SWR I\/ LEUTE - z.B. Cleo Kretschmer - Feminissima","isPartOf":{"@id":"https:\/\/feminissima.de\/#website"},"datePublished":"2006-06-23T11:32:25+00:00","dateModified":"2006-06-23T11:32:25+00:00","author":{"@id":"https:\/\/feminissima.de\/#\/schema\/person\/0b901e053624f88e7ecbea289d9d5128"},"breadcrumb":{"@id":"https:\/\/feminissima.de\/index.php\/2006\/06\/23\/pinn-swr-i-leute-z-b-cleo-kretschmer\/#breadcrumb"},"inLanguage":"de","potentialAction":[{"@type":"ReadAction","target":["https:\/\/feminissima.de\/index.php\/2006\/06\/23\/pinn-swr-i-leute-z-b-cleo-kretschmer\/"]}]},{"@type":"BreadcrumbList","@id":"https:\/\/feminissima.de\/index.php\/2006\/06\/23\/pinn-swr-i-leute-z-b-cleo-kretschmer\/#breadcrumb","itemListElement":[{"@type":"ListItem","position":1,"name":"Startseite","item":"https:\/\/feminissima.de\/"},{"@type":"ListItem","position":2,"name":"PINN: SWR I\/ LEUTE &#8211; z.B. Cleo Kretschmer"}]},{"@type":"WebSite","@id":"https:\/\/feminissima.de\/#website","url":"https:\/\/feminissima.de\/","name":"Feminissima","description":"","potentialAction":[{"@type":"SearchAction","target":{"@type":"EntryPoint","urlTemplate":"https:\/\/feminissima.de\/?s={search_term_string}"},"query-input":"required name=search_term_string"}],"inLanguage":"de"},{"@type":"Person","@id":"https:\/\/feminissima.de\/#\/schema\/person\/0b901e053624f88e7ecbea289d9d5128","name":"admin","image":{"@type":"ImageObject","inLanguage":"de","@id":"https:\/\/feminissima.de\/#\/schema\/person\/image\/","url":"https:\/\/secure.gravatar.com\/avatar\/8da1f51327453c0bf63338e8e2a791948b7d2ac19b68839492d1e69aac6924a8?s=96&d=mm&r=g","contentUrl":"https:\/\/secure.gravatar.com\/avatar\/8da1f51327453c0bf63338e8e2a791948b7d2ac19b68839492d1e69aac6924a8?s=96&d=mm&r=g","caption":"admin"},"url":"https:\/\/feminissima.de\/index.php\/author\/admin\/"}]}},"jetpack_featured_media_url":"","_links":{"self":[{"href":"https:\/\/feminissima.de\/index.php\/wp-json\/wp\/v2\/posts\/84499","targetHints":{"allow":["GET"]}}],"collection":[{"href":"https:\/\/feminissima.de\/index.php\/wp-json\/wp\/v2\/posts"}],"about":[{"href":"https:\/\/feminissima.de\/index.php\/wp-json\/wp\/v2\/types\/post"}],"author":[{"embeddable":true,"href":"https:\/\/feminissima.de\/index.php\/wp-json\/wp\/v2\/users\/2"}],"replies":[{"embeddable":true,"href":"https:\/\/feminissima.de\/index.php\/wp-json\/wp\/v2\/comments?post=84499"}],"version-history":[{"count":0,"href":"https:\/\/feminissima.de\/index.php\/wp-json\/wp\/v2\/posts\/84499\/revisions"}],"wp:attachment":[{"href":"https:\/\/feminissima.de\/index.php\/wp-json\/wp\/v2\/media?parent=84499"}],"wp:term":[{"taxonomy":"category","embeddable":true,"href":"https:\/\/feminissima.de\/index.php\/wp-json\/wp\/v2\/categories?post=84499"},{"taxonomy":"post_tag","embeddable":true,"href":"https:\/\/feminissima.de\/index.php\/wp-json\/wp\/v2\/tags?post=84499"}],"curies":[{"name":"wp","href":"https:\/\/api.w.org\/{rel}","templated":true}]}}