{"id":84497,"date":"2006-06-21T08:43:07","date_gmt":"2006-06-21T08:43:07","guid":{"rendered":"http:\/\/www.feminissima.de\/?p=84497"},"modified":"2006-06-21T08:43:07","modified_gmt":"2006-06-21T08:43:07","slug":"toedliche-tage-erstochen-verunglueckt-6-06","status":"publish","type":"post","link":"https:\/\/feminissima.de\/index.php\/2006\/06\/21\/toedliche-tage-erstochen-verunglueckt-6-06\/","title":{"rendered":"T\u00f6dliche Tage &#8211; Erstochen, verungl\u00fcckt (6\/06)"},"content":{"rendered":"<p>von der live-Site, gestern in die Rubrik &#8222;Reportage&#8220; &#8211; bis bald endlich der Gro\u00df-Umbau &#8211; und wir dann &#8222;Aktuelles&#8220; &#8211; &#8222;Fundsache&#8220; &#8211; &#8222;Verbrechen&#8220; &#8211;  &#8211; jedenfalls teils andere Rubriken..&#8220;\u00fcberschaubarer&#8220;&#8230;auch &#8222;Buntes&#8220; auf vielseitigen Wunsch, flie\u00dft ja zuweilen so zwischendrin mit ein..<br \/>241580.<br \/>gestern: 484<br \/>heute: 432<\/p>\n<p> Es ist 19 Uhr 12 \/ 19 Uhr 42 inzwischen,<br \/> im siedendhei\u00dfen 29-Grad- Berlin.<br \/>Deutschland hat gegen Ecuador 3:0 gewonnen, aber das wissen ja l\u00e4ngst alle&#8230;<br \/>ob sie es wissen wollen &#8211; oder nicht&#8230;<\/p>\n<p>*********Journalisten protestieren gegen polizeiliche \u00dcberpr\u00fcfungen:<\/p>\n<p>Der Deutsche Journalisten-Verband (DJV) hat gegen eine \u201ezunehmende Praxis\u201c der Beh\u00f6rden protestiert, Journalisten vor der Zulassung zur Berichterstattung polizeilich oder verfassungsrechtlich zu \u00fcberpr\u00fcfen. <\/p>\n<p>Journalisten, die beispielsweise \u00fcber den Papstbesuch in Bayern berichten wollen, <br \/>m\u00fc\u00dften bei ihrer Anmeldung einem entsprechenden Verfahren zustimmen, kritisierte der Verband. <\/p>\n<p>Auch f\u00fcr eine Akkreditierung zur Fu\u00dfball-WM sei diese Einwilligung erforderlich gewesen. <\/p>\n<p>\u201eWenn nur Journalisten berichten d\u00fcrfen, die ihre Zustimmung zum Datenabgleich geben, ist das eine bewu\u00dfte Einflu\u00dfnahme auf die Freiheit der Berichterstattung\u201c, <\/p>\n<p>hei\u00dft es in einer Erkl\u00e4rung des DJV. <\/p>\n<p>(FEM: &#8222;Wir leben zunehmend in einer wachsenden Diktatur, wollen es nur noch nicht wahrhaben&#8230;.&#8220;).<\/p>\n<table width=\"100%\">\n<tr>\n<td style=\"background-image=url('images\/monet-heller.jpg')\"><font size=\"+1\"><\/p>\n<p>Die Frau, Mutter von drei Kindern,<br \/>lebte im Frauenhaus, hatte Angst.<\/p>\n<p>Nun lauerte der Mann seiner fr\u00fcheren Freundin auf, als sie von der Arbeit kam,<br \/> und erstach sie:<\/p>\n<p>Tempelhof &#8211; Sch\u00f6neberg:<\/p>\n<p>Polizisten nahmen gestern Abend gegen 22 Uhr einen 49-j\u00e4hrigen Mann fest, der im Verdacht steht,<br \/> seine ehemalige Lebensgef\u00e4hrtin erstochen zu haben. <\/p>\n<p>Der Mann hatte die 36-J\u00e4hrige zuvor an ihrer Arbeitsstelle abgeholt und war mit ihr in einen Park in der Mariendorfer K\u00f6rtingstra\u00dfe gegangen.<\/p>\n<p>Dort stritten die beiden offenbar zun\u00e4chst miteinder.<br \/>Eskalation.<br \/>Im Verlauf der Auseinandersetzung stach der 48-J\u00e4hrige mehrfach auf den Oberk\u00f6rper der Frau ein,<br \/> sie brach schwer verletzt zusammen:<br \/>Sie verblutete, starb noch am Tatort. <\/p>\n<p>Mehrere Zeugen, die das Geschehen beobachtet hatten, versuchten erfolglos den Rasenden zu stoppen.<\/p>\n<p>\nDer 48-J\u00e4hrige fl\u00fcchtete nach der Tat aus dem Park.<br \/> Polizisten entdeckten ihn jedoch kurze Zeit sp\u00e4ter auf einer nahe gelegenen Tankstelle <br \/>und nahmen ihn fest.<\/p>\n<p>\nDer Mann zeigte sich in den ersten Vernehmungen weitgehend gest\u00e4ndig.<\/p>\n<p>&#8220; Die Kriminalpolizei geht davon aus,<br \/> dass Beziehungsstreitigkeiten der Hintergrund f\u00fcr die Tat sind.&#8220; <\/p>\n<p>So hei\u00dft es dann im Protokoll-Amtsdeutsch.<\/p>\n<p>\n>****<\/p>\n<p>Wolmirstedt bei Magdeburg:<\/p>\n<p>Es passierte gestern Abend:<\/p>\n<p>Vier Todesopfer und sechs Schwerverletzte nach  einen Unfall &#8211; <br \/>ausgerechnet der Freiwilligen Feuerwehr.<\/p>\n<p>Es handelte sich ausgerechnet um einen Trainingseinsatz,<br \/>von dem die Jungs von der Freiwilligen Feuerwehr auf dem Wagen aber nichts wu\u00dften<\/p>\n<p>..Sie glaubten an bitteren Ernst, <br \/>als der Einsatz zum Brand in einem Kindergarten kam.<\/p>\n<p>Eine Kleinbus-Fahrerin hatte &#8230;so die Meldungen, <br \/>nicht rechtzeitig ausweichden k\u00f6nnen, die Wagen touchierten sich.<br \/>Der schwere Feuerwehr-Wagen kippte um, \u00fcberschlug sich mehrfach, knallte gegen einen Baum.<\/p>\n<p>Sie starben noch an der Unfallstelle:<br \/>zwei Zwanzigj\u00e4hrige,<br \/>zwei Zweiundzwangzigj\u00e4hrige.<\/p>\n<p>In einem Dorf in Sachsen-Anhalt, in dem jeder jeden kennt.<\/p>\n<p>K\u00f6nnen wir die Trauer nachempfinden,<br \/>k\u00f6nnen wir die Trag\u00f6die und die Tragik ermessen?<\/p>\n<p>Es h\u00e4ufen sich \u00fcbrigens schlimme Unf\u00e4lle von Rettungswagen.<br \/>Jeweils dann, wenn andere Verkehrsteilnehmer nicht schnell genug reagieren oder vor Schreck falsch reagieren. <br \/>Auch in Berlin.<\/p>\n<p>Die Frage zuweilen &#8211; <\/p>\n<p>m\u00fcssen sie wirklich so brettern?????<\/p>\n<p>Es hat so etwas von &#8222;alles oder nichts&#8220;.<\/p>\n<p>Andererseits z\u00e4hlt meist jede Sekunde &#8230;<\/p>\n<p><\/p>\n","protected":false},"excerpt":{"rendered":"<p>von der live-Site, gestern in die Rubrik &#8222;Reportage&#8220; &#8211; bis bald endlich der Gro\u00df-Umbau &#8211; und wir dann &#8222;Aktuelles&#8220; &#8211; &#8222;Fundsache&#8220; &#8211; &#8222;Verbrechen&#8220; &#8211;  &#8211; jedenfalls teils andere Rubriken..&#8220;\u00fcberschaubarer&#8220;&#8230;auch &#8222;Buntes&#8220; auf vielseitigen Wunsch, flie\u00dft ja zuweilen so zwischendrin mit ein..<\/p>\n","protected":false},"author":2,"featured_media":0,"comment_status":"closed","ping_status":"closed","sticky":false,"template":"","format":"standard","meta":{"footnotes":""},"categories":[28],"tags":[],"class_list":["post-84497","post","type-post","status-publish","format-standard","hentry","category-reportage","entry"],"yoast_head":"<!-- This site is optimized with the Yoast SEO plugin v21.0 - https:\/\/yoast.com\/wordpress\/plugins\/seo\/ -->\n<title>T\u00f6dliche Tage - Erstochen, verungl\u00fcckt (6\/06) - Feminissima<\/title>\n<meta name=\"robots\" content=\"index, follow, max-snippet:-1, max-image-preview:large, max-video-preview:-1\" \/>\n<link rel=\"canonical\" href=\"https:\/\/feminissima.de\/index.php\/2006\/06\/21\/toedliche-tage-erstochen-verunglueckt-6-06\/\" \/>\n<meta property=\"og:locale\" content=\"de_DE\" \/>\n<meta property=\"og:type\" content=\"article\" \/>\n<meta property=\"og:title\" content=\"T\u00f6dliche Tage - Erstochen, verungl\u00fcckt (6\/06) - Feminissima\" \/>\n<meta property=\"og:description\" content=\"von der live-Site, gestern in die Rubrik &quot;Reportage&quot; - bis bald endlich der Gro\u00df-Umbau - und wir dann &quot;Aktuelles&quot; - &quot;Fundsache&quot; - &quot;Verbrechen&quot; - - jedenfalls teils andere Rubriken..&quot;\u00fcberschaubarer&quot;...auch &quot;Buntes&quot; auf vielseitigen Wunsch, flie\u00dft ja zuweilen so zwischendrin mit ein..\" \/>\n<meta property=\"og:url\" content=\"https:\/\/feminissima.de\/index.php\/2006\/06\/21\/toedliche-tage-erstochen-verunglueckt-6-06\/\" \/>\n<meta property=\"og:site_name\" content=\"Feminissima\" \/>\n<meta property=\"article:published_time\" content=\"2006-06-21T08:43:07+00:00\" \/>\n<meta name=\"author\" content=\"admin\" \/>\n<meta name=\"twitter:card\" content=\"summary_large_image\" \/>\n<meta name=\"twitter:label1\" content=\"Verfasst von\" \/>\n\t<meta name=\"twitter:data1\" content=\"admin\" \/>\n\t<meta name=\"twitter:label2\" content=\"Gesch\u00e4tzte Lesezeit\" \/>\n\t<meta name=\"twitter:data2\" content=\"3\u00a0Minuten\" \/>\n<script type=\"application\/ld+json\" class=\"yoast-schema-graph\">{\"@context\":\"https:\/\/schema.org\",\"@graph\":[{\"@type\":\"WebPage\",\"@id\":\"https:\/\/feminissima.de\/index.php\/2006\/06\/21\/toedliche-tage-erstochen-verunglueckt-6-06\/\",\"url\":\"https:\/\/feminissima.de\/index.php\/2006\/06\/21\/toedliche-tage-erstochen-verunglueckt-6-06\/\",\"name\":\"T\u00f6dliche Tage - Erstochen, verungl\u00fcckt (6\/06) - Feminissima\",\"isPartOf\":{\"@id\":\"https:\/\/feminissima.de\/#website\"},\"datePublished\":\"2006-06-21T08:43:07+00:00\",\"dateModified\":\"2006-06-21T08:43:07+00:00\",\"author\":{\"@id\":\"https:\/\/feminissima.de\/#\/schema\/person\/0b901e053624f88e7ecbea289d9d5128\"},\"breadcrumb\":{\"@id\":\"https:\/\/feminissima.de\/index.php\/2006\/06\/21\/toedliche-tage-erstochen-verunglueckt-6-06\/#breadcrumb\"},\"inLanguage\":\"de\",\"potentialAction\":[{\"@type\":\"ReadAction\",\"target\":[\"https:\/\/feminissima.de\/index.php\/2006\/06\/21\/toedliche-tage-erstochen-verunglueckt-6-06\/\"]}]},{\"@type\":\"BreadcrumbList\",\"@id\":\"https:\/\/feminissima.de\/index.php\/2006\/06\/21\/toedliche-tage-erstochen-verunglueckt-6-06\/#breadcrumb\",\"itemListElement\":[{\"@type\":\"ListItem\",\"position\":1,\"name\":\"Startseite\",\"item\":\"https:\/\/feminissima.de\/\"},{\"@type\":\"ListItem\",\"position\":2,\"name\":\"T\u00f6dliche Tage &#8211; Erstochen, verungl\u00fcckt (6\/06)\"}]},{\"@type\":\"WebSite\",\"@id\":\"https:\/\/feminissima.de\/#website\",\"url\":\"https:\/\/feminissima.de\/\",\"name\":\"Feminissima\",\"description\":\"\",\"potentialAction\":[{\"@type\":\"SearchAction\",\"target\":{\"@type\":\"EntryPoint\",\"urlTemplate\":\"https:\/\/feminissima.de\/?s={search_term_string}\"},\"query-input\":\"required name=search_term_string\"}],\"inLanguage\":\"de\"},{\"@type\":\"Person\",\"@id\":\"https:\/\/feminissima.de\/#\/schema\/person\/0b901e053624f88e7ecbea289d9d5128\",\"name\":\"admin\",\"image\":{\"@type\":\"ImageObject\",\"inLanguage\":\"de\",\"@id\":\"https:\/\/feminissima.de\/#\/schema\/person\/image\/\",\"url\":\"https:\/\/secure.gravatar.com\/avatar\/8da1f51327453c0bf63338e8e2a791948b7d2ac19b68839492d1e69aac6924a8?s=96&d=mm&r=g\",\"contentUrl\":\"https:\/\/secure.gravatar.com\/avatar\/8da1f51327453c0bf63338e8e2a791948b7d2ac19b68839492d1e69aac6924a8?s=96&d=mm&r=g\",\"caption\":\"admin\"},\"url\":\"https:\/\/feminissima.de\/index.php\/author\/admin\/\"}]}<\/script>\n<!-- \/ Yoast SEO plugin. -->","yoast_head_json":{"title":"T\u00f6dliche Tage - Erstochen, verungl\u00fcckt (6\/06) - Feminissima","robots":{"index":"index","follow":"follow","max-snippet":"max-snippet:-1","max-image-preview":"max-image-preview:large","max-video-preview":"max-video-preview:-1"},"canonical":"https:\/\/feminissima.de\/index.php\/2006\/06\/21\/toedliche-tage-erstochen-verunglueckt-6-06\/","og_locale":"de_DE","og_type":"article","og_title":"T\u00f6dliche Tage - Erstochen, verungl\u00fcckt (6\/06) - Feminissima","og_description":"von der live-Site, gestern in die Rubrik \"Reportage\" - bis bald endlich der Gro\u00df-Umbau - und wir dann \"Aktuelles\" - \"Fundsache\" - \"Verbrechen\" - - jedenfalls teils andere Rubriken..\"\u00fcberschaubarer\"...auch \"Buntes\" auf vielseitigen Wunsch, flie\u00dft ja zuweilen so zwischendrin mit ein..","og_url":"https:\/\/feminissima.de\/index.php\/2006\/06\/21\/toedliche-tage-erstochen-verunglueckt-6-06\/","og_site_name":"Feminissima","article_published_time":"2006-06-21T08:43:07+00:00","author":"admin","twitter_card":"summary_large_image","twitter_misc":{"Verfasst von":"admin","Gesch\u00e4tzte Lesezeit":"3\u00a0Minuten"},"schema":{"@context":"https:\/\/schema.org","@graph":[{"@type":"WebPage","@id":"https:\/\/feminissima.de\/index.php\/2006\/06\/21\/toedliche-tage-erstochen-verunglueckt-6-06\/","url":"https:\/\/feminissima.de\/index.php\/2006\/06\/21\/toedliche-tage-erstochen-verunglueckt-6-06\/","name":"T\u00f6dliche Tage - Erstochen, verungl\u00fcckt (6\/06) - Feminissima","isPartOf":{"@id":"https:\/\/feminissima.de\/#website"},"datePublished":"2006-06-21T08:43:07+00:00","dateModified":"2006-06-21T08:43:07+00:00","author":{"@id":"https:\/\/feminissima.de\/#\/schema\/person\/0b901e053624f88e7ecbea289d9d5128"},"breadcrumb":{"@id":"https:\/\/feminissima.de\/index.php\/2006\/06\/21\/toedliche-tage-erstochen-verunglueckt-6-06\/#breadcrumb"},"inLanguage":"de","potentialAction":[{"@type":"ReadAction","target":["https:\/\/feminissima.de\/index.php\/2006\/06\/21\/toedliche-tage-erstochen-verunglueckt-6-06\/"]}]},{"@type":"BreadcrumbList","@id":"https:\/\/feminissima.de\/index.php\/2006\/06\/21\/toedliche-tage-erstochen-verunglueckt-6-06\/#breadcrumb","itemListElement":[{"@type":"ListItem","position":1,"name":"Startseite","item":"https:\/\/feminissima.de\/"},{"@type":"ListItem","position":2,"name":"T\u00f6dliche Tage &#8211; Erstochen, verungl\u00fcckt (6\/06)"}]},{"@type":"WebSite","@id":"https:\/\/feminissima.de\/#website","url":"https:\/\/feminissima.de\/","name":"Feminissima","description":"","potentialAction":[{"@type":"SearchAction","target":{"@type":"EntryPoint","urlTemplate":"https:\/\/feminissima.de\/?s={search_term_string}"},"query-input":"required name=search_term_string"}],"inLanguage":"de"},{"@type":"Person","@id":"https:\/\/feminissima.de\/#\/schema\/person\/0b901e053624f88e7ecbea289d9d5128","name":"admin","image":{"@type":"ImageObject","inLanguage":"de","@id":"https:\/\/feminissima.de\/#\/schema\/person\/image\/","url":"https:\/\/secure.gravatar.com\/avatar\/8da1f51327453c0bf63338e8e2a791948b7d2ac19b68839492d1e69aac6924a8?s=96&d=mm&r=g","contentUrl":"https:\/\/secure.gravatar.com\/avatar\/8da1f51327453c0bf63338e8e2a791948b7d2ac19b68839492d1e69aac6924a8?s=96&d=mm&r=g","caption":"admin"},"url":"https:\/\/feminissima.de\/index.php\/author\/admin\/"}]}},"jetpack_featured_media_url":"","_links":{"self":[{"href":"https:\/\/feminissima.de\/index.php\/wp-json\/wp\/v2\/posts\/84497","targetHints":{"allow":["GET"]}}],"collection":[{"href":"https:\/\/feminissima.de\/index.php\/wp-json\/wp\/v2\/posts"}],"about":[{"href":"https:\/\/feminissima.de\/index.php\/wp-json\/wp\/v2\/types\/post"}],"author":[{"embeddable":true,"href":"https:\/\/feminissima.de\/index.php\/wp-json\/wp\/v2\/users\/2"}],"replies":[{"embeddable":true,"href":"https:\/\/feminissima.de\/index.php\/wp-json\/wp\/v2\/comments?post=84497"}],"version-history":[{"count":0,"href":"https:\/\/feminissima.de\/index.php\/wp-json\/wp\/v2\/posts\/84497\/revisions"}],"wp:attachment":[{"href":"https:\/\/feminissima.de\/index.php\/wp-json\/wp\/v2\/media?parent=84497"}],"wp:term":[{"taxonomy":"category","embeddable":true,"href":"https:\/\/feminissima.de\/index.php\/wp-json\/wp\/v2\/categories?post=84497"},{"taxonomy":"post_tag","embeddable":true,"href":"https:\/\/feminissima.de\/index.php\/wp-json\/wp\/v2\/tags?post=84497"}],"curies":[{"name":"wp","href":"https:\/\/api.w.org\/{rel}","templated":true}]}}