{"id":84496,"date":"2006-06-20T15:37:35","date_gmt":"2006-06-20T15:37:35","guid":{"rendered":"http:\/\/www.feminissima.de\/?p=84496"},"modified":"2006-06-20T15:37:35","modified_gmt":"2006-06-20T15:37:35","slug":"der-sommer-der-sommer","status":"publish","type":"post","link":"https:\/\/feminissima.de\/index.php\/2006\/06\/20\/der-sommer-der-sommer\/","title":{"rendered":"&#8222;DER SOMMER! DER SOMMER!"},"content":{"rendered":"<p>Vom 11. Juni 2006 &#8211; der Tag, als der Sommer ausbrach.<\/p>\n<p>&#8222;Crissy st\u00fcrzt herein: DER SOMMER! DER SOMMER..ein Text auch \u00fcber die Rettung des ersten Juni-K\u00e4ferleins.<br \/>236970.<\/p>\n<p>Er ist da!!!<br \/>Ein Tag, um hinaus..zur  Pfaueninsel, im Wannsee, zu fahren&#8230;<br \/>Fernab der Realit\u00e4t, in der Wirklichkeit einer Natur&#8230;die Natur&#8230;die Rettung..! <br \/>(&#8230;von Fantasie &#038; Intuition).<\/p>\n<p>(Obwohl&#8230;heute auch hochspannende WM-Spiele, das mal ganz geheim, weil ja eigentlich&#8230;!)<\/p>\n<table width=\"100%\">\n<tr>\n<td style=\"background-image=url('images\/monet-heller.jpg')\"><font size=\"+1\"><\/p>\n<p>Zu Crissy, jetzt aber:<br \/>In allerletzter Sekunde <br \/>hat sie &#8211; Crissy! <br \/>und man beachte-<br \/>diese gesteigerteste aller Steigerungen&#8230;!<\/p>\n<p>dem Junik\u00e4fer das Leben<br \/>gerettet!<br \/>Wild kurvte der in<\/p>\n<p>\nCh\u00e9ries Wassernapf auf dem Mini-Balkon&#8230;<br \/>als Crissy &#8211; ja, und &#8211; ihre erste gute Tat heute<br \/>aufatmend!<\/p>\n<p>Der K\u00e4fer,<br \/>das Gl\u00fccksk\u00e4ferlein hat Gl\u00fcck gehabt.<br \/>Jetzt will er nicht mehr von <\/p>\n<p>\nCrissies Handgelenk, \u00fcber das er munter und<br \/>erleichtert-<br \/>krabbelt.<\/p>\n<p>Doch &#8211; <br \/>auf dem Balkon biegen sich die Petunien,<br \/>nicht mehr z\u00e4hlbar,<br \/>in keiner Statistik erfasst!..<\/p>\n<p>Millionen von lila Bl\u00fcten,<br \/>die sich aus zwei<br \/>verh\u00e4ltnism\u00e4\u00dfig kleinen Stauden..<br \/>durch Zuspruch und Wasser&#8230;<\/p>\n<p>und ein bisserl Sonne im Herzen auch, <\/p>\n<p>ja, da schaust!<br \/>Und bist ja wieder &#8211; sprachlos.<\/p>\n<p>Das K\u00e4ferlein ist jetzt verschwunden,<br \/>untergetaucht,<br \/>vergn\u00fcgt, vermutlich &#8211; <br \/>im Bl\u00fctensund&#8230;.<\/p>\n<p>Es ist 11 Uhr 35&#8230;.<\/p>\n<p>hallo !<\/p>\n<p>Drau\u00dfen &#8211; ja, tats\u00e4chlich &#8211; <\/p>\n<p>der ber\u00fchmte &#8222;blaue Juni-Tag&#8220;.<br \/>Sonne und blauer Himmel und blaue Seen&#8230;<\/p>\n<p>und gr\u00fcne Gedanken.<\/p>\n<p>Oh, nur ein Wort-Farbspiel.<br \/>Mit Politik heuer nichts am Hut.<br \/>Das Leben selbst ist ja schon &#8211; !<br \/>Aber auch ein Juni-K\u00e4fer hat es nicht leicht.<br \/>Oder die Wildschweine im Grunewald,<br \/>\u00fcber die es jetzt Verhaltens-Verordnungen gibt, f\u00fcr die Anwohner,<br \/>in deren reichhaltigen Vorg\u00e4rten es sich die possierlichen Tierchen gem\u00fctlich machen, <br \/>gern auch Mama Sau mit ihren Frischlingen,<br \/>und &#8211; so der lebenswerte Ratschlag:<br \/>da sollte man der Spezie als Mensch nicht einfach so &#8230;<br \/>&#8222;ach, du s\u00fc\u00dfes kleines Tierchen&#8230;!&#8220;<br \/>Nein, so lieber nicht.<br \/>Einfach ignorieren.<br \/>So tun, als s\u00e4he man sie nicht.<br \/>Sie gehen dann wieder.<\/p>\n<p>Nein, so denkt der Mensch.<br \/>Die Tiere \u00fcberhaupt nicht:<br \/>die bleiben erst recht.<\/p>\n<p>Seitdem die Menschen den Grunewald und andere W\u00e4lder, <br \/>so haben die an-rainernden Wildschweine jetzt in einer PRESSE-Mitteilung herausgegeben,<br \/>ihren Wald als Zweit-und Dritt-Wohnzimmer benutzen <br \/>oder ihre Hunde dort alle &#8211; <\/p>\n<p>daher haben sie sich jetzt in die menschlichen Gefilde begeben,<br \/>schrieb die Partei der eingeengten Wildschweine jetzt.<\/p>\n<p>Man wird sich damit auseinanderzusetzen haben.<\/p>\n<p>Das Wildschweinproblem in Steglitz und Wannsee, also im vornehmen Zehlendorf,<br \/>gesellt sich zu dem der F\u00fcchse und Kr\u00e4hen.<\/p>\n<p>Sie m\u00f6chten in die Wohnzimmer und Vorg\u00e4rten und Balkone der Menschen.<\/p>\n<p>Lange bleiben sie letztlich dort dann doch nicht.<\/p>\n<p>Wenn sie h\u00f6ren und sehen,<br \/>wie Menschen miteinander &#8211; umgehen,<br \/>dann vergeht ihnen derart H\u00f6ren &#038; Sehen&#8230;<\/p>\n<p>dass sie von ganz allein <br \/>wieder die Flucht<br \/>ergreifen.<\/p>\n<p><\/td>\n<\/tr>\n<\/table>\n<p><br <\/p>\n","protected":false},"excerpt":{"rendered":"<p>Vom 11. Juni 2006 &#8211; der Tag, als der Sommer ausbrach.<\/p>\n<p>&#8222;Crissy st\u00fcrzt herein: DER SOMMER! DER SOMMER..ein Text auch \u00fcber die Rettung des ersten Juni-K\u00e4ferleins.<\/p>\n","protected":false},"author":2,"featured_media":0,"comment_status":"closed","ping_status":"closed","sticky":false,"template":"","format":"standard","meta":{"footnotes":""},"categories":[20],"tags":[],"class_list":["post-84496","post","type-post","status-publish","format-standard","hentry","category-impressionen","entry"],"yoast_head":"<!-- This site is optimized with the Yoast SEO plugin v21.0 - https:\/\/yoast.com\/wordpress\/plugins\/seo\/ -->\n<title>&quot;DER SOMMER! DER SOMMER! - Feminissima<\/title>\n<meta name=\"robots\" content=\"index, follow, max-snippet:-1, max-image-preview:large, max-video-preview:-1\" \/>\n<link rel=\"canonical\" href=\"https:\/\/feminissima.de\/index.php\/2006\/06\/20\/der-sommer-der-sommer\/\" \/>\n<meta property=\"og:locale\" content=\"de_DE\" \/>\n<meta property=\"og:type\" content=\"article\" \/>\n<meta property=\"og:title\" content=\"&quot;DER SOMMER! DER SOMMER! - Feminissima\" \/>\n<meta property=\"og:description\" content=\"Vom 11. Juni 2006 - der Tag, als der Sommer ausbrach. &quot;Crissy st\u00fcrzt herein: DER SOMMER! DER SOMMER..ein Text auch \u00fcber die Rettung des ersten Juni-K\u00e4ferleins.\" \/>\n<meta property=\"og:url\" content=\"https:\/\/feminissima.de\/index.php\/2006\/06\/20\/der-sommer-der-sommer\/\" \/>\n<meta property=\"og:site_name\" content=\"Feminissima\" \/>\n<meta property=\"article:published_time\" content=\"2006-06-20T15:37:35+00:00\" \/>\n<meta name=\"author\" content=\"admin\" \/>\n<meta name=\"twitter:card\" content=\"summary_large_image\" \/>\n<meta name=\"twitter:label1\" content=\"Verfasst von\" \/>\n\t<meta name=\"twitter:data1\" content=\"admin\" \/>\n\t<meta name=\"twitter:label2\" content=\"Gesch\u00e4tzte Lesezeit\" \/>\n\t<meta name=\"twitter:data2\" content=\"2\u00a0Minuten\" \/>\n<script type=\"application\/ld+json\" class=\"yoast-schema-graph\">{\"@context\":\"https:\/\/schema.org\",\"@graph\":[{\"@type\":\"WebPage\",\"@id\":\"https:\/\/feminissima.de\/index.php\/2006\/06\/20\/der-sommer-der-sommer\/\",\"url\":\"https:\/\/feminissima.de\/index.php\/2006\/06\/20\/der-sommer-der-sommer\/\",\"name\":\"\\\"DER SOMMER! DER SOMMER! - Feminissima\",\"isPartOf\":{\"@id\":\"https:\/\/feminissima.de\/#website\"},\"datePublished\":\"2006-06-20T15:37:35+00:00\",\"dateModified\":\"2006-06-20T15:37:35+00:00\",\"author\":{\"@id\":\"https:\/\/feminissima.de\/#\/schema\/person\/0b901e053624f88e7ecbea289d9d5128\"},\"breadcrumb\":{\"@id\":\"https:\/\/feminissima.de\/index.php\/2006\/06\/20\/der-sommer-der-sommer\/#breadcrumb\"},\"inLanguage\":\"de\",\"potentialAction\":[{\"@type\":\"ReadAction\",\"target\":[\"https:\/\/feminissima.de\/index.php\/2006\/06\/20\/der-sommer-der-sommer\/\"]}]},{\"@type\":\"BreadcrumbList\",\"@id\":\"https:\/\/feminissima.de\/index.php\/2006\/06\/20\/der-sommer-der-sommer\/#breadcrumb\",\"itemListElement\":[{\"@type\":\"ListItem\",\"position\":1,\"name\":\"Startseite\",\"item\":\"https:\/\/feminissima.de\/\"},{\"@type\":\"ListItem\",\"position\":2,\"name\":\"&#8222;DER SOMMER! DER SOMMER!\"}]},{\"@type\":\"WebSite\",\"@id\":\"https:\/\/feminissima.de\/#website\",\"url\":\"https:\/\/feminissima.de\/\",\"name\":\"Feminissima\",\"description\":\"\",\"potentialAction\":[{\"@type\":\"SearchAction\",\"target\":{\"@type\":\"EntryPoint\",\"urlTemplate\":\"https:\/\/feminissima.de\/?s={search_term_string}\"},\"query-input\":\"required name=search_term_string\"}],\"inLanguage\":\"de\"},{\"@type\":\"Person\",\"@id\":\"https:\/\/feminissima.de\/#\/schema\/person\/0b901e053624f88e7ecbea289d9d5128\",\"name\":\"admin\",\"image\":{\"@type\":\"ImageObject\",\"inLanguage\":\"de\",\"@id\":\"https:\/\/feminissima.de\/#\/schema\/person\/image\/\",\"url\":\"https:\/\/secure.gravatar.com\/avatar\/8da1f51327453c0bf63338e8e2a791948b7d2ac19b68839492d1e69aac6924a8?s=96&d=mm&r=g\",\"contentUrl\":\"https:\/\/secure.gravatar.com\/avatar\/8da1f51327453c0bf63338e8e2a791948b7d2ac19b68839492d1e69aac6924a8?s=96&d=mm&r=g\",\"caption\":\"admin\"},\"url\":\"https:\/\/feminissima.de\/index.php\/author\/admin\/\"}]}<\/script>\n<!-- \/ Yoast SEO plugin. -->","yoast_head_json":{"title":"\"DER SOMMER! DER SOMMER! - Feminissima","robots":{"index":"index","follow":"follow","max-snippet":"max-snippet:-1","max-image-preview":"max-image-preview:large","max-video-preview":"max-video-preview:-1"},"canonical":"https:\/\/feminissima.de\/index.php\/2006\/06\/20\/der-sommer-der-sommer\/","og_locale":"de_DE","og_type":"article","og_title":"\"DER SOMMER! DER SOMMER! - Feminissima","og_description":"Vom 11. Juni 2006 - der Tag, als der Sommer ausbrach. \"Crissy st\u00fcrzt herein: DER SOMMER! DER SOMMER..ein Text auch \u00fcber die Rettung des ersten Juni-K\u00e4ferleins.","og_url":"https:\/\/feminissima.de\/index.php\/2006\/06\/20\/der-sommer-der-sommer\/","og_site_name":"Feminissima","article_published_time":"2006-06-20T15:37:35+00:00","author":"admin","twitter_card":"summary_large_image","twitter_misc":{"Verfasst von":"admin","Gesch\u00e4tzte Lesezeit":"2\u00a0Minuten"},"schema":{"@context":"https:\/\/schema.org","@graph":[{"@type":"WebPage","@id":"https:\/\/feminissima.de\/index.php\/2006\/06\/20\/der-sommer-der-sommer\/","url":"https:\/\/feminissima.de\/index.php\/2006\/06\/20\/der-sommer-der-sommer\/","name":"\"DER SOMMER! DER SOMMER! - Feminissima","isPartOf":{"@id":"https:\/\/feminissima.de\/#website"},"datePublished":"2006-06-20T15:37:35+00:00","dateModified":"2006-06-20T15:37:35+00:00","author":{"@id":"https:\/\/feminissima.de\/#\/schema\/person\/0b901e053624f88e7ecbea289d9d5128"},"breadcrumb":{"@id":"https:\/\/feminissima.de\/index.php\/2006\/06\/20\/der-sommer-der-sommer\/#breadcrumb"},"inLanguage":"de","potentialAction":[{"@type":"ReadAction","target":["https:\/\/feminissima.de\/index.php\/2006\/06\/20\/der-sommer-der-sommer\/"]}]},{"@type":"BreadcrumbList","@id":"https:\/\/feminissima.de\/index.php\/2006\/06\/20\/der-sommer-der-sommer\/#breadcrumb","itemListElement":[{"@type":"ListItem","position":1,"name":"Startseite","item":"https:\/\/feminissima.de\/"},{"@type":"ListItem","position":2,"name":"&#8222;DER SOMMER! DER SOMMER!"}]},{"@type":"WebSite","@id":"https:\/\/feminissima.de\/#website","url":"https:\/\/feminissima.de\/","name":"Feminissima","description":"","potentialAction":[{"@type":"SearchAction","target":{"@type":"EntryPoint","urlTemplate":"https:\/\/feminissima.de\/?s={search_term_string}"},"query-input":"required name=search_term_string"}],"inLanguage":"de"},{"@type":"Person","@id":"https:\/\/feminissima.de\/#\/schema\/person\/0b901e053624f88e7ecbea289d9d5128","name":"admin","image":{"@type":"ImageObject","inLanguage":"de","@id":"https:\/\/feminissima.de\/#\/schema\/person\/image\/","url":"https:\/\/secure.gravatar.com\/avatar\/8da1f51327453c0bf63338e8e2a791948b7d2ac19b68839492d1e69aac6924a8?s=96&d=mm&r=g","contentUrl":"https:\/\/secure.gravatar.com\/avatar\/8da1f51327453c0bf63338e8e2a791948b7d2ac19b68839492d1e69aac6924a8?s=96&d=mm&r=g","caption":"admin"},"url":"https:\/\/feminissima.de\/index.php\/author\/admin\/"}]}},"jetpack_featured_media_url":"","_links":{"self":[{"href":"https:\/\/feminissima.de\/index.php\/wp-json\/wp\/v2\/posts\/84496","targetHints":{"allow":["GET"]}}],"collection":[{"href":"https:\/\/feminissima.de\/index.php\/wp-json\/wp\/v2\/posts"}],"about":[{"href":"https:\/\/feminissima.de\/index.php\/wp-json\/wp\/v2\/types\/post"}],"author":[{"embeddable":true,"href":"https:\/\/feminissima.de\/index.php\/wp-json\/wp\/v2\/users\/2"}],"replies":[{"embeddable":true,"href":"https:\/\/feminissima.de\/index.php\/wp-json\/wp\/v2\/comments?post=84496"}],"version-history":[{"count":0,"href":"https:\/\/feminissima.de\/index.php\/wp-json\/wp\/v2\/posts\/84496\/revisions"}],"wp:attachment":[{"href":"https:\/\/feminissima.de\/index.php\/wp-json\/wp\/v2\/media?parent=84496"}],"wp:term":[{"taxonomy":"category","embeddable":true,"href":"https:\/\/feminissima.de\/index.php\/wp-json\/wp\/v2\/categories?post=84496"},{"taxonomy":"post_tag","embeddable":true,"href":"https:\/\/feminissima.de\/index.php\/wp-json\/wp\/v2\/tags?post=84496"}],"curies":[{"name":"wp","href":"https:\/\/api.w.org\/{rel}","templated":true}]}}