{"id":84494,"date":"2006-06-20T15:27:46","date_gmt":"2006-06-20T15:27:46","guid":{"rendered":"http:\/\/www.feminissima.de\/?p=84494"},"modified":"2006-06-20T15:27:46","modified_gmt":"2006-06-20T15:27:46","slug":"der-westen-glaenzt-glueht-6-06","status":"publish","type":"post","link":"https:\/\/feminissima.de\/index.php\/2006\/06\/20\/der-westen-glaenzt-glueht-6-06\/","title":{"rendered":"Der Westen gl\u00e4nzt &#038; gl\u00fcht..(6\/06)"},"content":{"rendered":"<p>Kurf\u00fcrstendamm unter Platanen &#038; Umzu..<br \/>\nEine Atmo herausgefiltert, aus der Textreihe..&#8220;Text-Tage im Juni 2006&#8243;..weil er so nett ist..!Und so besonders oft gelesen wurde, auf der live-Site.<br \/>237616.<\/p>\n<p>Crissy hatte gestern,<br \/>als der Sommer kam, in der Stadt zu tun, und kehrte zur\u00fcck, prall-angef\u00fcllt mit Impressionen, und beinah Italienisch parlierend, alora!<br \/>Sie war so begesitert, <br \/>von diesen behaglichen Stra\u00dfen in Charlottenburg, mit ihren Stuck-Villen, <br \/>die der Krieg zum Gl\u00fcck stehengelassen hatte, <br \/>diesen verschn\u00f6rkelten Balkonen, den verschwiegenen, lauschigen Ecken, <br \/> einer ihrer Lieblingspl\u00e4tze ist der K\u00f6nigin-Luise-Platz&#8230;(U4 ).<br \/>Crissy liebt die weiten Pl\u00e4tze und auch die kleinen, die Piazza&#8230;!<br \/>Ja..und hat hier ein Text-Ciabatta-Baguette mit roten Tomaten &#038; Basilikum drapiert (es gibt ja auch gr\u00fcne Tomaten).<br \/>Auf dem Balkon einen  Lavendelbusch im Topf zu den lila Petunien gesellt, die sich gefreut haben.<\/p>\n<p>Ja, gestern, als der Hochsommer unvermittelt schon fr\u00fchmorgens sich mit den hellgelben Kringeln an den Hausw\u00e4nden ank\u00fcndigte..nach dem ersten Versuch am Wochenende..<\/p>\n<p>&#8230;<\/p>\n<table width=\"100%\">\n<tr>\n<td style=\"background-image=url('images\/monet-heller.jpg')\"><font size=\"+1\"><\/p>\n<p>Jetzt gl\u00e4nzen sie !<\/p>\n<p>All die sommerlich gewandeten Pl\u00e4tze in der gro\u00dfen Stadt!<br \/>Etwa links und rechts vom Kurf\u00fcrstendamm!<br \/>Und die Brunnen! Genauer gesagt: Springbrunnen, die Font\u00e4nen!<\/p>\n<p>Winzige Kinder, au\u00dfer Rand und Band,<br \/>barfuss und in Bade-Klam\u00f6ttchen, die im Schatten der Springbrunnen planschen und vor Verg\u00fcgen kreischen.<br \/>M\u00fctter und Gro\u00dfm\u00fctter, auf B\u00e4nken auf der Piazza sitzend,<br \/>und dem Nachwuchs wohlwollend und wachsam zuschauend, bei einem Schw\u00e4tzchen mit der Bank-Nachbarin.<br \/>Walter-Benjamin-Platz, <br \/>ein ungemein s\u00fcdl\u00e4ndischer, sehr italienisch wirkender Platz mit spr\u00fchendem Springbrunnen, <br \/>feinen L\u00e4dchen und Gastronomie links und rechts&#8230;<br \/>keine Autos&#8230;<br \/>unweit des Olivaer Platzes, am Kurf\u00fcrstendamm:<br \/>du biegst in den l\u00e4ngeren Teil der Wielandstra\u00dfe &#8211; und schon \u00f6ffnet sich linkerhand diese Piazza, die Walter-Benjamin-Platz hei\u00dft.<br \/>Wenn du ihn traversiert hast,<br \/>flanierst du die Sybel-Stra\u00dfe entlang,<br \/>unter schattigen Platanen, m\u00fcndest in die idyllische und gediegene Giesebrechtstra\u00dfe,<br \/>studierst an der KURBEL,<br \/>einem herrlichen alt-stilvollen Kino mit ausgezeichnetem Programm die Angebote..<br \/>l\u00e4sst dich ein paar Schritte weiter bei einem Italiener nieder,<br \/>erfrischst dich an einem Aqua Minerale..oder genie\u00dft kleine, mit Lachs gef\u00fcllte Teigtaschen&#8230;plauderst&#8230;<br \/>ein paar Schritte weiter ein erneuter Springbrunnen,<br \/>am Hindemith-Platz, schon an der Wilmersdorfer&#8230;.<br \/>dort auch Gastronomien f\u00fcr beinah jeden Geschmack und jedes Portemonnaie..<\/p>\n<p>und schon bist du an der S-Bahn Charlottenburg, oder ein paar Schritte weiter an der U7 oder U2&#8230;.<\/p>\n<p>.<\/p>\n<p>Auch der SAVIGNY-Platz verz\u00fcckt an diesen Tagen.<\/p>\n<p>Auch mit Gr\u00fcn&#8230;<br \/>leicht zu finden an der Kantstra\u00dfe..auch eine S-Bahn-Station &#8222;Savigny-Platz&#8220; &#8211; l\u00e4sst dich mittendrin im Viertel aussteigen, stehen &#038; staunen, <br \/>im sch\u00f6nen, alten Westen mit seinem internationalen Flair vielseitigster und <br \/>ansprechendster Gastronomien, Buch- und anderen L\u00e4dchen und B\u00e4nken unter B\u00e4umen&#8230;ja&#8230;<\/p>\n<p>ein paar Schritte die Kantstra\u00dfe h\u00f6her, dann das Amtsgericht, von dort links durch die romantische Leonhardtstra\u00dfe, die in dem Stuttgarter Platz m\u00fcndet&#8230;, in einem der Caf\u00e9s triffst du, wie nicht selten in Berlin, <br \/>einen bekannten Schauspieler beim Fr\u00fchst\u00fcck oder am Nachbartisch unterrichtet ein junger Spanier eine Deutsche in Spanisch&#8230;Nat\u00fcrlich sitzt du drau\u00dfen..!<\/p>\n<p>Unzweifelhaft: &#8211; der Westen lebt!<\/p>\n<p>Und der Kurf\u00fcrstendamm, als die Schlagader des Westens, <br \/>auch in &#8222;puncto Orientierung&#8220; &#8211; links und rechts die Platanen, die breiten Trottoirs&#8230;die feinen L\u00e4den&#8230;.<\/p>\n<p>ein leichter Schauer erfasst dich, <\/p>\n<p>vor Freude, <\/p>\n<p>ja, denn alles gl\u00e4nzt&#8230;<\/p>\n<p>in diesen Tagen&#8230;und:<\/p>\n<p>die Menschen auch.<\/p>\n<\/td>\n<\/tr>\n<\/table>\n<p><\/p>\n","protected":false},"excerpt":{"rendered":"<p>Kurf\u00fcrstendamm unter Platanen &#038; Umzu..<br \/>\nEine Atmo herausgefiltert, aus der Textreihe..&#8220;Text-Tage im Juni 2006&#8243;..weil er so nett ist..!Und so besonders oft gelesen wurde, auf der live-Site.<\/p>\n","protected":false},"author":2,"featured_media":0,"comment_status":"closed","ping_status":"closed","sticky":false,"template":"","format":"standard","meta":{"footnotes":""},"categories":[16],"tags":[],"class_list":["post-84494","post","type-post","status-publish","format-standard","hentry","category-femreise","entry"],"yoast_head":"<!-- This site is optimized with the Yoast SEO plugin v21.0 - https:\/\/yoast.com\/wordpress\/plugins\/seo\/ -->\n<title>Der Westen gl\u00e4nzt &amp; gl\u00fcht..(6\/06) - Feminissima<\/title>\n<meta name=\"robots\" content=\"index, follow, max-snippet:-1, max-image-preview:large, max-video-preview:-1\" \/>\n<link rel=\"canonical\" href=\"https:\/\/feminissima.de\/index.php\/2006\/06\/20\/der-westen-glaenzt-glueht-6-06\/\" \/>\n<meta property=\"og:locale\" content=\"de_DE\" \/>\n<meta property=\"og:type\" content=\"article\" \/>\n<meta property=\"og:title\" content=\"Der Westen gl\u00e4nzt &amp; gl\u00fcht..(6\/06) - Feminissima\" \/>\n<meta property=\"og:description\" content=\"Kurf\u00fcrstendamm unter Platanen &amp; Umzu.. Eine Atmo herausgefiltert, aus der Textreihe..&quot;Text-Tage im Juni 2006&quot;..weil er so nett ist..!Und so besonders oft gelesen wurde, auf der live-Site.\" \/>\n<meta property=\"og:url\" content=\"https:\/\/feminissima.de\/index.php\/2006\/06\/20\/der-westen-glaenzt-glueht-6-06\/\" \/>\n<meta property=\"og:site_name\" content=\"Feminissima\" \/>\n<meta property=\"article:published_time\" content=\"2006-06-20T15:27:46+00:00\" \/>\n<meta name=\"author\" content=\"admin\" \/>\n<meta name=\"twitter:card\" content=\"summary_large_image\" \/>\n<meta name=\"twitter:label1\" content=\"Verfasst von\" \/>\n\t<meta name=\"twitter:data1\" content=\"admin\" \/>\n\t<meta name=\"twitter:label2\" content=\"Gesch\u00e4tzte Lesezeit\" \/>\n\t<meta name=\"twitter:data2\" content=\"3\u00a0Minuten\" \/>\n<script type=\"application\/ld+json\" class=\"yoast-schema-graph\">{\"@context\":\"https:\/\/schema.org\",\"@graph\":[{\"@type\":\"WebPage\",\"@id\":\"https:\/\/feminissima.de\/index.php\/2006\/06\/20\/der-westen-glaenzt-glueht-6-06\/\",\"url\":\"https:\/\/feminissima.de\/index.php\/2006\/06\/20\/der-westen-glaenzt-glueht-6-06\/\",\"name\":\"Der Westen gl\u00e4nzt & gl\u00fcht..(6\/06) - Feminissima\",\"isPartOf\":{\"@id\":\"https:\/\/feminissima.de\/#website\"},\"datePublished\":\"2006-06-20T15:27:46+00:00\",\"dateModified\":\"2006-06-20T15:27:46+00:00\",\"author\":{\"@id\":\"https:\/\/feminissima.de\/#\/schema\/person\/0b901e053624f88e7ecbea289d9d5128\"},\"breadcrumb\":{\"@id\":\"https:\/\/feminissima.de\/index.php\/2006\/06\/20\/der-westen-glaenzt-glueht-6-06\/#breadcrumb\"},\"inLanguage\":\"de\",\"potentialAction\":[{\"@type\":\"ReadAction\",\"target\":[\"https:\/\/feminissima.de\/index.php\/2006\/06\/20\/der-westen-glaenzt-glueht-6-06\/\"]}]},{\"@type\":\"BreadcrumbList\",\"@id\":\"https:\/\/feminissima.de\/index.php\/2006\/06\/20\/der-westen-glaenzt-glueht-6-06\/#breadcrumb\",\"itemListElement\":[{\"@type\":\"ListItem\",\"position\":1,\"name\":\"Startseite\",\"item\":\"https:\/\/feminissima.de\/\"},{\"@type\":\"ListItem\",\"position\":2,\"name\":\"Der Westen gl\u00e4nzt &#038; gl\u00fcht..(6\/06)\"}]},{\"@type\":\"WebSite\",\"@id\":\"https:\/\/feminissima.de\/#website\",\"url\":\"https:\/\/feminissima.de\/\",\"name\":\"Feminissima\",\"description\":\"\",\"potentialAction\":[{\"@type\":\"SearchAction\",\"target\":{\"@type\":\"EntryPoint\",\"urlTemplate\":\"https:\/\/feminissima.de\/?s={search_term_string}\"},\"query-input\":\"required name=search_term_string\"}],\"inLanguage\":\"de\"},{\"@type\":\"Person\",\"@id\":\"https:\/\/feminissima.de\/#\/schema\/person\/0b901e053624f88e7ecbea289d9d5128\",\"name\":\"admin\",\"image\":{\"@type\":\"ImageObject\",\"inLanguage\":\"de\",\"@id\":\"https:\/\/feminissima.de\/#\/schema\/person\/image\/\",\"url\":\"https:\/\/secure.gravatar.com\/avatar\/8da1f51327453c0bf63338e8e2a791948b7d2ac19b68839492d1e69aac6924a8?s=96&d=mm&r=g\",\"contentUrl\":\"https:\/\/secure.gravatar.com\/avatar\/8da1f51327453c0bf63338e8e2a791948b7d2ac19b68839492d1e69aac6924a8?s=96&d=mm&r=g\",\"caption\":\"admin\"},\"url\":\"https:\/\/feminissima.de\/index.php\/author\/admin\/\"}]}<\/script>\n<!-- \/ Yoast SEO plugin. -->","yoast_head_json":{"title":"Der Westen gl\u00e4nzt & gl\u00fcht..(6\/06) - Feminissima","robots":{"index":"index","follow":"follow","max-snippet":"max-snippet:-1","max-image-preview":"max-image-preview:large","max-video-preview":"max-video-preview:-1"},"canonical":"https:\/\/feminissima.de\/index.php\/2006\/06\/20\/der-westen-glaenzt-glueht-6-06\/","og_locale":"de_DE","og_type":"article","og_title":"Der Westen gl\u00e4nzt & gl\u00fcht..(6\/06) - Feminissima","og_description":"Kurf\u00fcrstendamm unter Platanen & Umzu.. Eine Atmo herausgefiltert, aus der Textreihe..\"Text-Tage im Juni 2006\"..weil er so nett ist..!Und so besonders oft gelesen wurde, auf der live-Site.","og_url":"https:\/\/feminissima.de\/index.php\/2006\/06\/20\/der-westen-glaenzt-glueht-6-06\/","og_site_name":"Feminissima","article_published_time":"2006-06-20T15:27:46+00:00","author":"admin","twitter_card":"summary_large_image","twitter_misc":{"Verfasst von":"admin","Gesch\u00e4tzte Lesezeit":"3\u00a0Minuten"},"schema":{"@context":"https:\/\/schema.org","@graph":[{"@type":"WebPage","@id":"https:\/\/feminissima.de\/index.php\/2006\/06\/20\/der-westen-glaenzt-glueht-6-06\/","url":"https:\/\/feminissima.de\/index.php\/2006\/06\/20\/der-westen-glaenzt-glueht-6-06\/","name":"Der Westen gl\u00e4nzt & gl\u00fcht..(6\/06) - Feminissima","isPartOf":{"@id":"https:\/\/feminissima.de\/#website"},"datePublished":"2006-06-20T15:27:46+00:00","dateModified":"2006-06-20T15:27:46+00:00","author":{"@id":"https:\/\/feminissima.de\/#\/schema\/person\/0b901e053624f88e7ecbea289d9d5128"},"breadcrumb":{"@id":"https:\/\/feminissima.de\/index.php\/2006\/06\/20\/der-westen-glaenzt-glueht-6-06\/#breadcrumb"},"inLanguage":"de","potentialAction":[{"@type":"ReadAction","target":["https:\/\/feminissima.de\/index.php\/2006\/06\/20\/der-westen-glaenzt-glueht-6-06\/"]}]},{"@type":"BreadcrumbList","@id":"https:\/\/feminissima.de\/index.php\/2006\/06\/20\/der-westen-glaenzt-glueht-6-06\/#breadcrumb","itemListElement":[{"@type":"ListItem","position":1,"name":"Startseite","item":"https:\/\/feminissima.de\/"},{"@type":"ListItem","position":2,"name":"Der Westen gl\u00e4nzt &#038; gl\u00fcht..(6\/06)"}]},{"@type":"WebSite","@id":"https:\/\/feminissima.de\/#website","url":"https:\/\/feminissima.de\/","name":"Feminissima","description":"","potentialAction":[{"@type":"SearchAction","target":{"@type":"EntryPoint","urlTemplate":"https:\/\/feminissima.de\/?s={search_term_string}"},"query-input":"required name=search_term_string"}],"inLanguage":"de"},{"@type":"Person","@id":"https:\/\/feminissima.de\/#\/schema\/person\/0b901e053624f88e7ecbea289d9d5128","name":"admin","image":{"@type":"ImageObject","inLanguage":"de","@id":"https:\/\/feminissima.de\/#\/schema\/person\/image\/","url":"https:\/\/secure.gravatar.com\/avatar\/8da1f51327453c0bf63338e8e2a791948b7d2ac19b68839492d1e69aac6924a8?s=96&d=mm&r=g","contentUrl":"https:\/\/secure.gravatar.com\/avatar\/8da1f51327453c0bf63338e8e2a791948b7d2ac19b68839492d1e69aac6924a8?s=96&d=mm&r=g","caption":"admin"},"url":"https:\/\/feminissima.de\/index.php\/author\/admin\/"}]}},"jetpack_featured_media_url":"","_links":{"self":[{"href":"https:\/\/feminissima.de\/index.php\/wp-json\/wp\/v2\/posts\/84494","targetHints":{"allow":["GET"]}}],"collection":[{"href":"https:\/\/feminissima.de\/index.php\/wp-json\/wp\/v2\/posts"}],"about":[{"href":"https:\/\/feminissima.de\/index.php\/wp-json\/wp\/v2\/types\/post"}],"author":[{"embeddable":true,"href":"https:\/\/feminissima.de\/index.php\/wp-json\/wp\/v2\/users\/2"}],"replies":[{"embeddable":true,"href":"https:\/\/feminissima.de\/index.php\/wp-json\/wp\/v2\/comments?post=84494"}],"version-history":[{"count":0,"href":"https:\/\/feminissima.de\/index.php\/wp-json\/wp\/v2\/posts\/84494\/revisions"}],"wp:attachment":[{"href":"https:\/\/feminissima.de\/index.php\/wp-json\/wp\/v2\/media?parent=84494"}],"wp:term":[{"taxonomy":"category","embeddable":true,"href":"https:\/\/feminissima.de\/index.php\/wp-json\/wp\/v2\/categories?post=84494"},{"taxonomy":"post_tag","embeddable":true,"href":"https:\/\/feminissima.de\/index.php\/wp-json\/wp\/v2\/tags?post=84494"}],"curies":[{"name":"wp","href":"https:\/\/api.w.org\/{rel}","templated":true}]}}