{"id":84492,"date":"2006-06-20T08:34:04","date_gmt":"2006-06-20T08:34:04","guid":{"rendered":"http:\/\/www.feminissima.de\/?p=84492"},"modified":"2006-06-20T08:34:04","modified_gmt":"2006-06-20T08:34:04","slug":"gold-adele-spaete-restitution","status":"publish","type":"post","link":"https:\/\/feminissima.de\/index.php\/2006\/06\/20\/gold-adele-spaete-restitution\/","title":{"rendered":"GOLD-ADELE &#8211; sp\u00e4te &#8222;Restitution&#8220;"},"content":{"rendered":"<p>Der live-Site-Text ist noch nicht fertig. <\/p>\n<p>Ein Teil steht hier und wird, wenn beendet, wieder zur\u00fcck auf die live-Site &#8211; f\u00fcr eine Weile..<br \/>241340.<br \/>heute: 191<\/p>\n<p>willkommen &#8211; ! Auf jeden Fall!<\/p>\n<p>\u00dcbrigens, jetzt kauft sich Joschka Fischer plus j\u00fcngster Ehefrau f\u00fcr ungef\u00e4hr 1 Million Euro eine Villa im Grunewald.<br \/>Politik sells&#8230;<\/p>\n<p>Wer Villen im Grunewald kauft, <br \/>sollte sich vielleicht vorher erkundigen,<br \/>wessen eigentliche Immobilie er oder sie dort ersteht.<br \/>Fast alle Villen geh\u00f6rten einst vertriebenen, ermordeten oder zwangs-emigrierten j\u00fcdischen Berlinern.<br \/>Der Einfachheit halber hatte die junge BRD  (die junge DDR nat\u00fcrlich auch!) diese H\u00e4user dann gleich behalten und erst einmal als \u00f6ffentliche B\u00fcrokratenr\u00e4ume, sehr gern auch Rotes Kreuz und \u00e4hnliche dubiose Einrichtungen..pardon&#8230;kleiner Scherz&#8230;oder&#8230;<br \/>Als sie dann alle total verrottet, zuweilen, nach schier lebenslangen K\u00e4mpfen wurden auch widerwillig ein paar dieser Villen als Gedenkst\u00e4tten herausger\u00fcckt,<br \/>wie das Haus der WANNSEEKONFERENZ, ja erst seit nicht langer Zeit Gedenkst\u00e4tte&#8230;! und die LIBERMANN-VILLA&#8230;.<\/p>\n<p>wurden sie en bloc an internationale Immobilien-Konzerne verscheuert.<br \/>Die verkaufen die Villen jetzt weiter&#8230;.<\/p>\n<p>das nur mal schnell am Rande, w\u00e4hrend Crissy den Tisch deckt, dabei denkt sie immer so f\u00fcr-sich-hin&#8230;<\/p>\n<table width=\"100%\">\n<tr>\n<td style=\"background-image=url('images\/monet-heller.jpg')\"><font size=\"+1\"><\/p>\n<p>&#8230;and is putting her mental face on!<br \/>Ja, wie willste das \u00fcbersetzen, gell?<\/p>\n<p>&#8222;to put my face on&#8220; &#8211; hei\u00dft ja &#8211; &#8222;sich schminken&#8220; &#8211; das Make Up auflegen, <br \/>aber viel sch\u00f6ner im Englischen&#8230;denn mit dem Schminken setzt du deine Akzente&#8230;malst dir dein Tageslicht-Gesicht oder Nachtlicht-Camouflage..<\/p>\n<p>Camouflage, das Verbergen, Verstecken&#8230;genau!<\/p>\n<p>Mental Face&#8230;also das, was sich unsere und andere lieben Politiker und so t\u00e4glich neu&#8230;<\/p>\n<p>aber bei Crissy immer gutherzig &#038; ehrlich &#8211; <\/p>\n<p>Auf dem Fr\u00fchst\u00fcckstisch heute &#8211; <\/p>\n<p>Die GOLDENE ADELE,<br \/>Peter Handke, der 80. Geburtstag einer Unvergesslichen, die einer Stadt den Namen, pardon, deren Namen einer Stadt, Klagenfurt &#8211; ja, Ingeborg Bachmann &#8211; <br \/>und ein neues SACHBUCH, ein MUSS &#8211; f\u00fcr FEMINISSIMA-LeserInnen&#8230;!<\/p>\n<p>Gleich mehr !<br \/>Hold on!&#8220;<\/p>\n<p>Jenes KLIMT-Gem\u00e4lde, das goldgl\u00e4nzende Portr\u00e4t &#8222;ADELE BLOCH-BAUER I&#8220; &#8211; , <\/p>\n<p>das jetzt f\u00fcr 135 Millionen Dollar ( 107 Millionen Euro) an den zweiten Sohn der an Krebs verstorbenen Kosmetik-Magnatin Est\u00e9e Lauder &#8222;ging&#8220; &#8211; <\/p>\n<p>gilt jetzt als das TEUERSTE GEM\u00c4LDE DER WELT.<br \/>Und hat damit auch Pablo Picassos &#8222;Junge mit Pfeife&#8220; \u00fcberfl\u00fcgelt:<br \/>es wurde vor zwei Jahren bei Sotheby&#8217;s f\u00fcr 104,1 Millionen Dollar versteigert.<\/p>\n<p>Die Geschichte der GOLD-ADELE, wie das Klimt-Bild gerne genannt wird,<\/p>\n<p>Moment, Crissy mu\u00df sich mal die Tr\u00e4nen abwischen &#8211; es ist eine so traurige Geschichte.<\/p>\n<p>Teil und nicht Schlu\u00dfpunkt unserer Geschichte, die heute so gerne weggewischt werden m\u00f6chte,<br \/> mit Schein-Argumenten, wie &#8222;schau dir doch mal das Commonwealth an&#8220; &#8211; <\/p>\n<p>oder: &#8222;Schau dir doch mal an, was Mao &#8230;.was Stalin&#8230;&#8220;<\/p>\n<p>Nun, ein Verbrecher rehabilitiert doch nicht den anderen..oder wie ?!<\/p>\n<p>Mit &#8222;Adele&#8220; geht ein St\u00fcck &#8222;Restitution&#8220; &#8211; wie die R\u00fcckgabe, inzwischen ist der Begriff &#8222;Wiedergutmachung&#8220; in den Schmink-K\u00e4sten verschwunden, dort liegt er richtig, weit weg, denn eine &#8222;Wiedergutmachung&#8220; gibt es nicht, wird es nie geben k\u00f6nnen &#8211; <\/p>\n<p>GOLD ADELE &#8211; war NS-RAUB.<br \/>ADELE ge\u00f6rte der j\u00fcdischen Familie, Bloch-Bauer:<br \/>von ihr selbst in Auftrag gegeben, das Portr\u00e4t der Industriellen-Gattin Adele Bloch-Bauer I, im Jahre 1907.<\/p>\n<p>Jahrzehnte haben die Bloch-Bauer-Erben aus den USA um die R\u00fcckgabe dieses Bild und anderer gek\u00e4mpft &#8211; aber \u00d6sterreich wollte sie nicht herausr\u00fccken.<\/p>\n<p>Das mu\u00df man sich einmal in aller Ruhe durch den Kopf ziehen lassen, dann wird dir schwindlig.<\/p>\n<p>Zu Jahresbeginn noch &#8230;sprachen die ehemaligen T\u00e4ter von einem &#8222;kulturellen Supergau&#8220;, <br \/>wenn das ber\u00fchmte Klimt-Gem\u00e4lde die ebenfalls ber\u00fchmte Wiener Galerie &#8222;Belvedere&#8220; auf immer verlassen w\u00fcrde, <br \/>wenn denn die in den USA lebenden Erben ihren Anspruch schlu\u00dfendlich gerichtlich durchgesetzt bek\u00e4men.<\/p>\n<p>Denn &#8222;g\u00fctlich&#8220; war mit den \u00d6sterreichern nichts zu machen (Siehe auch FEM\/kultur).<\/p>\n<p>W\u00e4ren sie nicht so borniert und blind und bar jedes Unrechtsbewu\u00dftsein, <br \/>h\u00e4tte das Bild sogar in \u00d6sterreich bleiben k\u00f6nnen.<\/p>\n<p>Damit ist es nun vorbei.<\/p>\n<p>Die Gerichte haben &#8230;wenigstens die!<\/p>\n<p>f\u00fcr die rechtm\u00e4\u00dfigen Erben entschieden, <br \/>und die sich nun f\u00fcr einen amerikanischen Staatsb\u00fcrger.<\/p>\n<p>Gleich mehr.<\/p>\n","protected":false},"excerpt":{"rendered":"<p>Der live-Site-Text ist noch nicht fertig. <\/p>\n<p>Ein Teil steht hier und wird, wenn beendet, wieder zur\u00fcck auf die live-Site &#8211; f\u00fcr eine Weile..<\/p>\n","protected":false},"author":2,"featured_media":0,"comment_status":"closed","ping_status":"closed","sticky":false,"template":"","format":"standard","meta":{"footnotes":""},"categories":[11],"tags":[],"class_list":["post-84492","post","type-post","status-publish","format-standard","hentry","category-femkultur","entry"],"yoast_head":"<!-- This site is optimized with the Yoast SEO plugin v21.0 - https:\/\/yoast.com\/wordpress\/plugins\/seo\/ -->\n<title>GOLD-ADELE - sp\u00e4te &quot;Restitution&quot; - Feminissima<\/title>\n<meta name=\"robots\" content=\"index, follow, max-snippet:-1, max-image-preview:large, max-video-preview:-1\" \/>\n<link rel=\"canonical\" href=\"https:\/\/feminissima.de\/index.php\/2006\/06\/20\/gold-adele-spaete-restitution\/\" \/>\n<meta property=\"og:locale\" content=\"de_DE\" \/>\n<meta property=\"og:type\" content=\"article\" \/>\n<meta property=\"og:title\" content=\"GOLD-ADELE - sp\u00e4te &quot;Restitution&quot; - Feminissima\" \/>\n<meta property=\"og:description\" content=\"Der live-Site-Text ist noch nicht fertig. Ein Teil steht hier und wird, wenn beendet, wieder zur\u00fcck auf die live-Site - f\u00fcr eine Weile..\" \/>\n<meta property=\"og:url\" content=\"https:\/\/feminissima.de\/index.php\/2006\/06\/20\/gold-adele-spaete-restitution\/\" \/>\n<meta property=\"og:site_name\" content=\"Feminissima\" \/>\n<meta property=\"article:published_time\" content=\"2006-06-20T08:34:04+00:00\" \/>\n<meta name=\"author\" content=\"admin\" \/>\n<meta name=\"twitter:card\" content=\"summary_large_image\" \/>\n<meta name=\"twitter:label1\" content=\"Verfasst von\" \/>\n\t<meta name=\"twitter:data1\" content=\"admin\" \/>\n\t<meta name=\"twitter:label2\" content=\"Gesch\u00e4tzte Lesezeit\" \/>\n\t<meta name=\"twitter:data2\" content=\"3\u00a0Minuten\" \/>\n<script type=\"application\/ld+json\" class=\"yoast-schema-graph\">{\"@context\":\"https:\/\/schema.org\",\"@graph\":[{\"@type\":\"WebPage\",\"@id\":\"https:\/\/feminissima.de\/index.php\/2006\/06\/20\/gold-adele-spaete-restitution\/\",\"url\":\"https:\/\/feminissima.de\/index.php\/2006\/06\/20\/gold-adele-spaete-restitution\/\",\"name\":\"GOLD-ADELE - sp\u00e4te \\\"Restitution\\\" - Feminissima\",\"isPartOf\":{\"@id\":\"https:\/\/feminissima.de\/#website\"},\"datePublished\":\"2006-06-20T08:34:04+00:00\",\"dateModified\":\"2006-06-20T08:34:04+00:00\",\"author\":{\"@id\":\"https:\/\/feminissima.de\/#\/schema\/person\/0b901e053624f88e7ecbea289d9d5128\"},\"breadcrumb\":{\"@id\":\"https:\/\/feminissima.de\/index.php\/2006\/06\/20\/gold-adele-spaete-restitution\/#breadcrumb\"},\"inLanguage\":\"de\",\"potentialAction\":[{\"@type\":\"ReadAction\",\"target\":[\"https:\/\/feminissima.de\/index.php\/2006\/06\/20\/gold-adele-spaete-restitution\/\"]}]},{\"@type\":\"BreadcrumbList\",\"@id\":\"https:\/\/feminissima.de\/index.php\/2006\/06\/20\/gold-adele-spaete-restitution\/#breadcrumb\",\"itemListElement\":[{\"@type\":\"ListItem\",\"position\":1,\"name\":\"Startseite\",\"item\":\"https:\/\/feminissima.de\/\"},{\"@type\":\"ListItem\",\"position\":2,\"name\":\"GOLD-ADELE &#8211; sp\u00e4te &#8222;Restitution&#8220;\"}]},{\"@type\":\"WebSite\",\"@id\":\"https:\/\/feminissima.de\/#website\",\"url\":\"https:\/\/feminissima.de\/\",\"name\":\"Feminissima\",\"description\":\"\",\"potentialAction\":[{\"@type\":\"SearchAction\",\"target\":{\"@type\":\"EntryPoint\",\"urlTemplate\":\"https:\/\/feminissima.de\/?s={search_term_string}\"},\"query-input\":\"required name=search_term_string\"}],\"inLanguage\":\"de\"},{\"@type\":\"Person\",\"@id\":\"https:\/\/feminissima.de\/#\/schema\/person\/0b901e053624f88e7ecbea289d9d5128\",\"name\":\"admin\",\"image\":{\"@type\":\"ImageObject\",\"inLanguage\":\"de\",\"@id\":\"https:\/\/feminissima.de\/#\/schema\/person\/image\/\",\"url\":\"https:\/\/secure.gravatar.com\/avatar\/8da1f51327453c0bf63338e8e2a791948b7d2ac19b68839492d1e69aac6924a8?s=96&d=mm&r=g\",\"contentUrl\":\"https:\/\/secure.gravatar.com\/avatar\/8da1f51327453c0bf63338e8e2a791948b7d2ac19b68839492d1e69aac6924a8?s=96&d=mm&r=g\",\"caption\":\"admin\"},\"url\":\"https:\/\/feminissima.de\/index.php\/author\/admin\/\"}]}<\/script>\n<!-- \/ Yoast SEO plugin. -->","yoast_head_json":{"title":"GOLD-ADELE - sp\u00e4te \"Restitution\" - Feminissima","robots":{"index":"index","follow":"follow","max-snippet":"max-snippet:-1","max-image-preview":"max-image-preview:large","max-video-preview":"max-video-preview:-1"},"canonical":"https:\/\/feminissima.de\/index.php\/2006\/06\/20\/gold-adele-spaete-restitution\/","og_locale":"de_DE","og_type":"article","og_title":"GOLD-ADELE - sp\u00e4te \"Restitution\" - Feminissima","og_description":"Der live-Site-Text ist noch nicht fertig. Ein Teil steht hier und wird, wenn beendet, wieder zur\u00fcck auf die live-Site - f\u00fcr eine Weile..","og_url":"https:\/\/feminissima.de\/index.php\/2006\/06\/20\/gold-adele-spaete-restitution\/","og_site_name":"Feminissima","article_published_time":"2006-06-20T08:34:04+00:00","author":"admin","twitter_card":"summary_large_image","twitter_misc":{"Verfasst von":"admin","Gesch\u00e4tzte Lesezeit":"3\u00a0Minuten"},"schema":{"@context":"https:\/\/schema.org","@graph":[{"@type":"WebPage","@id":"https:\/\/feminissima.de\/index.php\/2006\/06\/20\/gold-adele-spaete-restitution\/","url":"https:\/\/feminissima.de\/index.php\/2006\/06\/20\/gold-adele-spaete-restitution\/","name":"GOLD-ADELE - sp\u00e4te \"Restitution\" - Feminissima","isPartOf":{"@id":"https:\/\/feminissima.de\/#website"},"datePublished":"2006-06-20T08:34:04+00:00","dateModified":"2006-06-20T08:34:04+00:00","author":{"@id":"https:\/\/feminissima.de\/#\/schema\/person\/0b901e053624f88e7ecbea289d9d5128"},"breadcrumb":{"@id":"https:\/\/feminissima.de\/index.php\/2006\/06\/20\/gold-adele-spaete-restitution\/#breadcrumb"},"inLanguage":"de","potentialAction":[{"@type":"ReadAction","target":["https:\/\/feminissima.de\/index.php\/2006\/06\/20\/gold-adele-spaete-restitution\/"]}]},{"@type":"BreadcrumbList","@id":"https:\/\/feminissima.de\/index.php\/2006\/06\/20\/gold-adele-spaete-restitution\/#breadcrumb","itemListElement":[{"@type":"ListItem","position":1,"name":"Startseite","item":"https:\/\/feminissima.de\/"},{"@type":"ListItem","position":2,"name":"GOLD-ADELE &#8211; sp\u00e4te &#8222;Restitution&#8220;"}]},{"@type":"WebSite","@id":"https:\/\/feminissima.de\/#website","url":"https:\/\/feminissima.de\/","name":"Feminissima","description":"","potentialAction":[{"@type":"SearchAction","target":{"@type":"EntryPoint","urlTemplate":"https:\/\/feminissima.de\/?s={search_term_string}"},"query-input":"required name=search_term_string"}],"inLanguage":"de"},{"@type":"Person","@id":"https:\/\/feminissima.de\/#\/schema\/person\/0b901e053624f88e7ecbea289d9d5128","name":"admin","image":{"@type":"ImageObject","inLanguage":"de","@id":"https:\/\/feminissima.de\/#\/schema\/person\/image\/","url":"https:\/\/secure.gravatar.com\/avatar\/8da1f51327453c0bf63338e8e2a791948b7d2ac19b68839492d1e69aac6924a8?s=96&d=mm&r=g","contentUrl":"https:\/\/secure.gravatar.com\/avatar\/8da1f51327453c0bf63338e8e2a791948b7d2ac19b68839492d1e69aac6924a8?s=96&d=mm&r=g","caption":"admin"},"url":"https:\/\/feminissima.de\/index.php\/author\/admin\/"}]}},"jetpack_featured_media_url":"","_links":{"self":[{"href":"https:\/\/feminissima.de\/index.php\/wp-json\/wp\/v2\/posts\/84492","targetHints":{"allow":["GET"]}}],"collection":[{"href":"https:\/\/feminissima.de\/index.php\/wp-json\/wp\/v2\/posts"}],"about":[{"href":"https:\/\/feminissima.de\/index.php\/wp-json\/wp\/v2\/types\/post"}],"author":[{"embeddable":true,"href":"https:\/\/feminissima.de\/index.php\/wp-json\/wp\/v2\/users\/2"}],"replies":[{"embeddable":true,"href":"https:\/\/feminissima.de\/index.php\/wp-json\/wp\/v2\/comments?post=84492"}],"version-history":[{"count":0,"href":"https:\/\/feminissima.de\/index.php\/wp-json\/wp\/v2\/posts\/84492\/revisions"}],"wp:attachment":[{"href":"https:\/\/feminissima.de\/index.php\/wp-json\/wp\/v2\/media?parent=84492"}],"wp:term":[{"taxonomy":"category","embeddable":true,"href":"https:\/\/feminissima.de\/index.php\/wp-json\/wp\/v2\/categories?post=84492"},{"taxonomy":"post_tag","embeddable":true,"href":"https:\/\/feminissima.de\/index.php\/wp-json\/wp\/v2\/tags?post=84492"}],"curies":[{"name":"wp","href":"https:\/\/api.w.org\/{rel}","templated":true}]}}