{"id":84478,"date":"2006-06-16T20:06:25","date_gmt":"2006-06-16T20:06:25","guid":{"rendered":"http:\/\/www.feminissima.de\/?p=84478"},"modified":"2006-06-16T20:06:25","modified_gmt":"2006-06-16T20:06:25","slug":"wehe-du-bist-alt-und-gebrechlich","status":"publish","type":"post","link":"https:\/\/feminissima.de\/index.php\/2006\/06\/16\/wehe-du-bist-alt-und-gebrechlich\/","title":{"rendered":"Wehe, du bist alt und gebrechlich &#8211; !"},"content":{"rendered":"<p>Nachttext zum 16. 6. 06:<br \/>\n&#8222;Versorgung&#8220; oder &#8222;Entsorgung?&#8220; Katastrophale Verh\u00e4ltnisse in Berliner Gro\u00dfkliniken und wieder einmal einem Alten-Pflegeheim &#8211; Tod durch Verbr\u00fchen&#8230;!!<br \/>oder: Diese Regierung richtet es schon!<\/p>\n<table width=\"100%\">\n<tr>\n<td style=\"background-image=url('images\/monet-heller.jpg')\"><font size=\"+1\"><\/p>\n<p>In Berlin-Friedrichshain wurde ein 78j\u00e4hriger in einem Pflegeheim beim Baden so stark verbr\u00fcht, dass er stirbt.<\/p>\n<p>Warum die Polizei nun gegen &#8222;Unbekannt&#8220; ermittelt, <br \/>erscheint eigenartig &#8211; es gibt doch Dienstpl\u00e4ne&#8230;oder die auch nicht&#8230;mehr, in Pflegeheimen&#8230;..?<\/p>\n<p>Die vorletzte Meldung: <\/p>\n<p>ein gel\u00e4hmter Mann sitzt drei Tage in einem defekten Aufzug fest, <br \/>in einer der GIGANTO-Kliniken in Berlin,(VIVANTES)<\/p>\n<p>ohne, dass ihn auch die gro\u00df-eingesetzten Polizei-Suchtrupps finden.<\/p>\n<p>Schlie\u00dflich h\u00f6rt wer den Mann um Hilfe schreien&#8230;<\/p>\n<p>Und nun ein weiterer Toter &#8211; <\/p>\n<p>Der Demenzkranke war (wiederum in einem Berliner Klinikum) seit Tagen vermisst worden.<\/p>\n<p>Nun wurde seine Leiche in einem entlegenen Technik-Raum gefunden.<br \/>Der 68j\u00e4hrige soll seit sechs Tagen tot sein.<\/p>\n<p> Dazu passt irgendwie die<br \/> absolut kleinspaltig bis gar nicht ver\u00f6ffentlichte News, <br \/>dass der j\u00fcngste Vorsto\u00df der LINKSPARTEI zur Abschaffung der 10-Euro-Praxisgeb\u00fchr von allen anderen Parteien, <br \/>auch den GR\u00dcNEN, <\/p>\n<p>abgeschmettert worden ist.<br \/>(Gefunden die Meldung in der Wochenzeitung DAS PARLAMENT).<\/p>\n<p>Dazu passt auch die Meldung, <br \/>das allerletzte Kauder-Gewelschte!<\/p>\n<p>die Wiedereinf\u00fchrung der Zwangsarbeit sozusagen&#8230;<br \/>f\u00fcr Langzeitarbeitslose, <br \/>auch f\u00fcr Akademiker, <br \/>ein bi\u00dfchen Spargelstechen hat noch keinem Manager geschadet, nicht wahr oder einem Politologen, net-wahr&#8230;<\/p>\n<p>Wer in diesen Tagen \u00fcberqualifiziert ist, <br \/>ist genauso dran schuld, wie wer unterqualifiziert ist.<\/p>\n<p>Warum sollen Arbeitslose auch blo\u00df den lieben langen Tag lang im Bett liegen, <br \/>wie sich das ein Kauder gewelscht halt vorstellt&#8230;.<\/p>\n<p>Gut daran ist, an dieser Klarstellung geistiger Minder-Bemitteltheit, nicht von ungef\u00e4hr &#8222;schw\u00e4bisch&#8220;,  <br \/>dass endlich offen von einem <\/p>\n<p>&#8222;R\u00fcckgriff auf das Dritte Reich&#8220; gesprochen werden kann und auch gesprochen wird. <\/p>\n<p>Ansonsten vermissen wir nach wie vor und dauerhaft &#8211; <\/p>\n<p>den AUFSCHREI.<\/p>\n<p>DAss ein Aufschrei m\u00f6glich ist,<br \/>lehrt uns gerade die WM.<\/p>\n<p>Nach CDU-Kauders erster Amtsantritts-Rede hatte FEM ja schon arg an des Mannes Zurechnungsf\u00e4higkeit gezweifelt.<\/p>\n<p>Nun das primitivste allen Gassen-Denkens, <br \/>ALG II &#8211; Bezieher gemeinn\u00fctzig und kostenlos von Mo bis FR acht Stunden pro Tag arbeiten&#8230;<br \/>&#8222;bezahlt&#8220; ja durch die \u00fcppigen 300 bis 345 Euro&#8230;, <\/p>\n<p>toll, was sich da an die Fress-N\u00e4pfe der Macht hoch-gesp\u00fclt hat, in schmutzigem Wasser.<\/p>\n<p> Wann gebietet wer diesen Un-Menschen Einhalt?<\/p>\n<p>Da wir aber auch diese News nicht nur in entsprechenden MAILING-LISTEN und Newslettern gefunden, erhalten haben, <\/p>\n<p>sondern KAUDER-WELSCH auch in durchaus sehr seri\u00f6sen Print-Zeitungen, wenigstens in einer, so genannt&#8230;wird &#8211; <br \/> nein, der SPIEGEL w\u00fcrde sich so etwas l\u00e4ngst nicht mehr getrauen, <br \/>staatstragend, wie er pferdehof-m\u00e4\u00dfig geworden ist, <\/p>\n<p>l\u00e4sst hoffen,<\/p>\n<p>auch angesichts der politischen  WIEDER-BELEBUNG des RUNDFUNKS, <\/p>\n<p>dass die Tage des Herrn Kauder gez\u00e4hlt sind.<\/p>\n<p> Rausschmi\u00df wegen Volksverhetzung hatten wir ja schon mal &#8211; bei der CDU, <br \/>Hohmann hie\u00df und hei\u00dft der Mann, <br \/>und er war nicht der erste derer, <br \/>aus den gar erschr\u00f6cklichen Reihen einer &#8222;C&#8220;-Partei,<br \/> die meinen, sie k\u00f6nnen und m\u00f6chten..<br \/> die NPD und Rechtsau\u00dfen noch weiter &#8211; rechts \u00fcberholen.<\/p>\n<p><\/td>\n<\/tr>\n<\/table>\n<p><\/p>\n","protected":false},"excerpt":{"rendered":"<p>Nachttext zum 16. 6. 06:<br \/>\n&#8222;Versorgung&#8220; oder &#8222;Entsorgung?&#8220; Katastrophale Verh\u00e4ltnisse in Berliner Gro\u00dfkliniken und wieder einmal einem Alten-Pflegeheim &#8211; Tod durch Verbr\u00fchen&#8230;!!<\/p>\n","protected":false},"author":2,"featured_media":0,"comment_status":"closed","ping_status":"closed","sticky":false,"template":"","format":"standard","meta":{"footnotes":""},"categories":[15],"tags":[],"class_list":["post-84478","post","type-post","status-publish","format-standard","hentry","category-femrecht","entry"],"yoast_head":"<!-- This site is optimized with the Yoast SEO plugin v21.0 - https:\/\/yoast.com\/wordpress\/plugins\/seo\/ -->\n<title>Wehe, du bist alt und gebrechlich - ! - Feminissima<\/title>\n<meta name=\"robots\" content=\"index, follow, max-snippet:-1, max-image-preview:large, max-video-preview:-1\" \/>\n<link rel=\"canonical\" href=\"https:\/\/feminissima.de\/index.php\/2006\/06\/16\/wehe-du-bist-alt-und-gebrechlich\/\" \/>\n<meta property=\"og:locale\" content=\"de_DE\" \/>\n<meta property=\"og:type\" content=\"article\" \/>\n<meta property=\"og:title\" content=\"Wehe, du bist alt und gebrechlich - ! - Feminissima\" \/>\n<meta property=\"og:description\" content=\"Nachttext zum 16. 6. 06: &quot;Versorgung&quot; oder &quot;Entsorgung?&quot; Katastrophale Verh\u00e4ltnisse in Berliner Gro\u00dfkliniken und wieder einmal einem Alten-Pflegeheim - Tod durch Verbr\u00fchen...!!\" \/>\n<meta property=\"og:url\" content=\"https:\/\/feminissima.de\/index.php\/2006\/06\/16\/wehe-du-bist-alt-und-gebrechlich\/\" \/>\n<meta property=\"og:site_name\" content=\"Feminissima\" \/>\n<meta property=\"article:published_time\" content=\"2006-06-16T20:06:25+00:00\" \/>\n<meta name=\"author\" content=\"admin\" \/>\n<meta name=\"twitter:card\" content=\"summary_large_image\" \/>\n<meta name=\"twitter:label1\" content=\"Verfasst von\" \/>\n\t<meta name=\"twitter:data1\" content=\"admin\" \/>\n\t<meta name=\"twitter:label2\" content=\"Gesch\u00e4tzte Lesezeit\" \/>\n\t<meta name=\"twitter:data2\" content=\"3\u00a0Minuten\" \/>\n<script type=\"application\/ld+json\" class=\"yoast-schema-graph\">{\"@context\":\"https:\/\/schema.org\",\"@graph\":[{\"@type\":\"WebPage\",\"@id\":\"https:\/\/feminissima.de\/index.php\/2006\/06\/16\/wehe-du-bist-alt-und-gebrechlich\/\",\"url\":\"https:\/\/feminissima.de\/index.php\/2006\/06\/16\/wehe-du-bist-alt-und-gebrechlich\/\",\"name\":\"Wehe, du bist alt und gebrechlich - ! - Feminissima\",\"isPartOf\":{\"@id\":\"https:\/\/feminissima.de\/#website\"},\"datePublished\":\"2006-06-16T20:06:25+00:00\",\"dateModified\":\"2006-06-16T20:06:25+00:00\",\"author\":{\"@id\":\"https:\/\/feminissima.de\/#\/schema\/person\/0b901e053624f88e7ecbea289d9d5128\"},\"breadcrumb\":{\"@id\":\"https:\/\/feminissima.de\/index.php\/2006\/06\/16\/wehe-du-bist-alt-und-gebrechlich\/#breadcrumb\"},\"inLanguage\":\"de\",\"potentialAction\":[{\"@type\":\"ReadAction\",\"target\":[\"https:\/\/feminissima.de\/index.php\/2006\/06\/16\/wehe-du-bist-alt-und-gebrechlich\/\"]}]},{\"@type\":\"BreadcrumbList\",\"@id\":\"https:\/\/feminissima.de\/index.php\/2006\/06\/16\/wehe-du-bist-alt-und-gebrechlich\/#breadcrumb\",\"itemListElement\":[{\"@type\":\"ListItem\",\"position\":1,\"name\":\"Startseite\",\"item\":\"https:\/\/feminissima.de\/\"},{\"@type\":\"ListItem\",\"position\":2,\"name\":\"Wehe, du bist alt und gebrechlich &#8211; !\"}]},{\"@type\":\"WebSite\",\"@id\":\"https:\/\/feminissima.de\/#website\",\"url\":\"https:\/\/feminissima.de\/\",\"name\":\"Feminissima\",\"description\":\"\",\"potentialAction\":[{\"@type\":\"SearchAction\",\"target\":{\"@type\":\"EntryPoint\",\"urlTemplate\":\"https:\/\/feminissima.de\/?s={search_term_string}\"},\"query-input\":\"required name=search_term_string\"}],\"inLanguage\":\"de\"},{\"@type\":\"Person\",\"@id\":\"https:\/\/feminissima.de\/#\/schema\/person\/0b901e053624f88e7ecbea289d9d5128\",\"name\":\"admin\",\"image\":{\"@type\":\"ImageObject\",\"inLanguage\":\"de\",\"@id\":\"https:\/\/feminissima.de\/#\/schema\/person\/image\/\",\"url\":\"https:\/\/secure.gravatar.com\/avatar\/8da1f51327453c0bf63338e8e2a791948b7d2ac19b68839492d1e69aac6924a8?s=96&d=mm&r=g\",\"contentUrl\":\"https:\/\/secure.gravatar.com\/avatar\/8da1f51327453c0bf63338e8e2a791948b7d2ac19b68839492d1e69aac6924a8?s=96&d=mm&r=g\",\"caption\":\"admin\"},\"url\":\"https:\/\/feminissima.de\/index.php\/author\/admin\/\"}]}<\/script>\n<!-- \/ Yoast SEO plugin. -->","yoast_head_json":{"title":"Wehe, du bist alt und gebrechlich - ! - Feminissima","robots":{"index":"index","follow":"follow","max-snippet":"max-snippet:-1","max-image-preview":"max-image-preview:large","max-video-preview":"max-video-preview:-1"},"canonical":"https:\/\/feminissima.de\/index.php\/2006\/06\/16\/wehe-du-bist-alt-und-gebrechlich\/","og_locale":"de_DE","og_type":"article","og_title":"Wehe, du bist alt und gebrechlich - ! - Feminissima","og_description":"Nachttext zum 16. 6. 06: \"Versorgung\" oder \"Entsorgung?\" Katastrophale Verh\u00e4ltnisse in Berliner Gro\u00dfkliniken und wieder einmal einem Alten-Pflegeheim - Tod durch Verbr\u00fchen...!!","og_url":"https:\/\/feminissima.de\/index.php\/2006\/06\/16\/wehe-du-bist-alt-und-gebrechlich\/","og_site_name":"Feminissima","article_published_time":"2006-06-16T20:06:25+00:00","author":"admin","twitter_card":"summary_large_image","twitter_misc":{"Verfasst von":"admin","Gesch\u00e4tzte Lesezeit":"3\u00a0Minuten"},"schema":{"@context":"https:\/\/schema.org","@graph":[{"@type":"WebPage","@id":"https:\/\/feminissima.de\/index.php\/2006\/06\/16\/wehe-du-bist-alt-und-gebrechlich\/","url":"https:\/\/feminissima.de\/index.php\/2006\/06\/16\/wehe-du-bist-alt-und-gebrechlich\/","name":"Wehe, du bist alt und gebrechlich - ! - Feminissima","isPartOf":{"@id":"https:\/\/feminissima.de\/#website"},"datePublished":"2006-06-16T20:06:25+00:00","dateModified":"2006-06-16T20:06:25+00:00","author":{"@id":"https:\/\/feminissima.de\/#\/schema\/person\/0b901e053624f88e7ecbea289d9d5128"},"breadcrumb":{"@id":"https:\/\/feminissima.de\/index.php\/2006\/06\/16\/wehe-du-bist-alt-und-gebrechlich\/#breadcrumb"},"inLanguage":"de","potentialAction":[{"@type":"ReadAction","target":["https:\/\/feminissima.de\/index.php\/2006\/06\/16\/wehe-du-bist-alt-und-gebrechlich\/"]}]},{"@type":"BreadcrumbList","@id":"https:\/\/feminissima.de\/index.php\/2006\/06\/16\/wehe-du-bist-alt-und-gebrechlich\/#breadcrumb","itemListElement":[{"@type":"ListItem","position":1,"name":"Startseite","item":"https:\/\/feminissima.de\/"},{"@type":"ListItem","position":2,"name":"Wehe, du bist alt und gebrechlich &#8211; !"}]},{"@type":"WebSite","@id":"https:\/\/feminissima.de\/#website","url":"https:\/\/feminissima.de\/","name":"Feminissima","description":"","potentialAction":[{"@type":"SearchAction","target":{"@type":"EntryPoint","urlTemplate":"https:\/\/feminissima.de\/?s={search_term_string}"},"query-input":"required name=search_term_string"}],"inLanguage":"de"},{"@type":"Person","@id":"https:\/\/feminissima.de\/#\/schema\/person\/0b901e053624f88e7ecbea289d9d5128","name":"admin","image":{"@type":"ImageObject","inLanguage":"de","@id":"https:\/\/feminissima.de\/#\/schema\/person\/image\/","url":"https:\/\/secure.gravatar.com\/avatar\/8da1f51327453c0bf63338e8e2a791948b7d2ac19b68839492d1e69aac6924a8?s=96&d=mm&r=g","contentUrl":"https:\/\/secure.gravatar.com\/avatar\/8da1f51327453c0bf63338e8e2a791948b7d2ac19b68839492d1e69aac6924a8?s=96&d=mm&r=g","caption":"admin"},"url":"https:\/\/feminissima.de\/index.php\/author\/admin\/"}]}},"jetpack_featured_media_url":"","_links":{"self":[{"href":"https:\/\/feminissima.de\/index.php\/wp-json\/wp\/v2\/posts\/84478","targetHints":{"allow":["GET"]}}],"collection":[{"href":"https:\/\/feminissima.de\/index.php\/wp-json\/wp\/v2\/posts"}],"about":[{"href":"https:\/\/feminissima.de\/index.php\/wp-json\/wp\/v2\/types\/post"}],"author":[{"embeddable":true,"href":"https:\/\/feminissima.de\/index.php\/wp-json\/wp\/v2\/users\/2"}],"replies":[{"embeddable":true,"href":"https:\/\/feminissima.de\/index.php\/wp-json\/wp\/v2\/comments?post=84478"}],"version-history":[{"count":0,"href":"https:\/\/feminissima.de\/index.php\/wp-json\/wp\/v2\/posts\/84478\/revisions"}],"wp:attachment":[{"href":"https:\/\/feminissima.de\/index.php\/wp-json\/wp\/v2\/media?parent=84478"}],"wp:term":[{"taxonomy":"category","embeddable":true,"href":"https:\/\/feminissima.de\/index.php\/wp-json\/wp\/v2\/categories?post=84478"},{"taxonomy":"post_tag","embeddable":true,"href":"https:\/\/feminissima.de\/index.php\/wp-json\/wp\/v2\/tags?post=84478"}],"curies":[{"name":"wp","href":"https:\/\/api.w.org\/{rel}","templated":true}]}}