{"id":84476,"date":"2006-06-15T11:45:30","date_gmt":"2006-06-15T11:45:30","guid":{"rendered":"http:\/\/www.feminissima.de\/?p=84476"},"modified":"2006-06-15T11:45:30","modified_gmt":"2006-06-15T11:45:30","slug":"wm-start-fegt-alle-bad-news-hinweg-6-06","status":"publish","type":"post","link":"https:\/\/feminissima.de\/index.php\/2006\/06\/15\/wm-start-fegt-alle-bad-news-hinweg-6-06\/","title":{"rendered":"WM-Start fegt alle bad news hinweg..(6\/06)"},"content":{"rendered":"<p>live-Atmo- &#038; Beobachtungstext vom 13. Juni 2006<br \/>237805.<\/p>\n<p>15 Uhr in Berlin.<\/p>\n<p>Es ist schon &#8230;ja, da suchste Worte!<br \/>Ob schwerer Verkehrsunfall, ob Urteil im Mordfall Christian, sein M\u00f6rder heute 17 &#8211; <br \/>Fakt ist, alles geht unter in dieser fiebrigen WM-Atmosph\u00e4re, irgendwie will derzeit einfach niemand etwas von der Gr\u00e4ue und Tr\u00fcbnis des Alltags wissen, Berlin tr\u00e4gt heute GR\u00dcN-GELB &#8211;<br \/> die Kaufh\u00e4user boten seit Tagen diese brasilianisch-farbigen T-Shirts preiswert an, <br \/>und \u00fcberhaupt, heute&#8230;erstmals WM-Austragung im OLYMPIA-STADION..Brasilien trifft Kroatien, <br \/>Beginn 21 Uhr &#8211; dazu passende Temperaturen,<br \/> blauer kann der Himmel nicht mehr sein&#8230;<br \/>und Gesch\u00e4fte, derzeit bis 22 Uhr ge\u00f6ffnet&#8230;verleihen den sonst ab 20 Uhr schlagartig ver\u00f6deten Meilen ungewohntes Leben&#8230;.<\/p>\n<table width=\"100%\">\n<tr>\n<td style=\"background-image=url('images\/monet-heller.jpg')\"><font size=\"+1\"><\/p>\n<p>Eine traurige, eine b\u00f6se Bilanz: <\/p>\n<p>Die Schlagzeilen aus der Lestikow-Schule in angeblich Berlins feinster Wohngegend Zehlendorf <br \/>sprechen eine Sprache f\u00fcr sich:<\/p>\n<p>Der heute als &#8222;schuldig&#8220; verurteilte M\u00f6rder des 7j\u00e4hrigen Christians, im letzten August, als die Tat geschah, 16 Jahre alt, <br \/>war zeitweise Sch\u00fcler der Lestikow-Oberschule.<br \/>Ebenso der inzwischen von der Schule geflogene &#8222;Messer-Amokl\u00e4ufer&#8220; nach der Er\u00f6ffnungsfeier des Berliner Hauptbahnhofs:<br \/>der 17j\u00e4hrige hatte um die 40 Menschen mit Messerstichen verletzt.<\/p>\n<p>Heute Vormittag die j\u00fcngste Meldung aus der Schule: <\/p>\n<p>Acht Sch\u00fcler und zwei Erwachsene lieferten sich eine derartige Schl\u00e4gerei auf dem Schulhof, <br \/>dass Polizei und Rettungshubschrauber gerufen wurden&#8230;<br \/>Die Erwachsenen &#8211; einer der Vater des Opfers, um das es ging, der andere ein Sozialarbeiter der Schule.<br \/>Sie hatten den schwelenden Streit eigentlich mit einem Gespr\u00e4ch schlichten wollen.<\/p>\n<p>Die Schule machte auch durch gravierende optische Verwahrlosung mehrfach von sich reden.<\/p>\n<p>Sch\u00fcler sammelten Geld, um Farbe f\u00fcr die W\u00e4nde zu kaufen,<br \/>Reparaturen bezahlen zu k\u00f6nnen, f\u00fcr die &#8222;kein Geld&#8220; da waren.<\/p>\n<p>Auch eine Sporthalle galt als einsturzgef\u00e4hrdet.<\/p>\n<p>In den Toiletten nie Toilettenpapier, auch daf\u00fcr kein Geld..<\/p>\n<p>Auff\u00e4llig &#8211; <\/p>\n<p>dass keine ERMITTLUNGSVERFAHREN gegen Schulleiter und Lehrer dieser so besonders auff\u00e4lligen Schulen eingeleitet werden.<\/p>\n<p>In letzter Zeit wird ja alle Schuld den Sch\u00fclern zugeschoben.<\/p>\n<p>***Der 16j\u00e4hrige M\u00f6rder des 7j\u00e4hrigen Nachbarsjungen Christian wurde heute vom Landgericht Berlin zur H\u00f6chststrafe von 10 Jahren verurteilt.<\/p>\n<p>Der T\u00e4ter, zur Tatzeit 16 Jahre alt, war mehrfach durch brutale Gewalttaten aufgefallen,<br \/>aber immer wieder nach Hause entlassen worden.<br \/>Er soll ohne seine Eltern bei seinem Gro\u00dfvater gelebt haben.<\/p>\n<p>Seine getrennt lebenden Eltern wohnten in den USA.<\/p>\n<p>Keith soll angegeben haben, <br \/>den kleinen Jungen aus Frust get\u00f6tet zu haben.<\/p>\n<p>Keith soll auch immer wieder wegen seiner Hautfarbe geh\u00e4nselt worden sein, in der Siedlung, in der er lebte. <br \/>Sein Vater, den er offenbar nie kennengelernt hat, <br \/>soll afro-amerikanischer Abstammung sein.<\/p>\n<p>\u00dcbrigens, irgendwie unglaublich, aber nat\u00fcrlich doch wahr &#8211; <\/p>\n<p>die ansonsten eher blasse CDU-Bildungsministerin Schavan <\/p>\n<p>(sie hatte den Kopftuch-Streit seinerzeit als Kultusministerin in Baden-W\u00fcrttemberg auf die Spitze getrieben&#8230;,<br \/>mit gro\u00dfen Ambitionen nach der Wein-Ohrfeige, die zu R\u00fccktritten gef\u00fchrt hatte&#8230;Ministerpr\u00e4sidentin von Baden-W\u00fcrttemberg zu werden, <br \/>war jedoch gezielt polit-gemobbt worden, kurz vor den Wahlen &#8211; <br \/>mit einer lancierten Meldung an die Yellow-Presse, Schavan habe ein lesbisches Verh\u00e4ltnis..<br \/>was im katholischen Baden-W\u00fcrttemberg aller Dementis zum Trotz ..ja, was m\u00e4nner d\u00fcrfen, ist bei frauen halt, \u00f6h, kennen wir ja..daf\u00fcr wurde dann der h\u00f6lzerne Oettinger ..Ministerpr\u00e4sident..)-<\/p>\n<p>Schavan also b\u00fcgelte den ersten vern\u00fcnftigen bildungspolitischen Satz einer Kultusministerin (Ute Erdsiek-Rave <br \/>\naus Schleswig-Holstein) ab &#8211; :<\/p>\n<p>Sie hatte in ungewohnter Sch\u00e4rfe SITZENBLEIBEN als einen unversch\u00e4mten <br \/>und durch nichts zu rechtfertigenden Eingriff in die Lebensplanung junger Menschen gebrandmarkt,<br \/> und als ein Relikt aus Kaiser&#8217;s Zeiten &#8211; wunderbar&#8230;!<\/p>\n<p>Wenn mal neben Wortschaum etwas Konkretes r\u00fcberkommt!<\/p>\n<p>Doch Frau Schavan&#8230;und enttarnte damit die Sache an sich&#8230;feix&#8230;ja auch wieder &#8222;so gesehen&#8220;&#8230;nicht \u00fcbel, als Selbst-Enttarnung:<\/p>\n<p>&#8222;Dieses DRUCKMITTEL, diese &#8222;MASSNAHMEN,&#8220;<br \/> m\u00fcssten den Lehrern nach wie vor zugestanden werden&#8230;&#8220;<\/p>\n<p>Armes Deutschland.<\/p>\n<p>Kein Wunder, dass manche Sch\u00fcler ausflippen und verr\u00fcckt spielen &#8211; ein m\u00f6rderisches System, sprichw\u00f6rtlich.<\/p>\n<p>Und gleichzeitig zetern Politiker, <br \/>wenn es denn gerade passt, <br \/>wie &#8222;alt&#8220; deutsche Sch\u00fcler beim Abitur schon oft seien&#8230;<br \/>und wie sp\u00e4t sie, <br \/>wenn sie dann noch (oh-weh&#8230;!)<br \/>kurz vor dem Ausschlu\u00df aus dem Arbeitsmarkt, nicht wahr,<br \/>endlich mal was verdienten&#8230;<\/p>\n<p>Wenn es um die Verwertbarkeit geht&#8230;<\/p>\n<p>dann fallen halt andere Spr\u00fcche, <br \/>als wenn es um die Repressalien gegen Sch\u00fcler geht&#8230;.<\/p>\n<p>Eure FEMINISSIMA &#8211; eine leidenschaftliche Gegnerin des deutschen Schulsystems&#8230;<\/p>\n<p>am hitzigen Nachmittag, da sich hier alle auf die Brasilianer freuen, <br \/>jedenfalls h\u00f6ren wir jetzt endlich mal auch wieder BOSSA NOVA und so im Radio.<\/p>\n<p>Die Ansagen &#8211; wie die rund 100.000 Menschen nachher hoch zum OLYMPIA-Stadion kommen, <br \/>klingen ein wenig skurril, <br \/>aber im Vergleich zum schier erwarteten Terror-Anschlag mit Start der WM &#8211; doch vergleichsweise harmlos.<\/p>\n<p>Keine Wurfgeschosse, nur weiches Essen, wie Bananen, Getr\u00e4nke nur ..na, da wird sich Industrie freuen,&#8230;<br \/>im weichen Tetra-Pak und wer alkoholisiert ist, mu\u00df pusten und eventuell &#8222;drau\u00dfen&#8220; bleiben&#8230;<\/p>\n<p>Personal-Ausweis ist neben der Eintrittskarte vorzuzeigen.<br \/>Und jeder Besucher hat mir einer Leibesvisitation zu rechnen.<\/p>\n<p>Allein 4.000 Polizisten wurden als Einsatzkr\u00e4fte genannt, die anderen bleiben ungenannt.<\/p>\n","protected":false},"excerpt":{"rendered":"<p>live-Atmo- &#038; Beobachtungstext vom 13. Juni 2006<\/p>\n","protected":false},"author":2,"featured_media":0,"comment_status":"closed","ping_status":"closed","sticky":false,"template":"","format":"standard","meta":{"footnotes":""},"categories":[12],"tags":[],"class_list":["post-84476","post","type-post","status-publish","format-standard","hentry","category-femleben","entry"],"yoast_head":"<!-- This site is optimized with the Yoast SEO plugin v21.0 - https:\/\/yoast.com\/wordpress\/plugins\/seo\/ -->\n<title>WM-Start fegt alle bad news hinweg..(6\/06) - Feminissima<\/title>\n<meta name=\"robots\" content=\"index, follow, max-snippet:-1, max-image-preview:large, max-video-preview:-1\" \/>\n<link rel=\"canonical\" href=\"https:\/\/feminissima.de\/index.php\/2006\/06\/15\/wm-start-fegt-alle-bad-news-hinweg-6-06\/\" \/>\n<meta property=\"og:locale\" content=\"de_DE\" \/>\n<meta property=\"og:type\" content=\"article\" \/>\n<meta property=\"og:title\" content=\"WM-Start fegt alle bad news hinweg..(6\/06) - Feminissima\" \/>\n<meta property=\"og:description\" content=\"live-Atmo- &amp; Beobachtungstext vom 13. Juni 2006\" \/>\n<meta property=\"og:url\" content=\"https:\/\/feminissima.de\/index.php\/2006\/06\/15\/wm-start-fegt-alle-bad-news-hinweg-6-06\/\" \/>\n<meta property=\"og:site_name\" content=\"Feminissima\" \/>\n<meta property=\"article:published_time\" content=\"2006-06-15T11:45:30+00:00\" \/>\n<meta name=\"author\" content=\"admin\" \/>\n<meta name=\"twitter:card\" content=\"summary_large_image\" \/>\n<meta name=\"twitter:label1\" content=\"Verfasst von\" \/>\n\t<meta name=\"twitter:data1\" content=\"admin\" \/>\n\t<meta name=\"twitter:label2\" content=\"Gesch\u00e4tzte Lesezeit\" \/>\n\t<meta name=\"twitter:data2\" content=\"4\u00a0Minuten\" \/>\n<script type=\"application\/ld+json\" class=\"yoast-schema-graph\">{\"@context\":\"https:\/\/schema.org\",\"@graph\":[{\"@type\":\"WebPage\",\"@id\":\"https:\/\/feminissima.de\/index.php\/2006\/06\/15\/wm-start-fegt-alle-bad-news-hinweg-6-06\/\",\"url\":\"https:\/\/feminissima.de\/index.php\/2006\/06\/15\/wm-start-fegt-alle-bad-news-hinweg-6-06\/\",\"name\":\"WM-Start fegt alle bad news hinweg..(6\/06) - Feminissima\",\"isPartOf\":{\"@id\":\"https:\/\/feminissima.de\/#website\"},\"datePublished\":\"2006-06-15T11:45:30+00:00\",\"dateModified\":\"2006-06-15T11:45:30+00:00\",\"author\":{\"@id\":\"https:\/\/feminissima.de\/#\/schema\/person\/0b901e053624f88e7ecbea289d9d5128\"},\"breadcrumb\":{\"@id\":\"https:\/\/feminissima.de\/index.php\/2006\/06\/15\/wm-start-fegt-alle-bad-news-hinweg-6-06\/#breadcrumb\"},\"inLanguage\":\"de\",\"potentialAction\":[{\"@type\":\"ReadAction\",\"target\":[\"https:\/\/feminissima.de\/index.php\/2006\/06\/15\/wm-start-fegt-alle-bad-news-hinweg-6-06\/\"]}]},{\"@type\":\"BreadcrumbList\",\"@id\":\"https:\/\/feminissima.de\/index.php\/2006\/06\/15\/wm-start-fegt-alle-bad-news-hinweg-6-06\/#breadcrumb\",\"itemListElement\":[{\"@type\":\"ListItem\",\"position\":1,\"name\":\"Startseite\",\"item\":\"https:\/\/feminissima.de\/\"},{\"@type\":\"ListItem\",\"position\":2,\"name\":\"WM-Start fegt alle bad news hinweg..(6\/06)\"}]},{\"@type\":\"WebSite\",\"@id\":\"https:\/\/feminissima.de\/#website\",\"url\":\"https:\/\/feminissima.de\/\",\"name\":\"Feminissima\",\"description\":\"\",\"potentialAction\":[{\"@type\":\"SearchAction\",\"target\":{\"@type\":\"EntryPoint\",\"urlTemplate\":\"https:\/\/feminissima.de\/?s={search_term_string}\"},\"query-input\":\"required name=search_term_string\"}],\"inLanguage\":\"de\"},{\"@type\":\"Person\",\"@id\":\"https:\/\/feminissima.de\/#\/schema\/person\/0b901e053624f88e7ecbea289d9d5128\",\"name\":\"admin\",\"image\":{\"@type\":\"ImageObject\",\"inLanguage\":\"de\",\"@id\":\"https:\/\/feminissima.de\/#\/schema\/person\/image\/\",\"url\":\"https:\/\/secure.gravatar.com\/avatar\/8da1f51327453c0bf63338e8e2a791948b7d2ac19b68839492d1e69aac6924a8?s=96&d=mm&r=g\",\"contentUrl\":\"https:\/\/secure.gravatar.com\/avatar\/8da1f51327453c0bf63338e8e2a791948b7d2ac19b68839492d1e69aac6924a8?s=96&d=mm&r=g\",\"caption\":\"admin\"},\"url\":\"https:\/\/feminissima.de\/index.php\/author\/admin\/\"}]}<\/script>\n<!-- \/ Yoast SEO plugin. -->","yoast_head_json":{"title":"WM-Start fegt alle bad news hinweg..(6\/06) - Feminissima","robots":{"index":"index","follow":"follow","max-snippet":"max-snippet:-1","max-image-preview":"max-image-preview:large","max-video-preview":"max-video-preview:-1"},"canonical":"https:\/\/feminissima.de\/index.php\/2006\/06\/15\/wm-start-fegt-alle-bad-news-hinweg-6-06\/","og_locale":"de_DE","og_type":"article","og_title":"WM-Start fegt alle bad news hinweg..(6\/06) - Feminissima","og_description":"live-Atmo- & Beobachtungstext vom 13. Juni 2006","og_url":"https:\/\/feminissima.de\/index.php\/2006\/06\/15\/wm-start-fegt-alle-bad-news-hinweg-6-06\/","og_site_name":"Feminissima","article_published_time":"2006-06-15T11:45:30+00:00","author":"admin","twitter_card":"summary_large_image","twitter_misc":{"Verfasst von":"admin","Gesch\u00e4tzte Lesezeit":"4\u00a0Minuten"},"schema":{"@context":"https:\/\/schema.org","@graph":[{"@type":"WebPage","@id":"https:\/\/feminissima.de\/index.php\/2006\/06\/15\/wm-start-fegt-alle-bad-news-hinweg-6-06\/","url":"https:\/\/feminissima.de\/index.php\/2006\/06\/15\/wm-start-fegt-alle-bad-news-hinweg-6-06\/","name":"WM-Start fegt alle bad news hinweg..(6\/06) - Feminissima","isPartOf":{"@id":"https:\/\/feminissima.de\/#website"},"datePublished":"2006-06-15T11:45:30+00:00","dateModified":"2006-06-15T11:45:30+00:00","author":{"@id":"https:\/\/feminissima.de\/#\/schema\/person\/0b901e053624f88e7ecbea289d9d5128"},"breadcrumb":{"@id":"https:\/\/feminissima.de\/index.php\/2006\/06\/15\/wm-start-fegt-alle-bad-news-hinweg-6-06\/#breadcrumb"},"inLanguage":"de","potentialAction":[{"@type":"ReadAction","target":["https:\/\/feminissima.de\/index.php\/2006\/06\/15\/wm-start-fegt-alle-bad-news-hinweg-6-06\/"]}]},{"@type":"BreadcrumbList","@id":"https:\/\/feminissima.de\/index.php\/2006\/06\/15\/wm-start-fegt-alle-bad-news-hinweg-6-06\/#breadcrumb","itemListElement":[{"@type":"ListItem","position":1,"name":"Startseite","item":"https:\/\/feminissima.de\/"},{"@type":"ListItem","position":2,"name":"WM-Start fegt alle bad news hinweg..(6\/06)"}]},{"@type":"WebSite","@id":"https:\/\/feminissima.de\/#website","url":"https:\/\/feminissima.de\/","name":"Feminissima","description":"","potentialAction":[{"@type":"SearchAction","target":{"@type":"EntryPoint","urlTemplate":"https:\/\/feminissima.de\/?s={search_term_string}"},"query-input":"required name=search_term_string"}],"inLanguage":"de"},{"@type":"Person","@id":"https:\/\/feminissima.de\/#\/schema\/person\/0b901e053624f88e7ecbea289d9d5128","name":"admin","image":{"@type":"ImageObject","inLanguage":"de","@id":"https:\/\/feminissima.de\/#\/schema\/person\/image\/","url":"https:\/\/secure.gravatar.com\/avatar\/8da1f51327453c0bf63338e8e2a791948b7d2ac19b68839492d1e69aac6924a8?s=96&d=mm&r=g","contentUrl":"https:\/\/secure.gravatar.com\/avatar\/8da1f51327453c0bf63338e8e2a791948b7d2ac19b68839492d1e69aac6924a8?s=96&d=mm&r=g","caption":"admin"},"url":"https:\/\/feminissima.de\/index.php\/author\/admin\/"}]}},"jetpack_featured_media_url":"","_links":{"self":[{"href":"https:\/\/feminissima.de\/index.php\/wp-json\/wp\/v2\/posts\/84476","targetHints":{"allow":["GET"]}}],"collection":[{"href":"https:\/\/feminissima.de\/index.php\/wp-json\/wp\/v2\/posts"}],"about":[{"href":"https:\/\/feminissima.de\/index.php\/wp-json\/wp\/v2\/types\/post"}],"author":[{"embeddable":true,"href":"https:\/\/feminissima.de\/index.php\/wp-json\/wp\/v2\/users\/2"}],"replies":[{"embeddable":true,"href":"https:\/\/feminissima.de\/index.php\/wp-json\/wp\/v2\/comments?post=84476"}],"version-history":[{"count":0,"href":"https:\/\/feminissima.de\/index.php\/wp-json\/wp\/v2\/posts\/84476\/revisions"}],"wp:attachment":[{"href":"https:\/\/feminissima.de\/index.php\/wp-json\/wp\/v2\/media?parent=84476"}],"wp:term":[{"taxonomy":"category","embeddable":true,"href":"https:\/\/feminissima.de\/index.php\/wp-json\/wp\/v2\/categories?post=84476"},{"taxonomy":"post_tag","embeddable":true,"href":"https:\/\/feminissima.de\/index.php\/wp-json\/wp\/v2\/tags?post=84476"}],"curies":[{"name":"wp","href":"https:\/\/api.w.org\/{rel}","templated":true}]}}