{"id":84457,"date":"2006-05-13T14:43:16","date_gmt":"2006-05-13T14:43:16","guid":{"rendered":"http:\/\/www.feminissima.de\/?p=84457"},"modified":"2006-05-13T14:43:16","modified_gmt":"2006-05-13T14:43:16","slug":"der-journalismus-lebt-henri-nannen-preis-in-hh","status":"publish","type":"post","link":"https:\/\/feminissima.de\/index.php\/2006\/05\/13\/der-journalismus-lebt-henri-nannen-preis-in-hh\/","title":{"rendered":"&#8222;Der Journalismus lebt!&#8220; Henri Nannen-Preis in  HH"},"content":{"rendered":"<p>Nannen-Preisverleihung in Hamburg<br \/>\n<br \/>\nQuelle: dpa<\/p>\n<p>  Nannen-Preisverleihung in Hamburg<\/p>\n<p>Von Almut Kipp, dpa<\/p>\n<p>Hamburg (dpa) &#8211; Vorhang auf f\u00fcr Journalisten: Im Deutschen Schauspielhaus in Hamburg haben wortgewandte Autoren am Freitagabend den Henri-Nannen-Preis erhalten. Zum zweiten Mal hatten Europas gr\u00f6\u00dfter Zeitschriftenverlag Gruner + Jahr und sein Magazin \u00abStern\u00bb in das Theater eingeladen, um journalistische Bestleistungen zu pr\u00e4mieren. <\/p>\n<p>1200 G\u00e4ste aus Politik, Wirtschaft, Medien und Kultur feierten das gedruckte Wort. Umrahmt wurde die Preisverleihung von einem B\u00fchnen- und Musikprogramm, durch das TV-Moderator G\u00fcnther Jauch f\u00fchrte und bei dem auch die Grand-Prix-Teilnehmer Texas Lightning mit ihrem Wettbewerbssong \u00abNo No Never\u00bb auftraten.<\/p>\n<p>Um \u00abQualit\u00e4tsjournalismus erlebbar zu machen\u00bb, wurden die nominierten Arbeiten \u00fcber szenische Darstellungen, eingespielte Filmbeitr\u00e4ge und eigens komponierte Musiken vorgestellt. Die K\u00f6nigsdisziplin \u00abReportage\u00bb inszenierten die Schauspieler Peter Lohmeyer, Anna Thalbach und Gudrun Landgrebe mit auszugsweisen Lesungen der drei konkurrierenden Texte. <\/p>\n<p>Als Preistr\u00e4ger ging Bartholom\u00e4us Grill hervor, der in der Wochenzeitung \u00abDie Zeit\u00bb unter dem Titel \u00abIch will nur fr\u00f6hliche Musik\u00bb den letzten Weg seines krebskranken Bruders bis zum \u00abassistierten Freitod\u00bb in der Schweiz darstellte. Grill habe diesen \u00abtiefpers\u00f6nlichen Vorgang\u00bb meisterlich beschrieben, lobte als Laudator der Herausgeber der \u00abFrankfurter Allgemeinen Zeitung\u00bb, Frank Schirrmacher.<\/p>\n<p>Jeder Preistr\u00e4ger erhielt 5000 Euro sowie eine in Bronze gegossene Plastik, die den Kopf des \u00abStern\u00bb-Gr\u00fcnders Henri Nannen darstellt. Auch zu Ehren des 1996 gestorbenen Blattmachers hatte der Verlag die Auszeichnung ins Leben gerufen. \u00abDer Preis sollte zur wichtigsten Auszeichnung im deutschsprachigen Printjournalismus, zu einem Adelspr\u00e4dikat werden\u00bb, erl\u00e4uterte G+J-Vorstandschef Bernd Kundrun den G\u00e4sten, darunter Bundesinnenminister Wolfgang Sch\u00e4uble (CDU) und Bundesfinanzminister Peer Steinbr\u00fcck (SPD). <\/p>\n<p>\u00abWir haben dieses Ziel erreicht\u00bb, f\u00fcgte Kundrun stolz hinzu und verwies auf die 870 eingereichten Arbeiten. Das d\u00fcrfte auch den fr\u00fcheren Miteigent\u00fcmer des Verlags Richard Gruner (79) erfreut haben, der eigens zur Preisverleihung angereist war.<\/p>\n<p>Zum zweiten Mal bekam \u00abZeit\u00bb-Journalist Stefan Willeke den \u00abHenri\u00bb \u00fcberreicht. Gemeinsam mit seinem Kollegen Henning Sussebach verfasste er nach 32 spesentreibenden Recherche-Fl\u00fcgen ein \u00abLehrst\u00fcck \u00fcber die Globalisierung\u00bb anhand der Produktion eines Rasierapparates und entschied damit die Kategorie \u00abDokumentation\u00bb f\u00fcr sich. <\/p>\n<p>\u00dcber die Nannen-B\u00fcste durfte sich auch Kayhan \u00d6zgenc freuen, weil er als erster das \u00abSystem von Beg\u00fcnstigung und Lustgewinn\u00bb beim Autohersteller VW im Nachrichtenmagazin \u00abFocus\u00bb aufdeckte und die VW- Aff\u00e4re lostrat (Investigative Leistung). F\u00fcr seinen Humor wurde Kurt Kister von der \u00abS\u00fcddeutschen Zeitung\u00bb ausgezeichnet, der in seiner Kolumne \u00abDas Personal der Berliner Republik\u00bb portr\u00e4tierte, teils persiflierte.<\/p>\n<p>Erstmals gab es einen Sonderpreis der \u00abStern\u00bb-Chefredaktion, der an die \u00abTimes Picayune\u00bb in New Orleans ging. Die Redakteure wurden f\u00fcr ihren unerm\u00fcdlichen Einsatz inmitten der vom Wirbelsturm Katrina ausgel\u00f6sten Katastrophe gew\u00fcrdigt. Sie berichteten unter auch pers\u00f6nlich schweren Bedingungen und brachten Notausgaben der Gazette heraus. F\u00fcr sein publizistisches Lebenswerk erhielt der Autor und Hitler-Biograf Joachim C. Fest die Nannen-Skulptur. Innenminister Sch\u00e4uble \u00e4u\u00dferte dabei die Hoffnung, dass der 79-J\u00e4hrige sein Lebenswerk noch nicht abgeschlossen hat: \u00abWir versprechen uns noch viel von Ihnen\u00bb, sagte Sch\u00e4uble.<\/p>\n<p>Mit seinen Fotos \u00fcber die schwer verletzt aus dem Irak-Krieg zur\u00fcckgekehrte US-Soldatin Jessica Clements war Jim Gehrz erfolgreich. Der armenisch-t\u00fcrkische Journalist und Herausgeber der Wochenzeitung \u00abAgos\u00bb, Hrant Dink, nahm bewegt den Preis f\u00fcr sein Engagement f\u00fcr die Pressefreiheit entgegen und warb leidenschaftlich daf\u00fcr, die Vers\u00f6hnung zwischen Armeniern und T\u00fcrken zu unterst\u00fctzen.<\/p>\n<p><\/p>\n","protected":false},"excerpt":{"rendered":"<p>Nannen-Preisverleihung in Hamburg<br \/>\n<br \/>\nQuelle: dpa<br \/><\/p>\n","protected":false},"author":2,"featured_media":0,"comment_status":"closed","ping_status":"closed","sticky":false,"template":"","format":"standard","meta":{"footnotes":""},"categories":[13],"tags":[],"class_list":["post-84457","post","type-post","status-publish","format-standard","hentry","category-femmedien","entry"],"yoast_head":"<!-- This site is optimized with the Yoast SEO plugin v21.0 - https:\/\/yoast.com\/wordpress\/plugins\/seo\/ -->\n<title>&quot;Der Journalismus lebt!&quot; Henri Nannen-Preis in HH - Feminissima<\/title>\n<meta name=\"robots\" content=\"index, follow, max-snippet:-1, max-image-preview:large, max-video-preview:-1\" \/>\n<link rel=\"canonical\" href=\"https:\/\/feminissima.de\/index.php\/2006\/05\/13\/der-journalismus-lebt-henri-nannen-preis-in-hh\/\" \/>\n<meta property=\"og:locale\" content=\"de_DE\" \/>\n<meta property=\"og:type\" content=\"article\" \/>\n<meta property=\"og:title\" content=\"&quot;Der Journalismus lebt!&quot; Henri Nannen-Preis in HH - Feminissima\" \/>\n<meta property=\"og:description\" content=\"Nannen-Preisverleihung in Hamburg Quelle: dpa\" \/>\n<meta property=\"og:url\" content=\"https:\/\/feminissima.de\/index.php\/2006\/05\/13\/der-journalismus-lebt-henri-nannen-preis-in-hh\/\" \/>\n<meta property=\"og:site_name\" content=\"Feminissima\" \/>\n<meta property=\"article:published_time\" content=\"2006-05-13T14:43:16+00:00\" \/>\n<meta name=\"author\" content=\"admin\" \/>\n<meta name=\"twitter:card\" content=\"summary_large_image\" \/>\n<meta name=\"twitter:label1\" content=\"Verfasst von\" \/>\n\t<meta name=\"twitter:data1\" content=\"admin\" \/>\n\t<meta name=\"twitter:label2\" content=\"Gesch\u00e4tzte Lesezeit\" \/>\n\t<meta name=\"twitter:data2\" content=\"3\u00a0Minuten\" \/>\n<script type=\"application\/ld+json\" class=\"yoast-schema-graph\">{\"@context\":\"https:\/\/schema.org\",\"@graph\":[{\"@type\":\"WebPage\",\"@id\":\"https:\/\/feminissima.de\/index.php\/2006\/05\/13\/der-journalismus-lebt-henri-nannen-preis-in-hh\/\",\"url\":\"https:\/\/feminissima.de\/index.php\/2006\/05\/13\/der-journalismus-lebt-henri-nannen-preis-in-hh\/\",\"name\":\"\\\"Der Journalismus lebt!\\\" Henri Nannen-Preis in HH - Feminissima\",\"isPartOf\":{\"@id\":\"https:\/\/feminissima.de\/#website\"},\"datePublished\":\"2006-05-13T14:43:16+00:00\",\"dateModified\":\"2006-05-13T14:43:16+00:00\",\"author\":{\"@id\":\"https:\/\/feminissima.de\/#\/schema\/person\/0b901e053624f88e7ecbea289d9d5128\"},\"breadcrumb\":{\"@id\":\"https:\/\/feminissima.de\/index.php\/2006\/05\/13\/der-journalismus-lebt-henri-nannen-preis-in-hh\/#breadcrumb\"},\"inLanguage\":\"de\",\"potentialAction\":[{\"@type\":\"ReadAction\",\"target\":[\"https:\/\/feminissima.de\/index.php\/2006\/05\/13\/der-journalismus-lebt-henri-nannen-preis-in-hh\/\"]}]},{\"@type\":\"BreadcrumbList\",\"@id\":\"https:\/\/feminissima.de\/index.php\/2006\/05\/13\/der-journalismus-lebt-henri-nannen-preis-in-hh\/#breadcrumb\",\"itemListElement\":[{\"@type\":\"ListItem\",\"position\":1,\"name\":\"Startseite\",\"item\":\"https:\/\/feminissima.de\/\"},{\"@type\":\"ListItem\",\"position\":2,\"name\":\"&#8222;Der Journalismus lebt!&#8220; Henri Nannen-Preis in HH\"}]},{\"@type\":\"WebSite\",\"@id\":\"https:\/\/feminissima.de\/#website\",\"url\":\"https:\/\/feminissima.de\/\",\"name\":\"Feminissima\",\"description\":\"\",\"potentialAction\":[{\"@type\":\"SearchAction\",\"target\":{\"@type\":\"EntryPoint\",\"urlTemplate\":\"https:\/\/feminissima.de\/?s={search_term_string}\"},\"query-input\":\"required name=search_term_string\"}],\"inLanguage\":\"de\"},{\"@type\":\"Person\",\"@id\":\"https:\/\/feminissima.de\/#\/schema\/person\/0b901e053624f88e7ecbea289d9d5128\",\"name\":\"admin\",\"image\":{\"@type\":\"ImageObject\",\"inLanguage\":\"de\",\"@id\":\"https:\/\/feminissima.de\/#\/schema\/person\/image\/\",\"url\":\"https:\/\/secure.gravatar.com\/avatar\/8da1f51327453c0bf63338e8e2a791948b7d2ac19b68839492d1e69aac6924a8?s=96&d=mm&r=g\",\"contentUrl\":\"https:\/\/secure.gravatar.com\/avatar\/8da1f51327453c0bf63338e8e2a791948b7d2ac19b68839492d1e69aac6924a8?s=96&d=mm&r=g\",\"caption\":\"admin\"},\"url\":\"https:\/\/feminissima.de\/index.php\/author\/admin\/\"}]}<\/script>\n<!-- \/ Yoast SEO plugin. -->","yoast_head_json":{"title":"\"Der Journalismus lebt!\" Henri Nannen-Preis in HH - Feminissima","robots":{"index":"index","follow":"follow","max-snippet":"max-snippet:-1","max-image-preview":"max-image-preview:large","max-video-preview":"max-video-preview:-1"},"canonical":"https:\/\/feminissima.de\/index.php\/2006\/05\/13\/der-journalismus-lebt-henri-nannen-preis-in-hh\/","og_locale":"de_DE","og_type":"article","og_title":"\"Der Journalismus lebt!\" Henri Nannen-Preis in HH - Feminissima","og_description":"Nannen-Preisverleihung in Hamburg Quelle: dpa","og_url":"https:\/\/feminissima.de\/index.php\/2006\/05\/13\/der-journalismus-lebt-henri-nannen-preis-in-hh\/","og_site_name":"Feminissima","article_published_time":"2006-05-13T14:43:16+00:00","author":"admin","twitter_card":"summary_large_image","twitter_misc":{"Verfasst von":"admin","Gesch\u00e4tzte Lesezeit":"3\u00a0Minuten"},"schema":{"@context":"https:\/\/schema.org","@graph":[{"@type":"WebPage","@id":"https:\/\/feminissima.de\/index.php\/2006\/05\/13\/der-journalismus-lebt-henri-nannen-preis-in-hh\/","url":"https:\/\/feminissima.de\/index.php\/2006\/05\/13\/der-journalismus-lebt-henri-nannen-preis-in-hh\/","name":"\"Der Journalismus lebt!\" Henri Nannen-Preis in HH - Feminissima","isPartOf":{"@id":"https:\/\/feminissima.de\/#website"},"datePublished":"2006-05-13T14:43:16+00:00","dateModified":"2006-05-13T14:43:16+00:00","author":{"@id":"https:\/\/feminissima.de\/#\/schema\/person\/0b901e053624f88e7ecbea289d9d5128"},"breadcrumb":{"@id":"https:\/\/feminissima.de\/index.php\/2006\/05\/13\/der-journalismus-lebt-henri-nannen-preis-in-hh\/#breadcrumb"},"inLanguage":"de","potentialAction":[{"@type":"ReadAction","target":["https:\/\/feminissima.de\/index.php\/2006\/05\/13\/der-journalismus-lebt-henri-nannen-preis-in-hh\/"]}]},{"@type":"BreadcrumbList","@id":"https:\/\/feminissima.de\/index.php\/2006\/05\/13\/der-journalismus-lebt-henri-nannen-preis-in-hh\/#breadcrumb","itemListElement":[{"@type":"ListItem","position":1,"name":"Startseite","item":"https:\/\/feminissima.de\/"},{"@type":"ListItem","position":2,"name":"&#8222;Der Journalismus lebt!&#8220; Henri Nannen-Preis in HH"}]},{"@type":"WebSite","@id":"https:\/\/feminissima.de\/#website","url":"https:\/\/feminissima.de\/","name":"Feminissima","description":"","potentialAction":[{"@type":"SearchAction","target":{"@type":"EntryPoint","urlTemplate":"https:\/\/feminissima.de\/?s={search_term_string}"},"query-input":"required name=search_term_string"}],"inLanguage":"de"},{"@type":"Person","@id":"https:\/\/feminissima.de\/#\/schema\/person\/0b901e053624f88e7ecbea289d9d5128","name":"admin","image":{"@type":"ImageObject","inLanguage":"de","@id":"https:\/\/feminissima.de\/#\/schema\/person\/image\/","url":"https:\/\/secure.gravatar.com\/avatar\/8da1f51327453c0bf63338e8e2a791948b7d2ac19b68839492d1e69aac6924a8?s=96&d=mm&r=g","contentUrl":"https:\/\/secure.gravatar.com\/avatar\/8da1f51327453c0bf63338e8e2a791948b7d2ac19b68839492d1e69aac6924a8?s=96&d=mm&r=g","caption":"admin"},"url":"https:\/\/feminissima.de\/index.php\/author\/admin\/"}]}},"jetpack_featured_media_url":"","_links":{"self":[{"href":"https:\/\/feminissima.de\/index.php\/wp-json\/wp\/v2\/posts\/84457","targetHints":{"allow":["GET"]}}],"collection":[{"href":"https:\/\/feminissima.de\/index.php\/wp-json\/wp\/v2\/posts"}],"about":[{"href":"https:\/\/feminissima.de\/index.php\/wp-json\/wp\/v2\/types\/post"}],"author":[{"embeddable":true,"href":"https:\/\/feminissima.de\/index.php\/wp-json\/wp\/v2\/users\/2"}],"replies":[{"embeddable":true,"href":"https:\/\/feminissima.de\/index.php\/wp-json\/wp\/v2\/comments?post=84457"}],"version-history":[{"count":0,"href":"https:\/\/feminissima.de\/index.php\/wp-json\/wp\/v2\/posts\/84457\/revisions"}],"wp:attachment":[{"href":"https:\/\/feminissima.de\/index.php\/wp-json\/wp\/v2\/media?parent=84457"}],"wp:term":[{"taxonomy":"category","embeddable":true,"href":"https:\/\/feminissima.de\/index.php\/wp-json\/wp\/v2\/categories?post=84457"},{"taxonomy":"post_tag","embeddable":true,"href":"https:\/\/feminissima.de\/index.php\/wp-json\/wp\/v2\/tags?post=84457"}],"curies":[{"name":"wp","href":"https:\/\/api.w.org\/{rel}","templated":true}]}}