{"id":84455,"date":"2006-05-12T13:20:53","date_gmt":"2006-05-12T13:20:53","guid":{"rendered":"http:\/\/www.feminissima.de\/?p=84455"},"modified":"2006-05-12T13:20:53","modified_gmt":"2006-05-12T13:20:53","slug":"studie-frische-luft-gut-gegen-depris","status":"publish","type":"post","link":"https:\/\/feminissima.de\/index.php\/2006\/05\/12\/studie-frische-luft-gut-gegen-depris\/","title":{"rendered":"Studie: Frische Luft&#8230;gut gegen Depris!"},"content":{"rendered":"<p>Quelle: studentenpresse.com<br \/> News: Forscher fanden heraus: Frische Luft tut der Psyche gut.<br \/>\n<br \/>\nStimmungstief ? Dann nichts wie raus!<\/p>\n<p>Die weit verbreitete Meinung, dass sch\u00f6nes Wetter mit Sonnenschein und angenehmen Temperaturen die Stimmung hebt, wurde nun wissenschaftlich untersucht. <\/p>\n<p>Ein amerikanisch-kanadisches Forscherteam des Virginia Institute for Psychiatric and Behavioral Genetics \u00fcberpr\u00fcfte in drei Experimenten, wie sich das Wetter, die Jahreszeiten sowie die im Freien verbrachte Zeit auf die Psyche auswirken.<\/p>\n<p>Die erste Studie, in der Studenten im Fr\u00fchling nach ihrer aktuellen Stimmungslage befragt wurden und die im Freien verbrachte Zeit angeben mussten, f\u00fchrte zu dem Ergebnis, dass Temperatur und Luftdruck keinen nennenswerten Einfluss auf die Gem\u00fctslage haben. Verbrachten die Studenten jedoch au\u00dferordentlich viel Zeit im Freien, so war bei ihnen eine betr\u00e4chtliche Steigerung der Stimmung festzustellen, die durch das Fr\u00fchlingswetter hervorgerufen wurde. <\/p>\n<p>Die frische Luft sorgte nicht nur f\u00fcr gute Laune, sondern auch die Ged\u00e4chtnisleistung profitierte davon, wie anhand einer kurzen Augabe nachgewiesen wurde, die nach der im Freien verbrachten Zeit zur \u00dcberpr\u00fcfung der Leistungsf\u00e4higkeit und des Kurzzeitged\u00e4chnisses gestellt wurde.<\/p>\n<p>Bei einer weiteren Untersuchung wurden Studenten, die zum Stressabbau joggten, per Zufall in zwei Gruppen eingeteilt, wobei die eine im Freien laufen durfte und die andere auf das Laufband im Fitnessstudio verbannt wurde. Hier best\u00e4tigte sich, dass frische Luft sowohl die Laune, als auch die grauen Zellen anregt. Eine Online-Studie mit mehr als 400 Teilnehmern aus USA, Europa und Kanada belegte schlie\u00dflich: Je mehr Zeit im Fr\u00fchjahr im Freien verbracht wird, desto besser ist auch die Stimmung. <\/p>\n<p>Der bisher nur vermutete Zusammenhang zwischen Psyche und Stimmung ist nun sogar wissenschaftlich erwiesen. Bei schlechter Laune wird also ab sofort die Frischlufttherapie verordnet. <\/p>\n","protected":false},"excerpt":{"rendered":"<p>Quelle: studentenpresse.com<\/p>\n","protected":false},"author":2,"featured_media":0,"comment_status":"closed","ping_status":"closed","sticky":false,"template":"","format":"standard","meta":{"footnotes":""},"categories":[10],"tags":[],"class_list":["post-84455","post","type-post","status-publish","format-standard","hentry","category-femgesundheit","entry"],"yoast_head":"<!-- This site is optimized with the Yoast SEO plugin v21.0 - https:\/\/yoast.com\/wordpress\/plugins\/seo\/ -->\n<title>Studie: Frische Luft...gut gegen Depris! - Feminissima<\/title>\n<meta name=\"robots\" content=\"index, follow, max-snippet:-1, max-image-preview:large, max-video-preview:-1\" \/>\n<link rel=\"canonical\" href=\"https:\/\/feminissima.de\/index.php\/2006\/05\/12\/studie-frische-luft-gut-gegen-depris\/\" \/>\n<meta property=\"og:locale\" content=\"de_DE\" \/>\n<meta property=\"og:type\" content=\"article\" \/>\n<meta property=\"og:title\" content=\"Studie: Frische Luft...gut gegen Depris! - Feminissima\" \/>\n<meta property=\"og:description\" content=\"Quelle: studentenpresse.com\" \/>\n<meta property=\"og:url\" content=\"https:\/\/feminissima.de\/index.php\/2006\/05\/12\/studie-frische-luft-gut-gegen-depris\/\" \/>\n<meta property=\"og:site_name\" content=\"Feminissima\" \/>\n<meta property=\"article:published_time\" content=\"2006-05-12T13:20:53+00:00\" \/>\n<meta name=\"author\" content=\"admin\" \/>\n<meta name=\"twitter:card\" content=\"summary_large_image\" \/>\n<meta name=\"twitter:label1\" content=\"Verfasst von\" \/>\n\t<meta name=\"twitter:data1\" content=\"admin\" \/>\n\t<meta name=\"twitter:label2\" content=\"Gesch\u00e4tzte Lesezeit\" \/>\n\t<meta name=\"twitter:data2\" content=\"1\u00a0Minute\" \/>\n<script type=\"application\/ld+json\" class=\"yoast-schema-graph\">{\"@context\":\"https:\/\/schema.org\",\"@graph\":[{\"@type\":\"WebPage\",\"@id\":\"https:\/\/feminissima.de\/index.php\/2006\/05\/12\/studie-frische-luft-gut-gegen-depris\/\",\"url\":\"https:\/\/feminissima.de\/index.php\/2006\/05\/12\/studie-frische-luft-gut-gegen-depris\/\",\"name\":\"Studie: Frische Luft...gut gegen Depris! - Feminissima\",\"isPartOf\":{\"@id\":\"https:\/\/feminissima.de\/#website\"},\"datePublished\":\"2006-05-12T13:20:53+00:00\",\"dateModified\":\"2006-05-12T13:20:53+00:00\",\"author\":{\"@id\":\"https:\/\/feminissima.de\/#\/schema\/person\/0b901e053624f88e7ecbea289d9d5128\"},\"breadcrumb\":{\"@id\":\"https:\/\/feminissima.de\/index.php\/2006\/05\/12\/studie-frische-luft-gut-gegen-depris\/#breadcrumb\"},\"inLanguage\":\"de\",\"potentialAction\":[{\"@type\":\"ReadAction\",\"target\":[\"https:\/\/feminissima.de\/index.php\/2006\/05\/12\/studie-frische-luft-gut-gegen-depris\/\"]}]},{\"@type\":\"BreadcrumbList\",\"@id\":\"https:\/\/feminissima.de\/index.php\/2006\/05\/12\/studie-frische-luft-gut-gegen-depris\/#breadcrumb\",\"itemListElement\":[{\"@type\":\"ListItem\",\"position\":1,\"name\":\"Startseite\",\"item\":\"https:\/\/feminissima.de\/\"},{\"@type\":\"ListItem\",\"position\":2,\"name\":\"Studie: Frische Luft&#8230;gut gegen Depris!\"}]},{\"@type\":\"WebSite\",\"@id\":\"https:\/\/feminissima.de\/#website\",\"url\":\"https:\/\/feminissima.de\/\",\"name\":\"Feminissima\",\"description\":\"\",\"potentialAction\":[{\"@type\":\"SearchAction\",\"target\":{\"@type\":\"EntryPoint\",\"urlTemplate\":\"https:\/\/feminissima.de\/?s={search_term_string}\"},\"query-input\":\"required name=search_term_string\"}],\"inLanguage\":\"de\"},{\"@type\":\"Person\",\"@id\":\"https:\/\/feminissima.de\/#\/schema\/person\/0b901e053624f88e7ecbea289d9d5128\",\"name\":\"admin\",\"image\":{\"@type\":\"ImageObject\",\"inLanguage\":\"de\",\"@id\":\"https:\/\/feminissima.de\/#\/schema\/person\/image\/\",\"url\":\"https:\/\/secure.gravatar.com\/avatar\/8da1f51327453c0bf63338e8e2a791948b7d2ac19b68839492d1e69aac6924a8?s=96&d=mm&r=g\",\"contentUrl\":\"https:\/\/secure.gravatar.com\/avatar\/8da1f51327453c0bf63338e8e2a791948b7d2ac19b68839492d1e69aac6924a8?s=96&d=mm&r=g\",\"caption\":\"admin\"},\"url\":\"https:\/\/feminissima.de\/index.php\/author\/admin\/\"}]}<\/script>\n<!-- \/ Yoast SEO plugin. -->","yoast_head_json":{"title":"Studie: Frische Luft...gut gegen Depris! - Feminissima","robots":{"index":"index","follow":"follow","max-snippet":"max-snippet:-1","max-image-preview":"max-image-preview:large","max-video-preview":"max-video-preview:-1"},"canonical":"https:\/\/feminissima.de\/index.php\/2006\/05\/12\/studie-frische-luft-gut-gegen-depris\/","og_locale":"de_DE","og_type":"article","og_title":"Studie: Frische Luft...gut gegen Depris! - Feminissima","og_description":"Quelle: studentenpresse.com","og_url":"https:\/\/feminissima.de\/index.php\/2006\/05\/12\/studie-frische-luft-gut-gegen-depris\/","og_site_name":"Feminissima","article_published_time":"2006-05-12T13:20:53+00:00","author":"admin","twitter_card":"summary_large_image","twitter_misc":{"Verfasst von":"admin","Gesch\u00e4tzte Lesezeit":"1\u00a0Minute"},"schema":{"@context":"https:\/\/schema.org","@graph":[{"@type":"WebPage","@id":"https:\/\/feminissima.de\/index.php\/2006\/05\/12\/studie-frische-luft-gut-gegen-depris\/","url":"https:\/\/feminissima.de\/index.php\/2006\/05\/12\/studie-frische-luft-gut-gegen-depris\/","name":"Studie: Frische Luft...gut gegen Depris! - Feminissima","isPartOf":{"@id":"https:\/\/feminissima.de\/#website"},"datePublished":"2006-05-12T13:20:53+00:00","dateModified":"2006-05-12T13:20:53+00:00","author":{"@id":"https:\/\/feminissima.de\/#\/schema\/person\/0b901e053624f88e7ecbea289d9d5128"},"breadcrumb":{"@id":"https:\/\/feminissima.de\/index.php\/2006\/05\/12\/studie-frische-luft-gut-gegen-depris\/#breadcrumb"},"inLanguage":"de","potentialAction":[{"@type":"ReadAction","target":["https:\/\/feminissima.de\/index.php\/2006\/05\/12\/studie-frische-luft-gut-gegen-depris\/"]}]},{"@type":"BreadcrumbList","@id":"https:\/\/feminissima.de\/index.php\/2006\/05\/12\/studie-frische-luft-gut-gegen-depris\/#breadcrumb","itemListElement":[{"@type":"ListItem","position":1,"name":"Startseite","item":"https:\/\/feminissima.de\/"},{"@type":"ListItem","position":2,"name":"Studie: Frische Luft&#8230;gut gegen Depris!"}]},{"@type":"WebSite","@id":"https:\/\/feminissima.de\/#website","url":"https:\/\/feminissima.de\/","name":"Feminissima","description":"","potentialAction":[{"@type":"SearchAction","target":{"@type":"EntryPoint","urlTemplate":"https:\/\/feminissima.de\/?s={search_term_string}"},"query-input":"required name=search_term_string"}],"inLanguage":"de"},{"@type":"Person","@id":"https:\/\/feminissima.de\/#\/schema\/person\/0b901e053624f88e7ecbea289d9d5128","name":"admin","image":{"@type":"ImageObject","inLanguage":"de","@id":"https:\/\/feminissima.de\/#\/schema\/person\/image\/","url":"https:\/\/secure.gravatar.com\/avatar\/8da1f51327453c0bf63338e8e2a791948b7d2ac19b68839492d1e69aac6924a8?s=96&d=mm&r=g","contentUrl":"https:\/\/secure.gravatar.com\/avatar\/8da1f51327453c0bf63338e8e2a791948b7d2ac19b68839492d1e69aac6924a8?s=96&d=mm&r=g","caption":"admin"},"url":"https:\/\/feminissima.de\/index.php\/author\/admin\/"}]}},"jetpack_featured_media_url":"","_links":{"self":[{"href":"https:\/\/feminissima.de\/index.php\/wp-json\/wp\/v2\/posts\/84455","targetHints":{"allow":["GET"]}}],"collection":[{"href":"https:\/\/feminissima.de\/index.php\/wp-json\/wp\/v2\/posts"}],"about":[{"href":"https:\/\/feminissima.de\/index.php\/wp-json\/wp\/v2\/types\/post"}],"author":[{"embeddable":true,"href":"https:\/\/feminissima.de\/index.php\/wp-json\/wp\/v2\/users\/2"}],"replies":[{"embeddable":true,"href":"https:\/\/feminissima.de\/index.php\/wp-json\/wp\/v2\/comments?post=84455"}],"version-history":[{"count":0,"href":"https:\/\/feminissima.de\/index.php\/wp-json\/wp\/v2\/posts\/84455\/revisions"}],"wp:attachment":[{"href":"https:\/\/feminissima.de\/index.php\/wp-json\/wp\/v2\/media?parent=84455"}],"wp:term":[{"taxonomy":"category","embeddable":true,"href":"https:\/\/feminissima.de\/index.php\/wp-json\/wp\/v2\/categories?post=84455"},{"taxonomy":"post_tag","embeddable":true,"href":"https:\/\/feminissima.de\/index.php\/wp-json\/wp\/v2\/tags?post=84455"}],"curies":[{"name":"wp","href":"https:\/\/api.w.org\/{rel}","templated":true}]}}