{"id":84421,"date":"2006-04-07T13:32:05","date_gmt":"2006-04-07T13:32:05","guid":{"rendered":"http:\/\/www.feminissima.de\/?p=84421"},"modified":"2006-04-07T13:32:05","modified_gmt":"2006-04-07T13:32:05","slug":"presse-info-depression","status":"publish","type":"post","link":"https:\/\/feminissima.de\/index.php\/2006\/04\/07\/presse-info-depression\/","title":{"rendered":"Presse-Info: DEPRESSION"},"content":{"rendered":"<p>Herausgeber &#8211; Gesundheitsministerium und www.gesundheitsziele.de<br \/>Berlin, K\u00f6ln, 7. April 2006<br \/>\n<br \/>\n6. nationales Gesundheitsziel<br \/>\n<br \/>\nDepressive Erkrankungen: verhindern, fr\u00fch erkennen,<br \/>\n<br \/>\nnachhaltig behandeln<br \/>\n<br \/>\ngesundheitsziele.de \u2013 das Forum zur Entwicklung und Umsetzung von<br \/>\n<br \/>\nGesundheitszielen in Deutschland \u2013 legt das 6. nationale Gesundheitsziel<br \/>\n<br \/>\n\u201eDepressive Erkrankungen: verhindern, fr\u00fch erkennen, nachhaltig behandeln\u201c vor.<br \/>\n<br \/>\nDas Gesundheitsziel \u201eDepression\u201c ist ein weiterer Meilenstein im nationalen<br \/>\n<br \/>\nGesundheitszieleprozess, an dem viele relevante Institutionen des Gesundheitswesens<br \/>\n<br \/>\nbeteiligt sind.<br \/>\n<br \/>\nDepressive Erkrankungen z\u00e4hlen zu den h\u00e4ufigsten psychischen Erkrankungen, in<br \/>\n<br \/>\nDeutschland sind ca. 4 Millionen Menschen erkrankt. F\u00fcr die Betroffenen f\u00fchrt die<br \/>\n<br \/>\nErkrankung oft zu starken Einschr\u00e4nkungen der Lebensqualit\u00e4t. Nach<br \/>\n<br \/>\nSch\u00e4tzungen der WHO werden Depressionen 2020 in den so genannten<br \/>\n<br \/>\nentwickelten Staaten die h\u00e4ufigste Volkskrankheit sein. F\u00fcr die Gesellschaft<br \/>\n<br \/>\nverursacht die Erkrankung erhebliche Kosten.<br \/>\n<br \/>\nMit dem nationalen Gesundheitsziel \u201eDepression\u201c reagieren die verantwortlichen<br \/>\n<br \/>\nAkteure aus Politik, Selbstverwaltung, Patienten- und Selbsthilfeorganisationen,<br \/>\n<br \/>\nWissenschaft und Fachverb\u00e4nden auf den bestehenden Handlungsbedarf. Sie<br \/>\n<br \/>\nhaben auf der Grundlage evidenz-basierter Erkenntnisse im Konsens konkrete<br \/>\n<br \/>\nSchritte zur Umsetzung entwickelt. Die Vorschl\u00e4ge f\u00fcr zielgerichtete Interventionen<br \/>\n<br \/>\nbetreffen sektoren\u00fcbergreifend die Bereiche Aufkl\u00e4rung, Pr\u00e4vention, Behandlung<br \/>\n<br \/>\nund Rehabilitation. Die St\u00e4rkung der Patient(inn)en und Betroffenen ist dabei ein<br \/>\n<br \/>\nzentrales Anliegen. Konkrete Starterma\u00dfnahmen geben den Akteuren Impulse f\u00fcr<br \/>\n<br \/>\ndie Umsetzung des Gesundheitsziels Depression in ihren jeweiligen Handlungsfeldern.<br \/>\n<br \/>\nSeit Dezember 2000 arbeiten mehr als 70 Organisationen an der Entwicklung und<br \/>\n<br \/>\nUmsetzung nationaler Gesundheitsziele. gesundheitsziele.de ist ein Kooperationsprojekt<br \/>\n<br \/>\nder Gesellschaft f\u00fcr Versicherungswissenschaft und -gestaltung e.V. (GVG)<br \/>\n<br \/>\nund des Bundesministeriums f\u00fcr Gesundheit (BMG). Im Jahr 2003 wurden vom<br \/>\n<br \/>\nBMG die ersten f\u00fcnf nationalen Gesundheitsziele zu den Themen Diabetes<br \/>\n<br \/>\nmellitus, Brustkrebs, Tabakkonsum, Gesund aufwachsen und Patientensouver\u00e4nit\u00e4t<br \/>\n<br \/>\nver\u00f6ffentlicht. Diese Gesundheitsziele werden heute durch zahlreiche<br \/>\n<br \/>\nInitiativen und Aktivit\u00e4ten der beteiligten Akteure aufgegriffen.<br \/>\n<br \/>\nGesundheitsziele als gesundheitspolitisches Instrument f\u00f6rdern gemeinsame<br \/>\n<br \/>\nProblemwahrnehmung und Probleml\u00f6sungen. Sie initiieren bei den Akteuren eine<br \/>\n<br \/>\nst\u00e4rkere gemeinsame inhaltliche Schwerpunktsetzung und bauen Br\u00fccken<br \/>\n<br \/>\nzwischen den verschiedenen Zust\u00e4ndigkeiten im Gesundheitswesen. Langfristig<br \/>\n<br \/>\ntragen Gesundheitsziele dazu bei, die Ressourcen m\u00f6glichst wirtschaftlich und<br \/>\n<br \/>\nwirksam zur Verbesserung der Gesundheitssituation der Bev\u00f6lkerung einzusetzen.<br \/>\n<br \/>\nWeitere Informationen<br \/>\n<br \/>\nGesellschaft f\u00fcr Versicherungswissenschaft und -gestaltung e.V.<br \/>\n<br \/>\nHansaring 43, D-50670 K\u00f6ln<br \/>\n<br \/>\nE-Mail: team15@gvg-koeln.de<br \/>\n<br \/>\nFax: +49 221 91 28 67 10<br \/>\n<br \/>\nDer vollst\u00e4ndige Bericht zum Gesundheitsziel \u201eDepressive Erkrankungen:<br \/>\n<br \/>\nverhindern, fr\u00fch erkennen, nachhaltig behandeln\u201c ist im Internet unter<br \/>\n<br \/>\nwww.gesundheitsziele.de abrufbar. Printexemplare erhalten Sie auf Anfrage beim<br \/>\n<br \/>\nBundesministerium f\u00fcr Gesundheit.<br \/>\n<br \/>\nP R E S S E M I T T E I L U N G<\/p>\n","protected":false},"excerpt":{"rendered":"<p>Herausgeber &#8211; Gesundheitsministerium und www.gesundheitsziele.de<\/p>\n","protected":false},"author":2,"featured_media":0,"comment_status":"closed","ping_status":"closed","sticky":false,"template":"","format":"standard","meta":{"footnotes":""},"categories":[10],"tags":[],"class_list":["post-84421","post","type-post","status-publish","format-standard","hentry","category-femgesundheit","entry"],"yoast_head":"<!-- This site is optimized with the Yoast SEO plugin v21.0 - https:\/\/yoast.com\/wordpress\/plugins\/seo\/ -->\n<title>Presse-Info: DEPRESSION - Feminissima<\/title>\n<meta name=\"robots\" content=\"index, follow, max-snippet:-1, max-image-preview:large, max-video-preview:-1\" \/>\n<link rel=\"canonical\" href=\"https:\/\/feminissima.de\/index.php\/2006\/04\/07\/presse-info-depression\/\" \/>\n<meta property=\"og:locale\" content=\"de_DE\" \/>\n<meta property=\"og:type\" content=\"article\" \/>\n<meta property=\"og:title\" content=\"Presse-Info: DEPRESSION - Feminissima\" \/>\n<meta property=\"og:description\" content=\"Herausgeber - Gesundheitsministerium und www.gesundheitsziele.de\" \/>\n<meta property=\"og:url\" content=\"https:\/\/feminissima.de\/index.php\/2006\/04\/07\/presse-info-depression\/\" \/>\n<meta property=\"og:site_name\" content=\"Feminissima\" \/>\n<meta property=\"article:published_time\" content=\"2006-04-07T13:32:05+00:00\" \/>\n<meta name=\"author\" content=\"admin\" \/>\n<meta name=\"twitter:card\" content=\"summary_large_image\" \/>\n<meta name=\"twitter:label1\" content=\"Verfasst von\" \/>\n\t<meta name=\"twitter:data1\" content=\"admin\" \/>\n\t<meta name=\"twitter:label2\" content=\"Gesch\u00e4tzte Lesezeit\" \/>\n\t<meta name=\"twitter:data2\" content=\"2\u00a0Minuten\" \/>\n<script type=\"application\/ld+json\" class=\"yoast-schema-graph\">{\"@context\":\"https:\/\/schema.org\",\"@graph\":[{\"@type\":\"WebPage\",\"@id\":\"https:\/\/feminissima.de\/index.php\/2006\/04\/07\/presse-info-depression\/\",\"url\":\"https:\/\/feminissima.de\/index.php\/2006\/04\/07\/presse-info-depression\/\",\"name\":\"Presse-Info: DEPRESSION - Feminissima\",\"isPartOf\":{\"@id\":\"https:\/\/feminissima.de\/#website\"},\"datePublished\":\"2006-04-07T13:32:05+00:00\",\"dateModified\":\"2006-04-07T13:32:05+00:00\",\"author\":{\"@id\":\"https:\/\/feminissima.de\/#\/schema\/person\/0b901e053624f88e7ecbea289d9d5128\"},\"breadcrumb\":{\"@id\":\"https:\/\/feminissima.de\/index.php\/2006\/04\/07\/presse-info-depression\/#breadcrumb\"},\"inLanguage\":\"de\",\"potentialAction\":[{\"@type\":\"ReadAction\",\"target\":[\"https:\/\/feminissima.de\/index.php\/2006\/04\/07\/presse-info-depression\/\"]}]},{\"@type\":\"BreadcrumbList\",\"@id\":\"https:\/\/feminissima.de\/index.php\/2006\/04\/07\/presse-info-depression\/#breadcrumb\",\"itemListElement\":[{\"@type\":\"ListItem\",\"position\":1,\"name\":\"Startseite\",\"item\":\"https:\/\/feminissima.de\/\"},{\"@type\":\"ListItem\",\"position\":2,\"name\":\"Presse-Info: DEPRESSION\"}]},{\"@type\":\"WebSite\",\"@id\":\"https:\/\/feminissima.de\/#website\",\"url\":\"https:\/\/feminissima.de\/\",\"name\":\"Feminissima\",\"description\":\"\",\"potentialAction\":[{\"@type\":\"SearchAction\",\"target\":{\"@type\":\"EntryPoint\",\"urlTemplate\":\"https:\/\/feminissima.de\/?s={search_term_string}\"},\"query-input\":\"required name=search_term_string\"}],\"inLanguage\":\"de\"},{\"@type\":\"Person\",\"@id\":\"https:\/\/feminissima.de\/#\/schema\/person\/0b901e053624f88e7ecbea289d9d5128\",\"name\":\"admin\",\"image\":{\"@type\":\"ImageObject\",\"inLanguage\":\"de\",\"@id\":\"https:\/\/feminissima.de\/#\/schema\/person\/image\/\",\"url\":\"https:\/\/secure.gravatar.com\/avatar\/8da1f51327453c0bf63338e8e2a791948b7d2ac19b68839492d1e69aac6924a8?s=96&d=mm&r=g\",\"contentUrl\":\"https:\/\/secure.gravatar.com\/avatar\/8da1f51327453c0bf63338e8e2a791948b7d2ac19b68839492d1e69aac6924a8?s=96&d=mm&r=g\",\"caption\":\"admin\"},\"url\":\"https:\/\/feminissima.de\/index.php\/author\/admin\/\"}]}<\/script>\n<!-- \/ Yoast SEO plugin. -->","yoast_head_json":{"title":"Presse-Info: DEPRESSION - Feminissima","robots":{"index":"index","follow":"follow","max-snippet":"max-snippet:-1","max-image-preview":"max-image-preview:large","max-video-preview":"max-video-preview:-1"},"canonical":"https:\/\/feminissima.de\/index.php\/2006\/04\/07\/presse-info-depression\/","og_locale":"de_DE","og_type":"article","og_title":"Presse-Info: DEPRESSION - Feminissima","og_description":"Herausgeber - Gesundheitsministerium und www.gesundheitsziele.de","og_url":"https:\/\/feminissima.de\/index.php\/2006\/04\/07\/presse-info-depression\/","og_site_name":"Feminissima","article_published_time":"2006-04-07T13:32:05+00:00","author":"admin","twitter_card":"summary_large_image","twitter_misc":{"Verfasst von":"admin","Gesch\u00e4tzte Lesezeit":"2\u00a0Minuten"},"schema":{"@context":"https:\/\/schema.org","@graph":[{"@type":"WebPage","@id":"https:\/\/feminissima.de\/index.php\/2006\/04\/07\/presse-info-depression\/","url":"https:\/\/feminissima.de\/index.php\/2006\/04\/07\/presse-info-depression\/","name":"Presse-Info: DEPRESSION - Feminissima","isPartOf":{"@id":"https:\/\/feminissima.de\/#website"},"datePublished":"2006-04-07T13:32:05+00:00","dateModified":"2006-04-07T13:32:05+00:00","author":{"@id":"https:\/\/feminissima.de\/#\/schema\/person\/0b901e053624f88e7ecbea289d9d5128"},"breadcrumb":{"@id":"https:\/\/feminissima.de\/index.php\/2006\/04\/07\/presse-info-depression\/#breadcrumb"},"inLanguage":"de","potentialAction":[{"@type":"ReadAction","target":["https:\/\/feminissima.de\/index.php\/2006\/04\/07\/presse-info-depression\/"]}]},{"@type":"BreadcrumbList","@id":"https:\/\/feminissima.de\/index.php\/2006\/04\/07\/presse-info-depression\/#breadcrumb","itemListElement":[{"@type":"ListItem","position":1,"name":"Startseite","item":"https:\/\/feminissima.de\/"},{"@type":"ListItem","position":2,"name":"Presse-Info: DEPRESSION"}]},{"@type":"WebSite","@id":"https:\/\/feminissima.de\/#website","url":"https:\/\/feminissima.de\/","name":"Feminissima","description":"","potentialAction":[{"@type":"SearchAction","target":{"@type":"EntryPoint","urlTemplate":"https:\/\/feminissima.de\/?s={search_term_string}"},"query-input":"required name=search_term_string"}],"inLanguage":"de"},{"@type":"Person","@id":"https:\/\/feminissima.de\/#\/schema\/person\/0b901e053624f88e7ecbea289d9d5128","name":"admin","image":{"@type":"ImageObject","inLanguage":"de","@id":"https:\/\/feminissima.de\/#\/schema\/person\/image\/","url":"https:\/\/secure.gravatar.com\/avatar\/8da1f51327453c0bf63338e8e2a791948b7d2ac19b68839492d1e69aac6924a8?s=96&d=mm&r=g","contentUrl":"https:\/\/secure.gravatar.com\/avatar\/8da1f51327453c0bf63338e8e2a791948b7d2ac19b68839492d1e69aac6924a8?s=96&d=mm&r=g","caption":"admin"},"url":"https:\/\/feminissima.de\/index.php\/author\/admin\/"}]}},"jetpack_featured_media_url":"","_links":{"self":[{"href":"https:\/\/feminissima.de\/index.php\/wp-json\/wp\/v2\/posts\/84421","targetHints":{"allow":["GET"]}}],"collection":[{"href":"https:\/\/feminissima.de\/index.php\/wp-json\/wp\/v2\/posts"}],"about":[{"href":"https:\/\/feminissima.de\/index.php\/wp-json\/wp\/v2\/types\/post"}],"author":[{"embeddable":true,"href":"https:\/\/feminissima.de\/index.php\/wp-json\/wp\/v2\/users\/2"}],"replies":[{"embeddable":true,"href":"https:\/\/feminissima.de\/index.php\/wp-json\/wp\/v2\/comments?post=84421"}],"version-history":[{"count":0,"href":"https:\/\/feminissima.de\/index.php\/wp-json\/wp\/v2\/posts\/84421\/revisions"}],"wp:attachment":[{"href":"https:\/\/feminissima.de\/index.php\/wp-json\/wp\/v2\/media?parent=84421"}],"wp:term":[{"taxonomy":"category","embeddable":true,"href":"https:\/\/feminissima.de\/index.php\/wp-json\/wp\/v2\/categories?post=84421"},{"taxonomy":"post_tag","embeddable":true,"href":"https:\/\/feminissima.de\/index.php\/wp-json\/wp\/v2\/tags?post=84421"}],"curies":[{"name":"wp","href":"https:\/\/api.w.org\/{rel}","templated":true}]}}