{"id":84415,"date":"2006-04-05T12:16:43","date_gmt":"2006-04-05T12:16:43","guid":{"rendered":"http:\/\/www.feminissima.de\/?p=84415"},"modified":"2006-04-05T12:16:43","modified_gmt":"2006-04-05T12:16:43","slug":"kampf-um-foerdermittel-literaturfonds-da","status":"publish","type":"post","link":"https:\/\/feminissima.de\/index.php\/2006\/04\/05\/kampf-um-foerdermittel-literaturfonds-da\/","title":{"rendered":"Kampf um F\u00f6rdermittel: Literaturfonds DA"},"content":{"rendered":"<p>DARMSTADT:<br \/>\n<br \/>\nVetternwirtschaft&#8230;? Onkelwirtschaft&#8230;? Ah, es gibt einen Deutschen Literaturfonds&#8230;!? AH&#8230;da gibt es Geld&#8230;&#8230;Literaturfonds: Wird auf der Mathildenh\u00f6he nach Gutsherrenart \u00fcber F\u00f6rdergelder entschieden? Ein Projekt erregt Kritik \/Quelle: echo-online.de (Darmstadt)<br \/>\u201eVolltext\u201c weckt den Widerspruch<br \/>\n<br \/>\nLiteraturfonds: Wird auf der Mathildenh\u00f6he nach Gutsherrenart \u00fcber F\u00f6rdergelder entschieden? Ein Projekt erregt Kritik <\/p>\n<p>DARMSTADT. Im Etat des Deutschen Literaturfonds sind 300 000 Euro eine Menge Geld. Der in Darmstadt ans\u00e4ssige Verein verwaltet F\u00f6rdermittel von einer Million Euro j\u00e4hrlich. Im schlechtesten Fall zahlt er drei\u00dfig Prozent f\u00fcr ein gemeinsames Projekt mit der \u00f6sterreichischen Zeitschrift \u201eVolltext\u201c. Aber vielleicht wird auch nur ein kleiner Teil der zugesagten Summe ben\u00f6tigt \u2013 dann n\u00e4mlich, wenn das Sonderheft zur Buchmesse im Herbst ein so gro\u00dfer Erfolg bei den Anzeigenkunden wird, dass sich die Sache auch wirtschaftlich rechnet.<br \/>\n<br \/>\nDer Deutsche Literaturfonds in Darmstadt wird angegriffen, weil sein Lektor Gunther Nickel freier Mitarbeiter der gef\u00f6rderten Zeitschrift war. Und nicht nur das: Von einem \u201ebeispiellosen Akt der Selbstbedienung\u201c spricht Ulrich Janetzki, der Leiter des Literarischen Colloquiums in Berlin (LCB), in einem Offenen Brief. Von Nickel betreute Editionen seien \u00fcber den Fonds mit Bundesmitteln gef\u00f6rdert worden, Nickel sei auf Seminaren des Fonds als \u201euniversalgelehrter Dozent\u201c aufgetreten. Der Literaturfonds habe sich in ein \u201eLiteraturhaus nach Gutsherrenart\u201c verwandelt, das Zusch\u00fcsse \u201eschon im Vorfeld f\u00fcr sich reklamiert und dies mit Verweis auf die mindere Qualit\u00e4t der anderen Antr\u00e4ge rechtfertigt\u201c. Ernest Wichner, Leiter des Berliner Literaturhauses, pflichtete Janetzkis Angriff bei und nannte die F\u00f6rdersumme von 300 000 Euro \u201eobsz\u00f6n\u201c.<\/p>\n<p>Sowohl der Literaturfonds-Gesch\u00e4ftsf\u00fchrer Bernd Busch als auch Gunther Nickel, der beim Fonds unter anderem f\u00fcr die Begutachtung der F\u00f6rderantr\u00e4ge zust\u00e4ndig ist, haben die Vorw\u00fcrfe zur\u00fcckgewiesen. Busch weist unter anderem darauf hin, dass nicht Nickel die Entscheidungen treffe, sondern das Kuratorium des Fonds. Nickel habe als freier Autor Beitr\u00e4ge f\u00fcr \u201eVolltext\u201c wie f\u00fcr viele andere Bl\u00e4tter geliefert. Die Teilnahme an Seminaren des Fonds z\u00e4hle zu Nickels Dienstpflichten und werde nicht zus\u00e4tzlich honoriert. Nur die von Nickel betreute Ausgabe der Werke Siegfried Jacobsohns sei unter anderem mit Hilfe von Bundeszusch\u00fcssen verwirklicht worden.<\/p>\n<p>Au\u00dferdem habe Janetzki in einer fr\u00fcheren E-Mail das \u201eVolltext\u201c-Projekt sehr freundlich beurteilt. Mag sein, dass sich Janetzkis Haltung zum Literaturfonds Anfang letzter Woche gewandelt hat. Am 27. M\u00e4rz entschied n\u00e4mlich das Kuratorium, einen F\u00f6rderantrag des LCB f\u00fcr die Einrichtung eines Literaturportals im Internet abzulehnen. Nickel sieht Interessen hinter den Angriffen auf den Literaturfonds und auf seine Person: \u201eHier wird Schaden angerichtet an der Institution und an der Person.\u201c <\/p>\n<p>Die Kritik am Literaturfonds ber\u00fchrt auch dessen ver\u00e4nderte Rolle. Der Fonds tritt seit einigen Jahren nicht mehr nur als Geldgeber auf, sondern als aktiver Part der Literaturvermittlung \u2013 eine Entscheidung des Kuratoriums, f\u00fcr deren Umsetzung Nickel mitverantwortlich ist. Die Idee einer Buchmessen-Zeitschrift zielt auf eine breite \u00d6ffentlichkeit, um \u201emit Literatur f\u00fcr Literatur zu werben\u201c. Das \u201eVolltext\u201c-Sonderheft soll vor allem originale Beispiele neuer Literatur sowie Autorenportr\u00e4ts enthalten und kostenlos \u00fcber Schulen, Universit\u00e4ten und Bibliotheken verbreitet werden. Au\u00dferdem soll an Schulen daf\u00fcr geworben werden, die abgedruckten Texte f\u00fcr den Unterricht zu verwenden. \u201eAlle jammern \u00fcber Pisa\u201c, sagt Gunther Nickel, \u201eund wir probieren jetzt diesen Weg.\u201c<\/p>\n<p>\u201eGuter, junger Literatur\u201c solle durch das \u201eVolltext\u201c-Sonderheft die Chance auf ein breites Publikum gegeben werden. Die Redaktion solle einen breiten Querschnitt durch die Literaturszene gew\u00e4hrleisten; unter anderem haben die Autoren Norbert Gstrein, Arno Geiger und Daniel Kehlmann sowie andere Zeitschriften (\u201eAm Erker\u201c, \u201eBella triste\u201c, \u201eKritische Ausgabe\u201c) ihre Mitarbeit zugesagt. Diese Zeitschriften sind es auch, die in einem Offenen Brief Nickel und das Projekt verteidigen. Von einer \u201eWettbewerbsverzerrung\u201c durch die Unterst\u00fctzung von \u201eVolltext\u201c k\u00f6nne keine Rede sein; die Bl\u00e4tter seien im Gegenteil daran interessiert, sich in einer so hohen Auflage pr\u00e4sentieren zu k\u00f6nnen. Der Literaturfonds sei \u201eeines der am besten funktionierenden Instrumente der Literaturf\u00f6rderung in Deutschland.\u201c<\/p>\n<p>Einige Literaturh\u00e4user, die zur Mitarbeit an der \u201eVolltext\u201c-Sondernummer ebenfalls eingeladen worden waren, haben abgewunken. Sie planen eine eigene Zeitschrift.<\/p>\n<p>\nJohannes Breckner<br \/>\n<br \/>\n5.4.2006 <\/p>\n<p>Echo Online GmbH, Holzhofallee 25-31, 64295 Darmstadt    Tel. 06151-387-1 <\/p>\n<p><\/p>\n","protected":false},"excerpt":{"rendered":"<p>DARMSTADT:<br \/>\n<br \/>\nVetternwirtschaft&#8230;? Onkelwirtschaft&#8230;? Ah, es gibt einen Deutschen Literaturfonds&#8230;!? AH&#8230;da gibt es Geld&#8230;&#8230;Literaturfonds: Wird auf der Mathildenh\u00f6he nach Gutsherrenart \u00fcber F\u00f6rdergelder entschieden? Ein Projekt erregt Kritik \/Quelle: echo-online.de (Darmstadt)<\/p>\n","protected":false},"author":2,"featured_media":0,"comment_status":"closed","ping_status":"closed","sticky":false,"template":"","format":"standard","meta":{"footnotes":""},"categories":[9],"tags":[],"class_list":["post-84415","post","type-post","status-publish","format-standard","hentry","category-fembcher","entry"],"yoast_head":"<!-- This site is optimized with the Yoast SEO plugin v21.0 - https:\/\/yoast.com\/wordpress\/plugins\/seo\/ -->\n<title>Kampf um F\u00f6rdermittel: Literaturfonds DA - Feminissima<\/title>\n<meta name=\"robots\" content=\"index, follow, max-snippet:-1, max-image-preview:large, max-video-preview:-1\" \/>\n<link rel=\"canonical\" href=\"https:\/\/feminissima.de\/index.php\/2006\/04\/05\/kampf-um-foerdermittel-literaturfonds-da\/\" \/>\n<meta property=\"og:locale\" content=\"de_DE\" \/>\n<meta property=\"og:type\" content=\"article\" \/>\n<meta property=\"og:title\" content=\"Kampf um F\u00f6rdermittel: Literaturfonds DA - Feminissima\" \/>\n<meta property=\"og:description\" content=\"DARMSTADT: Vetternwirtschaft...? Onkelwirtschaft...? Ah, es gibt einen Deutschen Literaturfonds...!? AH...da gibt es Geld......Literaturfonds: Wird auf der Mathildenh\u00f6he nach Gutsherrenart \u00fcber F\u00f6rdergelder entschieden? Ein Projekt erregt Kritik \/Quelle: echo-online.de (Darmstadt)\" \/>\n<meta property=\"og:url\" content=\"https:\/\/feminissima.de\/index.php\/2006\/04\/05\/kampf-um-foerdermittel-literaturfonds-da\/\" \/>\n<meta property=\"og:site_name\" content=\"Feminissima\" \/>\n<meta property=\"article:published_time\" content=\"2006-04-05T12:16:43+00:00\" \/>\n<meta name=\"author\" content=\"admin\" \/>\n<meta name=\"twitter:card\" content=\"summary_large_image\" \/>\n<meta name=\"twitter:label1\" content=\"Verfasst von\" \/>\n\t<meta name=\"twitter:data1\" content=\"admin\" \/>\n\t<meta name=\"twitter:label2\" content=\"Gesch\u00e4tzte Lesezeit\" \/>\n\t<meta name=\"twitter:data2\" content=\"3\u00a0Minuten\" \/>\n<script type=\"application\/ld+json\" class=\"yoast-schema-graph\">{\"@context\":\"https:\/\/schema.org\",\"@graph\":[{\"@type\":\"WebPage\",\"@id\":\"https:\/\/feminissima.de\/index.php\/2006\/04\/05\/kampf-um-foerdermittel-literaturfonds-da\/\",\"url\":\"https:\/\/feminissima.de\/index.php\/2006\/04\/05\/kampf-um-foerdermittel-literaturfonds-da\/\",\"name\":\"Kampf um F\u00f6rdermittel: Literaturfonds DA - Feminissima\",\"isPartOf\":{\"@id\":\"https:\/\/feminissima.de\/#website\"},\"datePublished\":\"2006-04-05T12:16:43+00:00\",\"dateModified\":\"2006-04-05T12:16:43+00:00\",\"author\":{\"@id\":\"https:\/\/feminissima.de\/#\/schema\/person\/0b901e053624f88e7ecbea289d9d5128\"},\"breadcrumb\":{\"@id\":\"https:\/\/feminissima.de\/index.php\/2006\/04\/05\/kampf-um-foerdermittel-literaturfonds-da\/#breadcrumb\"},\"inLanguage\":\"de\",\"potentialAction\":[{\"@type\":\"ReadAction\",\"target\":[\"https:\/\/feminissima.de\/index.php\/2006\/04\/05\/kampf-um-foerdermittel-literaturfonds-da\/\"]}]},{\"@type\":\"BreadcrumbList\",\"@id\":\"https:\/\/feminissima.de\/index.php\/2006\/04\/05\/kampf-um-foerdermittel-literaturfonds-da\/#breadcrumb\",\"itemListElement\":[{\"@type\":\"ListItem\",\"position\":1,\"name\":\"Startseite\",\"item\":\"https:\/\/feminissima.de\/\"},{\"@type\":\"ListItem\",\"position\":2,\"name\":\"Kampf um F\u00f6rdermittel: Literaturfonds DA\"}]},{\"@type\":\"WebSite\",\"@id\":\"https:\/\/feminissima.de\/#website\",\"url\":\"https:\/\/feminissima.de\/\",\"name\":\"Feminissima\",\"description\":\"\",\"potentialAction\":[{\"@type\":\"SearchAction\",\"target\":{\"@type\":\"EntryPoint\",\"urlTemplate\":\"https:\/\/feminissima.de\/?s={search_term_string}\"},\"query-input\":\"required name=search_term_string\"}],\"inLanguage\":\"de\"},{\"@type\":\"Person\",\"@id\":\"https:\/\/feminissima.de\/#\/schema\/person\/0b901e053624f88e7ecbea289d9d5128\",\"name\":\"admin\",\"image\":{\"@type\":\"ImageObject\",\"inLanguage\":\"de\",\"@id\":\"https:\/\/feminissima.de\/#\/schema\/person\/image\/\",\"url\":\"https:\/\/secure.gravatar.com\/avatar\/8da1f51327453c0bf63338e8e2a791948b7d2ac19b68839492d1e69aac6924a8?s=96&d=mm&r=g\",\"contentUrl\":\"https:\/\/secure.gravatar.com\/avatar\/8da1f51327453c0bf63338e8e2a791948b7d2ac19b68839492d1e69aac6924a8?s=96&d=mm&r=g\",\"caption\":\"admin\"},\"url\":\"https:\/\/feminissima.de\/index.php\/author\/admin\/\"}]}<\/script>\n<!-- \/ Yoast SEO plugin. -->","yoast_head_json":{"title":"Kampf um F\u00f6rdermittel: Literaturfonds DA - Feminissima","robots":{"index":"index","follow":"follow","max-snippet":"max-snippet:-1","max-image-preview":"max-image-preview:large","max-video-preview":"max-video-preview:-1"},"canonical":"https:\/\/feminissima.de\/index.php\/2006\/04\/05\/kampf-um-foerdermittel-literaturfonds-da\/","og_locale":"de_DE","og_type":"article","og_title":"Kampf um F\u00f6rdermittel: Literaturfonds DA - Feminissima","og_description":"DARMSTADT: Vetternwirtschaft...? Onkelwirtschaft...? Ah, es gibt einen Deutschen Literaturfonds...!? AH...da gibt es Geld......Literaturfonds: Wird auf der Mathildenh\u00f6he nach Gutsherrenart \u00fcber F\u00f6rdergelder entschieden? Ein Projekt erregt Kritik \/Quelle: echo-online.de (Darmstadt)","og_url":"https:\/\/feminissima.de\/index.php\/2006\/04\/05\/kampf-um-foerdermittel-literaturfonds-da\/","og_site_name":"Feminissima","article_published_time":"2006-04-05T12:16:43+00:00","author":"admin","twitter_card":"summary_large_image","twitter_misc":{"Verfasst von":"admin","Gesch\u00e4tzte Lesezeit":"3\u00a0Minuten"},"schema":{"@context":"https:\/\/schema.org","@graph":[{"@type":"WebPage","@id":"https:\/\/feminissima.de\/index.php\/2006\/04\/05\/kampf-um-foerdermittel-literaturfonds-da\/","url":"https:\/\/feminissima.de\/index.php\/2006\/04\/05\/kampf-um-foerdermittel-literaturfonds-da\/","name":"Kampf um F\u00f6rdermittel: Literaturfonds DA - Feminissima","isPartOf":{"@id":"https:\/\/feminissima.de\/#website"},"datePublished":"2006-04-05T12:16:43+00:00","dateModified":"2006-04-05T12:16:43+00:00","author":{"@id":"https:\/\/feminissima.de\/#\/schema\/person\/0b901e053624f88e7ecbea289d9d5128"},"breadcrumb":{"@id":"https:\/\/feminissima.de\/index.php\/2006\/04\/05\/kampf-um-foerdermittel-literaturfonds-da\/#breadcrumb"},"inLanguage":"de","potentialAction":[{"@type":"ReadAction","target":["https:\/\/feminissima.de\/index.php\/2006\/04\/05\/kampf-um-foerdermittel-literaturfonds-da\/"]}]},{"@type":"BreadcrumbList","@id":"https:\/\/feminissima.de\/index.php\/2006\/04\/05\/kampf-um-foerdermittel-literaturfonds-da\/#breadcrumb","itemListElement":[{"@type":"ListItem","position":1,"name":"Startseite","item":"https:\/\/feminissima.de\/"},{"@type":"ListItem","position":2,"name":"Kampf um F\u00f6rdermittel: Literaturfonds DA"}]},{"@type":"WebSite","@id":"https:\/\/feminissima.de\/#website","url":"https:\/\/feminissima.de\/","name":"Feminissima","description":"","potentialAction":[{"@type":"SearchAction","target":{"@type":"EntryPoint","urlTemplate":"https:\/\/feminissima.de\/?s={search_term_string}"},"query-input":"required name=search_term_string"}],"inLanguage":"de"},{"@type":"Person","@id":"https:\/\/feminissima.de\/#\/schema\/person\/0b901e053624f88e7ecbea289d9d5128","name":"admin","image":{"@type":"ImageObject","inLanguage":"de","@id":"https:\/\/feminissima.de\/#\/schema\/person\/image\/","url":"https:\/\/secure.gravatar.com\/avatar\/8da1f51327453c0bf63338e8e2a791948b7d2ac19b68839492d1e69aac6924a8?s=96&d=mm&r=g","contentUrl":"https:\/\/secure.gravatar.com\/avatar\/8da1f51327453c0bf63338e8e2a791948b7d2ac19b68839492d1e69aac6924a8?s=96&d=mm&r=g","caption":"admin"},"url":"https:\/\/feminissima.de\/index.php\/author\/admin\/"}]}},"jetpack_featured_media_url":"","_links":{"self":[{"href":"https:\/\/feminissima.de\/index.php\/wp-json\/wp\/v2\/posts\/84415","targetHints":{"allow":["GET"]}}],"collection":[{"href":"https:\/\/feminissima.de\/index.php\/wp-json\/wp\/v2\/posts"}],"about":[{"href":"https:\/\/feminissima.de\/index.php\/wp-json\/wp\/v2\/types\/post"}],"author":[{"embeddable":true,"href":"https:\/\/feminissima.de\/index.php\/wp-json\/wp\/v2\/users\/2"}],"replies":[{"embeddable":true,"href":"https:\/\/feminissima.de\/index.php\/wp-json\/wp\/v2\/comments?post=84415"}],"version-history":[{"count":0,"href":"https:\/\/feminissima.de\/index.php\/wp-json\/wp\/v2\/posts\/84415\/revisions"}],"wp:attachment":[{"href":"https:\/\/feminissima.de\/index.php\/wp-json\/wp\/v2\/media?parent=84415"}],"wp:term":[{"taxonomy":"category","embeddable":true,"href":"https:\/\/feminissima.de\/index.php\/wp-json\/wp\/v2\/categories?post=84415"},{"taxonomy":"post_tag","embeddable":true,"href":"https:\/\/feminissima.de\/index.php\/wp-json\/wp\/v2\/tags?post=84415"}],"curies":[{"name":"wp","href":"https:\/\/api.w.org\/{rel}","templated":true}]}}