{"id":84395,"date":"2006-03-28T21:25:27","date_gmt":"2006-03-28T21:25:27","guid":{"rendered":"http:\/\/www.feminissima.de\/?p=84395"},"modified":"2006-03-28T21:25:27","modified_gmt":"2006-03-28T21:25:27","slug":"oh-wir-die-schlauesten-3-06","status":"publish","type":"post","link":"https:\/\/feminissima.de\/index.php\/2006\/03\/28\/oh-wir-die-schlauesten-3-06\/","title":{"rendered":"Oh, wir die Schlauesten? (3\/06)"},"content":{"rendered":"<p>&#8230;laut einer englischen Studie&#8230;Atmo-Text von heute Mittag..Bitte sehr:<br \/>191033.<br \/>Willkommen!<\/p>\n<table width=\"100%\">\n<tr>\n<td style=\"background-image=url('images\/monet-heller.jpg')\"><font size=\"+1\"><\/p>\n<p>Eine englische Studie hat festgestellt,<br \/>so die THE TIMES, London, <br \/>gestern,<br \/>dass wir Deutschen die intelligentesten Europ\u00e4er seien!<br \/>Einen Gehirn-Input vor den Niederl\u00e4ndern und zwei vor den Polen. <\/p>\n<p>Charming reaction aus \u00d6sterreich:<\/p>\n<p>&#8222;Studien l\u00fcgen!&#8220;<br \/>&#8222;K\u00fc\u00df&#8216; die Hand gn\u00e4&#8216; Fraau!&#8220;<\/p>\n<p>Wie intelligent wir sind, <br \/>manchmal mit ungemeiner Verz\u00f6gerung,<br \/>zeigt sich nun auch daran,<br \/>dass HH-Oberb\u00fcrgermeister Ole von Beust,<br \/>seinen fr\u00fcheren Freund und Noch-Justizminister,<br \/> endlich gefeuert hat.<\/p>\n<p>Und damit einem heftigen Verlangen unserer Wildkatzen <br \/>Rechnung getragen hat!<br \/>Danke sehr!<br \/>Der gute Roger Kusch,<br \/>ein auf Anhieb good-looking man,<br \/> hatte sich von US-Methoden inspirieren lassen,<br \/>in Sachen Knast und Folter&#8230;<br \/>und  den Ruf der Hansestadt als liberal und ..weiter runiert, <br \/>nachdem ja schon zuvor ein Schill dort<br \/>herum-geschillt hatte! <br \/>unter uns, der war allen Ernstes Richter, <br \/>was viel \u00fcber Richter aussagt,<br \/> und \u00fcberhaupt die Juristen&#8230;oder?<\/p>\n<p>\nDenn Roger Kusch war bis eben noch Justizminister,<br \/> einer extremen Machart, <br \/> wie die Gangart zeigte.<br \/>Foltermethoden f\u00fcr Abschiebeh\u00e4ftlinge.<\/p>\n<p>DAS ZUR DEUTSCHEN INTELLIGENZ&#8230;!<\/p>\n<p>Vielleicht m\u00fc\u00dfte man die britische Studie einmal n\u00e4her be\u00e4ugen?<\/p>\n<p>Es gibt verschiedene Arten von Intelligenzen&#8230;<\/p>\n<p>auch kriminelle..<\/p>\n<p>Ganz allgemein gesprochen, bien sur &#8211; !<br \/>Ja, die FRANZOSEN!<\/p>\n<p>Sie sind, <br \/>das wei\u00df FEMINISSIMA ganz ohne wissenschaftlichen Heutzutage-Studien &#8211; <\/p>\n<p>das analytischste, kritischste und mutigste und un-angepassteste Volk en Europe&#8230;!<\/p>\n<p>Und au\u00dferdem unglaublich liebensw\u00fcrdig.<\/p>\n<p>Das kannst du allerdings nat\u00fcrlich nur herausfinden,<br \/>wenn du Franz\u00f6sisch sprichst&#8230;vas-y!<\/p>\n<p>Es ist 11 Uhr 38 in Berln <br \/>und eigentlich erst 10 Uhr 38&#8230;<br \/>wie die Sonne verr\u00e4t&#8230;<br \/>..und wenn es NormalZeit ..<br \/>aber&#8230;was ist schon normal, <\/p>\n<p>nicht wahr?<\/p>\n<p>Oh \u00fcbrigens &#8211; <\/p>\n<p>all die Deutschen,<br \/> die ihre Prunk-Villen auf Mallorca <br \/>oder an den K\u00fcsten spanischen Festlandes&#8230;,<\/p>\n<p>die sprechen auch nach 10, 20 oder 30 Jahren fast kein Wort SPANISCH&#8230;<\/p>\n<p>Arroganz oder nur Mangel an Lern-Intelligenz oder Integrationswillen&#8230;???<\/p>\n<p>\n<\/td>\n<\/tr>\n<\/table>\n","protected":false},"excerpt":{"rendered":"<p>&#8230;laut einer englischen Studie&#8230;Atmo-Text von heute Mittag..Bitte sehr:<\/p>\n","protected":false},"author":2,"featured_media":0,"comment_status":"closed","ping_status":"closed","sticky":false,"template":"","format":"standard","meta":{"footnotes":""},"categories":[12],"tags":[],"class_list":["post-84395","post","type-post","status-publish","format-standard","hentry","category-femleben","entry"],"yoast_head":"<!-- This site is optimized with the Yoast SEO plugin v21.0 - https:\/\/yoast.com\/wordpress\/plugins\/seo\/ -->\n<title>Oh, wir die Schlauesten? (3\/06) - Feminissima<\/title>\n<meta name=\"robots\" content=\"index, follow, max-snippet:-1, max-image-preview:large, max-video-preview:-1\" \/>\n<link rel=\"canonical\" href=\"https:\/\/feminissima.de\/index.php\/2006\/03\/28\/oh-wir-die-schlauesten-3-06\/\" \/>\n<meta property=\"og:locale\" content=\"de_DE\" \/>\n<meta property=\"og:type\" content=\"article\" \/>\n<meta property=\"og:title\" content=\"Oh, wir die Schlauesten? (3\/06) - Feminissima\" \/>\n<meta property=\"og:description\" content=\"...laut einer englischen Studie...Atmo-Text von heute Mittag..Bitte sehr:\" \/>\n<meta property=\"og:url\" content=\"https:\/\/feminissima.de\/index.php\/2006\/03\/28\/oh-wir-die-schlauesten-3-06\/\" \/>\n<meta property=\"og:site_name\" content=\"Feminissima\" \/>\n<meta property=\"article:published_time\" content=\"2006-03-28T21:25:27+00:00\" \/>\n<meta name=\"author\" content=\"admin\" \/>\n<meta name=\"twitter:card\" content=\"summary_large_image\" \/>\n<meta name=\"twitter:label1\" content=\"Verfasst von\" \/>\n\t<meta name=\"twitter:data1\" content=\"admin\" \/>\n\t<meta name=\"twitter:label2\" content=\"Gesch\u00e4tzte Lesezeit\" \/>\n\t<meta name=\"twitter:data2\" content=\"2\u00a0Minuten\" \/>\n<script type=\"application\/ld+json\" class=\"yoast-schema-graph\">{\"@context\":\"https:\/\/schema.org\",\"@graph\":[{\"@type\":\"WebPage\",\"@id\":\"https:\/\/feminissima.de\/index.php\/2006\/03\/28\/oh-wir-die-schlauesten-3-06\/\",\"url\":\"https:\/\/feminissima.de\/index.php\/2006\/03\/28\/oh-wir-die-schlauesten-3-06\/\",\"name\":\"Oh, wir die Schlauesten? (3\/06) - Feminissima\",\"isPartOf\":{\"@id\":\"https:\/\/feminissima.de\/#website\"},\"datePublished\":\"2006-03-28T21:25:27+00:00\",\"dateModified\":\"2006-03-28T21:25:27+00:00\",\"author\":{\"@id\":\"https:\/\/feminissima.de\/#\/schema\/person\/0b901e053624f88e7ecbea289d9d5128\"},\"breadcrumb\":{\"@id\":\"https:\/\/feminissima.de\/index.php\/2006\/03\/28\/oh-wir-die-schlauesten-3-06\/#breadcrumb\"},\"inLanguage\":\"de\",\"potentialAction\":[{\"@type\":\"ReadAction\",\"target\":[\"https:\/\/feminissima.de\/index.php\/2006\/03\/28\/oh-wir-die-schlauesten-3-06\/\"]}]},{\"@type\":\"BreadcrumbList\",\"@id\":\"https:\/\/feminissima.de\/index.php\/2006\/03\/28\/oh-wir-die-schlauesten-3-06\/#breadcrumb\",\"itemListElement\":[{\"@type\":\"ListItem\",\"position\":1,\"name\":\"Startseite\",\"item\":\"https:\/\/feminissima.de\/\"},{\"@type\":\"ListItem\",\"position\":2,\"name\":\"Oh, wir die Schlauesten? (3\/06)\"}]},{\"@type\":\"WebSite\",\"@id\":\"https:\/\/feminissima.de\/#website\",\"url\":\"https:\/\/feminissima.de\/\",\"name\":\"Feminissima\",\"description\":\"\",\"potentialAction\":[{\"@type\":\"SearchAction\",\"target\":{\"@type\":\"EntryPoint\",\"urlTemplate\":\"https:\/\/feminissima.de\/?s={search_term_string}\"},\"query-input\":\"required name=search_term_string\"}],\"inLanguage\":\"de\"},{\"@type\":\"Person\",\"@id\":\"https:\/\/feminissima.de\/#\/schema\/person\/0b901e053624f88e7ecbea289d9d5128\",\"name\":\"admin\",\"image\":{\"@type\":\"ImageObject\",\"inLanguage\":\"de\",\"@id\":\"https:\/\/feminissima.de\/#\/schema\/person\/image\/\",\"url\":\"https:\/\/secure.gravatar.com\/avatar\/8da1f51327453c0bf63338e8e2a791948b7d2ac19b68839492d1e69aac6924a8?s=96&d=mm&r=g\",\"contentUrl\":\"https:\/\/secure.gravatar.com\/avatar\/8da1f51327453c0bf63338e8e2a791948b7d2ac19b68839492d1e69aac6924a8?s=96&d=mm&r=g\",\"caption\":\"admin\"},\"url\":\"https:\/\/feminissima.de\/index.php\/author\/admin\/\"}]}<\/script>\n<!-- \/ Yoast SEO plugin. -->","yoast_head_json":{"title":"Oh, wir die Schlauesten? (3\/06) - Feminissima","robots":{"index":"index","follow":"follow","max-snippet":"max-snippet:-1","max-image-preview":"max-image-preview:large","max-video-preview":"max-video-preview:-1"},"canonical":"https:\/\/feminissima.de\/index.php\/2006\/03\/28\/oh-wir-die-schlauesten-3-06\/","og_locale":"de_DE","og_type":"article","og_title":"Oh, wir die Schlauesten? (3\/06) - Feminissima","og_description":"...laut einer englischen Studie...Atmo-Text von heute Mittag..Bitte sehr:","og_url":"https:\/\/feminissima.de\/index.php\/2006\/03\/28\/oh-wir-die-schlauesten-3-06\/","og_site_name":"Feminissima","article_published_time":"2006-03-28T21:25:27+00:00","author":"admin","twitter_card":"summary_large_image","twitter_misc":{"Verfasst von":"admin","Gesch\u00e4tzte Lesezeit":"2\u00a0Minuten"},"schema":{"@context":"https:\/\/schema.org","@graph":[{"@type":"WebPage","@id":"https:\/\/feminissima.de\/index.php\/2006\/03\/28\/oh-wir-die-schlauesten-3-06\/","url":"https:\/\/feminissima.de\/index.php\/2006\/03\/28\/oh-wir-die-schlauesten-3-06\/","name":"Oh, wir die Schlauesten? (3\/06) - Feminissima","isPartOf":{"@id":"https:\/\/feminissima.de\/#website"},"datePublished":"2006-03-28T21:25:27+00:00","dateModified":"2006-03-28T21:25:27+00:00","author":{"@id":"https:\/\/feminissima.de\/#\/schema\/person\/0b901e053624f88e7ecbea289d9d5128"},"breadcrumb":{"@id":"https:\/\/feminissima.de\/index.php\/2006\/03\/28\/oh-wir-die-schlauesten-3-06\/#breadcrumb"},"inLanguage":"de","potentialAction":[{"@type":"ReadAction","target":["https:\/\/feminissima.de\/index.php\/2006\/03\/28\/oh-wir-die-schlauesten-3-06\/"]}]},{"@type":"BreadcrumbList","@id":"https:\/\/feminissima.de\/index.php\/2006\/03\/28\/oh-wir-die-schlauesten-3-06\/#breadcrumb","itemListElement":[{"@type":"ListItem","position":1,"name":"Startseite","item":"https:\/\/feminissima.de\/"},{"@type":"ListItem","position":2,"name":"Oh, wir die Schlauesten? (3\/06)"}]},{"@type":"WebSite","@id":"https:\/\/feminissima.de\/#website","url":"https:\/\/feminissima.de\/","name":"Feminissima","description":"","potentialAction":[{"@type":"SearchAction","target":{"@type":"EntryPoint","urlTemplate":"https:\/\/feminissima.de\/?s={search_term_string}"},"query-input":"required name=search_term_string"}],"inLanguage":"de"},{"@type":"Person","@id":"https:\/\/feminissima.de\/#\/schema\/person\/0b901e053624f88e7ecbea289d9d5128","name":"admin","image":{"@type":"ImageObject","inLanguage":"de","@id":"https:\/\/feminissima.de\/#\/schema\/person\/image\/","url":"https:\/\/secure.gravatar.com\/avatar\/8da1f51327453c0bf63338e8e2a791948b7d2ac19b68839492d1e69aac6924a8?s=96&d=mm&r=g","contentUrl":"https:\/\/secure.gravatar.com\/avatar\/8da1f51327453c0bf63338e8e2a791948b7d2ac19b68839492d1e69aac6924a8?s=96&d=mm&r=g","caption":"admin"},"url":"https:\/\/feminissima.de\/index.php\/author\/admin\/"}]}},"jetpack_featured_media_url":"","_links":{"self":[{"href":"https:\/\/feminissima.de\/index.php\/wp-json\/wp\/v2\/posts\/84395","targetHints":{"allow":["GET"]}}],"collection":[{"href":"https:\/\/feminissima.de\/index.php\/wp-json\/wp\/v2\/posts"}],"about":[{"href":"https:\/\/feminissima.de\/index.php\/wp-json\/wp\/v2\/types\/post"}],"author":[{"embeddable":true,"href":"https:\/\/feminissima.de\/index.php\/wp-json\/wp\/v2\/users\/2"}],"replies":[{"embeddable":true,"href":"https:\/\/feminissima.de\/index.php\/wp-json\/wp\/v2\/comments?post=84395"}],"version-history":[{"count":0,"href":"https:\/\/feminissima.de\/index.php\/wp-json\/wp\/v2\/posts\/84395\/revisions"}],"wp:attachment":[{"href":"https:\/\/feminissima.de\/index.php\/wp-json\/wp\/v2\/media?parent=84395"}],"wp:term":[{"taxonomy":"category","embeddable":true,"href":"https:\/\/feminissima.de\/index.php\/wp-json\/wp\/v2\/categories?post=84395"},{"taxonomy":"post_tag","embeddable":true,"href":"https:\/\/feminissima.de\/index.php\/wp-json\/wp\/v2\/tags?post=84395"}],"curies":[{"name":"wp","href":"https:\/\/api.w.org\/{rel}","templated":true}]}}