{"id":84393,"date":"2006-03-28T17:50:06","date_gmt":"2006-03-28T17:50:06","guid":{"rendered":"http:\/\/www.feminissima.de\/?p=84393"},"modified":"2006-03-28T17:50:06","modified_gmt":"2006-03-28T17:50:06","slug":"demontage-von-ute-vogt-spd","status":"publish","type":"post","link":"https:\/\/feminissima.de\/index.php\/2006\/03\/28\/demontage-von-ute-vogt-spd\/","title":{"rendered":"Demontage von UTE VOGT (SPD)"},"content":{"rendered":"<p>und anderen SPD-Spitzenfrauen..\/live-Text von heute Mittag. Jetzt hier..<br \/>Willkomen bei INFOS &#038; ATMOS am Nachmittag!<br \/>Es ist gleich 15 Uhr.<\/p>\n<p>Last page view: 191093.<\/p>\n<p>Musik hoch&#8230;!<br \/>&#8222;Ja&#8230;da mu\u00df man (nein, &#8222;frau!&#8220;) kalt und herzlos sein&#8230;!&#8220;<\/p>\n<table width=\"100%\">\n<tr>\n<td style=\"background-image=url('images\/monet-heller.jpg')\"><font size=\"+1\"><\/p>\n<p>Der Verrat.<\/p>\n<p>Oder wie Provinzhirsche mit<br \/> &#8222;Freigabe zum Abschu\u00df&#8220; <br \/>sich auf Kosten von Politikerinnen<br \/>moralfrei, hemmungs-ohne, <br \/>profilieren wollen- :<br \/>Auff\u00e4llig oft trifft es Spitzenfrauen der SPD &#8211; ZUFALL?<\/p>\n<p>Einst, kurz vor dem Einmarsch der USA im IRAK,<br \/> war es spiegel-online, der einer Meldung aus der schw\u00e4bischen Provinz zu ungeheurer Schubkraft verhalf:<br \/>\u00fcber einen angeblichen Vergleich der damaligen SPD-Justizministerin D\u00e4ubler-Gmelin: &#8222;Bush erinnere sie an Hitler&#8220; .<\/p>\n<p>Das politische Aus der Justizministerin war damit besiegelt.<\/p>\n<p> BILD wurde letzte Woche pro-CDU-wahltaktisch aktiv, <br \/>als sie ein live-Interview eines schw\u00e4bischen Lokal-Privat-Radios mit Ute Vogt, SPD,<br \/> zur bundesweiten Schlagzeile der ber\u00fchmt-b\u00f6sartigen BILD-STIL-ART..als G\u00fclle \u00fcbers Land goss.<br \/>Der Marke &#8222;sexistisch&#8220;.<br \/>Was k\u00f6nnte von den smarten glatt-gegeelten oder sch\u00e4del-kahlrasierten Jungs aus Privatradios und BILD auch sonst kommen?<\/p>\n<p>Just vor den Landtagswahlen in Baden-W\u00fcrttemberg.<\/p>\n<p>Und damit war Ute Vogt, Spitzenkandidatin der SPD in Baden-W\u00fcrttemberg, blamiert.<\/p>\n<p>Prim\u00e4r vielleicht, weil sie nicht &#8222;souver\u00e4n&#8220;,<br \/>sondern einfach naiv &#8222;ehrlich&#8220; auf <br \/>eine Frage des Moderators reagiert hatte,<br \/>und damit \u00fcber ihr<br \/>&#8222;Sexleben geplaudert h\u00e4tte&#8220;,<br \/>wie es hie\u00df.<br \/>Was BILD allein mit der Schlagzeile draus machte &#8211; KAUFBOYKOTT!<\/p>\n<p>Aber &#8211; in der m\u00e4nnerbestzten deutschen Presse nat\u00fcrlich &#8211; <br \/>Kein Aufschrei.<br \/>Nirgends.<br \/>Oft hat FEMINISSIMA diese zwei kleinen S\u00e4tze schon geschrieben, inzwischen.<\/p>\n<p>Typisch deutsch inzwischen?<br \/>Dass keiner emp\u00f6rt aufschreit?<\/p>\n<p>Nein, die Ursachen liegen tiefer, <br \/>wer es denn schon vergessen hat:<\/p>\n<p>\nSolidarit\u00e4t ist so ne Sache, in Deutschland.<\/p>\n<p>Von einer riesigen&#8230;<br \/>kann sie abs\u00fcrzen in, ja &#8211; was? <br \/>Tiefe Depression?<br \/>Resignation?<\/p>\n<p>Seit &#8222;der Gerd&#8220; und &#8222;der Wolfgang&#8220; die Republik in das HARTZ-IV-DESASTER <br \/>gest\u00fcrzt haben,<br \/>mit im Boot die GR\u00dcNEN &#8211; <\/p>\n<p>haben sie nicht nur selbst fertig,<br \/>sondern das Land und die Solidarit\u00e4t <br \/>und den Glauben an &#8222;Sozialdemokratie&#8220; und <br \/>&#8222;Gr\u00fcne&#8220; <br \/>als eine Alternative zum Konservatismus &#8211; <\/p>\n<p>fertiggemacht, mit Stil und Stumpf ausgerottet.<\/p>\n<p>Als seien sie angetreten, dieses Land und seine (gutgl\u00e4ubigen) Menschen, W\u00e4hler &#8211; zu vernichten.<\/p>\n<p>Was diese Regierung den Deutschen zugemutet hat, <br \/>an Wunden zugef\u00fcgt hat, <br \/>wird lange nicht heilen.<\/p>\n<p>Sie haben nicht nur das Land zerst\u00f6rt, <br \/>sondern ihre jeweilige Partei und deren Glaubw\u00fcrdigkeit gleich mit.<br \/>Im Grunde wurde Politik nach Putins Vorbild gemacht, r\u00fcckwirkend betrachtet&#8230;<br \/>Wie beeinflu\u00dfbar war Schr\u00f6der?<br \/>Das Volk voll hinters Licht f\u00fchren, die russische Maxime.<br \/>Von Schr\u00f6der nach Berlin importiert.<br \/>Jene verraten, die einen gew\u00e4hlt hatten.<\/p>\n<p>W\u00e4hrend die Dreier-Bande (Schr\u00f6der, Clement, Fischer) selbst, heute, <br \/>das noch dazu, <br \/>bestens lebt, <br \/>der Chef-Demonteur als Russen-Gas-Promist,<br \/>der Armut-Scharfmacher-Arbeitslosen-Niedermacher-Der-Schau-Spieler Genosse Wolfgang C. nun als&#8230;Energie-Wirtschaftsberater&#8230;<\/p>\n<p>alles ohne SCHAM-ZEIT-GRENZE wenigstens,<br \/>und der Ohne-Ausbildung-Gr\u00fcne Fischer wird wahrscheinlich Nenn-Professor an einer&#8230;klar&#8230;wo sonst..<\/p>\n<p>amerikanischen Elite-Uni&#8230;<\/p>\n<p>Der &#8222;Coup&#8220; der &#8222;vorgezgenen Wahl&#8220;,<br \/>das Rasieren an der Verfassung, am Grundgesetz &#8211; <br \/>alles durchgesetzt,<br \/>anstatt die UNMENSCH-Gesetze r\u00fcckg\u00e4ngig zu machen..!<br \/>brachte dann ein AUS f\u00fcr diese sich weit-selbst-\u00fcbersch\u00e4tzenden M\u00e4nner und ihre Mit-&#038; Nachl\u00e4ufer!  <\/p>\n<p>Seither ist dieses Land in Starre versunken.<\/p>\n<p>Um die 40 % W\u00e4hler in Magdeburg?<br \/> Am letzten Sonntag? <br \/>Der niedrigste Stand seit Bestehen des Wahlrechts?!<br \/>Das spricht f\u00fcr sich.<\/p>\n<p>Und zeigt die bodenlose Resignation,<br \/>von der die Menschen in diesem Land erfasst sind. <br \/>(&#8222;Hat ja doch alles keinen Zweck!&#8220;..).<\/p>\n<p>Es ist klar, <br \/>die REAKTION, die SCHWARZEN, sie siegen jetzt,<br \/> und der BECK, SPD,Ministerp\u00e4sident in<br \/>\n<br \/>\nRheinland-Pfalz, <br \/>der Einzige, der nie in Schreckstarre verfallen,<br \/>und auch nicht unbedingt auf &#8222;Schr\u00f6der-Kuschel-Kurs&#8220;, <br \/>einst, <br \/>scheint auch der einzige noch lebendige SPD-Vertreter.<\/p>\n<p>\nGenau!<br \/>Nat\u00fcrlich haben wir ANDREA NAHLES nicht vergessen!<\/p>\n<p>Sie wurde von M\u00fcntefering gemeuchelt, <br \/>also aus der eigenen Partei heraus, <br \/>auch die unterst\u00fctzt von einer M\u00e4nnerpresse,<\/p>\n<p>M\u00fcnte, der vorletzte Verr\u00e4ter.<br \/>Dreifach-Verr\u00e4ter eigentlich.<br \/>Nein, bei genauer Betrachtung sogar VIERFACH-Verr\u00e4ter.<\/p>\n<p>Ja, wer will da die SPD noch w\u00e4hlen&#8230;.??<\/p>\n<p><\/p>\n","protected":false},"excerpt":{"rendered":"<p>und anderen SPD-Spitzenfrauen..\/live-Text von heute Mittag. Jetzt hier..<\/p>\n","protected":false},"author":2,"featured_media":0,"comment_status":"closed","ping_status":"closed","sticky":false,"template":"","format":"standard","meta":{"footnotes":""},"categories":[14],"tags":[],"class_list":["post-84393","post","type-post","status-publish","format-standard","hentry","category-fempolitik","entry"],"yoast_head":"<!-- This site is optimized with the Yoast SEO plugin v21.0 - https:\/\/yoast.com\/wordpress\/plugins\/seo\/ -->\n<title>Demontage von UTE VOGT (SPD) - Feminissima<\/title>\n<meta name=\"robots\" content=\"index, follow, max-snippet:-1, max-image-preview:large, max-video-preview:-1\" \/>\n<link rel=\"canonical\" href=\"https:\/\/feminissima.de\/index.php\/2006\/03\/28\/demontage-von-ute-vogt-spd\/\" \/>\n<meta property=\"og:locale\" content=\"de_DE\" \/>\n<meta property=\"og:type\" content=\"article\" \/>\n<meta property=\"og:title\" content=\"Demontage von UTE VOGT (SPD) - Feminissima\" \/>\n<meta property=\"og:description\" content=\"und anderen SPD-Spitzenfrauen..\/live-Text von heute Mittag. Jetzt hier..\" \/>\n<meta property=\"og:url\" content=\"https:\/\/feminissima.de\/index.php\/2006\/03\/28\/demontage-von-ute-vogt-spd\/\" \/>\n<meta property=\"og:site_name\" content=\"Feminissima\" \/>\n<meta property=\"article:published_time\" content=\"2006-03-28T17:50:06+00:00\" \/>\n<meta name=\"author\" content=\"admin\" \/>\n<meta name=\"twitter:card\" content=\"summary_large_image\" \/>\n<meta name=\"twitter:label1\" content=\"Verfasst von\" \/>\n\t<meta name=\"twitter:data1\" content=\"admin\" \/>\n\t<meta name=\"twitter:label2\" content=\"Gesch\u00e4tzte Lesezeit\" \/>\n\t<meta name=\"twitter:data2\" content=\"3\u00a0Minuten\" \/>\n<script type=\"application\/ld+json\" class=\"yoast-schema-graph\">{\"@context\":\"https:\/\/schema.org\",\"@graph\":[{\"@type\":\"WebPage\",\"@id\":\"https:\/\/feminissima.de\/index.php\/2006\/03\/28\/demontage-von-ute-vogt-spd\/\",\"url\":\"https:\/\/feminissima.de\/index.php\/2006\/03\/28\/demontage-von-ute-vogt-spd\/\",\"name\":\"Demontage von UTE VOGT (SPD) - Feminissima\",\"isPartOf\":{\"@id\":\"https:\/\/feminissima.de\/#website\"},\"datePublished\":\"2006-03-28T17:50:06+00:00\",\"dateModified\":\"2006-03-28T17:50:06+00:00\",\"author\":{\"@id\":\"https:\/\/feminissima.de\/#\/schema\/person\/0b901e053624f88e7ecbea289d9d5128\"},\"breadcrumb\":{\"@id\":\"https:\/\/feminissima.de\/index.php\/2006\/03\/28\/demontage-von-ute-vogt-spd\/#breadcrumb\"},\"inLanguage\":\"de\",\"potentialAction\":[{\"@type\":\"ReadAction\",\"target\":[\"https:\/\/feminissima.de\/index.php\/2006\/03\/28\/demontage-von-ute-vogt-spd\/\"]}]},{\"@type\":\"BreadcrumbList\",\"@id\":\"https:\/\/feminissima.de\/index.php\/2006\/03\/28\/demontage-von-ute-vogt-spd\/#breadcrumb\",\"itemListElement\":[{\"@type\":\"ListItem\",\"position\":1,\"name\":\"Startseite\",\"item\":\"https:\/\/feminissima.de\/\"},{\"@type\":\"ListItem\",\"position\":2,\"name\":\"Demontage von UTE VOGT (SPD)\"}]},{\"@type\":\"WebSite\",\"@id\":\"https:\/\/feminissima.de\/#website\",\"url\":\"https:\/\/feminissima.de\/\",\"name\":\"Feminissima\",\"description\":\"\",\"potentialAction\":[{\"@type\":\"SearchAction\",\"target\":{\"@type\":\"EntryPoint\",\"urlTemplate\":\"https:\/\/feminissima.de\/?s={search_term_string}\"},\"query-input\":\"required name=search_term_string\"}],\"inLanguage\":\"de\"},{\"@type\":\"Person\",\"@id\":\"https:\/\/feminissima.de\/#\/schema\/person\/0b901e053624f88e7ecbea289d9d5128\",\"name\":\"admin\",\"image\":{\"@type\":\"ImageObject\",\"inLanguage\":\"de\",\"@id\":\"https:\/\/feminissima.de\/#\/schema\/person\/image\/\",\"url\":\"https:\/\/secure.gravatar.com\/avatar\/8da1f51327453c0bf63338e8e2a791948b7d2ac19b68839492d1e69aac6924a8?s=96&d=mm&r=g\",\"contentUrl\":\"https:\/\/secure.gravatar.com\/avatar\/8da1f51327453c0bf63338e8e2a791948b7d2ac19b68839492d1e69aac6924a8?s=96&d=mm&r=g\",\"caption\":\"admin\"},\"url\":\"https:\/\/feminissima.de\/index.php\/author\/admin\/\"}]}<\/script>\n<!-- \/ Yoast SEO plugin. -->","yoast_head_json":{"title":"Demontage von UTE VOGT (SPD) - Feminissima","robots":{"index":"index","follow":"follow","max-snippet":"max-snippet:-1","max-image-preview":"max-image-preview:large","max-video-preview":"max-video-preview:-1"},"canonical":"https:\/\/feminissima.de\/index.php\/2006\/03\/28\/demontage-von-ute-vogt-spd\/","og_locale":"de_DE","og_type":"article","og_title":"Demontage von UTE VOGT (SPD) - Feminissima","og_description":"und anderen SPD-Spitzenfrauen..\/live-Text von heute Mittag. Jetzt hier..","og_url":"https:\/\/feminissima.de\/index.php\/2006\/03\/28\/demontage-von-ute-vogt-spd\/","og_site_name":"Feminissima","article_published_time":"2006-03-28T17:50:06+00:00","author":"admin","twitter_card":"summary_large_image","twitter_misc":{"Verfasst von":"admin","Gesch\u00e4tzte Lesezeit":"3\u00a0Minuten"},"schema":{"@context":"https:\/\/schema.org","@graph":[{"@type":"WebPage","@id":"https:\/\/feminissima.de\/index.php\/2006\/03\/28\/demontage-von-ute-vogt-spd\/","url":"https:\/\/feminissima.de\/index.php\/2006\/03\/28\/demontage-von-ute-vogt-spd\/","name":"Demontage von UTE VOGT (SPD) - Feminissima","isPartOf":{"@id":"https:\/\/feminissima.de\/#website"},"datePublished":"2006-03-28T17:50:06+00:00","dateModified":"2006-03-28T17:50:06+00:00","author":{"@id":"https:\/\/feminissima.de\/#\/schema\/person\/0b901e053624f88e7ecbea289d9d5128"},"breadcrumb":{"@id":"https:\/\/feminissima.de\/index.php\/2006\/03\/28\/demontage-von-ute-vogt-spd\/#breadcrumb"},"inLanguage":"de","potentialAction":[{"@type":"ReadAction","target":["https:\/\/feminissima.de\/index.php\/2006\/03\/28\/demontage-von-ute-vogt-spd\/"]}]},{"@type":"BreadcrumbList","@id":"https:\/\/feminissima.de\/index.php\/2006\/03\/28\/demontage-von-ute-vogt-spd\/#breadcrumb","itemListElement":[{"@type":"ListItem","position":1,"name":"Startseite","item":"https:\/\/feminissima.de\/"},{"@type":"ListItem","position":2,"name":"Demontage von UTE VOGT (SPD)"}]},{"@type":"WebSite","@id":"https:\/\/feminissima.de\/#website","url":"https:\/\/feminissima.de\/","name":"Feminissima","description":"","potentialAction":[{"@type":"SearchAction","target":{"@type":"EntryPoint","urlTemplate":"https:\/\/feminissima.de\/?s={search_term_string}"},"query-input":"required name=search_term_string"}],"inLanguage":"de"},{"@type":"Person","@id":"https:\/\/feminissima.de\/#\/schema\/person\/0b901e053624f88e7ecbea289d9d5128","name":"admin","image":{"@type":"ImageObject","inLanguage":"de","@id":"https:\/\/feminissima.de\/#\/schema\/person\/image\/","url":"https:\/\/secure.gravatar.com\/avatar\/8da1f51327453c0bf63338e8e2a791948b7d2ac19b68839492d1e69aac6924a8?s=96&d=mm&r=g","contentUrl":"https:\/\/secure.gravatar.com\/avatar\/8da1f51327453c0bf63338e8e2a791948b7d2ac19b68839492d1e69aac6924a8?s=96&d=mm&r=g","caption":"admin"},"url":"https:\/\/feminissima.de\/index.php\/author\/admin\/"}]}},"jetpack_featured_media_url":"","_links":{"self":[{"href":"https:\/\/feminissima.de\/index.php\/wp-json\/wp\/v2\/posts\/84393","targetHints":{"allow":["GET"]}}],"collection":[{"href":"https:\/\/feminissima.de\/index.php\/wp-json\/wp\/v2\/posts"}],"about":[{"href":"https:\/\/feminissima.de\/index.php\/wp-json\/wp\/v2\/types\/post"}],"author":[{"embeddable":true,"href":"https:\/\/feminissima.de\/index.php\/wp-json\/wp\/v2\/users\/2"}],"replies":[{"embeddable":true,"href":"https:\/\/feminissima.de\/index.php\/wp-json\/wp\/v2\/comments?post=84393"}],"version-history":[{"count":0,"href":"https:\/\/feminissima.de\/index.php\/wp-json\/wp\/v2\/posts\/84393\/revisions"}],"wp:attachment":[{"href":"https:\/\/feminissima.de\/index.php\/wp-json\/wp\/v2\/media?parent=84393"}],"wp:term":[{"taxonomy":"category","embeddable":true,"href":"https:\/\/feminissima.de\/index.php\/wp-json\/wp\/v2\/categories?post=84393"},{"taxonomy":"post_tag","embeddable":true,"href":"https:\/\/feminissima.de\/index.php\/wp-json\/wp\/v2\/tags?post=84393"}],"curies":[{"name":"wp","href":"https:\/\/api.w.org\/{rel}","templated":true}]}}