{"id":84389,"date":"2006-03-26T15:42:44","date_gmt":"2006-03-26T15:42:44","guid":{"rendered":"http:\/\/www.feminissima.de\/?p=84389"},"modified":"2006-03-26T15:42:44","modified_gmt":"2006-03-26T15:42:44","slug":"eu-keine-extrawurst-fuer-telekom","status":"publish","type":"post","link":"https:\/\/feminissima.de\/index.php\/2006\/03\/26\/eu-keine-extrawurst-fuer-telekom\/","title":{"rendered":"EU: Keine Extrawurst f\u00fcr TELEKOM"},"content":{"rendered":"<p>Die Bundesregierung \u00fcbt Kritik an EU-Kommissarin Viviane Reding.<br \/>\n<br \/>\nTelekomstreit: EU-Kommissarin droht Berlin mit Gerichtshof <\/p>\n<p>Quelle: Handelsblatt-online vom 22. 3. 2006<\/p>\n<p> Die Bundesregierung \u00fcbt Kritik an EU-Kommissarin Viviane Reding. <\/p>\n<p>\ndpa BERLIN. Im Streit zwischen der Bundesregierung und der EU-Kommission um das geplante neue Hochgeschwindigkeitsnetz der Deutschen Telekom zeichnet sich keinerlei Ann\u00e4herung ab. <\/p>\n<p>Die zust\u00e4ndige EU-Kommissarin Viviane Reding hat nach einem Bericht der \u201eWelt am Sonntag\u201c erneut mit rechtlichen Schritten gedroht, sollte die Bundesregierung das neue DSL-Netz wie geplant nicht regulieren wollen. \u201eF\u00fcr den Fall, dass Deutschland den vom Bundeswirtschaftsministerium vorgelegten Gesetzesentwurf verabschiedet, wird die EU-Kommission vor den Europ\u00e4ischen Gerichtshof ziehen\u201c, sagte Reding dem Blatt.<\/p>\n<p>Das Wirtschaftsministerium hatte erst k\u00fcrzlich \u201eVerwunderung\u201c ge\u00e4u\u00dfert \u00fcber die Bedenken der EU-Kommissarin gegen die geplante befristete Freistellung des neuen Glasfasernetzes von der Marktregulierung. Zudem hatte es Reding vorgeworfen, Einzelheiten aus vertraulichen Gespr\u00e4chen an die \u00d6ffentlichkeit gegeben zu haben und so eine sachliche Zusammenarbeit zu erschweren.<\/p>\n<p>Die Telekom will mit Milliardeninvestitionen in ein Glasfasernetz den Datenaustausch deutlich beschleunigen und fordert eine zeitweise Befreiung von der Regulierung. Auch Kanzlerin Angela Merkel (CDU) hatte sich hinter die Forderung des Unternehmens gestellt, f\u00fcr den teuren Aufbau des Netzes befristet von der Aufsicht durch Wettbewerbsh\u00fcter befreit zu werden. Der Chef der Bundesnetzagentur, Matthias Kurth, hatte in der vergangenen Woche aber davon gesprochen, die Telekom sei offenbar von ihrer \u201eharten Position\u201c abger\u00fcckt.<\/p>\n<p>Sollte die Kommission ein Verfahren einleiten, h\u00e4tte dies laut Reding sofortige Auswirkungen auf die Gesetzeslage in Deutschland. \u201eSobald das Verfahren l\u00e4uft, k\u00f6nnen die Telekom-Wettbewerber parallel dazu auch deutsche Gerichte anrufen und den Bau des Hochgeschwindigkeitsnetzes stoppen\u201c, sagte sie der Zeitung. Das europ\u00e4ische Recht gehe dem deutschen vor. \u201eIch bin H\u00fcterin der europ\u00e4ischen Vertr\u00e4ge\u201c, so Reding. \u201eUnd die wurden, wenn ich mich nicht irre, auch von Deutschland unterschrieben.\u201c<\/p>\n<p>Die EU-Kommissarin hat sich nach Angaben des Blattes zudem entschlossen, k\u00fcnftig auch regulierend in die Mobilfunkm\u00e4rkte einzugreifen. Dabei geht es um zu hohe Mobilfunkgeb\u00fchren bei Auslands-Gespr\u00e4chen. \u201eEs gibt L\u00e4nder, in denen man f\u00fcr ein Vier- Minuten-Gespr\u00e4ch mehr als zehn Euro zahlt.\u201c Nachdem eine Aufforderung an die Mobilfunkbetreiber, diese so genannten Roaminggeb\u00fchren zu senken, ergebnislos geblieben sei, wolle Reding bereits in der kommenden Woche Details f\u00fcr eine EU-Verordnung vorlegen.<\/p>\n","protected":false},"excerpt":{"rendered":"<p>Die Bundesregierung \u00fcbt Kritik an EU-Kommissarin Viviane Reding.<br \/>\n<br \/>\nTelekomstreit: EU-Kommissarin droht Berlin mit Gerichtshof<br \/><\/p>\n","protected":false},"author":2,"featured_media":0,"comment_status":"closed","ping_status":"closed","sticky":false,"template":"","format":"standard","meta":{"footnotes":""},"categories":[17],"tags":[],"class_list":["post-84389","post","type-post","status-publish","format-standard","hentry","category-femwirtschaft","entry"],"yoast_head":"<!-- This site is optimized with the Yoast SEO plugin v21.0 - https:\/\/yoast.com\/wordpress\/plugins\/seo\/ -->\n<title>EU: Keine Extrawurst f\u00fcr TELEKOM - Feminissima<\/title>\n<meta name=\"robots\" content=\"index, follow, max-snippet:-1, max-image-preview:large, max-video-preview:-1\" \/>\n<link rel=\"canonical\" href=\"https:\/\/feminissima.de\/index.php\/2006\/03\/26\/eu-keine-extrawurst-fuer-telekom\/\" \/>\n<meta property=\"og:locale\" content=\"de_DE\" \/>\n<meta property=\"og:type\" content=\"article\" \/>\n<meta property=\"og:title\" content=\"EU: Keine Extrawurst f\u00fcr TELEKOM - Feminissima\" \/>\n<meta property=\"og:description\" content=\"Die Bundesregierung \u00fcbt Kritik an EU-Kommissarin Viviane Reding.  Telekomstreit: EU-Kommissarin droht Berlin mit Gerichtshof\" \/>\n<meta property=\"og:url\" content=\"https:\/\/feminissima.de\/index.php\/2006\/03\/26\/eu-keine-extrawurst-fuer-telekom\/\" \/>\n<meta property=\"og:site_name\" content=\"Feminissima\" \/>\n<meta property=\"article:published_time\" content=\"2006-03-26T15:42:44+00:00\" \/>\n<meta name=\"author\" content=\"admin\" \/>\n<meta name=\"twitter:card\" content=\"summary_large_image\" \/>\n<meta name=\"twitter:label1\" content=\"Verfasst von\" \/>\n\t<meta name=\"twitter:data1\" content=\"admin\" \/>\n\t<meta name=\"twitter:label2\" content=\"Gesch\u00e4tzte Lesezeit\" \/>\n\t<meta name=\"twitter:data2\" content=\"2\u00a0Minuten\" \/>\n<script type=\"application\/ld+json\" class=\"yoast-schema-graph\">{\"@context\":\"https:\/\/schema.org\",\"@graph\":[{\"@type\":\"WebPage\",\"@id\":\"https:\/\/feminissima.de\/index.php\/2006\/03\/26\/eu-keine-extrawurst-fuer-telekom\/\",\"url\":\"https:\/\/feminissima.de\/index.php\/2006\/03\/26\/eu-keine-extrawurst-fuer-telekom\/\",\"name\":\"EU: Keine Extrawurst f\u00fcr TELEKOM - Feminissima\",\"isPartOf\":{\"@id\":\"https:\/\/feminissima.de\/#website\"},\"datePublished\":\"2006-03-26T15:42:44+00:00\",\"dateModified\":\"2006-03-26T15:42:44+00:00\",\"author\":{\"@id\":\"https:\/\/feminissima.de\/#\/schema\/person\/0b901e053624f88e7ecbea289d9d5128\"},\"breadcrumb\":{\"@id\":\"https:\/\/feminissima.de\/index.php\/2006\/03\/26\/eu-keine-extrawurst-fuer-telekom\/#breadcrumb\"},\"inLanguage\":\"de\",\"potentialAction\":[{\"@type\":\"ReadAction\",\"target\":[\"https:\/\/feminissima.de\/index.php\/2006\/03\/26\/eu-keine-extrawurst-fuer-telekom\/\"]}]},{\"@type\":\"BreadcrumbList\",\"@id\":\"https:\/\/feminissima.de\/index.php\/2006\/03\/26\/eu-keine-extrawurst-fuer-telekom\/#breadcrumb\",\"itemListElement\":[{\"@type\":\"ListItem\",\"position\":1,\"name\":\"Startseite\",\"item\":\"https:\/\/feminissima.de\/\"},{\"@type\":\"ListItem\",\"position\":2,\"name\":\"EU: Keine Extrawurst f\u00fcr TELEKOM\"}]},{\"@type\":\"WebSite\",\"@id\":\"https:\/\/feminissima.de\/#website\",\"url\":\"https:\/\/feminissima.de\/\",\"name\":\"Feminissima\",\"description\":\"\",\"potentialAction\":[{\"@type\":\"SearchAction\",\"target\":{\"@type\":\"EntryPoint\",\"urlTemplate\":\"https:\/\/feminissima.de\/?s={search_term_string}\"},\"query-input\":\"required name=search_term_string\"}],\"inLanguage\":\"de\"},{\"@type\":\"Person\",\"@id\":\"https:\/\/feminissima.de\/#\/schema\/person\/0b901e053624f88e7ecbea289d9d5128\",\"name\":\"admin\",\"image\":{\"@type\":\"ImageObject\",\"inLanguage\":\"de\",\"@id\":\"https:\/\/feminissima.de\/#\/schema\/person\/image\/\",\"url\":\"https:\/\/secure.gravatar.com\/avatar\/8da1f51327453c0bf63338e8e2a791948b7d2ac19b68839492d1e69aac6924a8?s=96&d=mm&r=g\",\"contentUrl\":\"https:\/\/secure.gravatar.com\/avatar\/8da1f51327453c0bf63338e8e2a791948b7d2ac19b68839492d1e69aac6924a8?s=96&d=mm&r=g\",\"caption\":\"admin\"},\"url\":\"https:\/\/feminissima.de\/index.php\/author\/admin\/\"}]}<\/script>\n<!-- \/ Yoast SEO plugin. -->","yoast_head_json":{"title":"EU: Keine Extrawurst f\u00fcr TELEKOM - Feminissima","robots":{"index":"index","follow":"follow","max-snippet":"max-snippet:-1","max-image-preview":"max-image-preview:large","max-video-preview":"max-video-preview:-1"},"canonical":"https:\/\/feminissima.de\/index.php\/2006\/03\/26\/eu-keine-extrawurst-fuer-telekom\/","og_locale":"de_DE","og_type":"article","og_title":"EU: Keine Extrawurst f\u00fcr TELEKOM - Feminissima","og_description":"Die Bundesregierung \u00fcbt Kritik an EU-Kommissarin Viviane Reding.  Telekomstreit: EU-Kommissarin droht Berlin mit Gerichtshof","og_url":"https:\/\/feminissima.de\/index.php\/2006\/03\/26\/eu-keine-extrawurst-fuer-telekom\/","og_site_name":"Feminissima","article_published_time":"2006-03-26T15:42:44+00:00","author":"admin","twitter_card":"summary_large_image","twitter_misc":{"Verfasst von":"admin","Gesch\u00e4tzte Lesezeit":"2\u00a0Minuten"},"schema":{"@context":"https:\/\/schema.org","@graph":[{"@type":"WebPage","@id":"https:\/\/feminissima.de\/index.php\/2006\/03\/26\/eu-keine-extrawurst-fuer-telekom\/","url":"https:\/\/feminissima.de\/index.php\/2006\/03\/26\/eu-keine-extrawurst-fuer-telekom\/","name":"EU: Keine Extrawurst f\u00fcr TELEKOM - Feminissima","isPartOf":{"@id":"https:\/\/feminissima.de\/#website"},"datePublished":"2006-03-26T15:42:44+00:00","dateModified":"2006-03-26T15:42:44+00:00","author":{"@id":"https:\/\/feminissima.de\/#\/schema\/person\/0b901e053624f88e7ecbea289d9d5128"},"breadcrumb":{"@id":"https:\/\/feminissima.de\/index.php\/2006\/03\/26\/eu-keine-extrawurst-fuer-telekom\/#breadcrumb"},"inLanguage":"de","potentialAction":[{"@type":"ReadAction","target":["https:\/\/feminissima.de\/index.php\/2006\/03\/26\/eu-keine-extrawurst-fuer-telekom\/"]}]},{"@type":"BreadcrumbList","@id":"https:\/\/feminissima.de\/index.php\/2006\/03\/26\/eu-keine-extrawurst-fuer-telekom\/#breadcrumb","itemListElement":[{"@type":"ListItem","position":1,"name":"Startseite","item":"https:\/\/feminissima.de\/"},{"@type":"ListItem","position":2,"name":"EU: Keine Extrawurst f\u00fcr TELEKOM"}]},{"@type":"WebSite","@id":"https:\/\/feminissima.de\/#website","url":"https:\/\/feminissima.de\/","name":"Feminissima","description":"","potentialAction":[{"@type":"SearchAction","target":{"@type":"EntryPoint","urlTemplate":"https:\/\/feminissima.de\/?s={search_term_string}"},"query-input":"required name=search_term_string"}],"inLanguage":"de"},{"@type":"Person","@id":"https:\/\/feminissima.de\/#\/schema\/person\/0b901e053624f88e7ecbea289d9d5128","name":"admin","image":{"@type":"ImageObject","inLanguage":"de","@id":"https:\/\/feminissima.de\/#\/schema\/person\/image\/","url":"https:\/\/secure.gravatar.com\/avatar\/8da1f51327453c0bf63338e8e2a791948b7d2ac19b68839492d1e69aac6924a8?s=96&d=mm&r=g","contentUrl":"https:\/\/secure.gravatar.com\/avatar\/8da1f51327453c0bf63338e8e2a791948b7d2ac19b68839492d1e69aac6924a8?s=96&d=mm&r=g","caption":"admin"},"url":"https:\/\/feminissima.de\/index.php\/author\/admin\/"}]}},"jetpack_featured_media_url":"","_links":{"self":[{"href":"https:\/\/feminissima.de\/index.php\/wp-json\/wp\/v2\/posts\/84389","targetHints":{"allow":["GET"]}}],"collection":[{"href":"https:\/\/feminissima.de\/index.php\/wp-json\/wp\/v2\/posts"}],"about":[{"href":"https:\/\/feminissima.de\/index.php\/wp-json\/wp\/v2\/types\/post"}],"author":[{"embeddable":true,"href":"https:\/\/feminissima.de\/index.php\/wp-json\/wp\/v2\/users\/2"}],"replies":[{"embeddable":true,"href":"https:\/\/feminissima.de\/index.php\/wp-json\/wp\/v2\/comments?post=84389"}],"version-history":[{"count":0,"href":"https:\/\/feminissima.de\/index.php\/wp-json\/wp\/v2\/posts\/84389\/revisions"}],"wp:attachment":[{"href":"https:\/\/feminissima.de\/index.php\/wp-json\/wp\/v2\/media?parent=84389"}],"wp:term":[{"taxonomy":"category","embeddable":true,"href":"https:\/\/feminissima.de\/index.php\/wp-json\/wp\/v2\/categories?post=84389"},{"taxonomy":"post_tag","embeddable":true,"href":"https:\/\/feminissima.de\/index.php\/wp-json\/wp\/v2\/tags?post=84389"}],"curies":[{"name":"wp","href":"https:\/\/api.w.org\/{rel}","templated":true}]}}