{"id":84388,"date":"2006-03-26T06:10:28","date_gmt":"2006-03-26T06:10:28","guid":{"rendered":"http:\/\/www.feminissima.de\/?p=84388"},"modified":"2006-03-26T06:10:28","modified_gmt":"2006-03-26T06:10:28","slug":"berliner-polizistenmord-aufgeklaert","status":"publish","type":"post","link":"https:\/\/feminissima.de\/index.php\/2006\/03\/26\/berliner-polizistenmord-aufgeklaert\/","title":{"rendered":"Berliner Polizistenmord aufgekl\u00e4rt"},"content":{"rendered":"<p>Eigentlich sei es ein Routine-Einsatz gewesen &#8211; <br \/>Quelle \/dpa\/bild-t-online<\/p>\n<p>Die beiden mutma\u00dflichen T\u00e4ter Mehmet E. (39, unten) und Yusuf K. (30) gestern morgen auf dem Weg zur Vernehmung in einem Berliner Polizeirevier<\/p>\n<p>Mehmet E. hat gestanden, die t\u00f6dlichen Sch\u00fcsse auf den Polizisten Uwe Lieschied abgegeben zu haben<\/p>\n<p>\nBerlin \u2013 Der Mord an dem Berliner Polizisten Uwe Lieschied (42) ist aufgekl\u00e4rt! Gestern fa\u00dfte ein Spezialeinsatzkommando (SEK) im Stadtteil Wedding die beiden T\u00fcrken Mehmet E. (39) und Yusuf K. (30). <\/p>\n<p>Die Beamten nahmen zun\u00e4chst noch einen dritten Verd\u00e4chtigen fest. Die Ermittlungen ergaben, da\u00df er mit dem Mord nichts zu tun hatte.<\/p>\n<p>\nPolizist Uwe Lieschied (\u2020 42) wurde bei einem Routineeinsatz niedergeschossen<br \/>\n<br \/>\nHauptkommissar Uwe Lieschied war vergangenen Freitag niedergeschossen worden. <\/p>\n<p>Bei einem Routineeinsatz hatten er und zwei Kollegen in Zivil zwei fl\u00fcchtende M\u00e4nner gesehen \u2013 sp\u00e4ter stellte sich heraus, da\u00df sie kurz zuvor einer Frau (51) die Handtasche geraubt hatten. <\/p>\n<p>Lieschied rief den T\u00e4tern etwas zu, Mehmet E. drehte sich daraufhin um \u2013 und scho\u00df. <\/p>\n<p>Insgesamt sieben Sch\u00fcsse gab er ab, einer traf den Beamten in die Schl\u00e4fe. Vier Tage lag der Polizist im Koma, dann schalteten die \u00c4rzte die lebenserhaltenden Ger\u00e4te ab.<\/p>\n<p>Bei der Suche nach dem Polizistenm\u00f6rder waren mehr als 100 Beamte im Einsatz. <\/p>\n<p>\u201eDie T\u00e4ter wurden aufgrund von Zeugenaussagen und DNA-Ergebnissen ermittelt\u201c, sagt Staatsanwalt Ralph Knispel. Gestern nacht dann der Durchbruch: <\/p>\n<p>Vier SEK-Spezialwagen bremsten einen silbernen Citro\u00ebn Xsara aus, schwerbewaffnete Einsatzkr\u00e4fte nahmen die Tatverd\u00e4chtigen fest. \u201eMehmet E. legte ein Gest\u00e4ndnis ab\u201c, so Knispel.\u201eEr f\u00fchrte die Beamten auch zur Tatwaffe, die er in Berlin Wannsee vergraben hatte.\u201c <\/p>\n<p>Gestern abend wurde gegen Mehmet E. und Yusuf K. wegen gemeinschaftlichen Mordes und schweren Raubes Haftbefehl erlassen.<\/p>\n<p>Vergangenen Donnerstag hatten mehr als 7000 Menschen an einem Trauermarsch durch Berlin teilgenommen. Am kommenden Freitag wird Uwe Lieschied beerdigt. Er hinterl\u00e4\u00dft Ehefrau Heike (47) und die S\u00f6hne Oliver (17) und Patrick (19). <\/p>\n<p>\u201eIch habe noch in der Nacht der Festnahme die Witwe informiert\u201c, sagt Polizeioberrat Martin John, \u201esie war zufrieden und dankbar f\u00fcr die schnelle Aufkl\u00e4rung.\u201c <\/p>\n<p><\/p>\n","protected":false},"excerpt":{"rendered":"<p>Eigentlich sei es ein Routine-Einsatz gewesen &#8211; <\/p>\n","protected":false},"author":2,"featured_media":0,"comment_status":"closed","ping_status":"closed","sticky":false,"template":"","format":"standard","meta":{"footnotes":""},"categories":[15],"tags":[],"class_list":["post-84388","post","type-post","status-publish","format-standard","hentry","category-femrecht","entry"],"yoast_head":"<!-- This site is optimized with the Yoast SEO plugin v21.0 - https:\/\/yoast.com\/wordpress\/plugins\/seo\/ -->\n<title>Berliner Polizistenmord aufgekl\u00e4rt - Feminissima<\/title>\n<meta name=\"robots\" content=\"index, follow, max-snippet:-1, max-image-preview:large, max-video-preview:-1\" \/>\n<link rel=\"canonical\" href=\"https:\/\/feminissima.de\/index.php\/2006\/03\/26\/berliner-polizistenmord-aufgeklaert\/\" \/>\n<meta property=\"og:locale\" content=\"de_DE\" \/>\n<meta property=\"og:type\" content=\"article\" \/>\n<meta property=\"og:title\" content=\"Berliner Polizistenmord aufgekl\u00e4rt - Feminissima\" \/>\n<meta property=\"og:description\" content=\"Eigentlich sei es ein Routine-Einsatz gewesen -\" \/>\n<meta property=\"og:url\" content=\"https:\/\/feminissima.de\/index.php\/2006\/03\/26\/berliner-polizistenmord-aufgeklaert\/\" \/>\n<meta property=\"og:site_name\" content=\"Feminissima\" \/>\n<meta property=\"article:published_time\" content=\"2006-03-26T06:10:28+00:00\" \/>\n<meta name=\"author\" content=\"admin\" \/>\n<meta name=\"twitter:card\" content=\"summary_large_image\" \/>\n<meta name=\"twitter:label1\" content=\"Verfasst von\" \/>\n\t<meta name=\"twitter:data1\" content=\"admin\" \/>\n\t<meta name=\"twitter:label2\" content=\"Gesch\u00e4tzte Lesezeit\" \/>\n\t<meta name=\"twitter:data2\" content=\"2\u00a0Minuten\" \/>\n<script type=\"application\/ld+json\" class=\"yoast-schema-graph\">{\"@context\":\"https:\/\/schema.org\",\"@graph\":[{\"@type\":\"WebPage\",\"@id\":\"https:\/\/feminissima.de\/index.php\/2006\/03\/26\/berliner-polizistenmord-aufgeklaert\/\",\"url\":\"https:\/\/feminissima.de\/index.php\/2006\/03\/26\/berliner-polizistenmord-aufgeklaert\/\",\"name\":\"Berliner Polizistenmord aufgekl\u00e4rt - Feminissima\",\"isPartOf\":{\"@id\":\"https:\/\/feminissima.de\/#website\"},\"datePublished\":\"2006-03-26T06:10:28+00:00\",\"dateModified\":\"2006-03-26T06:10:28+00:00\",\"author\":{\"@id\":\"https:\/\/feminissima.de\/#\/schema\/person\/0b901e053624f88e7ecbea289d9d5128\"},\"breadcrumb\":{\"@id\":\"https:\/\/feminissima.de\/index.php\/2006\/03\/26\/berliner-polizistenmord-aufgeklaert\/#breadcrumb\"},\"inLanguage\":\"de\",\"potentialAction\":[{\"@type\":\"ReadAction\",\"target\":[\"https:\/\/feminissima.de\/index.php\/2006\/03\/26\/berliner-polizistenmord-aufgeklaert\/\"]}]},{\"@type\":\"BreadcrumbList\",\"@id\":\"https:\/\/feminissima.de\/index.php\/2006\/03\/26\/berliner-polizistenmord-aufgeklaert\/#breadcrumb\",\"itemListElement\":[{\"@type\":\"ListItem\",\"position\":1,\"name\":\"Startseite\",\"item\":\"https:\/\/feminissima.de\/\"},{\"@type\":\"ListItem\",\"position\":2,\"name\":\"Berliner Polizistenmord aufgekl\u00e4rt\"}]},{\"@type\":\"WebSite\",\"@id\":\"https:\/\/feminissima.de\/#website\",\"url\":\"https:\/\/feminissima.de\/\",\"name\":\"Feminissima\",\"description\":\"\",\"potentialAction\":[{\"@type\":\"SearchAction\",\"target\":{\"@type\":\"EntryPoint\",\"urlTemplate\":\"https:\/\/feminissima.de\/?s={search_term_string}\"},\"query-input\":\"required name=search_term_string\"}],\"inLanguage\":\"de\"},{\"@type\":\"Person\",\"@id\":\"https:\/\/feminissima.de\/#\/schema\/person\/0b901e053624f88e7ecbea289d9d5128\",\"name\":\"admin\",\"image\":{\"@type\":\"ImageObject\",\"inLanguage\":\"de\",\"@id\":\"https:\/\/feminissima.de\/#\/schema\/person\/image\/\",\"url\":\"https:\/\/secure.gravatar.com\/avatar\/8da1f51327453c0bf63338e8e2a791948b7d2ac19b68839492d1e69aac6924a8?s=96&d=mm&r=g\",\"contentUrl\":\"https:\/\/secure.gravatar.com\/avatar\/8da1f51327453c0bf63338e8e2a791948b7d2ac19b68839492d1e69aac6924a8?s=96&d=mm&r=g\",\"caption\":\"admin\"},\"url\":\"https:\/\/feminissima.de\/index.php\/author\/admin\/\"}]}<\/script>\n<!-- \/ Yoast SEO plugin. -->","yoast_head_json":{"title":"Berliner Polizistenmord aufgekl\u00e4rt - Feminissima","robots":{"index":"index","follow":"follow","max-snippet":"max-snippet:-1","max-image-preview":"max-image-preview:large","max-video-preview":"max-video-preview:-1"},"canonical":"https:\/\/feminissima.de\/index.php\/2006\/03\/26\/berliner-polizistenmord-aufgeklaert\/","og_locale":"de_DE","og_type":"article","og_title":"Berliner Polizistenmord aufgekl\u00e4rt - Feminissima","og_description":"Eigentlich sei es ein Routine-Einsatz gewesen -","og_url":"https:\/\/feminissima.de\/index.php\/2006\/03\/26\/berliner-polizistenmord-aufgeklaert\/","og_site_name":"Feminissima","article_published_time":"2006-03-26T06:10:28+00:00","author":"admin","twitter_card":"summary_large_image","twitter_misc":{"Verfasst von":"admin","Gesch\u00e4tzte Lesezeit":"2\u00a0Minuten"},"schema":{"@context":"https:\/\/schema.org","@graph":[{"@type":"WebPage","@id":"https:\/\/feminissima.de\/index.php\/2006\/03\/26\/berliner-polizistenmord-aufgeklaert\/","url":"https:\/\/feminissima.de\/index.php\/2006\/03\/26\/berliner-polizistenmord-aufgeklaert\/","name":"Berliner Polizistenmord aufgekl\u00e4rt - Feminissima","isPartOf":{"@id":"https:\/\/feminissima.de\/#website"},"datePublished":"2006-03-26T06:10:28+00:00","dateModified":"2006-03-26T06:10:28+00:00","author":{"@id":"https:\/\/feminissima.de\/#\/schema\/person\/0b901e053624f88e7ecbea289d9d5128"},"breadcrumb":{"@id":"https:\/\/feminissima.de\/index.php\/2006\/03\/26\/berliner-polizistenmord-aufgeklaert\/#breadcrumb"},"inLanguage":"de","potentialAction":[{"@type":"ReadAction","target":["https:\/\/feminissima.de\/index.php\/2006\/03\/26\/berliner-polizistenmord-aufgeklaert\/"]}]},{"@type":"BreadcrumbList","@id":"https:\/\/feminissima.de\/index.php\/2006\/03\/26\/berliner-polizistenmord-aufgeklaert\/#breadcrumb","itemListElement":[{"@type":"ListItem","position":1,"name":"Startseite","item":"https:\/\/feminissima.de\/"},{"@type":"ListItem","position":2,"name":"Berliner Polizistenmord aufgekl\u00e4rt"}]},{"@type":"WebSite","@id":"https:\/\/feminissima.de\/#website","url":"https:\/\/feminissima.de\/","name":"Feminissima","description":"","potentialAction":[{"@type":"SearchAction","target":{"@type":"EntryPoint","urlTemplate":"https:\/\/feminissima.de\/?s={search_term_string}"},"query-input":"required name=search_term_string"}],"inLanguage":"de"},{"@type":"Person","@id":"https:\/\/feminissima.de\/#\/schema\/person\/0b901e053624f88e7ecbea289d9d5128","name":"admin","image":{"@type":"ImageObject","inLanguage":"de","@id":"https:\/\/feminissima.de\/#\/schema\/person\/image\/","url":"https:\/\/secure.gravatar.com\/avatar\/8da1f51327453c0bf63338e8e2a791948b7d2ac19b68839492d1e69aac6924a8?s=96&d=mm&r=g","contentUrl":"https:\/\/secure.gravatar.com\/avatar\/8da1f51327453c0bf63338e8e2a791948b7d2ac19b68839492d1e69aac6924a8?s=96&d=mm&r=g","caption":"admin"},"url":"https:\/\/feminissima.de\/index.php\/author\/admin\/"}]}},"jetpack_featured_media_url":"","_links":{"self":[{"href":"https:\/\/feminissima.de\/index.php\/wp-json\/wp\/v2\/posts\/84388","targetHints":{"allow":["GET"]}}],"collection":[{"href":"https:\/\/feminissima.de\/index.php\/wp-json\/wp\/v2\/posts"}],"about":[{"href":"https:\/\/feminissima.de\/index.php\/wp-json\/wp\/v2\/types\/post"}],"author":[{"embeddable":true,"href":"https:\/\/feminissima.de\/index.php\/wp-json\/wp\/v2\/users\/2"}],"replies":[{"embeddable":true,"href":"https:\/\/feminissima.de\/index.php\/wp-json\/wp\/v2\/comments?post=84388"}],"version-history":[{"count":0,"href":"https:\/\/feminissima.de\/index.php\/wp-json\/wp\/v2\/posts\/84388\/revisions"}],"wp:attachment":[{"href":"https:\/\/feminissima.de\/index.php\/wp-json\/wp\/v2\/media?parent=84388"}],"wp:term":[{"taxonomy":"category","embeddable":true,"href":"https:\/\/feminissima.de\/index.php\/wp-json\/wp\/v2\/categories?post=84388"},{"taxonomy":"post_tag","embeddable":true,"href":"https:\/\/feminissima.de\/index.php\/wp-json\/wp\/v2\/tags?post=84388"}],"curies":[{"name":"wp","href":"https:\/\/api.w.org\/{rel}","templated":true}]}}