{"id":84386,"date":"2006-03-24T17:20:59","date_gmt":"2006-03-24T17:20:59","guid":{"rendered":"http:\/\/www.feminissima.de\/?p=84386"},"modified":"2006-03-24T17:20:59","modified_gmt":"2006-03-24T17:20:59","slug":"buecherliste-gesellschaftskritik","status":"publish","type":"post","link":"https:\/\/feminissima.de\/index.php\/2006\/03\/24\/buecherliste-gesellschaftskritik\/","title":{"rendered":"B\u00fccherliste Gesellschaftskritik"},"content":{"rendered":"<p>Neil Postman und andere &#8230;vielleicht etwas f\u00fcr die kommenden Ferien&#8230;? Regelrechte Klassiker sind es, l\u00e4ngst.<br \/>Gesellschaftskritik<br \/>\n<br \/>\nDas Technopol<br \/>\n<br \/>\nISBN 3-10-062413-0  Die Macht der Technologien und die Entm\u00fcndung der Gesellschaft  Neil Postman<br \/>\n<br \/>\nFisher \u2013Verlag GmbH<br \/>\n<br \/>\nFrankfurt am Main 1992<\/p>\n<p>&#8222;Sekten&#8220;-Jagd<br \/>\n<br \/>\nISBN 3-905221-61-6  Die neue Intoleranz\u2013Fakten, Hindergr\u00fcnde, Einw\u00e4nde  Felix Fll\u00fclckiger<br \/>\n<br \/>\nAlpenland-Verlag GmbH<br \/>\n<br \/>\nZ\u00fcrich 1998<br \/>\n<br \/>\nDie Entfernung vom Wolfsrudel<br \/>\n<br \/>\nISBN 3-596-10430-0  Ueber den drohenden Krieg der Jungen gegen die Alten  Reimer Gronemeyer<br \/>\n<br \/>\nFischer-Verlag GmbH<br \/>\n<br \/>\nFrankfurt am Main<br \/>\n<br \/>\n1991<br \/>\n<br \/>\nWir am\u00fcsieren uns zu Tode<br \/>\n<br \/>\nISBN 3-596-24285-1  &#8222;Problematisch am Fernsehen ist nicht ,dass es uns unterhaltsame Themen pr\u00e4sentiert, problematisch ist ,dass es jedes Thema als Unterhaltung pr\u00e4sentiert&#8220;  Neil Postman<br \/>\n<br \/>\nFischer-Verlag GmbH<br \/>\n<br \/>\nFrankfurt am Main 1985<br \/>\n<br \/>\nDas Verschwinden der Kindheit<br \/>\n<br \/>\nISBN 3-596-23855-2  &#8222;&#8230; es ist f\u00fcr die elektronischen Medien unm\u00f6glich, irgendwelche Geheimnisse zu bewahren. Ohne Geheimnisse aber kann es so etwas wie Kindgeit nicht gehen.&#8220;  Neil Postman<\/p>\n<p>\nDer Griff nach den Kindern<br \/>\n<br \/>\nISBN 3-9212-13-14-2  Ideologische Herausforderung und die Antwort des christlichen Glaubens  Lutz von Padberg<br \/>\n<br \/>\nWalter Lohrey<br \/>\n<br \/>\nStephanus-Verlag GmbH<br \/>\n<br \/>\n7772 Uhldingen 1<\/p>\n","protected":false},"excerpt":{"rendered":"<p>Neil Postman und andere &#8230;vielleicht etwas f\u00fcr die kommenden Ferien&#8230;? Regelrechte Klassiker sind es, l\u00e4ngst.<\/p>\n","protected":false},"author":2,"featured_media":0,"comment_status":"closed","ping_status":"closed","sticky":false,"template":"","format":"standard","meta":{"footnotes":""},"categories":[9],"tags":[],"class_list":["post-84386","post","type-post","status-publish","format-standard","hentry","category-fembcher","entry"],"yoast_head":"<!-- This site is optimized with the Yoast SEO plugin v21.0 - https:\/\/yoast.com\/wordpress\/plugins\/seo\/ -->\n<title>B\u00fccherliste Gesellschaftskritik - Feminissima<\/title>\n<meta name=\"robots\" content=\"index, follow, max-snippet:-1, max-image-preview:large, max-video-preview:-1\" \/>\n<link rel=\"canonical\" href=\"https:\/\/feminissima.de\/index.php\/2006\/03\/24\/buecherliste-gesellschaftskritik\/\" \/>\n<meta property=\"og:locale\" content=\"de_DE\" \/>\n<meta property=\"og:type\" content=\"article\" \/>\n<meta property=\"og:title\" content=\"B\u00fccherliste Gesellschaftskritik - Feminissima\" \/>\n<meta property=\"og:description\" content=\"Neil Postman und andere ...vielleicht etwas f\u00fcr die kommenden Ferien...? Regelrechte Klassiker sind es, l\u00e4ngst.\" \/>\n<meta property=\"og:url\" content=\"https:\/\/feminissima.de\/index.php\/2006\/03\/24\/buecherliste-gesellschaftskritik\/\" \/>\n<meta property=\"og:site_name\" content=\"Feminissima\" \/>\n<meta property=\"article:published_time\" content=\"2006-03-24T17:20:59+00:00\" \/>\n<meta name=\"author\" content=\"admin\" \/>\n<meta name=\"twitter:card\" content=\"summary_large_image\" \/>\n<meta name=\"twitter:label1\" content=\"Verfasst von\" \/>\n\t<meta name=\"twitter:data1\" content=\"admin\" \/>\n\t<meta name=\"twitter:label2\" content=\"Gesch\u00e4tzte Lesezeit\" \/>\n\t<meta name=\"twitter:data2\" content=\"1\u00a0Minute\" \/>\n<script type=\"application\/ld+json\" class=\"yoast-schema-graph\">{\"@context\":\"https:\/\/schema.org\",\"@graph\":[{\"@type\":\"WebPage\",\"@id\":\"https:\/\/feminissima.de\/index.php\/2006\/03\/24\/buecherliste-gesellschaftskritik\/\",\"url\":\"https:\/\/feminissima.de\/index.php\/2006\/03\/24\/buecherliste-gesellschaftskritik\/\",\"name\":\"B\u00fccherliste Gesellschaftskritik - Feminissima\",\"isPartOf\":{\"@id\":\"https:\/\/feminissima.de\/#website\"},\"datePublished\":\"2006-03-24T17:20:59+00:00\",\"dateModified\":\"2006-03-24T17:20:59+00:00\",\"author\":{\"@id\":\"https:\/\/feminissima.de\/#\/schema\/person\/0b901e053624f88e7ecbea289d9d5128\"},\"breadcrumb\":{\"@id\":\"https:\/\/feminissima.de\/index.php\/2006\/03\/24\/buecherliste-gesellschaftskritik\/#breadcrumb\"},\"inLanguage\":\"de\",\"potentialAction\":[{\"@type\":\"ReadAction\",\"target\":[\"https:\/\/feminissima.de\/index.php\/2006\/03\/24\/buecherliste-gesellschaftskritik\/\"]}]},{\"@type\":\"BreadcrumbList\",\"@id\":\"https:\/\/feminissima.de\/index.php\/2006\/03\/24\/buecherliste-gesellschaftskritik\/#breadcrumb\",\"itemListElement\":[{\"@type\":\"ListItem\",\"position\":1,\"name\":\"Startseite\",\"item\":\"https:\/\/feminissima.de\/\"},{\"@type\":\"ListItem\",\"position\":2,\"name\":\"B\u00fccherliste Gesellschaftskritik\"}]},{\"@type\":\"WebSite\",\"@id\":\"https:\/\/feminissima.de\/#website\",\"url\":\"https:\/\/feminissima.de\/\",\"name\":\"Feminissima\",\"description\":\"\",\"potentialAction\":[{\"@type\":\"SearchAction\",\"target\":{\"@type\":\"EntryPoint\",\"urlTemplate\":\"https:\/\/feminissima.de\/?s={search_term_string}\"},\"query-input\":\"required name=search_term_string\"}],\"inLanguage\":\"de\"},{\"@type\":\"Person\",\"@id\":\"https:\/\/feminissima.de\/#\/schema\/person\/0b901e053624f88e7ecbea289d9d5128\",\"name\":\"admin\",\"image\":{\"@type\":\"ImageObject\",\"inLanguage\":\"de\",\"@id\":\"https:\/\/feminissima.de\/#\/schema\/person\/image\/\",\"url\":\"https:\/\/secure.gravatar.com\/avatar\/8da1f51327453c0bf63338e8e2a791948b7d2ac19b68839492d1e69aac6924a8?s=96&d=mm&r=g\",\"contentUrl\":\"https:\/\/secure.gravatar.com\/avatar\/8da1f51327453c0bf63338e8e2a791948b7d2ac19b68839492d1e69aac6924a8?s=96&d=mm&r=g\",\"caption\":\"admin\"},\"url\":\"https:\/\/feminissima.de\/index.php\/author\/admin\/\"}]}<\/script>\n<!-- \/ Yoast SEO plugin. -->","yoast_head_json":{"title":"B\u00fccherliste Gesellschaftskritik - Feminissima","robots":{"index":"index","follow":"follow","max-snippet":"max-snippet:-1","max-image-preview":"max-image-preview:large","max-video-preview":"max-video-preview:-1"},"canonical":"https:\/\/feminissima.de\/index.php\/2006\/03\/24\/buecherliste-gesellschaftskritik\/","og_locale":"de_DE","og_type":"article","og_title":"B\u00fccherliste Gesellschaftskritik - Feminissima","og_description":"Neil Postman und andere ...vielleicht etwas f\u00fcr die kommenden Ferien...? Regelrechte Klassiker sind es, l\u00e4ngst.","og_url":"https:\/\/feminissima.de\/index.php\/2006\/03\/24\/buecherliste-gesellschaftskritik\/","og_site_name":"Feminissima","article_published_time":"2006-03-24T17:20:59+00:00","author":"admin","twitter_card":"summary_large_image","twitter_misc":{"Verfasst von":"admin","Gesch\u00e4tzte Lesezeit":"1\u00a0Minute"},"schema":{"@context":"https:\/\/schema.org","@graph":[{"@type":"WebPage","@id":"https:\/\/feminissima.de\/index.php\/2006\/03\/24\/buecherliste-gesellschaftskritik\/","url":"https:\/\/feminissima.de\/index.php\/2006\/03\/24\/buecherliste-gesellschaftskritik\/","name":"B\u00fccherliste Gesellschaftskritik - Feminissima","isPartOf":{"@id":"https:\/\/feminissima.de\/#website"},"datePublished":"2006-03-24T17:20:59+00:00","dateModified":"2006-03-24T17:20:59+00:00","author":{"@id":"https:\/\/feminissima.de\/#\/schema\/person\/0b901e053624f88e7ecbea289d9d5128"},"breadcrumb":{"@id":"https:\/\/feminissima.de\/index.php\/2006\/03\/24\/buecherliste-gesellschaftskritik\/#breadcrumb"},"inLanguage":"de","potentialAction":[{"@type":"ReadAction","target":["https:\/\/feminissima.de\/index.php\/2006\/03\/24\/buecherliste-gesellschaftskritik\/"]}]},{"@type":"BreadcrumbList","@id":"https:\/\/feminissima.de\/index.php\/2006\/03\/24\/buecherliste-gesellschaftskritik\/#breadcrumb","itemListElement":[{"@type":"ListItem","position":1,"name":"Startseite","item":"https:\/\/feminissima.de\/"},{"@type":"ListItem","position":2,"name":"B\u00fccherliste Gesellschaftskritik"}]},{"@type":"WebSite","@id":"https:\/\/feminissima.de\/#website","url":"https:\/\/feminissima.de\/","name":"Feminissima","description":"","potentialAction":[{"@type":"SearchAction","target":{"@type":"EntryPoint","urlTemplate":"https:\/\/feminissima.de\/?s={search_term_string}"},"query-input":"required name=search_term_string"}],"inLanguage":"de"},{"@type":"Person","@id":"https:\/\/feminissima.de\/#\/schema\/person\/0b901e053624f88e7ecbea289d9d5128","name":"admin","image":{"@type":"ImageObject","inLanguage":"de","@id":"https:\/\/feminissima.de\/#\/schema\/person\/image\/","url":"https:\/\/secure.gravatar.com\/avatar\/8da1f51327453c0bf63338e8e2a791948b7d2ac19b68839492d1e69aac6924a8?s=96&d=mm&r=g","contentUrl":"https:\/\/secure.gravatar.com\/avatar\/8da1f51327453c0bf63338e8e2a791948b7d2ac19b68839492d1e69aac6924a8?s=96&d=mm&r=g","caption":"admin"},"url":"https:\/\/feminissima.de\/index.php\/author\/admin\/"}]}},"jetpack_featured_media_url":"","_links":{"self":[{"href":"https:\/\/feminissima.de\/index.php\/wp-json\/wp\/v2\/posts\/84386","targetHints":{"allow":["GET"]}}],"collection":[{"href":"https:\/\/feminissima.de\/index.php\/wp-json\/wp\/v2\/posts"}],"about":[{"href":"https:\/\/feminissima.de\/index.php\/wp-json\/wp\/v2\/types\/post"}],"author":[{"embeddable":true,"href":"https:\/\/feminissima.de\/index.php\/wp-json\/wp\/v2\/users\/2"}],"replies":[{"embeddable":true,"href":"https:\/\/feminissima.de\/index.php\/wp-json\/wp\/v2\/comments?post=84386"}],"version-history":[{"count":0,"href":"https:\/\/feminissima.de\/index.php\/wp-json\/wp\/v2\/posts\/84386\/revisions"}],"wp:attachment":[{"href":"https:\/\/feminissima.de\/index.php\/wp-json\/wp\/v2\/media?parent=84386"}],"wp:term":[{"taxonomy":"category","embeddable":true,"href":"https:\/\/feminissima.de\/index.php\/wp-json\/wp\/v2\/categories?post=84386"},{"taxonomy":"post_tag","embeddable":true,"href":"https:\/\/feminissima.de\/index.php\/wp-json\/wp\/v2\/tags?post=84386"}],"curies":[{"name":"wp","href":"https:\/\/api.w.org\/{rel}","templated":true}]}}