{"id":84381,"date":"2006-03-23T01:59:28","date_gmt":"2006-03-23T01:59:28","guid":{"rendered":"http:\/\/www.feminissima.de\/?p=84381"},"modified":"2006-03-23T01:59:28","modified_gmt":"2006-03-23T01:59:28","slug":"bildungstest-fuer-deutsche","status":"publish","type":"post","link":"https:\/\/feminissima.de\/index.php\/2006\/03\/23\/bildungstest-fuer-deutsche\/","title":{"rendered":"Bildungstest f\u00fcr Deutsche!"},"content":{"rendered":"<p>ob wohl der Durchschnittsdeutsche den Namen des Malers wei\u00df, auf Abruf, der den Kreidefelsen von R\u00fcgen so ber\u00fchmt hat werden lassen&#8230;?? Atmo-Text von der live-Site..<br \/>22.3. 06 \/186705.<br \/>gestern: 651<br \/>heute: 408<\/p>\n<p>Es ist &#8230;MITTAG&#8230;12 Uhr !<br \/>Stil-Stylistin Marion hat auch noch am Text herumgezupft, <br \/>er d\u00fcrfte jetzt genie\u00dfbar sein&#8230;<br \/>Essig und \u00d6l stehen dabei&#8230;Vorsicht mit dem \u00d6l, leicht brennbar.<br \/>Und Essig solls ja auch nicht..<\/p>\n<p>Tippfehlerliesel geht gerade noch einmal \u00fcber den 2. Teil des Textes. Ja, das Board ist fast durchgeschrieben, ist schon das zweite&#8230;die Buchstaben klemmen zuweilen, beim shcnedllen (da! schon wieder! soll &#8222;schnell&#8220; hei\u00dfen!) live-Schreiben, hier direkt vor Ort, jetzt ist es 11 Uhr 40 &#8211; also, Liesel schwingt den Korrekur-Lappen! <\/p>\n<p><\/p>\n<table width=\"100%\">\n<tr>\n<td style=\"background-image=url('images\/monet-heller.jpg')\"><font size=\"+1\"><\/p>\n<p>ansonsten R\u00fcckgabe der B\u00fcrger-schaft&#8230;.<br \/>der Staatsb\u00fcrgerschaft&#8230;<\/p>\n<p>Bitte SEHR:<br \/>Hier ein Korb frischer Gedanken!<\/p>\n<p>Guten Morgen!<\/p>\n<p>Willkommen!<\/p>\n<p>Es ist 10 Uhr 40 a. m. in Berlin &#8211; und die Sonne &#8211; <\/p>\n<p>sie scheint.<\/p>\n<p>Crissy spitzt gerade die Stifte an..<\/p>\n<p>hold on !<\/p>\n<p>Ja, du liest ja kariert, <br \/>wenn du all die google-online-Schlagzeilen \u00fcberfliegst <br \/>und da kommt <br \/>Entz\u00fccken auf.<\/p>\n<p>Und zuletzt bleiben Info-Fetzen an dir h\u00e4ngen,<br \/>wie Kleiderreste an einem Stachelzaun,<br \/>Moment-Skizzen und Atmos, <br \/>und deine eigenen Gedanken \u00fcberst\u00fcrzen sich, hoppla, Purzelbaum! <br \/>und die Frage, klammheimlich, die sich anpirscht:<\/p>\n<p>WAS ist &#8222;wahr&#8220; von all der Buchstabenflut und dem headline-WirrWarr?<\/p>\n<p>&#8222;Brauchbar&#8220;, &#8222;verwertbar?&#8220;.<\/p>\n<p>Denn es sind doch letztlich  &#8222;news&#8220; aus zweiter Hand.<br \/>Second-Hand-News.<br \/>Weder hast du den neuen bunten<br \/>\n<br \/>\nFragenkatalog f\u00fcr <br \/>deutscheinb\u00fcrgerungswillige<br \/>Einwanderer<br \/>auf deinem Nachttisch liegen,<br \/>noch k\u00f6nntest du auf der Stelle<br \/>die Frage beantworten,<br \/>ob dieser \u00fcberhaupt bereits in gedruckter Form existiert.<\/p>\n<p>Da wir leider auch kein AFGHANISCH <br \/>(wie hei\u00dft die Sprache dort, geh\u00f6rt sie zum turkmenischen Sprachenstamm?? Los Crissy, lauf mal ins Bildungs-Archiv!!) <\/p>\n<p>beherrschen,<br \/>k\u00f6nnen wir auch keineswegs<br \/>beurteilen,<br \/>ob die Regierung Afghanistans nun emp\u00f6rt ist \u00fcber die<br \/>&#8222;Einmischung&#8220; des Westens <br \/>oder nicht.<br \/>Andererseits, existierte sie denn \u00fcberhaupt ohne den Westen??<br \/>Darf sie demokratisch sein, <br \/>oder gr\u00e4bt ihr das jeden Saft zu den Nachbarn ab&#8230;?<\/p>\n<p> 10 Uhr 50\/ Berlin&#8230;<\/p>\n<p> Was uns Angst einjagt, eine elementare, <br \/>ist die Erkenntnis, <br \/>dass jemand get\u00f6tet werden soll, <br \/>der ausgerechnet &#8222;unsere&#8220; Religion,<br \/>das Christentum, gew\u00e4hlt hat.<\/p>\n<p>Dar\u00fcber nachzudenken macht dich &#8211; ja, neben aller Best\u00fcrzung &#8211; nur traurig.<br \/>Denn das bedeutete,<br \/>dass all die Jahre im Glauben..<br \/>(auch das Wort kannst du ja nicht einmal mehr in allgemeinsprachlicher Form benutzen&#8230;ohne verd\u00e4chtig zu werden&#8230;!!)<br \/>an eine V\u00f6lkerverst\u00e4ndigung, <br \/>dass die unstillbare Liebe zu anderen Kulturen,<br \/> Menschen anderer Kulturen &#8211; <br \/>dass dies alles letztlich nur &#8222;einseitig&#8220; gewesen sein soll?<br \/>Bzw. nur &#8222;einseitig sein darf?&#8220;<br \/>Dass wir so &#8218;gef\u00e4hrlich&#8216; f\u00fcr &#8222;sie&#8220; sind,<br \/>dass jede Ann\u00e4herung an uns deren sicheren Tod bedeutet?!<br \/> W\u00fcrden sie &#8222;unseren&#8220; Glauben \u00fcbernehmen?<br \/>Unseren Lebensstil?<br \/>Es fallen dir wieder Worte ein, S\u00e4tze,<br \/>die du nie wirklich ernstgenommen, weil dir unvorstellbar, <br \/>die du als \u00dcbertreibung abgetan hattest, <\/p>\n<p>wie etwa:<br \/>&#8222;Kein Muslim darf Christ werden&#8220;&#8230;<\/p>\n<p>All die Geheimnisse, die junge Moslems vor ihrer Sippe haben, <br \/>oder in einem Doppel-Dasein verschlissen werden<br \/> oder &#8211; wie wir in Berlin zuletzt grausig erlebten:<br \/>Die junge Kurdin,  die von ihren Br\u00fcdern umgebracht wurde;<br \/>weil sie einen Deutschen liebte, <br \/>einen Christen; <br \/>weil sie sich von ihrem Zwangsehe-&#8222;Ehemann&#8220; getrennt hatte. <br \/>Weil sie &#8211; <\/p>\n<p>&#8222;westlich&#8220; lebte.<\/p>\n<p>Die Frage darf aber erlaubt sein, <\/p>\n<p>WARUM str\u00f6men sie dann in den Westen, tous les musulmans, <br \/>wenn denn die konkrete Ann\u00e4herung an uns, die Menschen des &#8222;Westens&#8220;<br \/>den Tod jener Angeh\u00f6rigen bedeutetet,<br \/>die in einem neuen Land, <br \/>einer neuen und moderneren Kultur, <br \/>einem Verlangen nach Bildung, Freiheit, Unversehrtheit  &#8211; <br \/>ihre SELBSTVERWIRKLICHUNG <br \/>sehen..??<\/p>\n<p>Geht es denn wirklich nur um&#8217;s Geld?<\/p>\n<p>Oder sind das letztlich doch nur alles  Ausw\u00fcrfe eines zunehmenden Extremismus auf allen Seiten, <br \/>auch den westlichen, <\/p>\n<p>Abfallprodukte einer verfehlten Politik,<br \/>die des Westens immer schlauer als alle anderen &#8211; ! <\/p>\n<p>UND WIR, die Menschen, bleiben im Privaten doch das, was wir vorher auch waren: <br \/>sehr gut oder locker befreundet mit unseren muslimischen,<br \/> aber auch j\u00fcdischen, <br \/>aber auch freikirchlichen,<br \/> evangelischen, katholischen <br \/>und buddhistischen FreundInnen&#8230;<\/p>\n<p>So wie wir nicht alle (deutschen) Landsleute m\u00f6gen,<br \/>g\u00f6nnen wir uns auch die Freiheit der Wahl bei jenen,<br \/>mit denen wir aus anderen L\u00e4ndern und Sprachen zusammen sein m\u00f6chten, wenn sie uns auch sympa finden..<\/p>\n<p>Jedes andere Argument w\u00e4re &#8230;sehr sehr weit hergeholt, <br \/>und w\u00fcrde lediglich einer fundamentalistischen Ultra-Regierung in Deutschland (CDU\/CSU), <br \/>in die H\u00e4nde arbeiten,<br \/>bei weg-tauender-dahin-schmilzender-SPD, <br \/>der galoppierenden Unsichtbarkeit von FDP,<br \/>von  GR\u00dcNEN und der &#8222;LINKSPARTEI&#8220; &#8211; .<\/p>\n<p>es ist 11 Uhr 35 &#8211; <\/p>\n<p>Und gerade dieser Tage lief ein ARD-Feature<br \/> \u00fcber die traumhafte Sch\u00f6nheit &#038; Schnittigkeit.. eines neuen EU-BOMBERS&#8230;<br \/>solche hymnischen Reportagen im ERSTEN PROGRAMM , diese unverhohlene Propaganda f\u00fcr ein Kriegswerkzeug&#8230;<br \/>w\u00e4ren noch vor ein paar Jahren &#8211; <\/p>\n<p>undenkbar &#8230;..<\/p>\n<p>gewesen.<\/p>\n<p>Es ist 11 Uhr 30  &#8211; <\/p>\n<p>Und nach der Korrektur 11 Uhr 55.<\/p>\n<p>\n<\/td>\n<\/tr>\n<\/table>\n","protected":false},"excerpt":{"rendered":"<p>ob wohl der Durchschnittsdeutsche den Namen des Malers wei\u00df, auf Abruf, der den Kreidefelsen von R\u00fcgen so ber\u00fchmt hat werden lassen&#8230;?? Atmo-Text von der live-Site..<\/p>\n","protected":false},"author":2,"featured_media":0,"comment_status":"closed","ping_status":"closed","sticky":false,"template":"","format":"standard","meta":{"footnotes":""},"categories":[14],"tags":[],"class_list":["post-84381","post","type-post","status-publish","format-standard","hentry","category-fempolitik","entry"],"yoast_head":"<!-- This site is optimized with the Yoast SEO plugin v21.0 - https:\/\/yoast.com\/wordpress\/plugins\/seo\/ -->\n<title>Bildungstest f\u00fcr Deutsche! - Feminissima<\/title>\n<meta name=\"robots\" content=\"index, follow, max-snippet:-1, max-image-preview:large, max-video-preview:-1\" \/>\n<link rel=\"canonical\" href=\"https:\/\/feminissima.de\/index.php\/2006\/03\/23\/bildungstest-fuer-deutsche\/\" \/>\n<meta property=\"og:locale\" content=\"de_DE\" \/>\n<meta property=\"og:type\" content=\"article\" \/>\n<meta property=\"og:title\" content=\"Bildungstest f\u00fcr Deutsche! - Feminissima\" \/>\n<meta property=\"og:description\" content=\"ob wohl der Durchschnittsdeutsche den Namen des Malers wei\u00df, auf Abruf, der den Kreidefelsen von R\u00fcgen so ber\u00fchmt hat werden lassen...?? Atmo-Text von der live-Site..\" \/>\n<meta property=\"og:url\" content=\"https:\/\/feminissima.de\/index.php\/2006\/03\/23\/bildungstest-fuer-deutsche\/\" \/>\n<meta property=\"og:site_name\" content=\"Feminissima\" \/>\n<meta property=\"article:published_time\" content=\"2006-03-23T01:59:28+00:00\" \/>\n<meta name=\"author\" content=\"admin\" \/>\n<meta name=\"twitter:card\" content=\"summary_large_image\" \/>\n<meta name=\"twitter:label1\" content=\"Verfasst von\" \/>\n\t<meta name=\"twitter:data1\" content=\"admin\" \/>\n\t<meta name=\"twitter:label2\" content=\"Gesch\u00e4tzte Lesezeit\" \/>\n\t<meta name=\"twitter:data2\" content=\"4\u00a0Minuten\" \/>\n<script type=\"application\/ld+json\" class=\"yoast-schema-graph\">{\"@context\":\"https:\/\/schema.org\",\"@graph\":[{\"@type\":\"WebPage\",\"@id\":\"https:\/\/feminissima.de\/index.php\/2006\/03\/23\/bildungstest-fuer-deutsche\/\",\"url\":\"https:\/\/feminissima.de\/index.php\/2006\/03\/23\/bildungstest-fuer-deutsche\/\",\"name\":\"Bildungstest f\u00fcr Deutsche! - Feminissima\",\"isPartOf\":{\"@id\":\"https:\/\/feminissima.de\/#website\"},\"datePublished\":\"2006-03-23T01:59:28+00:00\",\"dateModified\":\"2006-03-23T01:59:28+00:00\",\"author\":{\"@id\":\"https:\/\/feminissima.de\/#\/schema\/person\/0b901e053624f88e7ecbea289d9d5128\"},\"breadcrumb\":{\"@id\":\"https:\/\/feminissima.de\/index.php\/2006\/03\/23\/bildungstest-fuer-deutsche\/#breadcrumb\"},\"inLanguage\":\"de\",\"potentialAction\":[{\"@type\":\"ReadAction\",\"target\":[\"https:\/\/feminissima.de\/index.php\/2006\/03\/23\/bildungstest-fuer-deutsche\/\"]}]},{\"@type\":\"BreadcrumbList\",\"@id\":\"https:\/\/feminissima.de\/index.php\/2006\/03\/23\/bildungstest-fuer-deutsche\/#breadcrumb\",\"itemListElement\":[{\"@type\":\"ListItem\",\"position\":1,\"name\":\"Startseite\",\"item\":\"https:\/\/feminissima.de\/\"},{\"@type\":\"ListItem\",\"position\":2,\"name\":\"Bildungstest f\u00fcr Deutsche!\"}]},{\"@type\":\"WebSite\",\"@id\":\"https:\/\/feminissima.de\/#website\",\"url\":\"https:\/\/feminissima.de\/\",\"name\":\"Feminissima\",\"description\":\"\",\"potentialAction\":[{\"@type\":\"SearchAction\",\"target\":{\"@type\":\"EntryPoint\",\"urlTemplate\":\"https:\/\/feminissima.de\/?s={search_term_string}\"},\"query-input\":\"required name=search_term_string\"}],\"inLanguage\":\"de\"},{\"@type\":\"Person\",\"@id\":\"https:\/\/feminissima.de\/#\/schema\/person\/0b901e053624f88e7ecbea289d9d5128\",\"name\":\"admin\",\"image\":{\"@type\":\"ImageObject\",\"inLanguage\":\"de\",\"@id\":\"https:\/\/feminissima.de\/#\/schema\/person\/image\/\",\"url\":\"https:\/\/secure.gravatar.com\/avatar\/8da1f51327453c0bf63338e8e2a791948b7d2ac19b68839492d1e69aac6924a8?s=96&d=mm&r=g\",\"contentUrl\":\"https:\/\/secure.gravatar.com\/avatar\/8da1f51327453c0bf63338e8e2a791948b7d2ac19b68839492d1e69aac6924a8?s=96&d=mm&r=g\",\"caption\":\"admin\"},\"url\":\"https:\/\/feminissima.de\/index.php\/author\/admin\/\"}]}<\/script>\n<!-- \/ Yoast SEO plugin. -->","yoast_head_json":{"title":"Bildungstest f\u00fcr Deutsche! - Feminissima","robots":{"index":"index","follow":"follow","max-snippet":"max-snippet:-1","max-image-preview":"max-image-preview:large","max-video-preview":"max-video-preview:-1"},"canonical":"https:\/\/feminissima.de\/index.php\/2006\/03\/23\/bildungstest-fuer-deutsche\/","og_locale":"de_DE","og_type":"article","og_title":"Bildungstest f\u00fcr Deutsche! - Feminissima","og_description":"ob wohl der Durchschnittsdeutsche den Namen des Malers wei\u00df, auf Abruf, der den Kreidefelsen von R\u00fcgen so ber\u00fchmt hat werden lassen...?? Atmo-Text von der live-Site..","og_url":"https:\/\/feminissima.de\/index.php\/2006\/03\/23\/bildungstest-fuer-deutsche\/","og_site_name":"Feminissima","article_published_time":"2006-03-23T01:59:28+00:00","author":"admin","twitter_card":"summary_large_image","twitter_misc":{"Verfasst von":"admin","Gesch\u00e4tzte Lesezeit":"4\u00a0Minuten"},"schema":{"@context":"https:\/\/schema.org","@graph":[{"@type":"WebPage","@id":"https:\/\/feminissima.de\/index.php\/2006\/03\/23\/bildungstest-fuer-deutsche\/","url":"https:\/\/feminissima.de\/index.php\/2006\/03\/23\/bildungstest-fuer-deutsche\/","name":"Bildungstest f\u00fcr Deutsche! - Feminissima","isPartOf":{"@id":"https:\/\/feminissima.de\/#website"},"datePublished":"2006-03-23T01:59:28+00:00","dateModified":"2006-03-23T01:59:28+00:00","author":{"@id":"https:\/\/feminissima.de\/#\/schema\/person\/0b901e053624f88e7ecbea289d9d5128"},"breadcrumb":{"@id":"https:\/\/feminissima.de\/index.php\/2006\/03\/23\/bildungstest-fuer-deutsche\/#breadcrumb"},"inLanguage":"de","potentialAction":[{"@type":"ReadAction","target":["https:\/\/feminissima.de\/index.php\/2006\/03\/23\/bildungstest-fuer-deutsche\/"]}]},{"@type":"BreadcrumbList","@id":"https:\/\/feminissima.de\/index.php\/2006\/03\/23\/bildungstest-fuer-deutsche\/#breadcrumb","itemListElement":[{"@type":"ListItem","position":1,"name":"Startseite","item":"https:\/\/feminissima.de\/"},{"@type":"ListItem","position":2,"name":"Bildungstest f\u00fcr Deutsche!"}]},{"@type":"WebSite","@id":"https:\/\/feminissima.de\/#website","url":"https:\/\/feminissima.de\/","name":"Feminissima","description":"","potentialAction":[{"@type":"SearchAction","target":{"@type":"EntryPoint","urlTemplate":"https:\/\/feminissima.de\/?s={search_term_string}"},"query-input":"required name=search_term_string"}],"inLanguage":"de"},{"@type":"Person","@id":"https:\/\/feminissima.de\/#\/schema\/person\/0b901e053624f88e7ecbea289d9d5128","name":"admin","image":{"@type":"ImageObject","inLanguage":"de","@id":"https:\/\/feminissima.de\/#\/schema\/person\/image\/","url":"https:\/\/secure.gravatar.com\/avatar\/8da1f51327453c0bf63338e8e2a791948b7d2ac19b68839492d1e69aac6924a8?s=96&d=mm&r=g","contentUrl":"https:\/\/secure.gravatar.com\/avatar\/8da1f51327453c0bf63338e8e2a791948b7d2ac19b68839492d1e69aac6924a8?s=96&d=mm&r=g","caption":"admin"},"url":"https:\/\/feminissima.de\/index.php\/author\/admin\/"}]}},"jetpack_featured_media_url":"","_links":{"self":[{"href":"https:\/\/feminissima.de\/index.php\/wp-json\/wp\/v2\/posts\/84381","targetHints":{"allow":["GET"]}}],"collection":[{"href":"https:\/\/feminissima.de\/index.php\/wp-json\/wp\/v2\/posts"}],"about":[{"href":"https:\/\/feminissima.de\/index.php\/wp-json\/wp\/v2\/types\/post"}],"author":[{"embeddable":true,"href":"https:\/\/feminissima.de\/index.php\/wp-json\/wp\/v2\/users\/2"}],"replies":[{"embeddable":true,"href":"https:\/\/feminissima.de\/index.php\/wp-json\/wp\/v2\/comments?post=84381"}],"version-history":[{"count":0,"href":"https:\/\/feminissima.de\/index.php\/wp-json\/wp\/v2\/posts\/84381\/revisions"}],"wp:attachment":[{"href":"https:\/\/feminissima.de\/index.php\/wp-json\/wp\/v2\/media?parent=84381"}],"wp:term":[{"taxonomy":"category","embeddable":true,"href":"https:\/\/feminissima.de\/index.php\/wp-json\/wp\/v2\/categories?post=84381"},{"taxonomy":"post_tag","embeddable":true,"href":"https:\/\/feminissima.de\/index.php\/wp-json\/wp\/v2\/tags?post=84381"}],"curies":[{"name":"wp","href":"https:\/\/api.w.org\/{rel}","templated":true}]}}