{"id":84343,"date":"2006-03-09T04:43:04","date_gmt":"2006-03-09T04:43:04","guid":{"rendered":"http:\/\/www.feminissima.de\/?p=84343"},"modified":"2006-03-09T04:43:04","modified_gmt":"2006-03-09T04:43:04","slug":"vogelgrippe-zwei-todesfaelle-an-ddorfer-gymnasium","status":"publish","type":"post","link":"https:\/\/feminissima.de\/index.php\/2006\/03\/09\/vogelgrippe-zwei-todesfaelle-an-ddorfer-gymnasium\/","title":{"rendered":"Vogelgrippe?? Zwei Todesf\u00e4lle an D&#8217;dorfer Gymnasium"},"content":{"rendered":"<p>Sie waren 11 und 13 Jahre alt.<br \/>\n<br \/>\nSind einfach so an einer Krankheit gestorben.<br \/>\n<br \/>\nDAs klingt sonderbar, oder?<br \/>\n<br \/>\nIn unserem hochzivilisierten Land?<br \/>\n<br \/>\nwdr-online, vom 8.3.2006<br \/>Untreue-Verdacht gegen Reiner Calmund<br \/>\n<br \/>\nTodesf\u00e4lle an D\u00fcsseldorfer Gymnasium<br \/>\n<br \/>\nAnklage wegen Dialer-Betrugs<br \/>\n<br \/>\nK\u00f6-Juwelier- Prozess: Aussage verweigert<br \/>\n<br \/>\nSchmerzensgeld nach K\u00f6lner Polizeiskandal <\/p>\n<p>\nStand vom 08.03.2006<br \/>\n<br \/>\nTodesf\u00e4lle an D\u00fcsseldorfer Gymnasium<br \/>\n<br \/>\nBeh\u00f6rden: keine Anhaltspunkte f\u00fcr Epidemie<\/p>\n<p>Innerhalb weniger Tage sind in D\u00fcsseldorf zwei Sch\u00fclerinnen eines Gymnasiums gestorben. <\/p>\n<p>Besorgte Eltern brachten ihre Kinder vorsorglich in Kliniken. Ihre Bef\u00fcrchtung: eine Epidemie. Am Mittwoch (08.03.06) gab das D\u00fcsseldorfer Gesundheitsamt seine Untersuchungsergebnisse bekannt.<\/p>\n<p>\nZwei Todesf\u00e4lle am Suitbertus-Gymnasium<br \/>\n<br \/>\nDie Eltern der Sch\u00fcler des Suitbertus-Gymnasiums in D\u00fcsseldorf-Kaiserswerth waren sehr besorgt: In der Nacht zum Samstag (04.03.06) verstarb ein elfj\u00e4hriges M\u00e4dchen, am Montag (06.03.06) starb eine 13-j\u00e4hrige Sch\u00fclerin. Nach Angaben des D\u00fcsseldorfer Gesundheitsamtes haben die beiden Todesf\u00e4lle jedoch nichts miteinander zu tun. Beide M\u00e4dchen litten an unterschiedlichen Krankheiten, die keinerlei Anzeichen einer besonderen Infektionsgefahr vorweisen.<\/p>\n<p> Die zeitliche N\u00e4he sei ein tragischer Zufall. Die Todesursachen wurden mit Hinweis auf die \u00e4rztliche Schweigepflicht nicht genannt. Ger\u00fcchte, nach denen auch Sch\u00fcler eines anderen D\u00fcsseldorfer Gymnasiums gestorben sein sollen, haben sich als falsch erwiesen.<\/p>\n<p>\nSch\u00fcler blieben zu Hause<br \/>\n<br \/>\nVideo<br \/>\n<br \/>\nTodesf\u00e4lle an D\u00fcsseldorfer Gymnasium<br \/>\n<br \/>\n[Aktuelle Stunde (08.03.06); 3&#8217;12] Trotz der Entwarnung fiel der Unterricht am Suitbertus-Gymnasium am Mittwoch aus. Schulleiter Hans Tenhaken hatte es den Eltern der Sch\u00fcler freigestellt, ihre Kinder zu Hause zu lassen. Ab Donnerstag (09.03.06) soll der normale Unterrichtsbetrieb wieder aufgenommen werden. Laut Tenhaken besteht auch kein Grund, besondere Ma\u00dfnahmen zum Schutz der Gesundheit der Sch\u00fcler zu ergreifen.<\/p>\n<p>Auch die D\u00fcsseldorfer Polizei sieht aufgrund der Eindeutigkeit der Krankheiten keinerlei Notwendigkeit, Ermittlungen in den zwei Todesf\u00e4llen aufzunehmen. Besorgte Eltern hatten sich in den vergangenen Tagen mehrfach bei den Beamten nach dem Sachstand erkundigt.<\/p>\n<p>Am Mittwoch bietet das Suitbertus-Gymnasium einen Informationsabend f\u00fcr besorgte Eltern an. Der Leiter der Kinderabteilung der Diakonie, Prof. Dr. Lilien-Waldau, und ein Vertreter des Gesundheitsamtes werden um 19.30 Uhr in der Schule Auskunft geben.<\/p>\n<p>\u00a9 WDR 2006 <\/p>\n","protected":false},"excerpt":{"rendered":"<p>Sie waren 11 und 13 Jahre alt.<br \/>\n<br \/>\nSind einfach so an einer Krankheit gestorben.<br \/>\n<br \/>\nDAs klingt sonderbar, oder?<br \/>\n<br \/>\nIn unserem hochzivilisierten Land?<br \/>\n<br \/>\nwdr-online, vom 8.3.2006<\/p>\n","protected":false},"author":2,"featured_media":0,"comment_status":"closed","ping_status":"closed","sticky":false,"template":"","format":"standard","meta":{"footnotes":""},"categories":[10],"tags":[],"class_list":["post-84343","post","type-post","status-publish","format-standard","hentry","category-femgesundheit","entry"],"yoast_head":"<!-- This site is optimized with the Yoast SEO plugin v21.0 - https:\/\/yoast.com\/wordpress\/plugins\/seo\/ -->\n<title>Vogelgrippe?? Zwei Todesf\u00e4lle an D&#039;dorfer Gymnasium - Feminissima<\/title>\n<meta name=\"robots\" content=\"index, follow, max-snippet:-1, max-image-preview:large, max-video-preview:-1\" \/>\n<link rel=\"canonical\" href=\"https:\/\/feminissima.de\/index.php\/2006\/03\/09\/vogelgrippe-zwei-todesfaelle-an-ddorfer-gymnasium\/\" \/>\n<meta property=\"og:locale\" content=\"de_DE\" \/>\n<meta property=\"og:type\" content=\"article\" \/>\n<meta property=\"og:title\" content=\"Vogelgrippe?? Zwei Todesf\u00e4lle an D&#039;dorfer Gymnasium - Feminissima\" \/>\n<meta property=\"og:description\" content=\"Sie waren 11 und 13 Jahre alt. Sind einfach so an einer Krankheit gestorben. DAs klingt sonderbar, oder? In unserem hochzivilisierten Land? wdr-online, vom 8.3.2006\" \/>\n<meta property=\"og:url\" content=\"https:\/\/feminissima.de\/index.php\/2006\/03\/09\/vogelgrippe-zwei-todesfaelle-an-ddorfer-gymnasium\/\" \/>\n<meta property=\"og:site_name\" content=\"Feminissima\" \/>\n<meta property=\"article:published_time\" content=\"2006-03-09T04:43:04+00:00\" \/>\n<meta name=\"author\" content=\"admin\" \/>\n<meta name=\"twitter:card\" content=\"summary_large_image\" \/>\n<meta name=\"twitter:label1\" content=\"Verfasst von\" \/>\n\t<meta name=\"twitter:data1\" content=\"admin\" \/>\n\t<meta name=\"twitter:label2\" content=\"Gesch\u00e4tzte Lesezeit\" \/>\n\t<meta name=\"twitter:data2\" content=\"2\u00a0Minuten\" \/>\n<script type=\"application\/ld+json\" class=\"yoast-schema-graph\">{\"@context\":\"https:\/\/schema.org\",\"@graph\":[{\"@type\":\"WebPage\",\"@id\":\"https:\/\/feminissima.de\/index.php\/2006\/03\/09\/vogelgrippe-zwei-todesfaelle-an-ddorfer-gymnasium\/\",\"url\":\"https:\/\/feminissima.de\/index.php\/2006\/03\/09\/vogelgrippe-zwei-todesfaelle-an-ddorfer-gymnasium\/\",\"name\":\"Vogelgrippe?? Zwei Todesf\u00e4lle an D'dorfer Gymnasium - Feminissima\",\"isPartOf\":{\"@id\":\"https:\/\/feminissima.de\/#website\"},\"datePublished\":\"2006-03-09T04:43:04+00:00\",\"dateModified\":\"2006-03-09T04:43:04+00:00\",\"author\":{\"@id\":\"https:\/\/feminissima.de\/#\/schema\/person\/0b901e053624f88e7ecbea289d9d5128\"},\"breadcrumb\":{\"@id\":\"https:\/\/feminissima.de\/index.php\/2006\/03\/09\/vogelgrippe-zwei-todesfaelle-an-ddorfer-gymnasium\/#breadcrumb\"},\"inLanguage\":\"de\",\"potentialAction\":[{\"@type\":\"ReadAction\",\"target\":[\"https:\/\/feminissima.de\/index.php\/2006\/03\/09\/vogelgrippe-zwei-todesfaelle-an-ddorfer-gymnasium\/\"]}]},{\"@type\":\"BreadcrumbList\",\"@id\":\"https:\/\/feminissima.de\/index.php\/2006\/03\/09\/vogelgrippe-zwei-todesfaelle-an-ddorfer-gymnasium\/#breadcrumb\",\"itemListElement\":[{\"@type\":\"ListItem\",\"position\":1,\"name\":\"Startseite\",\"item\":\"https:\/\/feminissima.de\/\"},{\"@type\":\"ListItem\",\"position\":2,\"name\":\"Vogelgrippe?? Zwei Todesf\u00e4lle an D&#8217;dorfer Gymnasium\"}]},{\"@type\":\"WebSite\",\"@id\":\"https:\/\/feminissima.de\/#website\",\"url\":\"https:\/\/feminissima.de\/\",\"name\":\"Feminissima\",\"description\":\"\",\"potentialAction\":[{\"@type\":\"SearchAction\",\"target\":{\"@type\":\"EntryPoint\",\"urlTemplate\":\"https:\/\/feminissima.de\/?s={search_term_string}\"},\"query-input\":\"required name=search_term_string\"}],\"inLanguage\":\"de\"},{\"@type\":\"Person\",\"@id\":\"https:\/\/feminissima.de\/#\/schema\/person\/0b901e053624f88e7ecbea289d9d5128\",\"name\":\"admin\",\"image\":{\"@type\":\"ImageObject\",\"inLanguage\":\"de\",\"@id\":\"https:\/\/feminissima.de\/#\/schema\/person\/image\/\",\"url\":\"https:\/\/secure.gravatar.com\/avatar\/8da1f51327453c0bf63338e8e2a791948b7d2ac19b68839492d1e69aac6924a8?s=96&d=mm&r=g\",\"contentUrl\":\"https:\/\/secure.gravatar.com\/avatar\/8da1f51327453c0bf63338e8e2a791948b7d2ac19b68839492d1e69aac6924a8?s=96&d=mm&r=g\",\"caption\":\"admin\"},\"url\":\"https:\/\/feminissima.de\/index.php\/author\/admin\/\"}]}<\/script>\n<!-- \/ Yoast SEO plugin. -->","yoast_head_json":{"title":"Vogelgrippe?? Zwei Todesf\u00e4lle an D'dorfer Gymnasium - Feminissima","robots":{"index":"index","follow":"follow","max-snippet":"max-snippet:-1","max-image-preview":"max-image-preview:large","max-video-preview":"max-video-preview:-1"},"canonical":"https:\/\/feminissima.de\/index.php\/2006\/03\/09\/vogelgrippe-zwei-todesfaelle-an-ddorfer-gymnasium\/","og_locale":"de_DE","og_type":"article","og_title":"Vogelgrippe?? Zwei Todesf\u00e4lle an D'dorfer Gymnasium - Feminissima","og_description":"Sie waren 11 und 13 Jahre alt. Sind einfach so an einer Krankheit gestorben. DAs klingt sonderbar, oder? In unserem hochzivilisierten Land? wdr-online, vom 8.3.2006","og_url":"https:\/\/feminissima.de\/index.php\/2006\/03\/09\/vogelgrippe-zwei-todesfaelle-an-ddorfer-gymnasium\/","og_site_name":"Feminissima","article_published_time":"2006-03-09T04:43:04+00:00","author":"admin","twitter_card":"summary_large_image","twitter_misc":{"Verfasst von":"admin","Gesch\u00e4tzte Lesezeit":"2\u00a0Minuten"},"schema":{"@context":"https:\/\/schema.org","@graph":[{"@type":"WebPage","@id":"https:\/\/feminissima.de\/index.php\/2006\/03\/09\/vogelgrippe-zwei-todesfaelle-an-ddorfer-gymnasium\/","url":"https:\/\/feminissima.de\/index.php\/2006\/03\/09\/vogelgrippe-zwei-todesfaelle-an-ddorfer-gymnasium\/","name":"Vogelgrippe?? Zwei Todesf\u00e4lle an D'dorfer Gymnasium - Feminissima","isPartOf":{"@id":"https:\/\/feminissima.de\/#website"},"datePublished":"2006-03-09T04:43:04+00:00","dateModified":"2006-03-09T04:43:04+00:00","author":{"@id":"https:\/\/feminissima.de\/#\/schema\/person\/0b901e053624f88e7ecbea289d9d5128"},"breadcrumb":{"@id":"https:\/\/feminissima.de\/index.php\/2006\/03\/09\/vogelgrippe-zwei-todesfaelle-an-ddorfer-gymnasium\/#breadcrumb"},"inLanguage":"de","potentialAction":[{"@type":"ReadAction","target":["https:\/\/feminissima.de\/index.php\/2006\/03\/09\/vogelgrippe-zwei-todesfaelle-an-ddorfer-gymnasium\/"]}]},{"@type":"BreadcrumbList","@id":"https:\/\/feminissima.de\/index.php\/2006\/03\/09\/vogelgrippe-zwei-todesfaelle-an-ddorfer-gymnasium\/#breadcrumb","itemListElement":[{"@type":"ListItem","position":1,"name":"Startseite","item":"https:\/\/feminissima.de\/"},{"@type":"ListItem","position":2,"name":"Vogelgrippe?? Zwei Todesf\u00e4lle an D&#8217;dorfer Gymnasium"}]},{"@type":"WebSite","@id":"https:\/\/feminissima.de\/#website","url":"https:\/\/feminissima.de\/","name":"Feminissima","description":"","potentialAction":[{"@type":"SearchAction","target":{"@type":"EntryPoint","urlTemplate":"https:\/\/feminissima.de\/?s={search_term_string}"},"query-input":"required name=search_term_string"}],"inLanguage":"de"},{"@type":"Person","@id":"https:\/\/feminissima.de\/#\/schema\/person\/0b901e053624f88e7ecbea289d9d5128","name":"admin","image":{"@type":"ImageObject","inLanguage":"de","@id":"https:\/\/feminissima.de\/#\/schema\/person\/image\/","url":"https:\/\/secure.gravatar.com\/avatar\/8da1f51327453c0bf63338e8e2a791948b7d2ac19b68839492d1e69aac6924a8?s=96&d=mm&r=g","contentUrl":"https:\/\/secure.gravatar.com\/avatar\/8da1f51327453c0bf63338e8e2a791948b7d2ac19b68839492d1e69aac6924a8?s=96&d=mm&r=g","caption":"admin"},"url":"https:\/\/feminissima.de\/index.php\/author\/admin\/"}]}},"jetpack_featured_media_url":"","_links":{"self":[{"href":"https:\/\/feminissima.de\/index.php\/wp-json\/wp\/v2\/posts\/84343","targetHints":{"allow":["GET"]}}],"collection":[{"href":"https:\/\/feminissima.de\/index.php\/wp-json\/wp\/v2\/posts"}],"about":[{"href":"https:\/\/feminissima.de\/index.php\/wp-json\/wp\/v2\/types\/post"}],"author":[{"embeddable":true,"href":"https:\/\/feminissima.de\/index.php\/wp-json\/wp\/v2\/users\/2"}],"replies":[{"embeddable":true,"href":"https:\/\/feminissima.de\/index.php\/wp-json\/wp\/v2\/comments?post=84343"}],"version-history":[{"count":0,"href":"https:\/\/feminissima.de\/index.php\/wp-json\/wp\/v2\/posts\/84343\/revisions"}],"wp:attachment":[{"href":"https:\/\/feminissima.de\/index.php\/wp-json\/wp\/v2\/media?parent=84343"}],"wp:term":[{"taxonomy":"category","embeddable":true,"href":"https:\/\/feminissima.de\/index.php\/wp-json\/wp\/v2\/categories?post=84343"},{"taxonomy":"post_tag","embeddable":true,"href":"https:\/\/feminissima.de\/index.php\/wp-json\/wp\/v2\/tags?post=84343"}],"curies":[{"name":"wp","href":"https:\/\/api.w.org\/{rel}","templated":true}]}}