{"id":84342,"date":"2006-03-08T01:41:34","date_gmt":"2006-03-08T01:41:34","guid":{"rendered":"http:\/\/www.feminissima.de\/?p=84342"},"modified":"2006-03-08T01:41:34","modified_gmt":"2006-03-08T01:41:34","slug":"der-8-maerz-ist-da","status":"publish","type":"post","link":"https:\/\/feminissima.de\/index.php\/2006\/03\/08\/der-8-maerz-ist-da\/","title":{"rendered":"Der 8. M\u00e4rz ist da!"},"content":{"rendered":"<p>Krautige Gedanken. Ja, warum nicht! Die Ironie der Ironie der Selbstironie, warum eigentlich?<br \/>\n<br \/>\nNein, es ist Welt-Frauen-Tag! Gar keine Ironie.<br \/>\n<br \/>\nWenn, dann schon bittere Ironie, dass sich so wenig verbessert hat. Letztlich.<br \/>177164.\/ gestern: 908 \/ heute: 3 <br \/>Es ist 0 Uhr und 8 Min\u00fctis&#8230;willkommen!<\/p>\n<p><\/p>\n<table width=\"100%\">\n<tr>\n<td style=\"background-image=url('images\/monet-heller.jpg')\"><font size=\"+1\"><\/p>\n<p>L\u00e4ngst schon wieder gel\u00f6scht,<br \/>als &#8222;not glamourous&#8220; beschrieben,<br \/>da\u00df Polly dr\u00fcber eingeschlafen sei&#8230;<\/p>\n<p>ja, es ging um die freudlose OSCAR-Verleihung &#8230;&#8220;moderiert&#8220; von einem weitgehend charme-freien Moderator..<\/p>\n<p>so las FEM gerade vorhin online,<br \/>&#8222;der OSCAR-Verleihung h\u00e4tten die Zuschauer gefehlt.&#8220;<br \/>Also f\u00fchlten andere Zuschauer offenbar \u00e4hnlich&#8230;<\/p>\n<p>Als schon vorgestrig hatten wir auch l\u00e4ngst die versp\u00e4tete von-der-Tann Beschwerde bei seinen eigenen ARD-Leuten l\u00e4ngst wieder gel\u00f6scht, <br \/>nachdem angemerkt, wie feige, erst jetzt das so schlecht gewordene Programm zu kritisieren, und auch nicht einmal thematisiert&#8230;warum &#8222;UNTER DEUTSCHEN D\u00c4CHERN&#8220;. bei einem sehr kleinen Sender angesiedelt&#8230;<br \/>\u00fcberhaupt nicht mehr stattfindet.<br \/>Auch dies lasen wir nun, um Tage sp\u00e4ter&#8230;als hier schon wieder mit Wonne &#8222;GEL\u00d6SCHT!&#8220;<\/p>\n<p>Kurz, klar, fettes Eigenlob,<br \/>als Kontrast zu Mutterns Dauer- &#8222;Eigenlob-stinke&#8220;,<br \/>das nur wir M\u00e4dchen uns zu Herzen genommen und nehmen, <br \/>die Jungs ja niemals, au contraire.<br \/> Voll trendy und zu schnell fast, also hier&#8230;<\/p>\n<p>Schnelldenken ist hier erlaubt&#8230;<\/p>\n<p>WILLKOMMEN ZUM INTERNATIONALEN TAG DER FRAU&#8230;<\/p>\n<p>AUF DASS WIR WIEDER EIN PAAR MEHR SOLIDARISCHE FRAUEN FINDEN&#8230;<br \/>in this country&#8230;<\/p>\n<p>und weitaus mutigere auch!<\/p>\n<p>Prosit, Girls!<br \/> Wenn das kein Grund<br \/> zum Ansto\u00dfen zum Anst\u00f6\u00dfigen w\u00e4re!<\/p>\n<p>Und um unseren Gro\u00dfmut perfekt &#8230;zu machen &#8211; hier die News:<br \/>PHOENIX wiederholt am kommenden Samstagabend, <br \/>also Ende dieser Woche, <br \/>DRESDEN Teil I &#038; Teil II &#8211; hintereinander.<\/p>\n<p>FEMINISSIMA hatte vorab m\u00e4kelig dr\u00fcber geschrieben.<br \/>Nach Teil I, <br \/>den sich Crissy zugemutet hatte<br \/>von einer neuen &#8222;Ingrid Bergmann&#8220; geschw\u00e4rmt,<br \/>womit die Schauspielerin Felicitas Woll gemeint war,<br \/>und zu Teil II hatte niemand Zeit und\/oder Lust.<\/p>\n<p>In Sachsen soll der Marktanteil 45 Prozent betragen haben.<\/p>\n<p>FEM findet, es ist die Geschichte von Vercors &#8220; Le silence de la mer&#8220;, voll geklaut vom Autor des Films &#8222;DRESDEN&#8220;, <br \/>nur mit anderen Vorzeichen.<\/p>\n<p>In LE SILENCE DE LA MER &#8211; frei \u00fcbersetzt &#8211; &#8222;Das Schweigen des Meeres&#8220; &#8211; <\/p>\n<p>ger\u00e4t ein deutscher Kriegsgefangener in eine franz\u00f6sische Familie&#8230;<br \/>und das anf\u00e4nglich klaftertiefe Schweigen &#8230;ver\u00e4ndert sich..nach und nach&#8230;<\/p>\n<p>.Naja, sicher hat der Autor Le Silence de la Mer nicht gelesen.<br \/>Die Geschichte, dass sich eine Krankenschwester , und sogar eine deutsche, <br \/>in einen vermeintlichen &#8222;Feind&#8220; verliebt,<br \/>ist ja auch alt, wie die Geschichte selbst.<br \/>Au\u00dferdem ist das genau die Masche, mit der nun drei Historien-Schinken hintereinander von Nico Hoffmann produziert worden sind.<br \/>Und das Drama, die Dramen &#8211; <br \/>auf irgendeine Weise &#8211; verdammt Eure FEM, wenn Ihr anders denkt &#8211; <\/p>\n<p>VERKITSCHT worden sind,.<\/p>\n<p>Und &#8222;DRESDEN&#8220; auf jeden Fall revanchistisch.<\/p>\n<\/td>\n<\/tr>\n<\/table>\n","protected":false},"excerpt":{"rendered":"<p>Krautige Gedanken. Ja, warum nicht! Die Ironie der Ironie der Selbstironie, warum eigentlich?<br \/>\n<br \/>\nNein, es ist Welt-Frauen-Tag! Gar keine Ironie.<br \/>\n<br \/>\nWenn, dann schon bittere Ironie, dass sich so wenig verbessert hat. Letztlich.<\/p>\n","protected":false},"author":2,"featured_media":0,"comment_status":"closed","ping_status":"closed","sticky":false,"template":"","format":"standard","meta":{"footnotes":""},"categories":[12],"tags":[],"class_list":["post-84342","post","type-post","status-publish","format-standard","hentry","category-femleben","entry"],"yoast_head":"<!-- This site is optimized with the Yoast SEO plugin v21.0 - https:\/\/yoast.com\/wordpress\/plugins\/seo\/ -->\n<title>Der 8. M\u00e4rz ist da! - Feminissima<\/title>\n<meta name=\"robots\" content=\"index, follow, max-snippet:-1, max-image-preview:large, max-video-preview:-1\" \/>\n<link rel=\"canonical\" href=\"https:\/\/feminissima.de\/index.php\/2006\/03\/08\/der-8-maerz-ist-da\/\" \/>\n<meta property=\"og:locale\" content=\"de_DE\" \/>\n<meta property=\"og:type\" content=\"article\" \/>\n<meta property=\"og:title\" content=\"Der 8. M\u00e4rz ist da! - Feminissima\" \/>\n<meta property=\"og:description\" content=\"Krautige Gedanken. Ja, warum nicht! Die Ironie der Ironie der Selbstironie, warum eigentlich? Nein, es ist Welt-Frauen-Tag! Gar keine Ironie. Wenn, dann schon bittere Ironie, dass sich so wenig verbessert hat. Letztlich.\" \/>\n<meta property=\"og:url\" content=\"https:\/\/feminissima.de\/index.php\/2006\/03\/08\/der-8-maerz-ist-da\/\" \/>\n<meta property=\"og:site_name\" content=\"Feminissima\" \/>\n<meta property=\"article:published_time\" content=\"2006-03-08T01:41:34+00:00\" \/>\n<meta name=\"author\" content=\"admin\" \/>\n<meta name=\"twitter:card\" content=\"summary_large_image\" \/>\n<meta name=\"twitter:label1\" content=\"Verfasst von\" \/>\n\t<meta name=\"twitter:data1\" content=\"admin\" \/>\n\t<meta name=\"twitter:label2\" content=\"Gesch\u00e4tzte Lesezeit\" \/>\n\t<meta name=\"twitter:data2\" content=\"2\u00a0Minuten\" \/>\n<script type=\"application\/ld+json\" class=\"yoast-schema-graph\">{\"@context\":\"https:\/\/schema.org\",\"@graph\":[{\"@type\":\"WebPage\",\"@id\":\"https:\/\/feminissima.de\/index.php\/2006\/03\/08\/der-8-maerz-ist-da\/\",\"url\":\"https:\/\/feminissima.de\/index.php\/2006\/03\/08\/der-8-maerz-ist-da\/\",\"name\":\"Der 8. M\u00e4rz ist da! - Feminissima\",\"isPartOf\":{\"@id\":\"https:\/\/feminissima.de\/#website\"},\"datePublished\":\"2006-03-08T01:41:34+00:00\",\"dateModified\":\"2006-03-08T01:41:34+00:00\",\"author\":{\"@id\":\"https:\/\/feminissima.de\/#\/schema\/person\/0b901e053624f88e7ecbea289d9d5128\"},\"breadcrumb\":{\"@id\":\"https:\/\/feminissima.de\/index.php\/2006\/03\/08\/der-8-maerz-ist-da\/#breadcrumb\"},\"inLanguage\":\"de\",\"potentialAction\":[{\"@type\":\"ReadAction\",\"target\":[\"https:\/\/feminissima.de\/index.php\/2006\/03\/08\/der-8-maerz-ist-da\/\"]}]},{\"@type\":\"BreadcrumbList\",\"@id\":\"https:\/\/feminissima.de\/index.php\/2006\/03\/08\/der-8-maerz-ist-da\/#breadcrumb\",\"itemListElement\":[{\"@type\":\"ListItem\",\"position\":1,\"name\":\"Startseite\",\"item\":\"https:\/\/feminissima.de\/\"},{\"@type\":\"ListItem\",\"position\":2,\"name\":\"Der 8. M\u00e4rz ist da!\"}]},{\"@type\":\"WebSite\",\"@id\":\"https:\/\/feminissima.de\/#website\",\"url\":\"https:\/\/feminissima.de\/\",\"name\":\"Feminissima\",\"description\":\"\",\"potentialAction\":[{\"@type\":\"SearchAction\",\"target\":{\"@type\":\"EntryPoint\",\"urlTemplate\":\"https:\/\/feminissima.de\/?s={search_term_string}\"},\"query-input\":\"required name=search_term_string\"}],\"inLanguage\":\"de\"},{\"@type\":\"Person\",\"@id\":\"https:\/\/feminissima.de\/#\/schema\/person\/0b901e053624f88e7ecbea289d9d5128\",\"name\":\"admin\",\"image\":{\"@type\":\"ImageObject\",\"inLanguage\":\"de\",\"@id\":\"https:\/\/feminissima.de\/#\/schema\/person\/image\/\",\"url\":\"https:\/\/secure.gravatar.com\/avatar\/8da1f51327453c0bf63338e8e2a791948b7d2ac19b68839492d1e69aac6924a8?s=96&d=mm&r=g\",\"contentUrl\":\"https:\/\/secure.gravatar.com\/avatar\/8da1f51327453c0bf63338e8e2a791948b7d2ac19b68839492d1e69aac6924a8?s=96&d=mm&r=g\",\"caption\":\"admin\"},\"url\":\"https:\/\/feminissima.de\/index.php\/author\/admin\/\"}]}<\/script>\n<!-- \/ Yoast SEO plugin. -->","yoast_head_json":{"title":"Der 8. M\u00e4rz ist da! - Feminissima","robots":{"index":"index","follow":"follow","max-snippet":"max-snippet:-1","max-image-preview":"max-image-preview:large","max-video-preview":"max-video-preview:-1"},"canonical":"https:\/\/feminissima.de\/index.php\/2006\/03\/08\/der-8-maerz-ist-da\/","og_locale":"de_DE","og_type":"article","og_title":"Der 8. M\u00e4rz ist da! - Feminissima","og_description":"Krautige Gedanken. Ja, warum nicht! Die Ironie der Ironie der Selbstironie, warum eigentlich? Nein, es ist Welt-Frauen-Tag! Gar keine Ironie. Wenn, dann schon bittere Ironie, dass sich so wenig verbessert hat. Letztlich.","og_url":"https:\/\/feminissima.de\/index.php\/2006\/03\/08\/der-8-maerz-ist-da\/","og_site_name":"Feminissima","article_published_time":"2006-03-08T01:41:34+00:00","author":"admin","twitter_card":"summary_large_image","twitter_misc":{"Verfasst von":"admin","Gesch\u00e4tzte Lesezeit":"2\u00a0Minuten"},"schema":{"@context":"https:\/\/schema.org","@graph":[{"@type":"WebPage","@id":"https:\/\/feminissima.de\/index.php\/2006\/03\/08\/der-8-maerz-ist-da\/","url":"https:\/\/feminissima.de\/index.php\/2006\/03\/08\/der-8-maerz-ist-da\/","name":"Der 8. M\u00e4rz ist da! - Feminissima","isPartOf":{"@id":"https:\/\/feminissima.de\/#website"},"datePublished":"2006-03-08T01:41:34+00:00","dateModified":"2006-03-08T01:41:34+00:00","author":{"@id":"https:\/\/feminissima.de\/#\/schema\/person\/0b901e053624f88e7ecbea289d9d5128"},"breadcrumb":{"@id":"https:\/\/feminissima.de\/index.php\/2006\/03\/08\/der-8-maerz-ist-da\/#breadcrumb"},"inLanguage":"de","potentialAction":[{"@type":"ReadAction","target":["https:\/\/feminissima.de\/index.php\/2006\/03\/08\/der-8-maerz-ist-da\/"]}]},{"@type":"BreadcrumbList","@id":"https:\/\/feminissima.de\/index.php\/2006\/03\/08\/der-8-maerz-ist-da\/#breadcrumb","itemListElement":[{"@type":"ListItem","position":1,"name":"Startseite","item":"https:\/\/feminissima.de\/"},{"@type":"ListItem","position":2,"name":"Der 8. M\u00e4rz ist da!"}]},{"@type":"WebSite","@id":"https:\/\/feminissima.de\/#website","url":"https:\/\/feminissima.de\/","name":"Feminissima","description":"","potentialAction":[{"@type":"SearchAction","target":{"@type":"EntryPoint","urlTemplate":"https:\/\/feminissima.de\/?s={search_term_string}"},"query-input":"required name=search_term_string"}],"inLanguage":"de"},{"@type":"Person","@id":"https:\/\/feminissima.de\/#\/schema\/person\/0b901e053624f88e7ecbea289d9d5128","name":"admin","image":{"@type":"ImageObject","inLanguage":"de","@id":"https:\/\/feminissima.de\/#\/schema\/person\/image\/","url":"https:\/\/secure.gravatar.com\/avatar\/8da1f51327453c0bf63338e8e2a791948b7d2ac19b68839492d1e69aac6924a8?s=96&d=mm&r=g","contentUrl":"https:\/\/secure.gravatar.com\/avatar\/8da1f51327453c0bf63338e8e2a791948b7d2ac19b68839492d1e69aac6924a8?s=96&d=mm&r=g","caption":"admin"},"url":"https:\/\/feminissima.de\/index.php\/author\/admin\/"}]}},"jetpack_featured_media_url":"","_links":{"self":[{"href":"https:\/\/feminissima.de\/index.php\/wp-json\/wp\/v2\/posts\/84342","targetHints":{"allow":["GET"]}}],"collection":[{"href":"https:\/\/feminissima.de\/index.php\/wp-json\/wp\/v2\/posts"}],"about":[{"href":"https:\/\/feminissima.de\/index.php\/wp-json\/wp\/v2\/types\/post"}],"author":[{"embeddable":true,"href":"https:\/\/feminissima.de\/index.php\/wp-json\/wp\/v2\/users\/2"}],"replies":[{"embeddable":true,"href":"https:\/\/feminissima.de\/index.php\/wp-json\/wp\/v2\/comments?post=84342"}],"version-history":[{"count":0,"href":"https:\/\/feminissima.de\/index.php\/wp-json\/wp\/v2\/posts\/84342\/revisions"}],"wp:attachment":[{"href":"https:\/\/feminissima.de\/index.php\/wp-json\/wp\/v2\/media?parent=84342"}],"wp:term":[{"taxonomy":"category","embeddable":true,"href":"https:\/\/feminissima.de\/index.php\/wp-json\/wp\/v2\/categories?post=84342"},{"taxonomy":"post_tag","embeddable":true,"href":"https:\/\/feminissima.de\/index.php\/wp-json\/wp\/v2\/tags?post=84342"}],"curies":[{"name":"wp","href":"https:\/\/api.w.org\/{rel}","templated":true}]}}