{"id":84341,"date":"2006-03-08T01:36:27","date_gmt":"2006-03-08T01:36:27","guid":{"rendered":"http:\/\/www.feminissima.de\/?p=84341"},"modified":"2006-03-08T01:36:27","modified_gmt":"2006-03-08T01:36:27","slug":"dana-reeve-starb-an-lungenkrebs","status":"publish","type":"post","link":"https:\/\/feminissima.de\/index.php\/2006\/03\/08\/dana-reeve-starb-an-lungenkrebs\/","title":{"rendered":"Dana Reeve starb an Lungenkrebs"},"content":{"rendered":"<p>Dana Reeve, 44, Nichtraucherin, die Witwe von Christopher Reeve starb jetzt an Lungenkrebs.<br \/>177200<br \/>Welcome to the nightriders!<\/p>\n<table width=\"100%\">\n<tr>\n<td style=\"background-image=url('images\/monet-heller.jpg')\"><font size=\"+1\"><\/p>\n<p>Die Witwe von Christopher Reeve,<br \/>der nach einem Reitunfall 1995 querschnittsgel\u00e4hmt war,<br \/>erkrankte im letzten August, <br \/>acht Monate nach dem Tod ihres Mannes, <br \/> an Lungenkrebs, den sie in den USA \u00f6ffentlich gemacht hatte.<\/p>\n<p>Ihr Tod, sie hinterl\u00e4sst drei Kinder, <br \/>zwei erwachsene Stiefkinder, einen 13\u00e4hrigen Sohn erst,<br \/>st\u00e4rkt die Theorie jener Krebsforscher der psychosomatischen Richtung,<br \/>die seit \u00fcber 35 Jahren die These vertreten,<br \/>KREBS sei neben der zunehmenden Vergiftung in Lebensmitteln und der grassierenden Umweltverschmutzung &#8211; <\/p>\n<p> auf elementare Schicksalsschl\u00e4ge zur\u00fcckzuf\u00fchren.<\/p>\n<p>Wiederholt fragt FEMINISSIMA <br \/>..in die Weite des Netz-Nirwanas hinein&#8230;<\/p>\n<p>warum wir nichts \u00fcber Forschungen in dieser Richtung lesen&#8230;.<\/p>\n<p>und auch \u00fcber &#8222;berufsbezogen-ausgel\u00f6sten Krebs:&#8220; <br \/>Krebs durch jene Form von Stress, <br \/>der durch MOBBING ausgel\u00f6st wird&#8230;.<\/p>\n<p>Wahrscheinlich k\u00e4me dabei zu viel Unliebsames \u00fcber Arbeitsplatz, krankmachende Strukturen, Heimt\u00fccke, Angst, Gewalt,  etc. pp&#8230;&#8230;.heraus.!<br \/>Und dann die Familien!<br \/>Oft ein Schlachtfeld, hinter feinem L\u00e4cheln..<\/p>\n<p>VERLUST &#8211; TRAUER als krankmachende Faktoren leugnet keiner.<br \/>Aber dass sie Krebs erzeugen k\u00f6nnen, offenbar noch immer.<\/p>\n<p>Warum?<\/p>\n<p>Nat\u00fcrlich g\u00e4be es eine Reihe von Antworten, <br \/>wenngleich &#8222;unwissenschaftlich&#8220;.<\/p>\n<p>Und &#8211; wurde das &#8222;Feld der Seele&#8220; &#8211; <br \/>denn jemals wirklich wissenschaftlich erforscht?<br \/>Ist es \u00fcberhaupt m\u00f6glich?<\/p>\n<p>Welche &#8222;Richtlinien&#8230;&#8220; gelten denn heute?<\/p>\n<p>Oder ist die psychoanalytische Welt nach FREUD definitiv verstummt&#8230;<br \/>&#8222;von hier aus blind..?&#8220;<br \/>Und hatte FREUD \u00fcberhaupt recht&#8230;lag er \u00fcberhaupt richtig&#8230;?<br \/>Oder &#8211; GANZ ANDERS gefragt:<\/p>\n<p>&#8222;Interessiert sich vielleicht heute kaum noch jemand f\u00fcr Ursachen&#8230;?&#8220;<br \/>Das w\u00e4re ja aufwendig, kostete Zeit, Gef\u00fchle, Gedanken&#8230;<br \/>Kommt immer mehr aus der Mode&#8230;<br \/>vor allem seitdem die US-Diktatur sich l\u00e4ngst auch deutscher Politik bem\u00e4chtigt hat, <br \/>und DESTABILISIERUNG zum politischen Volkssport wird&#8230;.??<\/p>\n<p>Na, wer will denn weinen, wenn wir auseinandergehen, nicht wahr &#8211; <br \/>wenn doch schon an der n\u00e4chsten Ecke &#8230;.<br \/>ein vorgeblich pharmazeutisches Mittelchen steht,<br \/>womit der Kranke eingelullt, belogen <br \/>und die Industrie dran verdienen kann&#8230;?!<\/p>\n<p>Dana, mach&#8217;s gut!<\/p>\n<p>Gibt es vielleicht auch einen Ersch\u00f6pfungs-Syndrom-Krebs?<\/p>\n<p>Kann ja auch sein.<br \/>Nach all ihrem Einsatz f\u00fcr ihren Mann und auch die Stiftung zur besseren Behandlung von Behinderten &#8211; <\/p>\n<p>kann der Tod ihres Mannes, <br \/>er soll an einem Herzinfarkt gestorben sein,<br \/>der fr\u00fchere Filmstar, als &#8222;Superman&#8220; ber\u00fchmt geworden&#8230;.<\/p>\n<p>War alles zu viel..?<br \/>Wenn die Anspannung j\u00e4h verschwindet, <br \/> die maximale Ersch\u00f6pfung urpl\u00f6tzlich ausbricht?<br \/>Vorher wie nicht gesp\u00fcrt&#8230;<\/p>\n<p><\/p>\n","protected":false},"excerpt":{"rendered":"<p>Dana Reeve, 44, Nichtraucherin, die Witwe von Christopher Reeve starb jetzt an Lungenkrebs.<\/p>\n","protected":false},"author":2,"featured_media":0,"comment_status":"closed","ping_status":"closed","sticky":false,"template":"","format":"standard","meta":{"footnotes":""},"categories":[10],"tags":[],"class_list":["post-84341","post","type-post","status-publish","format-standard","hentry","category-femgesundheit","entry"],"yoast_head":"<!-- This site is optimized with the Yoast SEO plugin v21.0 - https:\/\/yoast.com\/wordpress\/plugins\/seo\/ -->\n<title>Dana Reeve starb an Lungenkrebs - Feminissima<\/title>\n<meta name=\"robots\" content=\"index, follow, max-snippet:-1, max-image-preview:large, max-video-preview:-1\" \/>\n<link rel=\"canonical\" href=\"https:\/\/feminissima.de\/index.php\/2006\/03\/08\/dana-reeve-starb-an-lungenkrebs\/\" \/>\n<meta property=\"og:locale\" content=\"de_DE\" \/>\n<meta property=\"og:type\" content=\"article\" \/>\n<meta property=\"og:title\" content=\"Dana Reeve starb an Lungenkrebs - Feminissima\" \/>\n<meta property=\"og:description\" content=\"Dana Reeve, 44, Nichtraucherin, die Witwe von Christopher Reeve starb jetzt an Lungenkrebs.\" \/>\n<meta property=\"og:url\" content=\"https:\/\/feminissima.de\/index.php\/2006\/03\/08\/dana-reeve-starb-an-lungenkrebs\/\" \/>\n<meta property=\"og:site_name\" content=\"Feminissima\" \/>\n<meta property=\"article:published_time\" content=\"2006-03-08T01:36:27+00:00\" \/>\n<meta name=\"author\" content=\"admin\" \/>\n<meta name=\"twitter:card\" content=\"summary_large_image\" \/>\n<meta name=\"twitter:label1\" content=\"Verfasst von\" \/>\n\t<meta name=\"twitter:data1\" content=\"admin\" \/>\n\t<meta name=\"twitter:label2\" content=\"Gesch\u00e4tzte Lesezeit\" \/>\n\t<meta name=\"twitter:data2\" content=\"2\u00a0Minuten\" \/>\n<script type=\"application\/ld+json\" class=\"yoast-schema-graph\">{\"@context\":\"https:\/\/schema.org\",\"@graph\":[{\"@type\":\"WebPage\",\"@id\":\"https:\/\/feminissima.de\/index.php\/2006\/03\/08\/dana-reeve-starb-an-lungenkrebs\/\",\"url\":\"https:\/\/feminissima.de\/index.php\/2006\/03\/08\/dana-reeve-starb-an-lungenkrebs\/\",\"name\":\"Dana Reeve starb an Lungenkrebs - Feminissima\",\"isPartOf\":{\"@id\":\"https:\/\/feminissima.de\/#website\"},\"datePublished\":\"2006-03-08T01:36:27+00:00\",\"dateModified\":\"2006-03-08T01:36:27+00:00\",\"author\":{\"@id\":\"https:\/\/feminissima.de\/#\/schema\/person\/0b901e053624f88e7ecbea289d9d5128\"},\"breadcrumb\":{\"@id\":\"https:\/\/feminissima.de\/index.php\/2006\/03\/08\/dana-reeve-starb-an-lungenkrebs\/#breadcrumb\"},\"inLanguage\":\"de\",\"potentialAction\":[{\"@type\":\"ReadAction\",\"target\":[\"https:\/\/feminissima.de\/index.php\/2006\/03\/08\/dana-reeve-starb-an-lungenkrebs\/\"]}]},{\"@type\":\"BreadcrumbList\",\"@id\":\"https:\/\/feminissima.de\/index.php\/2006\/03\/08\/dana-reeve-starb-an-lungenkrebs\/#breadcrumb\",\"itemListElement\":[{\"@type\":\"ListItem\",\"position\":1,\"name\":\"Startseite\",\"item\":\"https:\/\/feminissima.de\/\"},{\"@type\":\"ListItem\",\"position\":2,\"name\":\"Dana Reeve starb an Lungenkrebs\"}]},{\"@type\":\"WebSite\",\"@id\":\"https:\/\/feminissima.de\/#website\",\"url\":\"https:\/\/feminissima.de\/\",\"name\":\"Feminissima\",\"description\":\"\",\"potentialAction\":[{\"@type\":\"SearchAction\",\"target\":{\"@type\":\"EntryPoint\",\"urlTemplate\":\"https:\/\/feminissima.de\/?s={search_term_string}\"},\"query-input\":\"required name=search_term_string\"}],\"inLanguage\":\"de\"},{\"@type\":\"Person\",\"@id\":\"https:\/\/feminissima.de\/#\/schema\/person\/0b901e053624f88e7ecbea289d9d5128\",\"name\":\"admin\",\"image\":{\"@type\":\"ImageObject\",\"inLanguage\":\"de\",\"@id\":\"https:\/\/feminissima.de\/#\/schema\/person\/image\/\",\"url\":\"https:\/\/secure.gravatar.com\/avatar\/8da1f51327453c0bf63338e8e2a791948b7d2ac19b68839492d1e69aac6924a8?s=96&d=mm&r=g\",\"contentUrl\":\"https:\/\/secure.gravatar.com\/avatar\/8da1f51327453c0bf63338e8e2a791948b7d2ac19b68839492d1e69aac6924a8?s=96&d=mm&r=g\",\"caption\":\"admin\"},\"url\":\"https:\/\/feminissima.de\/index.php\/author\/admin\/\"}]}<\/script>\n<!-- \/ Yoast SEO plugin. -->","yoast_head_json":{"title":"Dana Reeve starb an Lungenkrebs - Feminissima","robots":{"index":"index","follow":"follow","max-snippet":"max-snippet:-1","max-image-preview":"max-image-preview:large","max-video-preview":"max-video-preview:-1"},"canonical":"https:\/\/feminissima.de\/index.php\/2006\/03\/08\/dana-reeve-starb-an-lungenkrebs\/","og_locale":"de_DE","og_type":"article","og_title":"Dana Reeve starb an Lungenkrebs - Feminissima","og_description":"Dana Reeve, 44, Nichtraucherin, die Witwe von Christopher Reeve starb jetzt an Lungenkrebs.","og_url":"https:\/\/feminissima.de\/index.php\/2006\/03\/08\/dana-reeve-starb-an-lungenkrebs\/","og_site_name":"Feminissima","article_published_time":"2006-03-08T01:36:27+00:00","author":"admin","twitter_card":"summary_large_image","twitter_misc":{"Verfasst von":"admin","Gesch\u00e4tzte Lesezeit":"2\u00a0Minuten"},"schema":{"@context":"https:\/\/schema.org","@graph":[{"@type":"WebPage","@id":"https:\/\/feminissima.de\/index.php\/2006\/03\/08\/dana-reeve-starb-an-lungenkrebs\/","url":"https:\/\/feminissima.de\/index.php\/2006\/03\/08\/dana-reeve-starb-an-lungenkrebs\/","name":"Dana Reeve starb an Lungenkrebs - Feminissima","isPartOf":{"@id":"https:\/\/feminissima.de\/#website"},"datePublished":"2006-03-08T01:36:27+00:00","dateModified":"2006-03-08T01:36:27+00:00","author":{"@id":"https:\/\/feminissima.de\/#\/schema\/person\/0b901e053624f88e7ecbea289d9d5128"},"breadcrumb":{"@id":"https:\/\/feminissima.de\/index.php\/2006\/03\/08\/dana-reeve-starb-an-lungenkrebs\/#breadcrumb"},"inLanguage":"de","potentialAction":[{"@type":"ReadAction","target":["https:\/\/feminissima.de\/index.php\/2006\/03\/08\/dana-reeve-starb-an-lungenkrebs\/"]}]},{"@type":"BreadcrumbList","@id":"https:\/\/feminissima.de\/index.php\/2006\/03\/08\/dana-reeve-starb-an-lungenkrebs\/#breadcrumb","itemListElement":[{"@type":"ListItem","position":1,"name":"Startseite","item":"https:\/\/feminissima.de\/"},{"@type":"ListItem","position":2,"name":"Dana Reeve starb an Lungenkrebs"}]},{"@type":"WebSite","@id":"https:\/\/feminissima.de\/#website","url":"https:\/\/feminissima.de\/","name":"Feminissima","description":"","potentialAction":[{"@type":"SearchAction","target":{"@type":"EntryPoint","urlTemplate":"https:\/\/feminissima.de\/?s={search_term_string}"},"query-input":"required name=search_term_string"}],"inLanguage":"de"},{"@type":"Person","@id":"https:\/\/feminissima.de\/#\/schema\/person\/0b901e053624f88e7ecbea289d9d5128","name":"admin","image":{"@type":"ImageObject","inLanguage":"de","@id":"https:\/\/feminissima.de\/#\/schema\/person\/image\/","url":"https:\/\/secure.gravatar.com\/avatar\/8da1f51327453c0bf63338e8e2a791948b7d2ac19b68839492d1e69aac6924a8?s=96&d=mm&r=g","contentUrl":"https:\/\/secure.gravatar.com\/avatar\/8da1f51327453c0bf63338e8e2a791948b7d2ac19b68839492d1e69aac6924a8?s=96&d=mm&r=g","caption":"admin"},"url":"https:\/\/feminissima.de\/index.php\/author\/admin\/"}]}},"jetpack_featured_media_url":"","_links":{"self":[{"href":"https:\/\/feminissima.de\/index.php\/wp-json\/wp\/v2\/posts\/84341","targetHints":{"allow":["GET"]}}],"collection":[{"href":"https:\/\/feminissima.de\/index.php\/wp-json\/wp\/v2\/posts"}],"about":[{"href":"https:\/\/feminissima.de\/index.php\/wp-json\/wp\/v2\/types\/post"}],"author":[{"embeddable":true,"href":"https:\/\/feminissima.de\/index.php\/wp-json\/wp\/v2\/users\/2"}],"replies":[{"embeddable":true,"href":"https:\/\/feminissima.de\/index.php\/wp-json\/wp\/v2\/comments?post=84341"}],"version-history":[{"count":0,"href":"https:\/\/feminissima.de\/index.php\/wp-json\/wp\/v2\/posts\/84341\/revisions"}],"wp:attachment":[{"href":"https:\/\/feminissima.de\/index.php\/wp-json\/wp\/v2\/media?parent=84341"}],"wp:term":[{"taxonomy":"category","embeddable":true,"href":"https:\/\/feminissima.de\/index.php\/wp-json\/wp\/v2\/categories?post=84341"},{"taxonomy":"post_tag","embeddable":true,"href":"https:\/\/feminissima.de\/index.php\/wp-json\/wp\/v2\/tags?post=84341"}],"curies":[{"name":"wp","href":"https:\/\/api.w.org\/{rel}","templated":true}]}}