{"id":84327,"date":"2006-02-24T18:24:50","date_gmt":"2006-02-24T18:24:50","guid":{"rendered":"http:\/\/www.feminissima.de\/?p=84327"},"modified":"2006-02-24T18:24:50","modified_gmt":"2006-02-24T18:24:50","slug":"dichterin-hilde-domin-gestorben","status":"publish","type":"post","link":"https:\/\/feminissima.de\/index.php\/2006\/02\/24\/dichterin-hilde-domin-gestorben\/","title":{"rendered":"Dichterin HILDE DOMIN gestorben."},"content":{"rendered":"<p>Hier zun\u00e4chst die offiziellen Pressemeldungen.<br \/>\n<br \/>\nIn K\u00fcrze VIEL MEHR \u00fcber Hilde DOMIN.<\/p>\n<p>Die Dichterin Hilde Domin ist im Alter von 96 Jahren gestorben. Das best\u00e4tigte ihr Frankfurter Verlag. Bundespr\u00e4sident K\u00f6hler sagte, Deutschland habe eine der bedeutendsten Stimmen der Lyrik verloren:<br \/> Die Dichterin Hilde Domin ist im Alter von 96 Jahren gestorben. Das best\u00e4tigte ihr Frankfurter Verlag. Bundespr\u00e4sident K\u00f6hler sagte, Deutschland habe eine der bedeutendsten Stimmen der Lyrik verloren. Domin habe Verse voller Hoffnung und Ermutigung geschrieben und hinterlasse unvergessliche Zeilen. Bis ins hohe Alter habe die Autorin mit hellwachem Verstand das politische Geschehen begleitet. Domin gilt als wichtigste deutsche Dichterin der Nachkriegszeit. Von 1940 bis 1954 hatte sie im Exil in der Dominikanischen Republik gelebt. Daher kommt auch ihr K\u00fcnstlername &#8222;Domin&#8220;. <\/p>\n<p><\/p>\n","protected":false},"excerpt":{"rendered":"<p>Hier zun\u00e4chst die offiziellen Pressemeldungen.<br \/>\n<br \/>\nIn K\u00fcrze VIEL MEHR \u00fcber Hilde DOMIN.<\/p>\n<p>Die Dichterin Hilde Domin ist im Alter von 96 Jahren gestorben. Das best\u00e4tigte ihr Frankfurter Verlag. Bundespr\u00e4sident K\u00f6hler sagte, Deutschland habe eine der bedeutendsten Stimmen der Lyrik verloren:<\/p>\n","protected":false},"author":2,"featured_media":0,"comment_status":"closed","ping_status":"closed","sticky":false,"template":"","format":"standard","meta":{"footnotes":""},"categories":[27],"tags":[],"class_list":["post-84327","post","type-post","status-publish","format-standard","hentry","category-portrait","entry"],"yoast_head":"<!-- This site is optimized with the Yoast SEO plugin v21.0 - https:\/\/yoast.com\/wordpress\/plugins\/seo\/ -->\n<title>Dichterin HILDE DOMIN gestorben. - Feminissima<\/title>\n<meta name=\"robots\" content=\"index, follow, max-snippet:-1, max-image-preview:large, max-video-preview:-1\" \/>\n<link rel=\"canonical\" href=\"https:\/\/feminissima.de\/index.php\/2006\/02\/24\/dichterin-hilde-domin-gestorben\/\" \/>\n<meta property=\"og:locale\" content=\"de_DE\" \/>\n<meta property=\"og:type\" content=\"article\" \/>\n<meta property=\"og:title\" content=\"Dichterin HILDE DOMIN gestorben. - Feminissima\" \/>\n<meta property=\"og:description\" content=\"Hier zun\u00e4chst die offiziellen Pressemeldungen. In K\u00fcrze VIEL MEHR \u00fcber Hilde DOMIN.  Die Dichterin Hilde Domin ist im Alter von 96 Jahren gestorben. Das best\u00e4tigte ihr Frankfurter Verlag. Bundespr\u00e4sident K\u00f6hler sagte, Deutschland habe eine der bedeutendsten Stimmen der Lyrik verloren:\" \/>\n<meta property=\"og:url\" content=\"https:\/\/feminissima.de\/index.php\/2006\/02\/24\/dichterin-hilde-domin-gestorben\/\" \/>\n<meta property=\"og:site_name\" content=\"Feminissima\" \/>\n<meta property=\"article:published_time\" content=\"2006-02-24T18:24:50+00:00\" \/>\n<meta name=\"author\" content=\"admin\" \/>\n<meta name=\"twitter:card\" content=\"summary_large_image\" \/>\n<meta name=\"twitter:label1\" content=\"Verfasst von\" \/>\n\t<meta name=\"twitter:data1\" content=\"admin\" \/>\n\t<meta name=\"twitter:label2\" content=\"Gesch\u00e4tzte Lesezeit\" \/>\n\t<meta name=\"twitter:data2\" content=\"1\u00a0Minute\" \/>\n<script type=\"application\/ld+json\" class=\"yoast-schema-graph\">{\"@context\":\"https:\/\/schema.org\",\"@graph\":[{\"@type\":\"WebPage\",\"@id\":\"https:\/\/feminissima.de\/index.php\/2006\/02\/24\/dichterin-hilde-domin-gestorben\/\",\"url\":\"https:\/\/feminissima.de\/index.php\/2006\/02\/24\/dichterin-hilde-domin-gestorben\/\",\"name\":\"Dichterin HILDE DOMIN gestorben. - Feminissima\",\"isPartOf\":{\"@id\":\"https:\/\/feminissima.de\/#website\"},\"datePublished\":\"2006-02-24T18:24:50+00:00\",\"dateModified\":\"2006-02-24T18:24:50+00:00\",\"author\":{\"@id\":\"https:\/\/feminissima.de\/#\/schema\/person\/0b901e053624f88e7ecbea289d9d5128\"},\"breadcrumb\":{\"@id\":\"https:\/\/feminissima.de\/index.php\/2006\/02\/24\/dichterin-hilde-domin-gestorben\/#breadcrumb\"},\"inLanguage\":\"de\",\"potentialAction\":[{\"@type\":\"ReadAction\",\"target\":[\"https:\/\/feminissima.de\/index.php\/2006\/02\/24\/dichterin-hilde-domin-gestorben\/\"]}]},{\"@type\":\"BreadcrumbList\",\"@id\":\"https:\/\/feminissima.de\/index.php\/2006\/02\/24\/dichterin-hilde-domin-gestorben\/#breadcrumb\",\"itemListElement\":[{\"@type\":\"ListItem\",\"position\":1,\"name\":\"Startseite\",\"item\":\"https:\/\/feminissima.de\/\"},{\"@type\":\"ListItem\",\"position\":2,\"name\":\"Dichterin HILDE DOMIN gestorben.\"}]},{\"@type\":\"WebSite\",\"@id\":\"https:\/\/feminissima.de\/#website\",\"url\":\"https:\/\/feminissima.de\/\",\"name\":\"Feminissima\",\"description\":\"\",\"potentialAction\":[{\"@type\":\"SearchAction\",\"target\":{\"@type\":\"EntryPoint\",\"urlTemplate\":\"https:\/\/feminissima.de\/?s={search_term_string}\"},\"query-input\":\"required name=search_term_string\"}],\"inLanguage\":\"de\"},{\"@type\":\"Person\",\"@id\":\"https:\/\/feminissima.de\/#\/schema\/person\/0b901e053624f88e7ecbea289d9d5128\",\"name\":\"admin\",\"image\":{\"@type\":\"ImageObject\",\"inLanguage\":\"de\",\"@id\":\"https:\/\/feminissima.de\/#\/schema\/person\/image\/\",\"url\":\"https:\/\/secure.gravatar.com\/avatar\/8da1f51327453c0bf63338e8e2a791948b7d2ac19b68839492d1e69aac6924a8?s=96&d=mm&r=g\",\"contentUrl\":\"https:\/\/secure.gravatar.com\/avatar\/8da1f51327453c0bf63338e8e2a791948b7d2ac19b68839492d1e69aac6924a8?s=96&d=mm&r=g\",\"caption\":\"admin\"},\"url\":\"https:\/\/feminissima.de\/index.php\/author\/admin\/\"}]}<\/script>\n<!-- \/ Yoast SEO plugin. -->","yoast_head_json":{"title":"Dichterin HILDE DOMIN gestorben. - Feminissima","robots":{"index":"index","follow":"follow","max-snippet":"max-snippet:-1","max-image-preview":"max-image-preview:large","max-video-preview":"max-video-preview:-1"},"canonical":"https:\/\/feminissima.de\/index.php\/2006\/02\/24\/dichterin-hilde-domin-gestorben\/","og_locale":"de_DE","og_type":"article","og_title":"Dichterin HILDE DOMIN gestorben. - Feminissima","og_description":"Hier zun\u00e4chst die offiziellen Pressemeldungen. In K\u00fcrze VIEL MEHR \u00fcber Hilde DOMIN.  Die Dichterin Hilde Domin ist im Alter von 96 Jahren gestorben. Das best\u00e4tigte ihr Frankfurter Verlag. Bundespr\u00e4sident K\u00f6hler sagte, Deutschland habe eine der bedeutendsten Stimmen der Lyrik verloren:","og_url":"https:\/\/feminissima.de\/index.php\/2006\/02\/24\/dichterin-hilde-domin-gestorben\/","og_site_name":"Feminissima","article_published_time":"2006-02-24T18:24:50+00:00","author":"admin","twitter_card":"summary_large_image","twitter_misc":{"Verfasst von":"admin","Gesch\u00e4tzte Lesezeit":"1\u00a0Minute"},"schema":{"@context":"https:\/\/schema.org","@graph":[{"@type":"WebPage","@id":"https:\/\/feminissima.de\/index.php\/2006\/02\/24\/dichterin-hilde-domin-gestorben\/","url":"https:\/\/feminissima.de\/index.php\/2006\/02\/24\/dichterin-hilde-domin-gestorben\/","name":"Dichterin HILDE DOMIN gestorben. - Feminissima","isPartOf":{"@id":"https:\/\/feminissima.de\/#website"},"datePublished":"2006-02-24T18:24:50+00:00","dateModified":"2006-02-24T18:24:50+00:00","author":{"@id":"https:\/\/feminissima.de\/#\/schema\/person\/0b901e053624f88e7ecbea289d9d5128"},"breadcrumb":{"@id":"https:\/\/feminissima.de\/index.php\/2006\/02\/24\/dichterin-hilde-domin-gestorben\/#breadcrumb"},"inLanguage":"de","potentialAction":[{"@type":"ReadAction","target":["https:\/\/feminissima.de\/index.php\/2006\/02\/24\/dichterin-hilde-domin-gestorben\/"]}]},{"@type":"BreadcrumbList","@id":"https:\/\/feminissima.de\/index.php\/2006\/02\/24\/dichterin-hilde-domin-gestorben\/#breadcrumb","itemListElement":[{"@type":"ListItem","position":1,"name":"Startseite","item":"https:\/\/feminissima.de\/"},{"@type":"ListItem","position":2,"name":"Dichterin HILDE DOMIN gestorben."}]},{"@type":"WebSite","@id":"https:\/\/feminissima.de\/#website","url":"https:\/\/feminissima.de\/","name":"Feminissima","description":"","potentialAction":[{"@type":"SearchAction","target":{"@type":"EntryPoint","urlTemplate":"https:\/\/feminissima.de\/?s={search_term_string}"},"query-input":"required name=search_term_string"}],"inLanguage":"de"},{"@type":"Person","@id":"https:\/\/feminissima.de\/#\/schema\/person\/0b901e053624f88e7ecbea289d9d5128","name":"admin","image":{"@type":"ImageObject","inLanguage":"de","@id":"https:\/\/feminissima.de\/#\/schema\/person\/image\/","url":"https:\/\/secure.gravatar.com\/avatar\/8da1f51327453c0bf63338e8e2a791948b7d2ac19b68839492d1e69aac6924a8?s=96&d=mm&r=g","contentUrl":"https:\/\/secure.gravatar.com\/avatar\/8da1f51327453c0bf63338e8e2a791948b7d2ac19b68839492d1e69aac6924a8?s=96&d=mm&r=g","caption":"admin"},"url":"https:\/\/feminissima.de\/index.php\/author\/admin\/"}]}},"jetpack_featured_media_url":"","_links":{"self":[{"href":"https:\/\/feminissima.de\/index.php\/wp-json\/wp\/v2\/posts\/84327","targetHints":{"allow":["GET"]}}],"collection":[{"href":"https:\/\/feminissima.de\/index.php\/wp-json\/wp\/v2\/posts"}],"about":[{"href":"https:\/\/feminissima.de\/index.php\/wp-json\/wp\/v2\/types\/post"}],"author":[{"embeddable":true,"href":"https:\/\/feminissima.de\/index.php\/wp-json\/wp\/v2\/users\/2"}],"replies":[{"embeddable":true,"href":"https:\/\/feminissima.de\/index.php\/wp-json\/wp\/v2\/comments?post=84327"}],"version-history":[{"count":0,"href":"https:\/\/feminissima.de\/index.php\/wp-json\/wp\/v2\/posts\/84327\/revisions"}],"wp:attachment":[{"href":"https:\/\/feminissima.de\/index.php\/wp-json\/wp\/v2\/media?parent=84327"}],"wp:term":[{"taxonomy":"category","embeddable":true,"href":"https:\/\/feminissima.de\/index.php\/wp-json\/wp\/v2\/categories?post=84327"},{"taxonomy":"post_tag","embeddable":true,"href":"https:\/\/feminissima.de\/index.php\/wp-json\/wp\/v2\/tags?post=84327"}],"curies":[{"name":"wp","href":"https:\/\/api.w.org\/{rel}","templated":true}]}}