{"id":84326,"date":"2006-02-24T16:01:41","date_gmt":"2006-02-24T16:01:41","guid":{"rendered":"http:\/\/www.feminissima.de\/?p=84326"},"modified":"2006-02-24T16:01:41","modified_gmt":"2006-02-24T16:01:41","slug":"worte-des-paroles","status":"publish","type":"post","link":"https:\/\/feminissima.de\/index.php\/2006\/02\/24\/worte-des-paroles\/","title":{"rendered":"Worte..des paroles.."},"content":{"rendered":"<p>S\u00e4tze, Worte, Ausspr\u00fcche..von Menschen der Zeit..<br \/>24. Februar 2006 &#8211; Sunny Friday Morning, tats\u00e4chlich, die Sonne scheint!<\/p>\n<p>170950.<br \/>\n<br \/>\ngestern: 999<br \/>\n<br \/>\nheute: 275<br \/>\n<br \/>\nWillkommen!<br \/>\n<br \/>\nEs ist 8 Uhr 30 in Berlin.<\/p>\n<p>Worte des Tages:<\/p>\n<p>\nIG-METALL-CHEF J\u00fcrgen Peters:<\/p>\n<p>&#8222;&#8230;dass sich die SPD tats\u00e4chlich mal besinnen mu\u00df!&#8220;<\/p>\n<p>Genau!<\/p>\n<p>Zusammenhang:<br \/>\n<br \/>\nVerl\u00e4ngerung der Lebensarbeitszeit bei Massenarbeitslosigkeit.<\/p>\n<p>EX-SPD-WIRTSCHAFTSMINISTER Wolfgang Clement: <\/p>\n<p>&#8222;Keine Ausnahmen bei Rente ab 67 !&#8220;<\/p>\n<p>(Keiner will ihn mehr h\u00f6ren oder sehen, aber er meint, noch immer seinen anti-menschen-scharf-macher-Senft absondern zu m\u00fcssen).<\/p>\n<p>Quelle: deutschlandradio-berlin. <\/p>\n<p>Nat\u00fcrlich w\u00e4ren WEIBLICHE Worte des Tages bei FEMINISSIMA weitaus angebrachter, aber &#8211; <\/p>\n<p>gut, okay &#8211; <\/p>\n<p>\nda bieten wir eins,<br \/>\n<br \/>\nobwohl FEM kein Fan von Hera Lind (allerdings auch kein Buch gelesen, sich-nicht-hat-\u00fcberwinden-k\u00f6nnen, vielleicht auch borniert??)<br \/>\n<br \/>\nIST der Satz von Hera Lind, so er stimmt,<br \/>\n<br \/>\nauffallend freundlich, merk-auf!<br \/>\n<br \/>\ndie BILD!<\/p>\n<p>Hera in Finanzn\u00f6ten,<br \/>\n<br \/>\nda der Aufschwung-Ost f\u00fcr Steuer-Abschreiber nicht so funktioniert hat..<\/p>\n<p>jedenfalls sagt sie,<br \/>\n<br \/>\nwird sie zitiert:<\/p>\n<p>&#8222;Aufgeben gilt nicht!<br \/>\n<br \/>\nIch schreibe jetzt halt 12 Stunden manchmal pro Tag.<br \/>\n<br \/>\nWir m\u00fcssen ja nach vorne schauen!&#8220;<\/p>\n<p>Ein positiver Satz&#8230;und &#8230;12 Stunden schreiben&#8230;mhh&#8230;wunderbar&#8230;<\/p>\n<p>aber &#8211; was?<\/p>\n<p>Ja, gut, unser Fehler, dass wir nie in der H\u00e4ngematte unter Palmen liegen und lesen.<\/p>\n<p>Sondern unter der Lampe mit Lesebrille, weil die Buchstaben auch immer kleiner, Geiz \u00fcberall&#8230;<\/p>\n<p>hey-hey..kommt noch gut in den Tag..klar..und noch ein aufgeschnapptes Wort, lach-sweet-bitter<br \/>\n<br \/>\n&#8222;Die Islam-Radikalis mit dem Stand vom 11. Jahrhundert&#8220;, <\/p>\n<p>Quelle lieber nicht verraten, na, war eh zu h\u00f6ren, in einem Radio..<\/p>\n<p>Gestern Abend der Discours bei Herrn Naumann, der jetzt oft oder immer ? donnerstags im Palais f\u00fcr RBB Fernsehen talkt &#8211;<br \/>\n<br \/>\n&#8222;Integration Wunschdenken?&#8220;<\/p>\n<p>Das war eine merkw\u00fcrdige Darbietung.<br \/>\n<br \/>\nIrgendwie.<\/p>\n<p>Auf faszinierende Weise irgendwie nur zwei Gedanken, S\u00e4tze&#8230;&#8220;brauchbar&#8220; und &#8222;zum Mitnehmen&#8220;.<\/p>\n<p>Was f\u00fcr uns &#8222;Landeier&#8220; v\u00f6llig normal, dass &#8222;Hans&#8220; und &#8222;Mehmet&#8220; schon zusammen im Kindergarten spielen und sich gegenseitig zum Geburtstag einladen &#8211; <\/p>\n<p>ja-ha, das wurde gestern Abend als die gro\u00dfartigste Idee des 21. Jahrhunderts gefeiert&#8230;.&#8220;angedacht&#8220;.<\/p>\n<p>Und warum die Jungs?<\/p>\n<p>Weil die t\u00fcrkischen Jungs so ungemein gef\u00e4hrlich sind.<br \/>\n<br \/>\nWie wir gelernt haben.<br \/>\n<br \/>\nWissenschaftlich-kriminalistisch nachgewiesen. Warum? Weil je d\u00fcmmer, desto krimineller.<br \/>\n<br \/>\nDie Faust..-regel passt auch auf jede andere Nation, selbst die deutsche&#8230;!<\/p>\n<p>Ha&#8230;und was du nicht noch alles lernst, bei Talk-Shows!<br \/>\n<br \/>\n&#8222;Bildungspotential&#8220;.<br \/>\n<br \/>\nIst es nicht ein sch\u00f6nes Wort?<\/p>\n<p>Nein, &#8222;die&#8220; kriegen die Integration nie hin.<br \/>\n<br \/>\nDie mit solchen Worten kalauern, w\u00e4re es wenigstens einer.<\/p>\n<p>Na, das Irre ist doch,<br \/>\n<br \/>\ndass mit den d\u00e4nischen Karikaturen<br \/>\n<br \/>\nnicht nur das islamische Fass \u00fcberlief,<br \/>\n<br \/>\nsondern sich nun all das deutsch-europ\u00e4ische &#8222;Multi-Kulti-Getue&#8220; der letzten 30 Jahre angeblich als L\u00fcge entpuppt?<\/p>\n<p>Oder ist der nun ungez\u00fcgelte Rassismus gegen Muslime ganz neu?<br \/>\n<br \/>\nUnd traut sich nun erst so richtig hervor, nachdem die D\u00e4nen die Bremse losgelassen haben.???<\/p>\n<p>Auch der Iran hatte ja den USA alle Hilfe der Welt angeboten,<br \/>\n<br \/>\nliegt schon ein bissi zur\u00fcck,<br \/>\n<br \/>\nno chance,<br \/>\n<br \/>\ndenn Bush nimmt zwar jede Hilfe gerne an,<br \/>\n<br \/>\naber das bedeutet nicht, dass er nicht auch gleichzeitig zuschl\u00e4gt,<br \/>\n<br \/>\nund sich von seiner mal vorab-vorgenommenen Meinung, damit er kriegsl\u00fcstern zuschlagen kann,<br \/>\n<br \/>\ngar abbringen lie\u00dfe.<br \/>\n<br \/>\nIran sollte der n\u00e4chste &#8222;Schurkenstaat&#8220; werden, das war schon lange festgelegt.<\/p>\n<p>Jetzt reagiert der Iran d\u00fcpiert und hier dann die deutschen Oberlehrer&#8230;ach je-mi-neh!<\/p>\n<p>Und der Atomsperrvertrag sah f\u00fcr ALLE Staaten die friedliche Nutzung vor&#8230;nicht nur f\u00fcr die neunmalklugen Amis und Europ\u00e4er&#8230;.<\/p>\n<p>Ach, was soll&#8217;s&#8230;die Fingerchen sind schon wund&#8230;<\/p>\n<p>Es ist gar zum &#8230;.!<\/p>\n<p>ES FEHLT WELTWEIT EINE FRIEDLICHE, EINE WEISE INTEGRATIONSFIGUR.<\/p>\n<p>Das ist das wirklich Bedenkliche.<\/p>\n<p>NACHMITTAG:<\/p>\n<p>171241.<br \/>gestern: 999<br \/>heute: 566<br \/>Es ist 16 Uhr 15 in Berlin.<\/p>\n<p>Ausgehtip: <br \/>KULTURFABRIK-MOABIT: Lehrter Stra\u00dfe 35<br \/>Heute Abend, 20 Uhr: &#8222;TUCHOLSKY&#8220;<br \/>Aber es gibt dort<br \/>au\u00dfer zuzuschauen,<br \/> noch mehr zu entdecken und auch mit-zu-machen&#8230;<br \/>Oder auch einfach nur im Caf\u00e9, ohne Bestellzwang \u00fcbrigens, zu sitzen und nachzudenken&#8230;<br \/>aber gerne kannst du auch etwas verzehren&#8230;schadet nicht!<\/p>\n<p><\/p>\n<table width=\"100%\">\n<tr>\n<td style=\"background-image=url('images\/monet-heller.jpg')\"><font size=\"+1\"><\/p>\n<p>Crissy reibt sich gerade die Finger <br \/>mit Handcr\u00e8me ein.<br \/>Ohne, dass es jemand sieht.<br \/>Denn das k\u00f6nnen die anderen nicht leiden.<br \/>Es wirkt so privat.<br \/>So, wie Labello auf die Lippen.<br \/>Bei einigen Menschen eine Dauer-Reflex-Bewegung.<br \/>Den Stift z\u00fccken und \u00fcber die Lippen.<br \/>Andere pressen automatisch ihre Lippen zusammen.<\/p>\n<p>Wodurch sie sich verraten, <br \/>sie schlucken etwas runter, dass sie gerne gesagt h\u00e4tten, wollen es aber nicht-aber-doch&#8230;und schweigen vielsagend, lippenzusammenbei\u00dfend.<\/p>\n<p>Sieht auch irgendwie nicht sch\u00f6n aus, oder?<\/p>\n<p>&#8222;Mal wieder etwas Fr\u00f6hliches!&#8220;<br \/>Gibt Marenga gerade die Parole aus und meint damit nicht die franz\u00f6sische Variante &#8222;nur Worte&#8220;&#8230;&#8220;des paroles&#8220;&#8230;.<br \/>aber auch das ist vieldeutig.<\/p>\n<p>&#8222;Vieldeutig ist gut!&#8220;<\/p>\n<p>Marenga klatscht in die H\u00e4nde.<\/p>\n<p>&#8222;Lasst uns Gold finden, <br \/>ohne zu schweigen!&#8220;<\/p>\n<p>Schweigen.<br \/>Dann schl\u00e4ngelt sich Anaconda hervor und fragt:<\/p>\n<p>Ist eine Frage erlaubt?<br \/>Marenga schaut indifferent, die Lippen zusammengepresst.<\/p>\n<p>&#8222;Also &#8211; &#8222;&#8230;<br \/>hebt Anaconda erneut an,<\/p>\n<p>\n&#8222;zu wenige Frauen-Jubil\u00e4en. <br \/>Lasst uns doch einmal richtig nachschauen&#8230;<br \/>Es gibt das Goethe-Jahr, das Schiller-Jahr, das Einstein-Jahr, das Thomas-Mann-Zeitalter, das Heinrich-Heine 150.-Todestag-Rundum-Gedenken.<\/p>\n<p>Wem zuerst ein Jahr einf\u00e4llt, das nach einer Frau benannt wurde, <\/p>\n<p>erh\u00e4lt gratis eine Prise Gift von mir!&#8220;<\/p>\n<p>Und Anaconda raschelt zischelnd zur\u00fcck in ihr Herbarium.<\/p>\n<p>\n<\/td>\n<\/tr>\n<\/table>\n<p>\nfem&#038;Politik: Ansonsten alles ruhig (02\/06)<br \/>\n<br \/>\nNachhtext vom 22. Februar 2006<br \/>\n<br \/>\nVer\u00f6ffentlicht 24. Feb 2006 &#8211; 03:42  <\/p>\n<p>\nfem&#038;Wirtschaft: Jobless Growth<br \/>\n<br \/>\nWirtschaftswachstum dank Massenarbeitslosigkeit &#8211; Nachttext von gestern<br \/>\n<br \/>\nVer\u00f6ffentlicht 24. Feb 2006 &#8211; 03:40  <\/p>\n<p>\nfem&#038;Politik: Fragen verboten &#8211; deutsche Demokratie 2006<br \/>\n<br \/>\nlive-text von gestern zur BND-&#038; CIA- Aff\u00e4re<br \/>\n<br \/>\nVer\u00f6ffentlicht 24. Feb 2006 &#8211; 03:37  <\/p>\n<p>\nfem&#038;Kultur: &#8222;JANINA&#8220; &#8211; Film-Doku von Teresa Renn<br \/>\n<br \/>\nImpression einer Filmwiederholung nachts in der Sendereihe &#8222;RBB um Mitternacht&#8220; &#8211; und jenseits der Text-Impressionen dazu, noch ein Nachhall..ein P.S., aus der Nacht<br \/>\n<br \/>\nVer\u00f6ffentlicht 24. Feb 2006 &#8211; 03:34  <\/p>\n<p>\nPinnwand: PINN: Neue Therapien bei unerf\u00fclltem Kinderwunsch<br \/>\n<br \/>\n50. Symposion der Deutschen Gesellschaft f\u00fcr Endokrinologie:<br \/>\n<br \/>\n1. bis 4. M\u00e4rz 2006, Congress Center Essen <\/p>\n<p>Polyzystisches Ovarialsyndrom: Neue Therapie bei unerf\u00fclltem Kinderwunsch <\/p>\n<p>Essen\/Bochum &#8211; Das Diabetesmedikament Metformin k\u00f6nnte k\u00fcnftig Frauen<br \/>\n<br \/>\nhelfen, die aufgrund eines so genannten Polyzystischen Ovarialsyndroms<br \/>\n<br \/>\n(PCOS) nicht schwanger werden.<br \/>\n<br \/>\nVer\u00f6ffentlicht 23. Feb 2006 &#8211; 16:28  <\/p>\n<p>\nfem&#038;Kultur: Die Kultur h\u00e4tte etwas Besseres verdient&#8230;<br \/>\n<br \/>\nals einen ehemaligen CDU-Chef aus Bremen: live-text vom fr\u00fchen Mittag:<br \/>\n<br \/>\nVer\u00f6ffentlicht 23. Feb 2006 &#8211; 16:02  <\/p>\n<p>\nPortrait: Heine zog 16mal um, in Paris<br \/>\n<br \/>\n&#8230;FEM-Nachttext aus der Donnerstagnacht.\/Von der live-Site.<br \/>\n<br \/>\nVer\u00f6ffentlicht 23. Feb 2006 &#8211; 15:59  <\/p>\n<p>\nPortrait: Heinrich Heine &#8211; Noch immer ein Au\u00dfenseiter?<br \/>\n<br \/>\nSkizze aus der Sicht eines Journalisten, und zwar aus \u00d6sterreich:<br \/>\n<br \/>\nVer\u00f6ffentlicht 23. Feb 2006 &#8211; 01:38  <\/p>\n<p>\nPortrait: Friedrich Nietzsche, Philosoph 1844-1900<br \/>\n<br \/>\nNietzsche, ein &#8222;Fan&#8220; von Heine&#8230;<br \/>\n<br \/>\nVer\u00f6ffentlicht 23. Feb 2006 &#8211; 01:04  <\/p>\n<p>\nPinnwand: SENDUNGEN zu Heinrich Heines 150. Todestag<br \/>\n<br \/>\nGleichzeitig ein Blickauf eine neue Heinrich-Heine-Seite..www.heinrich-heine-denkmal.de<br \/>\n<br \/>\nVer\u00f6ffentlicht 23. Feb 2006 &#8211; 00:53  <\/p>\n<p> Polly: In Berlin kannst du so<\/p>\n<p> pr\u00e4chtig<br \/>\n<br \/>\n unbehaust<br \/>\n<br \/>\n sein.<br \/>\n<br \/>\n Gift f\u00fcr Romantik.<\/p>\n<p>\n[ Results | Polls ]<\/p>\n<p>Votes: 0 | Comments: 0<\/p>\n<p>\n \u00b7 Ansonsten alles ruhig (02\/06) (24. Feb, 2006)<br \/>\n<br \/>\n\u00b7 Jobless Growth (24. Feb, 2006)<br \/>\n<br \/>\n\u00b7 Fragen verboten &#8211; deutsche Demokratie 2006 (24. Feb, 2006)<br \/>\n<br \/>\n\u00b7 &#8222;JANINA&#8220; &#8211; Film-Doku von Teresa Renn (24. Feb, 2006)<br \/>\n<br \/>\n\u00b7 PINN: Neue Therapien bei unerf\u00fclltem Kinderwunsch (23. Feb, 2006)<br \/>\n<br \/>\n\u00b7 Die Kultur h\u00e4tte etwas Besseres verdient&#8230; (23. Feb, 2006)<br \/>\n<br \/>\n\u00b7 Heine zog 16mal um, in Paris (23. Feb, 2006)<br \/>\n<br \/>\n\u00b7 Heinrich Heine &#8211; Noch immer ein Au\u00dfenseiter? (23. Feb, 2006)<br \/>\n<br \/>\n\u00b7 Friedrich Nietzsche, Philosoph 1844-1900 (23. Feb, 2006)<br \/>\n<br \/>\n\u00b7 SENDUNGEN zu Heinrich Heines 150. Todestag (23. Feb, 2006)<\/p>\n<p>\n Mittwoch, 22. Februar<br \/>\n<br \/>\n\u00b7 SUN: In GB wie in GER: keine Planung gegen Vogelgrippe&#8230; (0)<br \/>\n<br \/>\n\u00b7 PINN: Buchh\u00e4ndler-Keller: &#8222;FRIESENBLUT&#8220; (0)<br \/>\n<br \/>\n\u00b7 PINN: LITERATUR IM FOYER am 24. 2. 06 (0)<br \/>\n<br \/>\n\u00b7 ARBEITSZEUGNISSE: Die einseitige Macht (0)<br \/>\n<br \/>\n\u00b7 Kultur-Justiz oder Justiz-Kultur&#8230;Kultur?? (0)<br \/>\n<br \/>\n\u00b7 KULTUR: Gro\u00dfe Fragen &#8211; kleine Antworten (0)<br \/>\n<br \/>\n\u00b7 PINN: 10 Jahre Zentrum f\u00fcr Berlin-Studien (0)<br \/>\n<br \/>\n\u00b7 Dienstag gr\u00fc\u00dft Mittwoch (2\/06) (0)<br \/>\n<br \/>\n\u00b7 CICERO zieht vors BVG (0)<br \/>\n<br \/>\n\u00b7 Die WERTHEIM-GESCHICHTE: &#8220; Arisiert, betrogen, verkauft&#8220; (0)<br \/>\n<br \/>\n  Older Articles <\/p>\n<p>(C) Feminissima 2002<br \/>\n<br \/>\nCMS by PostNuke<br \/>\n<br \/>\nHaftung f\u00fcr Inhalte auf verlinkten Seiten wird ausgeschlossen.<\/p>\n<p><\/p>\n","protected":false},"excerpt":{"rendered":"<p>S\u00e4tze, Worte, Ausspr\u00fcche..von Menschen der Zeit..<\/p>\n","protected":false},"author":2,"featured_media":0,"comment_status":"closed","ping_status":"closed","sticky":false,"template":"","format":"standard","meta":{"footnotes":""},"categories":[7],"tags":[],"class_list":["post-84326","post","type-post","status-publish","format-standard","hentry","category-femberuf","entry"],"yoast_head":"<!-- This site is optimized with the Yoast SEO plugin v21.0 - https:\/\/yoast.com\/wordpress\/plugins\/seo\/ -->\n<title>Worte..des paroles.. - Feminissima<\/title>\n<meta name=\"robots\" content=\"index, follow, max-snippet:-1, max-image-preview:large, max-video-preview:-1\" \/>\n<link rel=\"canonical\" href=\"https:\/\/feminissima.de\/index.php\/2006\/02\/24\/worte-des-paroles\/\" \/>\n<meta property=\"og:locale\" content=\"de_DE\" \/>\n<meta property=\"og:type\" content=\"article\" \/>\n<meta property=\"og:title\" content=\"Worte..des paroles.. - Feminissima\" \/>\n<meta property=\"og:description\" content=\"S\u00e4tze, Worte, Ausspr\u00fcche..von Menschen der Zeit..\" \/>\n<meta property=\"og:url\" content=\"https:\/\/feminissima.de\/index.php\/2006\/02\/24\/worte-des-paroles\/\" \/>\n<meta property=\"og:site_name\" content=\"Feminissima\" \/>\n<meta property=\"article:published_time\" content=\"2006-02-24T16:01:41+00:00\" \/>\n<meta name=\"author\" content=\"admin\" \/>\n<meta name=\"twitter:card\" content=\"summary_large_image\" \/>\n<meta name=\"twitter:label1\" content=\"Verfasst von\" \/>\n\t<meta name=\"twitter:data1\" content=\"admin\" \/>\n\t<meta name=\"twitter:label2\" content=\"Gesch\u00e4tzte Lesezeit\" \/>\n\t<meta name=\"twitter:data2\" content=\"6\u00a0Minuten\" \/>\n<script type=\"application\/ld+json\" class=\"yoast-schema-graph\">{\"@context\":\"https:\/\/schema.org\",\"@graph\":[{\"@type\":\"WebPage\",\"@id\":\"https:\/\/feminissima.de\/index.php\/2006\/02\/24\/worte-des-paroles\/\",\"url\":\"https:\/\/feminissima.de\/index.php\/2006\/02\/24\/worte-des-paroles\/\",\"name\":\"Worte..des paroles.. - Feminissima\",\"isPartOf\":{\"@id\":\"https:\/\/feminissima.de\/#website\"},\"datePublished\":\"2006-02-24T16:01:41+00:00\",\"dateModified\":\"2006-02-24T16:01:41+00:00\",\"author\":{\"@id\":\"https:\/\/feminissima.de\/#\/schema\/person\/0b901e053624f88e7ecbea289d9d5128\"},\"breadcrumb\":{\"@id\":\"https:\/\/feminissima.de\/index.php\/2006\/02\/24\/worte-des-paroles\/#breadcrumb\"},\"inLanguage\":\"de\",\"potentialAction\":[{\"@type\":\"ReadAction\",\"target\":[\"https:\/\/feminissima.de\/index.php\/2006\/02\/24\/worte-des-paroles\/\"]}]},{\"@type\":\"BreadcrumbList\",\"@id\":\"https:\/\/feminissima.de\/index.php\/2006\/02\/24\/worte-des-paroles\/#breadcrumb\",\"itemListElement\":[{\"@type\":\"ListItem\",\"position\":1,\"name\":\"Startseite\",\"item\":\"https:\/\/feminissima.de\/\"},{\"@type\":\"ListItem\",\"position\":2,\"name\":\"Worte..des paroles..\"}]},{\"@type\":\"WebSite\",\"@id\":\"https:\/\/feminissima.de\/#website\",\"url\":\"https:\/\/feminissima.de\/\",\"name\":\"Feminissima\",\"description\":\"\",\"potentialAction\":[{\"@type\":\"SearchAction\",\"target\":{\"@type\":\"EntryPoint\",\"urlTemplate\":\"https:\/\/feminissima.de\/?s={search_term_string}\"},\"query-input\":\"required name=search_term_string\"}],\"inLanguage\":\"de\"},{\"@type\":\"Person\",\"@id\":\"https:\/\/feminissima.de\/#\/schema\/person\/0b901e053624f88e7ecbea289d9d5128\",\"name\":\"admin\",\"image\":{\"@type\":\"ImageObject\",\"inLanguage\":\"de\",\"@id\":\"https:\/\/feminissima.de\/#\/schema\/person\/image\/\",\"url\":\"https:\/\/secure.gravatar.com\/avatar\/8da1f51327453c0bf63338e8e2a791948b7d2ac19b68839492d1e69aac6924a8?s=96&d=mm&r=g\",\"contentUrl\":\"https:\/\/secure.gravatar.com\/avatar\/8da1f51327453c0bf63338e8e2a791948b7d2ac19b68839492d1e69aac6924a8?s=96&d=mm&r=g\",\"caption\":\"admin\"},\"url\":\"https:\/\/feminissima.de\/index.php\/author\/admin\/\"}]}<\/script>\n<!-- \/ Yoast SEO plugin. -->","yoast_head_json":{"title":"Worte..des paroles.. - Feminissima","robots":{"index":"index","follow":"follow","max-snippet":"max-snippet:-1","max-image-preview":"max-image-preview:large","max-video-preview":"max-video-preview:-1"},"canonical":"https:\/\/feminissima.de\/index.php\/2006\/02\/24\/worte-des-paroles\/","og_locale":"de_DE","og_type":"article","og_title":"Worte..des paroles.. - Feminissima","og_description":"S\u00e4tze, Worte, Ausspr\u00fcche..von Menschen der Zeit..","og_url":"https:\/\/feminissima.de\/index.php\/2006\/02\/24\/worte-des-paroles\/","og_site_name":"Feminissima","article_published_time":"2006-02-24T16:01:41+00:00","author":"admin","twitter_card":"summary_large_image","twitter_misc":{"Verfasst von":"admin","Gesch\u00e4tzte Lesezeit":"6\u00a0Minuten"},"schema":{"@context":"https:\/\/schema.org","@graph":[{"@type":"WebPage","@id":"https:\/\/feminissima.de\/index.php\/2006\/02\/24\/worte-des-paroles\/","url":"https:\/\/feminissima.de\/index.php\/2006\/02\/24\/worte-des-paroles\/","name":"Worte..des paroles.. - Feminissima","isPartOf":{"@id":"https:\/\/feminissima.de\/#website"},"datePublished":"2006-02-24T16:01:41+00:00","dateModified":"2006-02-24T16:01:41+00:00","author":{"@id":"https:\/\/feminissima.de\/#\/schema\/person\/0b901e053624f88e7ecbea289d9d5128"},"breadcrumb":{"@id":"https:\/\/feminissima.de\/index.php\/2006\/02\/24\/worte-des-paroles\/#breadcrumb"},"inLanguage":"de","potentialAction":[{"@type":"ReadAction","target":["https:\/\/feminissima.de\/index.php\/2006\/02\/24\/worte-des-paroles\/"]}]},{"@type":"BreadcrumbList","@id":"https:\/\/feminissima.de\/index.php\/2006\/02\/24\/worte-des-paroles\/#breadcrumb","itemListElement":[{"@type":"ListItem","position":1,"name":"Startseite","item":"https:\/\/feminissima.de\/"},{"@type":"ListItem","position":2,"name":"Worte..des paroles.."}]},{"@type":"WebSite","@id":"https:\/\/feminissima.de\/#website","url":"https:\/\/feminissima.de\/","name":"Feminissima","description":"","potentialAction":[{"@type":"SearchAction","target":{"@type":"EntryPoint","urlTemplate":"https:\/\/feminissima.de\/?s={search_term_string}"},"query-input":"required name=search_term_string"}],"inLanguage":"de"},{"@type":"Person","@id":"https:\/\/feminissima.de\/#\/schema\/person\/0b901e053624f88e7ecbea289d9d5128","name":"admin","image":{"@type":"ImageObject","inLanguage":"de","@id":"https:\/\/feminissima.de\/#\/schema\/person\/image\/","url":"https:\/\/secure.gravatar.com\/avatar\/8da1f51327453c0bf63338e8e2a791948b7d2ac19b68839492d1e69aac6924a8?s=96&d=mm&r=g","contentUrl":"https:\/\/secure.gravatar.com\/avatar\/8da1f51327453c0bf63338e8e2a791948b7d2ac19b68839492d1e69aac6924a8?s=96&d=mm&r=g","caption":"admin"},"url":"https:\/\/feminissima.de\/index.php\/author\/admin\/"}]}},"jetpack_featured_media_url":"","_links":{"self":[{"href":"https:\/\/feminissima.de\/index.php\/wp-json\/wp\/v2\/posts\/84326","targetHints":{"allow":["GET"]}}],"collection":[{"href":"https:\/\/feminissima.de\/index.php\/wp-json\/wp\/v2\/posts"}],"about":[{"href":"https:\/\/feminissima.de\/index.php\/wp-json\/wp\/v2\/types\/post"}],"author":[{"embeddable":true,"href":"https:\/\/feminissima.de\/index.php\/wp-json\/wp\/v2\/users\/2"}],"replies":[{"embeddable":true,"href":"https:\/\/feminissima.de\/index.php\/wp-json\/wp\/v2\/comments?post=84326"}],"version-history":[{"count":0,"href":"https:\/\/feminissima.de\/index.php\/wp-json\/wp\/v2\/posts\/84326\/revisions"}],"wp:attachment":[{"href":"https:\/\/feminissima.de\/index.php\/wp-json\/wp\/v2\/media?parent=84326"}],"wp:term":[{"taxonomy":"category","embeddable":true,"href":"https:\/\/feminissima.de\/index.php\/wp-json\/wp\/v2\/categories?post=84326"},{"taxonomy":"post_tag","embeddable":true,"href":"https:\/\/feminissima.de\/index.php\/wp-json\/wp\/v2\/tags?post=84326"}],"curies":[{"name":"wp","href":"https:\/\/api.w.org\/{rel}","templated":true}]}}