{"id":84318,"date":"2006-02-23T01:04:06","date_gmt":"2006-02-23T01:04:06","guid":{"rendered":"http:\/\/www.feminissima.de\/?p=84318"},"modified":"2006-02-23T01:04:06","modified_gmt":"2006-02-23T01:04:06","slug":"friedrich-nietzsche-philosoph-1844-1900","status":"publish","type":"post","link":"https:\/\/feminissima.de\/index.php\/2006\/02\/23\/friedrich-nietzsche-philosoph-1844-1900\/","title":{"rendered":"Friedrich Nietzsche, Philosoph 1844-1900"},"content":{"rendered":"<p>Nietzsche, ein &#8222;Fan&#8220; von Heine&#8230;<br \/>1844-1900 <\/p>\n<p> Friedrich Nietzsche<br \/>\n<br \/>\nPhilosoph <\/p>\n<p>1844<br \/>\n<br \/>\n15. Oktober: Friedrich Nietzsche wird in R\u00f6cken (Preu\u00dfische Provinz Sachsen) als Sohn eines pietistischen Pfarrers geboren. <\/p>\n<p>\n1850<br \/>\n<br \/>\nNach dem Tod des Vaters zieht die Familie nach Naumburg um. <\/p>\n<p>\n1864\/65<br \/>\n<br \/>\nStudium der Theologie und klassischen Philologie in Bonn. <\/p>\n<p>\n1865<br \/>\n<br \/>\nFortsetzung des Studiums in Leipzig, wo er sich mit dem Werk des Philosophen Arthur Schopenhauer (1788-1860) besch\u00e4ftigt.<br \/>\n<br \/>\nEr wird Mitglied im Philologischen Verein, in dem er seine ersten wissenschaftlichen Arbeiten vorlegt. <\/p>\n<p>\n1868<br \/>\n<br \/>\nMilit\u00e4rdienst.<br \/>\n<br \/>\nBeginn der Freundschaft mit dem Komponisten Richard Wagner (1813-1883). <\/p>\n<p>\n1869<br \/>\n<br \/>\nWegen seiner Ver\u00f6ffentlichungen wird Nietzsche der Doktorgrad ohne Pr\u00fcfung in Leipzig erteilt. Er wird an die Universit\u00e4t Basel als au\u00dferordentlicher Professor f\u00fcr griechische Sprache und Literatur berufen. <\/p>\n<p>\n1870<br \/>\n<br \/>\nAls freiwilliger Krankenpfleger nimmt er am Deutsch-Franz\u00f6sischen Krieg teil. Wegen einer schweren Erkrankung kehrt er vorzeitig nach Basel zur\u00fcck. <\/p>\n<p>\n1872<br \/>\n<br \/>\nDa seine erste gr\u00f6\u00dfere Abhandlung \u00fcber &#8222;Die Geburt der Trag\u00f6die aus dem Geiste der Musik&#8220; von klassischen Philologen abgelehnt wird, wendet sich Nietzsche ganz der Philosophie zu.<br \/>\n<br \/>\nMai: Wagner und Nietzsche wohnen der Grundsteinlegung des Bayreuther Festspielhauses bei. <\/p>\n<p>\n1873-1876<br \/>\n<br \/>\nDie vierb\u00e4ndige kulturkritische Abhandlung &#8222;Unzeitgem\u00e4\u00dfe Betrachtungen&#8220; erscheint. Im zweiten Band &#8222;Vom Nutzen und Nachtheil der Historie f\u00fcr das Leben&#8220; stellt Nietzsche die Funktion der Geschichte f\u00fcr die Kultivierung des Menschen dar. Au\u00dferdem behauptet er, da\u00df politisch-moralische Werte der Zeitbestimmung unterliegen und somit der Kritik verfallen. <\/p>\n<p>\n1876<br \/>\n<br \/>\nEr wird von der Universit\u00e4t Basel wegen seiner Krankheit suspendiert. <\/p>\n<p>\n1878-1880<br \/>\n<br \/>\nIn dem zweib\u00e4ndigen Werk &#8222;Menschliches Allzumenschliches. Ein Buch f\u00fcr freie Geister&#8220; vollzieht er den Bruch mit Wagner, dem er vorwirft, seine k\u00fcnstlerischen Vorstellungen zugunsten der Bayreuther Festspiele aufgegeben zu haben. <\/p>\n<p>\n1879<br \/>\n<br \/>\nAufgrund zunehmender Kopf- und Augenbeschwerden gibt Nietzsche sein Lehramt an der Universit\u00e4t Basel auf und isoliert sich von seinen Freunden. Er verbringt die folgenden Jahre abwechselnd u.a. in Venedig, Nizza, Sizilien und Sils-Maria (Schweiz). <\/p>\n<p>\n1881\/82<br \/>\n<br \/>\nIn &#8222;Morgenr\u00f6the. Gedanken \u00fcber die moralischen Vorurtheile&#8220; und &#8222;Die fr\u00f6hliche Wissenschaft&#8220; stilisiert er in aphoristischer Form den &#8222;Willen zur Macht&#8220; zum allgemeinen Seinsprinzip. <\/p>\n<p>\n1883-1885<br \/>\n<br \/>\nIn &#8222;Also Sprach Zarathustra. Ein Buch f\u00fcr Alle und Keinen&#8220; ist der &#8222;Wille zur Macht&#8220; die bestimmende Instanz aller Lebens- und Kulturentwicklung. Das zugrundeliegende Menschenbild konzipiert den &#8222;\u00dcbermenschen&#8220; als einen &#8222;\u00dcberwinder&#8220; des endlichen, in seinen Interessen befangenen Menschen. Erst der \u00dcbermensch erkenne die ewige Wiederkehr des Gleichen in der Geschichte und k\u00f6nne so die konsequenteste Form des Nihilismus erleben. <\/p>\n<p>\n1886<br \/>\n<br \/>\nIn der Schrift &#8222;Jenseits von Gut und B\u00f6se. Vorspiel einer Philosophie der Zukunft&#8220; setzt er sich kritisch mit traditionellen j\u00fcdisch-christlichen Werten auseinander. <\/p>\n<p>\n1888<br \/>\n<br \/>\nNietzsche arbeitet an polemischen Schriften wie &#8222;Der Fall Wagner&#8220; oder &#8222;Der Antichrist. Versuch einer Kritik des Christentums&#8220;, die schon Spuren seiner ausbrechenden psychischen Krankheit tragen. <\/p>\n<p>\n1889<br \/>\n<br \/>\nJanuar: Nach einem psychischen Zusammenbruch in Turin lebt er unter der Vormundschaft seiner Mutter in Jena und Naumburg.<br \/>\n<br \/>\nSein letztes von ihm noch herausgegebenes Werk, &#8222;G\u00f6tzend\u00e4mmerung oder Wie man mit dem Hammer philosophirt&#8220; erscheint. <\/p>\n<p>\n1894<br \/>\n<br \/>\nSeine Schwester gr\u00fcndet das Nietzsche-Archiv, das sich vor allem auf die Herausgabe des Sp\u00e4twerks konzentriert. <\/p>\n<p>\n1897<br \/>\n<br \/>\nNach dem Tod der Mutter zieht Nietzsche mit seiner Schwester nach Weimar. <\/p>\n<p>\n1900<br \/>\n<br \/>\n25. August: Friedrich Nietzsche stirbt in geistiger Umnachtung in Weimar.<br \/>\n<br \/>\n(lw\/lh) <\/p>\n<p> Ansichten zu Deutschland<\/p>\n","protected":false},"excerpt":{"rendered":"<p>Nietzsche, ein &#8222;Fan&#8220; von Heine&#8230;<\/p>\n","protected":false},"author":2,"featured_media":0,"comment_status":"closed","ping_status":"closed","sticky":false,"template":"","format":"standard","meta":{"footnotes":""},"categories":[27],"tags":[],"class_list":["post-84318","post","type-post","status-publish","format-standard","hentry","category-portrait","entry"],"yoast_head":"<!-- This site is optimized with the Yoast SEO plugin v21.0 - https:\/\/yoast.com\/wordpress\/plugins\/seo\/ -->\n<title>Friedrich Nietzsche, Philosoph 1844-1900 - Feminissima<\/title>\n<meta name=\"robots\" content=\"index, follow, max-snippet:-1, max-image-preview:large, max-video-preview:-1\" \/>\n<link rel=\"canonical\" href=\"https:\/\/feminissima.de\/index.php\/2006\/02\/23\/friedrich-nietzsche-philosoph-1844-1900\/\" \/>\n<meta property=\"og:locale\" content=\"de_DE\" \/>\n<meta property=\"og:type\" content=\"article\" \/>\n<meta property=\"og:title\" content=\"Friedrich Nietzsche, Philosoph 1844-1900 - Feminissima\" \/>\n<meta property=\"og:description\" content=\"Nietzsche, ein &quot;Fan&quot; von Heine...\" \/>\n<meta property=\"og:url\" content=\"https:\/\/feminissima.de\/index.php\/2006\/02\/23\/friedrich-nietzsche-philosoph-1844-1900\/\" \/>\n<meta property=\"og:site_name\" content=\"Feminissima\" \/>\n<meta property=\"article:published_time\" content=\"2006-02-23T01:04:06+00:00\" \/>\n<meta name=\"author\" content=\"admin\" \/>\n<meta name=\"twitter:card\" content=\"summary_large_image\" \/>\n<meta name=\"twitter:label1\" content=\"Verfasst von\" \/>\n\t<meta name=\"twitter:data1\" content=\"admin\" \/>\n\t<meta name=\"twitter:label2\" content=\"Gesch\u00e4tzte Lesezeit\" \/>\n\t<meta name=\"twitter:data2\" content=\"3\u00a0Minuten\" \/>\n<script type=\"application\/ld+json\" class=\"yoast-schema-graph\">{\"@context\":\"https:\/\/schema.org\",\"@graph\":[{\"@type\":\"WebPage\",\"@id\":\"https:\/\/feminissima.de\/index.php\/2006\/02\/23\/friedrich-nietzsche-philosoph-1844-1900\/\",\"url\":\"https:\/\/feminissima.de\/index.php\/2006\/02\/23\/friedrich-nietzsche-philosoph-1844-1900\/\",\"name\":\"Friedrich Nietzsche, Philosoph 1844-1900 - Feminissima\",\"isPartOf\":{\"@id\":\"https:\/\/feminissima.de\/#website\"},\"datePublished\":\"2006-02-23T01:04:06+00:00\",\"dateModified\":\"2006-02-23T01:04:06+00:00\",\"author\":{\"@id\":\"https:\/\/feminissima.de\/#\/schema\/person\/0b901e053624f88e7ecbea289d9d5128\"},\"breadcrumb\":{\"@id\":\"https:\/\/feminissima.de\/index.php\/2006\/02\/23\/friedrich-nietzsche-philosoph-1844-1900\/#breadcrumb\"},\"inLanguage\":\"de\",\"potentialAction\":[{\"@type\":\"ReadAction\",\"target\":[\"https:\/\/feminissima.de\/index.php\/2006\/02\/23\/friedrich-nietzsche-philosoph-1844-1900\/\"]}]},{\"@type\":\"BreadcrumbList\",\"@id\":\"https:\/\/feminissima.de\/index.php\/2006\/02\/23\/friedrich-nietzsche-philosoph-1844-1900\/#breadcrumb\",\"itemListElement\":[{\"@type\":\"ListItem\",\"position\":1,\"name\":\"Startseite\",\"item\":\"https:\/\/feminissima.de\/\"},{\"@type\":\"ListItem\",\"position\":2,\"name\":\"Friedrich Nietzsche, Philosoph 1844-1900\"}]},{\"@type\":\"WebSite\",\"@id\":\"https:\/\/feminissima.de\/#website\",\"url\":\"https:\/\/feminissima.de\/\",\"name\":\"Feminissima\",\"description\":\"\",\"potentialAction\":[{\"@type\":\"SearchAction\",\"target\":{\"@type\":\"EntryPoint\",\"urlTemplate\":\"https:\/\/feminissima.de\/?s={search_term_string}\"},\"query-input\":\"required name=search_term_string\"}],\"inLanguage\":\"de\"},{\"@type\":\"Person\",\"@id\":\"https:\/\/feminissima.de\/#\/schema\/person\/0b901e053624f88e7ecbea289d9d5128\",\"name\":\"admin\",\"image\":{\"@type\":\"ImageObject\",\"inLanguage\":\"de\",\"@id\":\"https:\/\/feminissima.de\/#\/schema\/person\/image\/\",\"url\":\"https:\/\/secure.gravatar.com\/avatar\/8da1f51327453c0bf63338e8e2a791948b7d2ac19b68839492d1e69aac6924a8?s=96&d=mm&r=g\",\"contentUrl\":\"https:\/\/secure.gravatar.com\/avatar\/8da1f51327453c0bf63338e8e2a791948b7d2ac19b68839492d1e69aac6924a8?s=96&d=mm&r=g\",\"caption\":\"admin\"},\"url\":\"https:\/\/feminissima.de\/index.php\/author\/admin\/\"}]}<\/script>\n<!-- \/ Yoast SEO plugin. -->","yoast_head_json":{"title":"Friedrich Nietzsche, Philosoph 1844-1900 - Feminissima","robots":{"index":"index","follow":"follow","max-snippet":"max-snippet:-1","max-image-preview":"max-image-preview:large","max-video-preview":"max-video-preview:-1"},"canonical":"https:\/\/feminissima.de\/index.php\/2006\/02\/23\/friedrich-nietzsche-philosoph-1844-1900\/","og_locale":"de_DE","og_type":"article","og_title":"Friedrich Nietzsche, Philosoph 1844-1900 - Feminissima","og_description":"Nietzsche, ein \"Fan\" von Heine...","og_url":"https:\/\/feminissima.de\/index.php\/2006\/02\/23\/friedrich-nietzsche-philosoph-1844-1900\/","og_site_name":"Feminissima","article_published_time":"2006-02-23T01:04:06+00:00","author":"admin","twitter_card":"summary_large_image","twitter_misc":{"Verfasst von":"admin","Gesch\u00e4tzte Lesezeit":"3\u00a0Minuten"},"schema":{"@context":"https:\/\/schema.org","@graph":[{"@type":"WebPage","@id":"https:\/\/feminissima.de\/index.php\/2006\/02\/23\/friedrich-nietzsche-philosoph-1844-1900\/","url":"https:\/\/feminissima.de\/index.php\/2006\/02\/23\/friedrich-nietzsche-philosoph-1844-1900\/","name":"Friedrich Nietzsche, Philosoph 1844-1900 - Feminissima","isPartOf":{"@id":"https:\/\/feminissima.de\/#website"},"datePublished":"2006-02-23T01:04:06+00:00","dateModified":"2006-02-23T01:04:06+00:00","author":{"@id":"https:\/\/feminissima.de\/#\/schema\/person\/0b901e053624f88e7ecbea289d9d5128"},"breadcrumb":{"@id":"https:\/\/feminissima.de\/index.php\/2006\/02\/23\/friedrich-nietzsche-philosoph-1844-1900\/#breadcrumb"},"inLanguage":"de","potentialAction":[{"@type":"ReadAction","target":["https:\/\/feminissima.de\/index.php\/2006\/02\/23\/friedrich-nietzsche-philosoph-1844-1900\/"]}]},{"@type":"BreadcrumbList","@id":"https:\/\/feminissima.de\/index.php\/2006\/02\/23\/friedrich-nietzsche-philosoph-1844-1900\/#breadcrumb","itemListElement":[{"@type":"ListItem","position":1,"name":"Startseite","item":"https:\/\/feminissima.de\/"},{"@type":"ListItem","position":2,"name":"Friedrich Nietzsche, Philosoph 1844-1900"}]},{"@type":"WebSite","@id":"https:\/\/feminissima.de\/#website","url":"https:\/\/feminissima.de\/","name":"Feminissima","description":"","potentialAction":[{"@type":"SearchAction","target":{"@type":"EntryPoint","urlTemplate":"https:\/\/feminissima.de\/?s={search_term_string}"},"query-input":"required name=search_term_string"}],"inLanguage":"de"},{"@type":"Person","@id":"https:\/\/feminissima.de\/#\/schema\/person\/0b901e053624f88e7ecbea289d9d5128","name":"admin","image":{"@type":"ImageObject","inLanguage":"de","@id":"https:\/\/feminissima.de\/#\/schema\/person\/image\/","url":"https:\/\/secure.gravatar.com\/avatar\/8da1f51327453c0bf63338e8e2a791948b7d2ac19b68839492d1e69aac6924a8?s=96&d=mm&r=g","contentUrl":"https:\/\/secure.gravatar.com\/avatar\/8da1f51327453c0bf63338e8e2a791948b7d2ac19b68839492d1e69aac6924a8?s=96&d=mm&r=g","caption":"admin"},"url":"https:\/\/feminissima.de\/index.php\/author\/admin\/"}]}},"jetpack_featured_media_url":"","_links":{"self":[{"href":"https:\/\/feminissima.de\/index.php\/wp-json\/wp\/v2\/posts\/84318","targetHints":{"allow":["GET"]}}],"collection":[{"href":"https:\/\/feminissima.de\/index.php\/wp-json\/wp\/v2\/posts"}],"about":[{"href":"https:\/\/feminissima.de\/index.php\/wp-json\/wp\/v2\/types\/post"}],"author":[{"embeddable":true,"href":"https:\/\/feminissima.de\/index.php\/wp-json\/wp\/v2\/users\/2"}],"replies":[{"embeddable":true,"href":"https:\/\/feminissima.de\/index.php\/wp-json\/wp\/v2\/comments?post=84318"}],"version-history":[{"count":0,"href":"https:\/\/feminissima.de\/index.php\/wp-json\/wp\/v2\/posts\/84318\/revisions"}],"wp:attachment":[{"href":"https:\/\/feminissima.de\/index.php\/wp-json\/wp\/v2\/media?parent=84318"}],"wp:term":[{"taxonomy":"category","embeddable":true,"href":"https:\/\/feminissima.de\/index.php\/wp-json\/wp\/v2\/categories?post=84318"},{"taxonomy":"post_tag","embeddable":true,"href":"https:\/\/feminissima.de\/index.php\/wp-json\/wp\/v2\/tags?post=84318"}],"curies":[{"name":"wp","href":"https:\/\/api.w.org\/{rel}","templated":true}]}}