{"id":84317,"date":"2006-02-23T00:53:41","date_gmt":"2006-02-23T00:53:41","guid":{"rendered":"http:\/\/www.feminissima.de\/?p=84317"},"modified":"2006-02-23T00:53:41","modified_gmt":"2006-02-23T00:53:41","slug":"sendungen-zu-heinrich-heines-150-todestag","status":"publish","type":"post","link":"https:\/\/feminissima.de\/index.php\/2006\/02\/23\/sendungen-zu-heinrich-heines-150-todestag\/","title":{"rendered":"SENDUNGEN zu Heinrich Heines 150. Todestag"},"content":{"rendered":"<p>Gleichzeitig ein Blickauf eine neue Heinrich-Heine-Seite..www.heinrich-heine-denkmal.de<br \/>www. heinrich-heine-denkmal.de<\/p>\n<p>Heinrich Heine<br \/>\n<br \/>\nLeben, Leiden, Werk und Hintergrund<br \/>\n<br \/>\n\u00bb Startseite \u00bb 150. Todestag<br \/>\n<br \/>\nStartseite<\/p>\n<p>Zum 150. Todestag<br \/>\n<br \/>\nHeinrich Heine in TV und Radio<br \/>\n<br \/>\nLetzte Aktualisierung am 18.02.2006 <\/p>\n<p>TV<br \/>\n<br \/>\nWie in Programmzeitschriften \u00fcblich, habe ich Fernsehsendungen, die nach Mitternacht beginnen, dem Datum des Vortags zugeordnet.<\/p>\n<p>Unter Das Literarische Quartett sind Video-Streams der Sendung vom 3. Februar 2006 auf den Seiten des ZDF abrufbar<\/p>\n<p>\nFr, 17. Februar 2006<br \/>\n<br \/>\n08:15 Uhr Phoenix: Harzreise &#8211; Auf den Spuren Harry Heines &#8211; Film<br \/>\n<br \/>\n13:30 Uhr Phoenix: Harzreise &#8211; Auf den Spuren Harry Heines &#8211; Film (Wiederholung)<br \/>\n<br \/>\n19:45 Uhr BR-alpha: Viertel vor &#8211; Historische Nachrichten<br \/>\n<br \/>\nu.a. mit dem Thema D\u00fcsseldorf &#8222;macht Frieden&#8220; mit Heinrich Heine<br \/>\n<br \/>\n22:10 Uhr ARTE: \u00bbDenk&#8216; ich an Deutschland in der Nacht\u00ab &#8211; Filmbiographie (2005)<br \/>\n<br \/>\n23:15 Uhr ARTE: Wir haben alles mitgetr\u00e4umt &#8211; Dokumentation (2005)<br \/>\n<br \/>\nSa, 18. Februar 2006<br \/>\n<br \/>\n21:40 Uhr NDR: \u00bbDenk&#8216; ich an Deutschland in der Nacht\u00ab &#8211; Filmbiographie (2005)(Wiederholung der ARTE-Sendung vom 17.2.)<br \/>\n<br \/>\nSo, 19. Februar 2006<br \/>\n<br \/>\n13:10 Uhr BR-alpha: Auf den Spuren von Heinrich Heine &#8211; Literaturreportage<br \/>\n<br \/>\n14:00 Uhr Phoenix: Historische Ereignisse: Heines 150. Todestag &#8211; Dokumentation<br \/>\n<br \/>\n22:05 Uhr BR-alpha: In Deutschland kann ich nicht l\u00e4nger bleiben &#8211; Historische Dokumentation<br \/>\n<br \/>\n22:15 Uhr ZDFtheaterkanal: Heinrich Heine &#8211; Liebe, Spott und Vaterland &#8211; Musikalisch-literarische Hommage an Heinrich Heine (Wiederholung)<br \/>\n<br \/>\n01:30 Uhr Phoenix: Historische Ereignisse &#8211; Dokumentation<br \/>\n<br \/>\nMo, 20. Februar 2006<br \/>\n<br \/>\n23:45 Uhr NDR: \u00bbDenk&#8216; ich an Deutschland in der Nacht\u00ab &#8211; Filmbiographie (2005) (Wiederholung der ARTE-Sendung vom 17.2.)<br \/>\n<br \/>\n00:25 Uhr rbb: Heinrich Heine &#8211; Vergiftet sind meine Lieder &#8211; Die Jahre 1797 &#8211; 1822, Folge 1\/3<br \/>\n<br \/>\n23:45 Uhr NDR: \u00bbDenk&#8216; ich an Deutschland in der Nacht\u00ab &#8211; Filmbiographie (2005) (Wiederholung der ARTE-Sendung vom 17.2.)<br \/>\n<br \/>\nDi, 21. Februar 2006<br \/>\n<br \/>\n23:45 Uhr rbb: Heinrich Heine &#8211; Der Sturm warf mich an den Seine-Strand &#8211; Die Jahre 1822 &#8211; 1831, Folge 2\/3<br \/>\n<br \/>\nMi, 22. Februar 2006<br \/>\n<br \/>\n00:00 Uhr rbb: Heinrich Heine &#8211; Vernehmt mein Schluchzen und mein Flehn &#8211; Die Jahre 1831 &#8211; 1856, Folge 3\/3<br \/>\n<br \/>\nFr, 24. Februar 2006<br \/>\n<br \/>\n22:15 Uhr ZDFtheaterkanal: Heinrich Heine &#8211; Liebe, Spott und Vaterland &#8211; Musikalisch-literarische Hommage an Heinrich Heine (Wiederholung)<br \/>\n<br \/>\nSo, 26. Februar 2006<br \/>\n<br \/>\n14:00 Uhr Phoenix: Historische Ereignisse: Heines 150. Todestag &#8211; Dokumentation<br \/>\n<br \/>\nSa, 4. M\u00e4rz 2006<br \/>\n<br \/>\n11:30 Uhr NDR: \u00bbDenk&#8216; ich an Deutschland in der Nacht\u00ab &#8211; Filmbiographie (Wiederholung der ARTE-Sendung vom 17.2.)<\/p>\n<p>Radio<br \/>\n<br \/>\nAb 12. Februar 2006: Heine-Sendungen auf SWR2 <\/p>\n<p>Ab 13. Februar: Heine-Sendungen im Nordwestradio <\/p>\n<p>Ab 14. Februar : Heinrich-Heine Schwerpunktsendungen auf WDR 3 <\/p>\n<p>Do, 16.2.2006, 22:00 Uhr, WDR 3, WDR 3 ART<br \/>\n<br \/>\nDas Heine-Projekt &#8211; Recherche einer unm\u00f6glichen Liebe Ich k\u00fcsse ihre F\u00fc\u00dfe <\/p>\n<p>Fr, 17.2.2006, 9:05 Uhr, WDR 5, ZeitZeichen<br \/>\n<br \/>\nTodestag des Dichters Heinrich Heine <\/p>\n<p>Fr, 17.2.2006, 12:05 Uhr, WDR 5, Scala<br \/>\n<br \/>\nWeltb\u00fcrger im Querformat \u2013 Vor 150 Jahren starb der Dichter Heinrich Heine <\/p>\n<p>Fr, 17.2.2006, 14:45 Uhr, WDR 3, H\u00f6rZeichen<br \/>\n<br \/>\nHeinrich Heine: &#8222;Deutschland. Ein Winterm\u00e4rchen&#8220; <\/p>\n<p>Fr, 17.2.2006, 15:05 Uhr, WDR 3, Musikpassagen<br \/>\n<br \/>\n&#8222;Doch die Kastraten klagten&#8220; &#8211; Heine-Nachkl\u00e4nge <\/p>\n<p>Sa, 18.2.2006, 20:05 Uhr, WDR 4, Samstagskonzert<br \/>\n<br \/>\n&#8222;Denk ich an Deutschland in der Nacht &#8230;&#8220; <\/p>\n<p>So, 19.2.2006, 11:00 Uhr, Bayern2, Lesung<br \/>\n<br \/>\nHeinrich Heine: &#8222;Franz\u00f6sische Zust\u00e4nde 1832&#8220; (3\/4)<\/p>\n<p>So, 19.2.2006, 15:05 Uhr, WDR 5, SpielArt<br \/>\n<br \/>\nLoreley &#038; Libert\u00e9 \u2013 Heine, Rhein und Freiheit <\/p>\n<p>So, 26.2.2006, 11:00 Uhr, Bayern2, Lesung<br \/>\n<br \/>\nHeinrich Heine: &#8222;Franz\u00f6sische Zust\u00e4nde 1832&#8220; (4\/4)<\/p>\n<p>So, 5.3.2006, 11:00 Uhr, Bayern2, Lesung<br \/>\n<br \/>\nHeinrich Heine: &#8222;Zur Geschichte der Religion und Philosophie in Deutschland&#8220; (1\/4)<br \/>\n<br \/>\nHeinrich Heine zum 150. Todestag. Sonnt\u00e4glich am 5., 12., 19. und 26.3.<\/p>\n<p>Fr, 10.3.2006, 12:05 Uhr, WDR 5, Scala<br \/>\n<br \/>\nDas letzte Wort <\/p>\n<p>So, 12.3.2006, 11:00 Uhr, Bayern2, Lesung<br \/>\n<br \/>\nHeinrich Heine: &#8222;Zur Geschichte der Religion und Philosophie in Deutschland&#8220; (2\/4)<\/p>\n<p>So, 19.3.2006, 11:00 Uhr, Bayern2, Lesung<br \/>\n<br \/>\nHeinrich Heine: &#8222;Zur Geschichte der Religion und Philosophie in Deutschland&#8220; (3\/4)<\/p>\n<p>So, 26.3.2006, 11:00 Uhr, Bayern2, Lesung<br \/>\n<br \/>\nHeinrich Heine: &#8222;Zur Geschichte der Religion und Philosophie in Deutschland&#8220; (4\/4)<\/p>\n<p>\n&#8212;&#8212;&#8212;&#8212;&#8212;&#8212;&#8212;&#8212;&#8212;&#8212;&#8212;&#8212;&#8212;&#8212;&#8212;&#8212;&#8212;&#8212;&#8212;&#8212;&#8212;&#8212;&#8212;&#8212;&#8212;&#8212;&#8211;<br \/>\n<br \/>\n\u00a9 Wolfgang Fricke <\/p>\n","protected":false},"excerpt":{"rendered":"<p>Gleichzeitig ein Blickauf eine neue Heinrich-Heine-Seite..www.heinrich-heine-denkmal.de<\/p>\n","protected":false},"author":2,"featured_media":0,"comment_status":"closed","ping_status":"closed","sticky":false,"template":"","format":"standard","meta":{"footnotes":""},"categories":[26],"tags":[],"class_list":["post-84317","post","type-post","status-publish","format-standard","hentry","category-pinnwand","entry"],"yoast_head":"<!-- This site is optimized with the Yoast SEO plugin v21.0 - https:\/\/yoast.com\/wordpress\/plugins\/seo\/ -->\n<title>SENDUNGEN zu Heinrich Heines 150. Todestag - Feminissima<\/title>\n<meta name=\"robots\" content=\"index, follow, max-snippet:-1, max-image-preview:large, max-video-preview:-1\" \/>\n<link rel=\"canonical\" href=\"https:\/\/feminissima.de\/index.php\/2006\/02\/23\/sendungen-zu-heinrich-heines-150-todestag\/\" \/>\n<meta property=\"og:locale\" content=\"de_DE\" \/>\n<meta property=\"og:type\" content=\"article\" \/>\n<meta property=\"og:title\" content=\"SENDUNGEN zu Heinrich Heines 150. Todestag - Feminissima\" \/>\n<meta property=\"og:description\" content=\"Gleichzeitig ein Blickauf eine neue Heinrich-Heine-Seite..www.heinrich-heine-denkmal.de\" \/>\n<meta property=\"og:url\" content=\"https:\/\/feminissima.de\/index.php\/2006\/02\/23\/sendungen-zu-heinrich-heines-150-todestag\/\" \/>\n<meta property=\"og:site_name\" content=\"Feminissima\" \/>\n<meta property=\"article:published_time\" content=\"2006-02-23T00:53:41+00:00\" \/>\n<meta name=\"author\" content=\"admin\" \/>\n<meta name=\"twitter:card\" content=\"summary_large_image\" \/>\n<meta name=\"twitter:label1\" content=\"Verfasst von\" \/>\n\t<meta name=\"twitter:data1\" content=\"admin\" \/>\n\t<meta name=\"twitter:label2\" content=\"Gesch\u00e4tzte Lesezeit\" \/>\n\t<meta name=\"twitter:data2\" content=\"3\u00a0Minuten\" \/>\n<script type=\"application\/ld+json\" class=\"yoast-schema-graph\">{\"@context\":\"https:\/\/schema.org\",\"@graph\":[{\"@type\":\"WebPage\",\"@id\":\"https:\/\/feminissima.de\/index.php\/2006\/02\/23\/sendungen-zu-heinrich-heines-150-todestag\/\",\"url\":\"https:\/\/feminissima.de\/index.php\/2006\/02\/23\/sendungen-zu-heinrich-heines-150-todestag\/\",\"name\":\"SENDUNGEN zu Heinrich Heines 150. Todestag - Feminissima\",\"isPartOf\":{\"@id\":\"https:\/\/feminissima.de\/#website\"},\"datePublished\":\"2006-02-23T00:53:41+00:00\",\"dateModified\":\"2006-02-23T00:53:41+00:00\",\"author\":{\"@id\":\"https:\/\/feminissima.de\/#\/schema\/person\/0b901e053624f88e7ecbea289d9d5128\"},\"breadcrumb\":{\"@id\":\"https:\/\/feminissima.de\/index.php\/2006\/02\/23\/sendungen-zu-heinrich-heines-150-todestag\/#breadcrumb\"},\"inLanguage\":\"de\",\"potentialAction\":[{\"@type\":\"ReadAction\",\"target\":[\"https:\/\/feminissima.de\/index.php\/2006\/02\/23\/sendungen-zu-heinrich-heines-150-todestag\/\"]}]},{\"@type\":\"BreadcrumbList\",\"@id\":\"https:\/\/feminissima.de\/index.php\/2006\/02\/23\/sendungen-zu-heinrich-heines-150-todestag\/#breadcrumb\",\"itemListElement\":[{\"@type\":\"ListItem\",\"position\":1,\"name\":\"Startseite\",\"item\":\"https:\/\/feminissima.de\/\"},{\"@type\":\"ListItem\",\"position\":2,\"name\":\"SENDUNGEN zu Heinrich Heines 150. Todestag\"}]},{\"@type\":\"WebSite\",\"@id\":\"https:\/\/feminissima.de\/#website\",\"url\":\"https:\/\/feminissima.de\/\",\"name\":\"Feminissima\",\"description\":\"\",\"potentialAction\":[{\"@type\":\"SearchAction\",\"target\":{\"@type\":\"EntryPoint\",\"urlTemplate\":\"https:\/\/feminissima.de\/?s={search_term_string}\"},\"query-input\":\"required name=search_term_string\"}],\"inLanguage\":\"de\"},{\"@type\":\"Person\",\"@id\":\"https:\/\/feminissima.de\/#\/schema\/person\/0b901e053624f88e7ecbea289d9d5128\",\"name\":\"admin\",\"image\":{\"@type\":\"ImageObject\",\"inLanguage\":\"de\",\"@id\":\"https:\/\/feminissima.de\/#\/schema\/person\/image\/\",\"url\":\"https:\/\/secure.gravatar.com\/avatar\/8da1f51327453c0bf63338e8e2a791948b7d2ac19b68839492d1e69aac6924a8?s=96&d=mm&r=g\",\"contentUrl\":\"https:\/\/secure.gravatar.com\/avatar\/8da1f51327453c0bf63338e8e2a791948b7d2ac19b68839492d1e69aac6924a8?s=96&d=mm&r=g\",\"caption\":\"admin\"},\"url\":\"https:\/\/feminissima.de\/index.php\/author\/admin\/\"}]}<\/script>\n<!-- \/ Yoast SEO plugin. -->","yoast_head_json":{"title":"SENDUNGEN zu Heinrich Heines 150. Todestag - Feminissima","robots":{"index":"index","follow":"follow","max-snippet":"max-snippet:-1","max-image-preview":"max-image-preview:large","max-video-preview":"max-video-preview:-1"},"canonical":"https:\/\/feminissima.de\/index.php\/2006\/02\/23\/sendungen-zu-heinrich-heines-150-todestag\/","og_locale":"de_DE","og_type":"article","og_title":"SENDUNGEN zu Heinrich Heines 150. Todestag - Feminissima","og_description":"Gleichzeitig ein Blickauf eine neue Heinrich-Heine-Seite..www.heinrich-heine-denkmal.de","og_url":"https:\/\/feminissima.de\/index.php\/2006\/02\/23\/sendungen-zu-heinrich-heines-150-todestag\/","og_site_name":"Feminissima","article_published_time":"2006-02-23T00:53:41+00:00","author":"admin","twitter_card":"summary_large_image","twitter_misc":{"Verfasst von":"admin","Gesch\u00e4tzte Lesezeit":"3\u00a0Minuten"},"schema":{"@context":"https:\/\/schema.org","@graph":[{"@type":"WebPage","@id":"https:\/\/feminissima.de\/index.php\/2006\/02\/23\/sendungen-zu-heinrich-heines-150-todestag\/","url":"https:\/\/feminissima.de\/index.php\/2006\/02\/23\/sendungen-zu-heinrich-heines-150-todestag\/","name":"SENDUNGEN zu Heinrich Heines 150. Todestag - Feminissima","isPartOf":{"@id":"https:\/\/feminissima.de\/#website"},"datePublished":"2006-02-23T00:53:41+00:00","dateModified":"2006-02-23T00:53:41+00:00","author":{"@id":"https:\/\/feminissima.de\/#\/schema\/person\/0b901e053624f88e7ecbea289d9d5128"},"breadcrumb":{"@id":"https:\/\/feminissima.de\/index.php\/2006\/02\/23\/sendungen-zu-heinrich-heines-150-todestag\/#breadcrumb"},"inLanguage":"de","potentialAction":[{"@type":"ReadAction","target":["https:\/\/feminissima.de\/index.php\/2006\/02\/23\/sendungen-zu-heinrich-heines-150-todestag\/"]}]},{"@type":"BreadcrumbList","@id":"https:\/\/feminissima.de\/index.php\/2006\/02\/23\/sendungen-zu-heinrich-heines-150-todestag\/#breadcrumb","itemListElement":[{"@type":"ListItem","position":1,"name":"Startseite","item":"https:\/\/feminissima.de\/"},{"@type":"ListItem","position":2,"name":"SENDUNGEN zu Heinrich Heines 150. Todestag"}]},{"@type":"WebSite","@id":"https:\/\/feminissima.de\/#website","url":"https:\/\/feminissima.de\/","name":"Feminissima","description":"","potentialAction":[{"@type":"SearchAction","target":{"@type":"EntryPoint","urlTemplate":"https:\/\/feminissima.de\/?s={search_term_string}"},"query-input":"required name=search_term_string"}],"inLanguage":"de"},{"@type":"Person","@id":"https:\/\/feminissima.de\/#\/schema\/person\/0b901e053624f88e7ecbea289d9d5128","name":"admin","image":{"@type":"ImageObject","inLanguage":"de","@id":"https:\/\/feminissima.de\/#\/schema\/person\/image\/","url":"https:\/\/secure.gravatar.com\/avatar\/8da1f51327453c0bf63338e8e2a791948b7d2ac19b68839492d1e69aac6924a8?s=96&d=mm&r=g","contentUrl":"https:\/\/secure.gravatar.com\/avatar\/8da1f51327453c0bf63338e8e2a791948b7d2ac19b68839492d1e69aac6924a8?s=96&d=mm&r=g","caption":"admin"},"url":"https:\/\/feminissima.de\/index.php\/author\/admin\/"}]}},"jetpack_featured_media_url":"","_links":{"self":[{"href":"https:\/\/feminissima.de\/index.php\/wp-json\/wp\/v2\/posts\/84317","targetHints":{"allow":["GET"]}}],"collection":[{"href":"https:\/\/feminissima.de\/index.php\/wp-json\/wp\/v2\/posts"}],"about":[{"href":"https:\/\/feminissima.de\/index.php\/wp-json\/wp\/v2\/types\/post"}],"author":[{"embeddable":true,"href":"https:\/\/feminissima.de\/index.php\/wp-json\/wp\/v2\/users\/2"}],"replies":[{"embeddable":true,"href":"https:\/\/feminissima.de\/index.php\/wp-json\/wp\/v2\/comments?post=84317"}],"version-history":[{"count":0,"href":"https:\/\/feminissima.de\/index.php\/wp-json\/wp\/v2\/posts\/84317\/revisions"}],"wp:attachment":[{"href":"https:\/\/feminissima.de\/index.php\/wp-json\/wp\/v2\/media?parent=84317"}],"wp:term":[{"taxonomy":"category","embeddable":true,"href":"https:\/\/feminissima.de\/index.php\/wp-json\/wp\/v2\/categories?post=84317"},{"taxonomy":"post_tag","embeddable":true,"href":"https:\/\/feminissima.de\/index.php\/wp-json\/wp\/v2\/tags?post=84317"}],"curies":[{"name":"wp","href":"https:\/\/api.w.org\/{rel}","templated":true}]}}