{"id":84295,"date":"2006-02-18T04:38:55","date_gmt":"2006-02-18T04:38:55","guid":{"rendered":"http:\/\/www.feminissima.de\/?p=84295"},"modified":"2006-02-18T04:38:55","modified_gmt":"2006-02-18T04:38:55","slug":"rumsfeld-attackiert-annan02-06","status":"publish","type":"post","link":"https:\/\/feminissima.de\/index.php\/2006\/02\/18\/rumsfeld-attackiert-annan02-06\/","title":{"rendered":"RUMSFELD attackiert ANNAN(02\/06)"},"content":{"rendered":"<p>Rumsfeld greift Annan wegen Guantanomo-Kritik an.<br \/>\n<br \/>\nUnd \u00fcbrigens &#8211; Ru\u00dfland (wo Rekruten totgeschlagen werden und noch selbst schuld dran sind!)schlie\u00dft Zeitung wegen Karikaturen. Das zeigt, wie &#8222;demokratisch&#8220; Ru\u00dfland seit langem ist&#8230;Und &#8211; weiter Karikaturenstreit mit Todesopfern, jetzt in Libyen, bei Demos.<br \/>Der amerikanische Verteidigungsminister Donald Rumsfeld hat die Forderung der Vereinten Nationen nach einer Schlie\u00dfung des Gefangenenlagers Guantanamo scharf zur\u00fcckgewiesen.<\/p>\n<p>&#8222;Hunderte Terroristen, die Amerikaner t\u00f6ten w\u00fcrden&#8220;Das Lager zu schlie\u00dfen und so zu tun, als g\u00e4be es kein Problem, sei alles andere als realistisch. &#8222;Wir haben dort mehrere hundert Terroristen, die, wenn sie zur\u00fcck in die Freiheit k\u00e4men, versuchen w\u00fcrden, Amerikaner zu t\u00f6ten&#8220;, sagte Rumsfeld in einer Rede in New York vor dem Rat f\u00fcr Au\u00dfenpolitik. Die Forderung von UN-Generalsekret\u00e4r Kofi Annan nach einer Schlie\u00dfung sei deswegen &#8222;glatt falsch&#8220;. Annan hatte allerdings nicht gefordert, dass die rund 500 Guantanamo-Insassen freigelassen werden.<\/p>\n<p>&#8222;Keine Folter&#8220;  <\/p>\n<p>&#8222;Es gibt keine Folter, es gibt keine Misshandlungen&#8220;, sagte Rumsfeld mit Blick auf einen Bericht der Vereinten Nationen zu dem Lager.<br \/>\n<br \/>\nSollte sich jemand irgendetwas zu schulden kommen lassen, werde er bestraft. <\/p>\n<p>Neben Annan hatte sich auch Gro\u00dfbritanniens Premier Tony Blair zum Thema ge\u00e4u\u00dfert. <\/p>\n<p>Mit dieser &#8222;Anomalie muss man sich fr\u00fcher oder sp\u00e4ter befassen&#8220;, so Blair nach einem Treffen mit Bundeskanzlerin Angela Merkel in Berlin.<\/p>\n<p>Neue Medienstrategie im Krieg gegen den Terror<\/p>\n<p>Neben seiner Stellungnahme zu Guantanamo k\u00fcndigte Rumsfeld eine neue Medienstrategie f\u00fcr den Kampf gegen den Terrorismus an: <\/p>\n<p>&#8222;In diesem Krieg werden einige der entscheidensten Schlachten in Redaktionen in New York, London, Kairo und anderswo geschlagen.&#8220; <\/p>\n<p>Die US-Armee m\u00fcsse k\u00fcnftig in der Lage sein, rund um die Uhr schneller und angemessener auf jede Meldung zu reagieren, die ankomme, forderte Rumsfeld. <\/p>\n<p>Eine umfassende Medienkampagne m\u00fcsse Zeitungen, Rundfunk, Fernsehen und das Internet erreichen. <\/p>\n<p>Das Terrornetzwerk Al Kaida sei ebenfalls geschickt bei der Manipulation der Medien, sagte der Minister, &#8222;aber die Wahrheit ist auf unserer Seite&#8220;.<\/p>\n<p>Deutsch-britische Kritik an Guantanamo<br \/>\n<br \/>\n.Entsetzen \u00fcber Misshandlungsfotos<br \/>\n<br \/>\nQu\u00e4len im Auftrag der Geheimdienste?<\/p>\n<p>Quelle: ard.de von dieser Nacht<\/p>\n","protected":false},"excerpt":{"rendered":"<p>Rumsfeld greift Annan wegen Guantanomo-Kritik an.<br \/>\n<br \/>\nUnd \u00fcbrigens &#8211; Ru\u00dfland (wo Rekruten totgeschlagen werden und noch selbst schuld dran sind!)schlie\u00dft Zeitung wegen Karikaturen. Das zeigt, wie &#8222;demokratisch&#8220; Ru\u00dfland seit langem ist&#8230;Und &#8211; weiter Karikaturenstreit mit Todesopfern, jetzt in Libyen, bei Demos.<\/p>\n","protected":false},"author":2,"featured_media":0,"comment_status":"closed","ping_status":"closed","sticky":false,"template":"","format":"standard","meta":{"footnotes":""},"categories":[14],"tags":[],"class_list":["post-84295","post","type-post","status-publish","format-standard","hentry","category-fempolitik","entry"],"yoast_head":"<!-- This site is optimized with the Yoast SEO plugin v21.0 - https:\/\/yoast.com\/wordpress\/plugins\/seo\/ -->\n<title>RUMSFELD attackiert ANNAN(02\/06) - Feminissima<\/title>\n<meta name=\"robots\" content=\"index, follow, max-snippet:-1, max-image-preview:large, max-video-preview:-1\" \/>\n<link rel=\"canonical\" href=\"https:\/\/feminissima.de\/index.php\/2006\/02\/18\/rumsfeld-attackiert-annan02-06\/\" \/>\n<meta property=\"og:locale\" content=\"de_DE\" \/>\n<meta property=\"og:type\" content=\"article\" \/>\n<meta property=\"og:title\" content=\"RUMSFELD attackiert ANNAN(02\/06) - Feminissima\" \/>\n<meta property=\"og:description\" content=\"Rumsfeld greift Annan wegen Guantanomo-Kritik an. Und \u00fcbrigens - Ru\u00dfland (wo Rekruten totgeschlagen werden und noch selbst schuld dran sind!)schlie\u00dft Zeitung wegen Karikaturen. Das zeigt, wie &quot;demokratisch&quot; Ru\u00dfland seit langem ist...Und - weiter Karikaturenstreit mit Todesopfern, jetzt in Libyen, bei Demos.\" \/>\n<meta property=\"og:url\" content=\"https:\/\/feminissima.de\/index.php\/2006\/02\/18\/rumsfeld-attackiert-annan02-06\/\" \/>\n<meta property=\"og:site_name\" content=\"Feminissima\" \/>\n<meta property=\"article:published_time\" content=\"2006-02-18T04:38:55+00:00\" \/>\n<meta name=\"author\" content=\"admin\" \/>\n<meta name=\"twitter:card\" content=\"summary_large_image\" \/>\n<meta name=\"twitter:label1\" content=\"Verfasst von\" \/>\n\t<meta name=\"twitter:data1\" content=\"admin\" \/>\n\t<meta name=\"twitter:label2\" content=\"Gesch\u00e4tzte Lesezeit\" \/>\n\t<meta name=\"twitter:data2\" content=\"2\u00a0Minuten\" \/>\n<script type=\"application\/ld+json\" class=\"yoast-schema-graph\">{\"@context\":\"https:\/\/schema.org\",\"@graph\":[{\"@type\":\"WebPage\",\"@id\":\"https:\/\/feminissima.de\/index.php\/2006\/02\/18\/rumsfeld-attackiert-annan02-06\/\",\"url\":\"https:\/\/feminissima.de\/index.php\/2006\/02\/18\/rumsfeld-attackiert-annan02-06\/\",\"name\":\"RUMSFELD attackiert ANNAN(02\/06) - Feminissima\",\"isPartOf\":{\"@id\":\"https:\/\/feminissima.de\/#website\"},\"datePublished\":\"2006-02-18T04:38:55+00:00\",\"dateModified\":\"2006-02-18T04:38:55+00:00\",\"author\":{\"@id\":\"https:\/\/feminissima.de\/#\/schema\/person\/0b901e053624f88e7ecbea289d9d5128\"},\"breadcrumb\":{\"@id\":\"https:\/\/feminissima.de\/index.php\/2006\/02\/18\/rumsfeld-attackiert-annan02-06\/#breadcrumb\"},\"inLanguage\":\"de\",\"potentialAction\":[{\"@type\":\"ReadAction\",\"target\":[\"https:\/\/feminissima.de\/index.php\/2006\/02\/18\/rumsfeld-attackiert-annan02-06\/\"]}]},{\"@type\":\"BreadcrumbList\",\"@id\":\"https:\/\/feminissima.de\/index.php\/2006\/02\/18\/rumsfeld-attackiert-annan02-06\/#breadcrumb\",\"itemListElement\":[{\"@type\":\"ListItem\",\"position\":1,\"name\":\"Startseite\",\"item\":\"https:\/\/feminissima.de\/\"},{\"@type\":\"ListItem\",\"position\":2,\"name\":\"RUMSFELD attackiert ANNAN(02\/06)\"}]},{\"@type\":\"WebSite\",\"@id\":\"https:\/\/feminissima.de\/#website\",\"url\":\"https:\/\/feminissima.de\/\",\"name\":\"Feminissima\",\"description\":\"\",\"potentialAction\":[{\"@type\":\"SearchAction\",\"target\":{\"@type\":\"EntryPoint\",\"urlTemplate\":\"https:\/\/feminissima.de\/?s={search_term_string}\"},\"query-input\":\"required name=search_term_string\"}],\"inLanguage\":\"de\"},{\"@type\":\"Person\",\"@id\":\"https:\/\/feminissima.de\/#\/schema\/person\/0b901e053624f88e7ecbea289d9d5128\",\"name\":\"admin\",\"image\":{\"@type\":\"ImageObject\",\"inLanguage\":\"de\",\"@id\":\"https:\/\/feminissima.de\/#\/schema\/person\/image\/\",\"url\":\"https:\/\/secure.gravatar.com\/avatar\/8da1f51327453c0bf63338e8e2a791948b7d2ac19b68839492d1e69aac6924a8?s=96&d=mm&r=g\",\"contentUrl\":\"https:\/\/secure.gravatar.com\/avatar\/8da1f51327453c0bf63338e8e2a791948b7d2ac19b68839492d1e69aac6924a8?s=96&d=mm&r=g\",\"caption\":\"admin\"},\"url\":\"https:\/\/feminissima.de\/index.php\/author\/admin\/\"}]}<\/script>\n<!-- \/ Yoast SEO plugin. -->","yoast_head_json":{"title":"RUMSFELD attackiert ANNAN(02\/06) - Feminissima","robots":{"index":"index","follow":"follow","max-snippet":"max-snippet:-1","max-image-preview":"max-image-preview:large","max-video-preview":"max-video-preview:-1"},"canonical":"https:\/\/feminissima.de\/index.php\/2006\/02\/18\/rumsfeld-attackiert-annan02-06\/","og_locale":"de_DE","og_type":"article","og_title":"RUMSFELD attackiert ANNAN(02\/06) - Feminissima","og_description":"Rumsfeld greift Annan wegen Guantanomo-Kritik an. Und \u00fcbrigens - Ru\u00dfland (wo Rekruten totgeschlagen werden und noch selbst schuld dran sind!)schlie\u00dft Zeitung wegen Karikaturen. Das zeigt, wie \"demokratisch\" Ru\u00dfland seit langem ist...Und - weiter Karikaturenstreit mit Todesopfern, jetzt in Libyen, bei Demos.","og_url":"https:\/\/feminissima.de\/index.php\/2006\/02\/18\/rumsfeld-attackiert-annan02-06\/","og_site_name":"Feminissima","article_published_time":"2006-02-18T04:38:55+00:00","author":"admin","twitter_card":"summary_large_image","twitter_misc":{"Verfasst von":"admin","Gesch\u00e4tzte Lesezeit":"2\u00a0Minuten"},"schema":{"@context":"https:\/\/schema.org","@graph":[{"@type":"WebPage","@id":"https:\/\/feminissima.de\/index.php\/2006\/02\/18\/rumsfeld-attackiert-annan02-06\/","url":"https:\/\/feminissima.de\/index.php\/2006\/02\/18\/rumsfeld-attackiert-annan02-06\/","name":"RUMSFELD attackiert ANNAN(02\/06) - Feminissima","isPartOf":{"@id":"https:\/\/feminissima.de\/#website"},"datePublished":"2006-02-18T04:38:55+00:00","dateModified":"2006-02-18T04:38:55+00:00","author":{"@id":"https:\/\/feminissima.de\/#\/schema\/person\/0b901e053624f88e7ecbea289d9d5128"},"breadcrumb":{"@id":"https:\/\/feminissima.de\/index.php\/2006\/02\/18\/rumsfeld-attackiert-annan02-06\/#breadcrumb"},"inLanguage":"de","potentialAction":[{"@type":"ReadAction","target":["https:\/\/feminissima.de\/index.php\/2006\/02\/18\/rumsfeld-attackiert-annan02-06\/"]}]},{"@type":"BreadcrumbList","@id":"https:\/\/feminissima.de\/index.php\/2006\/02\/18\/rumsfeld-attackiert-annan02-06\/#breadcrumb","itemListElement":[{"@type":"ListItem","position":1,"name":"Startseite","item":"https:\/\/feminissima.de\/"},{"@type":"ListItem","position":2,"name":"RUMSFELD attackiert ANNAN(02\/06)"}]},{"@type":"WebSite","@id":"https:\/\/feminissima.de\/#website","url":"https:\/\/feminissima.de\/","name":"Feminissima","description":"","potentialAction":[{"@type":"SearchAction","target":{"@type":"EntryPoint","urlTemplate":"https:\/\/feminissima.de\/?s={search_term_string}"},"query-input":"required name=search_term_string"}],"inLanguage":"de"},{"@type":"Person","@id":"https:\/\/feminissima.de\/#\/schema\/person\/0b901e053624f88e7ecbea289d9d5128","name":"admin","image":{"@type":"ImageObject","inLanguage":"de","@id":"https:\/\/feminissima.de\/#\/schema\/person\/image\/","url":"https:\/\/secure.gravatar.com\/avatar\/8da1f51327453c0bf63338e8e2a791948b7d2ac19b68839492d1e69aac6924a8?s=96&d=mm&r=g","contentUrl":"https:\/\/secure.gravatar.com\/avatar\/8da1f51327453c0bf63338e8e2a791948b7d2ac19b68839492d1e69aac6924a8?s=96&d=mm&r=g","caption":"admin"},"url":"https:\/\/feminissima.de\/index.php\/author\/admin\/"}]}},"jetpack_featured_media_url":"","_links":{"self":[{"href":"https:\/\/feminissima.de\/index.php\/wp-json\/wp\/v2\/posts\/84295","targetHints":{"allow":["GET"]}}],"collection":[{"href":"https:\/\/feminissima.de\/index.php\/wp-json\/wp\/v2\/posts"}],"about":[{"href":"https:\/\/feminissima.de\/index.php\/wp-json\/wp\/v2\/types\/post"}],"author":[{"embeddable":true,"href":"https:\/\/feminissima.de\/index.php\/wp-json\/wp\/v2\/users\/2"}],"replies":[{"embeddable":true,"href":"https:\/\/feminissima.de\/index.php\/wp-json\/wp\/v2\/comments?post=84295"}],"version-history":[{"count":0,"href":"https:\/\/feminissima.de\/index.php\/wp-json\/wp\/v2\/posts\/84295\/revisions"}],"wp:attachment":[{"href":"https:\/\/feminissima.de\/index.php\/wp-json\/wp\/v2\/media?parent=84295"}],"wp:term":[{"taxonomy":"category","embeddable":true,"href":"https:\/\/feminissima.de\/index.php\/wp-json\/wp\/v2\/categories?post=84295"},{"taxonomy":"post_tag","embeddable":true,"href":"https:\/\/feminissima.de\/index.php\/wp-json\/wp\/v2\/tags?post=84295"}],"curies":[{"name":"wp","href":"https:\/\/api.w.org\/{rel}","templated":true}]}}