{"id":84292,"date":"2006-02-16T01:57:00","date_gmt":"2006-02-16T01:57:00","guid":{"rendered":"http:\/\/www.feminissima.de\/?p=84292"},"modified":"2006-02-16T01:57:00","modified_gmt":"2006-02-16T01:57:00","slug":"presse-schau-bosbach-schliesst-militaerschlag-gegen-iran-nicht-aus","status":"publish","type":"post","link":"https:\/\/feminissima.de\/index.php\/2006\/02\/16\/presse-schau-bosbach-schliesst-militaerschlag-gegen-iran-nicht-aus\/","title":{"rendered":"PRESSE-SCHAU: BOSBACH schlie\u00dft Milit\u00e4rschlag gegen IRAN nicht aus"},"content":{"rendered":"<p>Es ist alarmierend. Und FEM hat leider KEINEN DEUT \u00fcbertrieben, in ihrer Polemik gegen die kriegsl\u00fcsternen \u00c4u\u00dferungen der Angela Merkel. Dazu auch angemerkt, dass sie ohne &#8222;R\u00fcckendeckung&#8220; wohl kaum so dreist auftreten k\u00f6nnte. Hier haben wir f\u00fcr Euch den Beweis gefunden, bitte sehr, die himmelschreiende Dummheit der Schwaben&#8230;nein, sorry, wir sind nur furchtbar allergisch &#8230;weil die all so \u00e4hnlich schw\u00e4tzen tun, auch geistig:  Quelle: HANDELSBLATT<br \/>HANDELSBLATT, Montag, 13. Februar 2006, 18:08 Uhr<\/p>\n<p>\n&#8222;Absurde Vorw\u00fcrfe&#8220; <\/p>\n<p>Iran sorgt f\u00fcr Z\u00fcndstoff bei Schwarz-Rot <\/p>\n<p>\nDer Atomstreit mit Teheran bringt Unruhe in die gro\u00dfe Koalition. Unions-Politiker haben verschnupft auf die SPD-Kritik an Iran-\u00c4u\u00dferungen von Bundeskanzlerin Angela Merkel reagiert. Es handle sich bei einigen \u201eum eine bewusste Fehlinterpretation der \u00c4u\u00dferungen\u201c. <\/p>\n<p>\n Nachdenklich: Bundeskanzlerin Angela Merkel sorgte mit ihren \u00c4u\u00dferungen zum Iran f\u00fcr Aufregung in der Koalition. Foto: dpa <\/p>\n<p>\nHB BERLIN. &#8222;Es sind v\u00f6llig absurde Vorw\u00fcrfe&#8220;, sagte der CSU-Au\u00dfenpolitiker Karl-Theodor Freiherr zu Guttenberg dem Handelsblatt (Dienstagsausgabe).&#8220; Um ein Einlenken des Irans zu erreichen, m\u00fcsse man Teheran so viel Ungewissheit \u00fcber das westliche Vorgehen wie m\u00f6glich lassen. <\/p>\n<p>&#8222;Es w\u00e4re sehr sch\u00e4dlich, wenn nun ausgerechnet eine innerdeutsche Debatte daf\u00fcr sorgt, dass das klare Signal der Staatengemeinschaft an den Iran weniger klar wird&#8220;, sagte auch Ruprecht Pohlenz (CDU), Vorsitzender des Ausw\u00e4rtigen Ausschusses des Bundestages. Der stellvertretende SPD-Fraktionsvorsitzende Walter Kolbow nahm Merkel ebenfalls in Schutz. &#8222;In der Sache gibt es keinen Unterschied in der Iran-Politik&#8220;, betonte er. Sowohl Union wie SPD unterst\u00fctzen eine diplomatische L\u00f6sung des Iran-Konflikts. &#8222;Ich kann nicht erkennen, dass sich Merkel von der Koalitionslinie entfernt hat.&#8220; <\/p>\n<p>Merkel hatte am Wochenende erkl\u00e4rte, sie halte sich im Irankonflikt alle Optionen offen. Daraufhin war zwischen Union und Sozialdemokraten eine Diskussion \u00fcber die gemeimsame Linie im Atomstreit entfacht: SPD-Chef Matthias Platzeck erkl\u00e4rte: \u201eMilit\u00e4rische Optionen geh\u00f6ren vom Tisch.\u201c Sein Generalsekret\u00e4r Hubertus Heil relativierte sp\u00e4ter, die SPD-Spitze sei gegen \u201eeine Diskussion, die Krieg als erstes und einziges Mittel denkt\u201c. Die SPD setze in der Iranpolitik weiter auf diplomatische und friedliche Mittel. \u201eWir wollen, dass dieser Konflikt friedlich gel\u00f6st wird\u201c, betonte Heil. Die SPD sei nicht bereit, sich in eine \u201eLogik des Kriegs\u201c hineinziehen zu lassen.<\/p>\n<p>Die Au\u00dfenpolitiker der Koalition machten sp\u00e4ter klar, dass es Merkel auch darum gehe, Iran im Unklaren zu lassen. Hans-Ulrich Klose (SPD), der stellvertretende Vorsitzende des Ausw\u00e4rtigen Ausschusses, sagte: \u201eIch halte eine milit\u00e4rische L\u00f6sung nicht f\u00fcr w\u00fcnschenswert. Aber es ist richtig, keine Option vom Tisch zu nehmen.\u201c Der SPD-Verteidigungsexperte Rainer Arnold betonte: \u201eMan sollte nicht jetzt schon alles bis zu Ende durchspielen, aber man sollte auch nicht sagen, was man nicht tun w\u00fcrde.\u201c<\/p>\n<p>CDU-Fraktionsvize Wolfgang Bosbach sagte, man d\u00fcrfe \u201ekeine M\u00f6glichkeit ausschlie\u00dfen &#8211; auch nicht die milit\u00e4rische\u201c. Der au\u00dfenpolitische Sprecher der CDU, Eckart von Klaeden, sagte mit Blick auf Platzecks \u00c4u\u00dferungen, man solle sich \u201eau\u00dfenpolitische Fragen nicht von innenpolitischen diktieren lassen\u201c. Zu Merkels Position meinte er: \u201eMan muss den Iran in den Konsequenzen im Ungewissen lassen, damit wir eine starke Verhandlungsposition haben.\u201c<\/p>\n","protected":false},"excerpt":{"rendered":"<p>Es ist alarmierend. Und FEM hat leider KEINEN DEUT \u00fcbertrieben, in ihrer Polemik gegen die kriegsl\u00fcsternen \u00c4u\u00dferungen der Angela Merkel. Dazu auch angemerkt, dass sie ohne &#8222;R\u00fcckendeckung&#8220; wohl kaum so dreist auftreten k\u00f6nnte. Hier haben wir f\u00fcr Euch den Beweis gefunden, bitte sehr, die himmelschreiende Dummheit der Schwaben&#8230;nein, sorry, wir sind nur furchtbar allergisch &#8230;weil die all so \u00e4hnlich schw\u00e4tzen tun, auch geistig:  Quelle: HANDELSBLATT<\/p>\n","protected":false},"author":2,"featured_media":0,"comment_status":"closed","ping_status":"closed","sticky":false,"template":"","format":"standard","meta":{"footnotes":""},"categories":[14],"tags":[],"class_list":["post-84292","post","type-post","status-publish","format-standard","hentry","category-fempolitik","entry"],"yoast_head":"<!-- This site is optimized with the Yoast SEO plugin v21.0 - https:\/\/yoast.com\/wordpress\/plugins\/seo\/ -->\n<title>PRESSE-SCHAU: BOSBACH schlie\u00dft Milit\u00e4rschlag gegen IRAN nicht aus - Feminissima<\/title>\n<meta name=\"robots\" content=\"index, follow, max-snippet:-1, max-image-preview:large, max-video-preview:-1\" \/>\n<link rel=\"canonical\" href=\"https:\/\/feminissima.de\/index.php\/2006\/02\/16\/presse-schau-bosbach-schliesst-militaerschlag-gegen-iran-nicht-aus\/\" \/>\n<meta property=\"og:locale\" content=\"de_DE\" \/>\n<meta property=\"og:type\" content=\"article\" \/>\n<meta property=\"og:title\" content=\"PRESSE-SCHAU: BOSBACH schlie\u00dft Milit\u00e4rschlag gegen IRAN nicht aus - Feminissima\" \/>\n<meta property=\"og:description\" content=\"Es ist alarmierend. Und FEM hat leider KEINEN DEUT \u00fcbertrieben, in ihrer Polemik gegen die kriegsl\u00fcsternen \u00c4u\u00dferungen der Angela Merkel. Dazu auch angemerkt, dass sie ohne &quot;R\u00fcckendeckung&quot; wohl kaum so dreist auftreten k\u00f6nnte. Hier haben wir f\u00fcr Euch den Beweis gefunden, bitte sehr, die himmelschreiende Dummheit der Schwaben...nein, sorry, wir sind nur furchtbar allergisch ...weil die all so \u00e4hnlich schw\u00e4tzen tun, auch geistig: Quelle: HANDELSBLATT\" \/>\n<meta property=\"og:url\" content=\"https:\/\/feminissima.de\/index.php\/2006\/02\/16\/presse-schau-bosbach-schliesst-militaerschlag-gegen-iran-nicht-aus\/\" \/>\n<meta property=\"og:site_name\" content=\"Feminissima\" \/>\n<meta property=\"article:published_time\" content=\"2006-02-16T01:57:00+00:00\" \/>\n<meta name=\"author\" content=\"admin\" \/>\n<meta name=\"twitter:card\" content=\"summary_large_image\" \/>\n<meta name=\"twitter:label1\" content=\"Verfasst von\" \/>\n\t<meta name=\"twitter:data1\" content=\"admin\" \/>\n\t<meta name=\"twitter:label2\" content=\"Gesch\u00e4tzte Lesezeit\" \/>\n\t<meta name=\"twitter:data2\" content=\"3\u00a0Minuten\" \/>\n<script type=\"application\/ld+json\" class=\"yoast-schema-graph\">{\"@context\":\"https:\/\/schema.org\",\"@graph\":[{\"@type\":\"WebPage\",\"@id\":\"https:\/\/feminissima.de\/index.php\/2006\/02\/16\/presse-schau-bosbach-schliesst-militaerschlag-gegen-iran-nicht-aus\/\",\"url\":\"https:\/\/feminissima.de\/index.php\/2006\/02\/16\/presse-schau-bosbach-schliesst-militaerschlag-gegen-iran-nicht-aus\/\",\"name\":\"PRESSE-SCHAU: BOSBACH schlie\u00dft Milit\u00e4rschlag gegen IRAN nicht aus - Feminissima\",\"isPartOf\":{\"@id\":\"https:\/\/feminissima.de\/#website\"},\"datePublished\":\"2006-02-16T01:57:00+00:00\",\"dateModified\":\"2006-02-16T01:57:00+00:00\",\"author\":{\"@id\":\"https:\/\/feminissima.de\/#\/schema\/person\/0b901e053624f88e7ecbea289d9d5128\"},\"breadcrumb\":{\"@id\":\"https:\/\/feminissima.de\/index.php\/2006\/02\/16\/presse-schau-bosbach-schliesst-militaerschlag-gegen-iran-nicht-aus\/#breadcrumb\"},\"inLanguage\":\"de\",\"potentialAction\":[{\"@type\":\"ReadAction\",\"target\":[\"https:\/\/feminissima.de\/index.php\/2006\/02\/16\/presse-schau-bosbach-schliesst-militaerschlag-gegen-iran-nicht-aus\/\"]}]},{\"@type\":\"BreadcrumbList\",\"@id\":\"https:\/\/feminissima.de\/index.php\/2006\/02\/16\/presse-schau-bosbach-schliesst-militaerschlag-gegen-iran-nicht-aus\/#breadcrumb\",\"itemListElement\":[{\"@type\":\"ListItem\",\"position\":1,\"name\":\"Startseite\",\"item\":\"https:\/\/feminissima.de\/\"},{\"@type\":\"ListItem\",\"position\":2,\"name\":\"PRESSE-SCHAU: BOSBACH schlie\u00dft Milit\u00e4rschlag gegen IRAN nicht aus\"}]},{\"@type\":\"WebSite\",\"@id\":\"https:\/\/feminissima.de\/#website\",\"url\":\"https:\/\/feminissima.de\/\",\"name\":\"Feminissima\",\"description\":\"\",\"potentialAction\":[{\"@type\":\"SearchAction\",\"target\":{\"@type\":\"EntryPoint\",\"urlTemplate\":\"https:\/\/feminissima.de\/?s={search_term_string}\"},\"query-input\":\"required name=search_term_string\"}],\"inLanguage\":\"de\"},{\"@type\":\"Person\",\"@id\":\"https:\/\/feminissima.de\/#\/schema\/person\/0b901e053624f88e7ecbea289d9d5128\",\"name\":\"admin\",\"image\":{\"@type\":\"ImageObject\",\"inLanguage\":\"de\",\"@id\":\"https:\/\/feminissima.de\/#\/schema\/person\/image\/\",\"url\":\"https:\/\/secure.gravatar.com\/avatar\/8da1f51327453c0bf63338e8e2a791948b7d2ac19b68839492d1e69aac6924a8?s=96&d=mm&r=g\",\"contentUrl\":\"https:\/\/secure.gravatar.com\/avatar\/8da1f51327453c0bf63338e8e2a791948b7d2ac19b68839492d1e69aac6924a8?s=96&d=mm&r=g\",\"caption\":\"admin\"},\"url\":\"https:\/\/feminissima.de\/index.php\/author\/admin\/\"}]}<\/script>\n<!-- \/ Yoast SEO plugin. -->","yoast_head_json":{"title":"PRESSE-SCHAU: BOSBACH schlie\u00dft Milit\u00e4rschlag gegen IRAN nicht aus - Feminissima","robots":{"index":"index","follow":"follow","max-snippet":"max-snippet:-1","max-image-preview":"max-image-preview:large","max-video-preview":"max-video-preview:-1"},"canonical":"https:\/\/feminissima.de\/index.php\/2006\/02\/16\/presse-schau-bosbach-schliesst-militaerschlag-gegen-iran-nicht-aus\/","og_locale":"de_DE","og_type":"article","og_title":"PRESSE-SCHAU: BOSBACH schlie\u00dft Milit\u00e4rschlag gegen IRAN nicht aus - Feminissima","og_description":"Es ist alarmierend. Und FEM hat leider KEINEN DEUT \u00fcbertrieben, in ihrer Polemik gegen die kriegsl\u00fcsternen \u00c4u\u00dferungen der Angela Merkel. Dazu auch angemerkt, dass sie ohne \"R\u00fcckendeckung\" wohl kaum so dreist auftreten k\u00f6nnte. Hier haben wir f\u00fcr Euch den Beweis gefunden, bitte sehr, die himmelschreiende Dummheit der Schwaben...nein, sorry, wir sind nur furchtbar allergisch ...weil die all so \u00e4hnlich schw\u00e4tzen tun, auch geistig: Quelle: HANDELSBLATT","og_url":"https:\/\/feminissima.de\/index.php\/2006\/02\/16\/presse-schau-bosbach-schliesst-militaerschlag-gegen-iran-nicht-aus\/","og_site_name":"Feminissima","article_published_time":"2006-02-16T01:57:00+00:00","author":"admin","twitter_card":"summary_large_image","twitter_misc":{"Verfasst von":"admin","Gesch\u00e4tzte Lesezeit":"3\u00a0Minuten"},"schema":{"@context":"https:\/\/schema.org","@graph":[{"@type":"WebPage","@id":"https:\/\/feminissima.de\/index.php\/2006\/02\/16\/presse-schau-bosbach-schliesst-militaerschlag-gegen-iran-nicht-aus\/","url":"https:\/\/feminissima.de\/index.php\/2006\/02\/16\/presse-schau-bosbach-schliesst-militaerschlag-gegen-iran-nicht-aus\/","name":"PRESSE-SCHAU: BOSBACH schlie\u00dft Milit\u00e4rschlag gegen IRAN nicht aus - Feminissima","isPartOf":{"@id":"https:\/\/feminissima.de\/#website"},"datePublished":"2006-02-16T01:57:00+00:00","dateModified":"2006-02-16T01:57:00+00:00","author":{"@id":"https:\/\/feminissima.de\/#\/schema\/person\/0b901e053624f88e7ecbea289d9d5128"},"breadcrumb":{"@id":"https:\/\/feminissima.de\/index.php\/2006\/02\/16\/presse-schau-bosbach-schliesst-militaerschlag-gegen-iran-nicht-aus\/#breadcrumb"},"inLanguage":"de","potentialAction":[{"@type":"ReadAction","target":["https:\/\/feminissima.de\/index.php\/2006\/02\/16\/presse-schau-bosbach-schliesst-militaerschlag-gegen-iran-nicht-aus\/"]}]},{"@type":"BreadcrumbList","@id":"https:\/\/feminissima.de\/index.php\/2006\/02\/16\/presse-schau-bosbach-schliesst-militaerschlag-gegen-iran-nicht-aus\/#breadcrumb","itemListElement":[{"@type":"ListItem","position":1,"name":"Startseite","item":"https:\/\/feminissima.de\/"},{"@type":"ListItem","position":2,"name":"PRESSE-SCHAU: BOSBACH schlie\u00dft Milit\u00e4rschlag gegen IRAN nicht aus"}]},{"@type":"WebSite","@id":"https:\/\/feminissima.de\/#website","url":"https:\/\/feminissima.de\/","name":"Feminissima","description":"","potentialAction":[{"@type":"SearchAction","target":{"@type":"EntryPoint","urlTemplate":"https:\/\/feminissima.de\/?s={search_term_string}"},"query-input":"required name=search_term_string"}],"inLanguage":"de"},{"@type":"Person","@id":"https:\/\/feminissima.de\/#\/schema\/person\/0b901e053624f88e7ecbea289d9d5128","name":"admin","image":{"@type":"ImageObject","inLanguage":"de","@id":"https:\/\/feminissima.de\/#\/schema\/person\/image\/","url":"https:\/\/secure.gravatar.com\/avatar\/8da1f51327453c0bf63338e8e2a791948b7d2ac19b68839492d1e69aac6924a8?s=96&d=mm&r=g","contentUrl":"https:\/\/secure.gravatar.com\/avatar\/8da1f51327453c0bf63338e8e2a791948b7d2ac19b68839492d1e69aac6924a8?s=96&d=mm&r=g","caption":"admin"},"url":"https:\/\/feminissima.de\/index.php\/author\/admin\/"}]}},"jetpack_featured_media_url":"","_links":{"self":[{"href":"https:\/\/feminissima.de\/index.php\/wp-json\/wp\/v2\/posts\/84292","targetHints":{"allow":["GET"]}}],"collection":[{"href":"https:\/\/feminissima.de\/index.php\/wp-json\/wp\/v2\/posts"}],"about":[{"href":"https:\/\/feminissima.de\/index.php\/wp-json\/wp\/v2\/types\/post"}],"author":[{"embeddable":true,"href":"https:\/\/feminissima.de\/index.php\/wp-json\/wp\/v2\/users\/2"}],"replies":[{"embeddable":true,"href":"https:\/\/feminissima.de\/index.php\/wp-json\/wp\/v2\/comments?post=84292"}],"version-history":[{"count":0,"href":"https:\/\/feminissima.de\/index.php\/wp-json\/wp\/v2\/posts\/84292\/revisions"}],"wp:attachment":[{"href":"https:\/\/feminissima.de\/index.php\/wp-json\/wp\/v2\/media?parent=84292"}],"wp:term":[{"taxonomy":"category","embeddable":true,"href":"https:\/\/feminissima.de\/index.php\/wp-json\/wp\/v2\/categories?post=84292"},{"taxonomy":"post_tag","embeddable":true,"href":"https:\/\/feminissima.de\/index.php\/wp-json\/wp\/v2\/tags?post=84292"}],"curies":[{"name":"wp","href":"https:\/\/api.w.org\/{rel}","templated":true}]}}