{"id":84287,"date":"2006-02-17T19:49:12","date_gmt":"2006-02-17T19:49:12","guid":{"rendered":"http:\/\/www.feminissima.de\/?p=84287"},"modified":"2006-02-17T19:49:12","modified_gmt":"2006-02-17T19:49:12","slug":"neue-fachzeitschrift-kinder-jugendforschung","status":"publish","type":"post","link":"https:\/\/feminissima.de\/index.php\/2006\/02\/17\/neue-fachzeitschrift-kinder-jugendforschung\/","title":{"rendered":"Neue Fachzeitschrift Kinder-&#038; Jugendforschung"},"content":{"rendered":"<p>Pressemitteilung: eine neue Zeitschrift: Diskurs &#8230;<br \/>\n<br \/>\neine neue Zeitschrift: Diskurs Kindheits- und Jugendforschung<br \/>\n<br \/>\nVer\u00f6ffentlicht am:  17.02.2006 <\/p>\n<p>Ver\u00f6ffentlicht von:  Andrea Macion<br \/>\n<br \/>\nDeutsches Jugendinstitut e.V.<br \/>\n<br \/>\nMEHR:<\/p>\n<p>\nPressemitteilung: eine neue Zeitschrift: Diskurs &#8230;<br \/>\n<br \/>\neine neue Zeitschrift: Diskurs Kindheits- und Jugendforschung<br \/>\n<br \/>\nVer\u00f6ffentlicht am:  17.02.2006 <\/p>\n<p>Ver\u00f6ffentlicht von:  Andrea Macion<br \/>\n<br \/>\nDeutsches Jugendinstitut e.V. <\/p>\n<p>\n Soeben hat sich eine neue, fachlich und r\u00e4umlich grenz\u00fcberschreitend orientierte Zeitschrift konstituiert, die als Forum f\u00fcr wichtige Ergebnisse der Kindheits- und Jugendforschung, f\u00fcr Diskurse zur Theoriebildung, f\u00fcr methodologische \u00dcberlegungen und f\u00fcr Fragen der (politischen und p\u00e4dagogischen) Praxis dienen will. Der Diskurs Kindheits- und Jugendforschung will die Situation und die k\u00fcnftige Entwicklung der nachwachsenden Generationen in den modernen Gesellschaften beleuchten und die gesellschaftspolitischen Problemlagen, in die sie gestellt sind.<br \/>\n<br \/>\nProgrammatik<br \/>\n<br \/>\nIn den modernen Gesellschaften stehen Kinder und Jugendliche &#8211; ebenso wie deren Familien &#8211; unter zuvor nie gekannten, komplizierten Bedingungen. Der rasante \u00dcbergang in die technisch und kommunikativ entgrenzte Wissensgesellschaft, die fortschreitende \u00f6konomische Globalisierung und die zunehmende Alterung der Bev\u00f6lkerungen ziehen insbesondere versch\u00e4rfte Konkurrenzen der j\u00fcngeren und \u00e4lteren Bev\u00f6lkerungsgruppen nach sich. Neue informelle Formen des Lernens und der Bildung l\u00f6sen traditionelle Berufswelten und -karrieren auf und ver\u00e4ndern das Konsum-, Gesundheits- und Mobilit\u00e4tsverhalten der Menschen, w\u00e4hrend zugleich internationale Migrationsstr\u00f6me eine wachsende ethnische, religi\u00f6se und kulturelle Vielfalt der Gesellschaften herbeif\u00fchren.<\/p>\n<p>Die Entwicklungspsychologie und die Neurobiologie haben in den letzten Jahren auf die erstaunlich fr\u00fche Entfaltung von F\u00e4higkeiten in der Kindheit aufmerksam gemacht. Dies wirft neue Fragen an die herk\u00f6mmliche Fr\u00fchp\u00e4dagogik auf und erfordert die Innovation der gewohnten Fr\u00fchf\u00f6rderungsprogramme im Sinne der Stimulation des individuellen fr\u00fchkindlichen Lernens.<\/p>\n<p>Eine zukunftsbewu\u00dfte, innovative Kindheits- und Jugendforschung hat daher zum Ziel, den vielschichtigen und zum Teil problematischen Entwicklungen nachzugehen und versteht sich zugleich als Beitrag zur gesellschaftspolitischen Problemanalyse und -l\u00f6sung, gleich viel, aus welchem Wissenschaftsbereich heraus sie ansetzt.<\/p>\n<p>Der neue &#8222;Diskurs Kindheits- und Jugendforschung&#8220; widmet sich dem Gegenstandsfeld unter der integrativen Fragestellung von Entwicklung und Lebenslauf; er arbeitet f\u00e4cher\u00fcbergreifend und international. Zu Wort kommen deutsche und internationale Autor\/inn\/en aus den einschl\u00e4gigen Disziplinen wie z.B. der Psychologie, Soziologie, Erziehungswissenschaft, doch auch der Ethnologie, Verhaltensforschung, Psychiatrie und z.B. der Neurobiologie, deren Bedeutung f\u00fcr das Forschungsfeld erst zu erschlie\u00dfen sein wird. <\/p>\n<p>Die Zeitschrift steht theoretischen Diskussionen ebenso offen wie Darstellungen empirischer Forschungsergebnisse, Fragen der angemessenen Methodologie und Querschnittsthemen von besonderer wissenschaftlicher, gesellschaftlicher und po-litischer Bedeutung.<\/p>\n<p>Die Zusammensetzung der Herausgeberschaft und des Wissenschaftlichen Beirats spiegelt die thematischen Interessenschwerpunkte der Zeitschrift und ihr Engage-ment f\u00fcr einen interdisziplin\u00e4ren und internationalen Austausch.<br \/>\n<br \/>\nRegelm\u00e4\u00dfiges &#8222;Peer Reviewing&#8220; wird den Qualit\u00e4tsstandard der publizierten Fachbeitr\u00e4ge sichern.<\/p>\n<p>Struktur und Arbeitsweise der Zeitschrift:<br \/>\n<br \/>\nDiskurs Kindheits- und Jugendforschung erscheint viermal j\u00e4hrlich im Format von 17 x 24 cm und mit einem Umfang von ca. jeweils 120 Seiten. Der Jahresbezugspreis f\u00fcr Institutionen wird ca. 60,- Euro, f\u00fcr Einzelpersonen ca. 40,- Euro betragen.<\/p>\n<p>Diskurs Kindheits- und Jugendforschung wird in deutscher Sprache mit englischen Abstracts ver\u00f6ffentlicht und erh\u00e4lt eine eigene website.<\/p>\n<p>Diskurs Kindheits- und Jugendforschung arbeitet mit Schwerpunktausgaben, um einschl\u00e4gige Themen mit einer gewissen Breite und Differenziertheit abhandeln zu k\u00f6nnen. Weitere Aufs\u00e4tze sollen im &#8222;freien Teil&#8220; erscheinen. Der Nachrichtenwert der Zeitschrift soll durch Kurzberichte aus der Forschung erh\u00f6ht werden und der Bezug zur gesellschaftspolitischen Praxis durch Kurzbeitr\u00e4ge \u00fcber politische Entwicklungen und durch Interviews. Der Rezensionsteil sieht vor, ausgew\u00e4hlte thematisch relevante Literatur kritisch zu pr\u00fcfen und \u00fcbersichtlich darzustellen. Bei entstehenden Platzproblemen kann ggf. die website der Zeit-schrift zus\u00e4tzlich eingesetzt werden<\/p>\n<p>Mitwirkende:<br \/>\n<br \/>\nDer Einladung zur Mitwirkung sind bislang gefolgt:<\/p>\n<p>Herausgeberinnen\/Herausgeber:<br \/>\n<br \/>\nProf. Dr. Ingrid Gogolin, Hamburg<br \/>\n<br \/>\nDr. Katrin Hille, Ulm<br \/>\n<br \/>\nProf. Dr. B\u00e4rbel Kracke, Erfurt<br \/>\n<br \/>\nProf. Dr. Heinz-Hermann Kr\u00fcger, Halle<br \/>\n<br \/>\nProf. Dr. Thomas Rauschenbach, M\u00fcnchen<br \/>\n<br \/>\nDr. Heinz Reinders, Mannheim<br \/>\n<br \/>\nProf. Dr. Wolfgang Schr\u00f6er, Hildesheim<\/p>\n<p>Beir\u00e4te:<br \/>\n<br \/>\nProf. Dr. Ralf Bohnsack, FU Berlin<br \/>\n<br \/>\nProf. Dr. Doris B\u00fchler-Niederberger, Wuppertal<br \/>\n<br \/>\nArthur Fischer, Frankfurt\/M.<br \/>\n<br \/>\nProf. Dr. Ronald Hitzler, Dortmund<br \/>\n<br \/>\nPD Dr. Sibylle H\u00fcbner-Funk, M\u00fcnchen<br \/>\n<br \/>\nProf. Dr. Klaus Hurrelmann, Bielefeld<br \/>\n<br \/>\nProf. Dr. Thomas Olk, Halle<br \/>\n<br \/>\nProf. Dr. Jens Quortrup, Trondheim<br \/>\n<br \/>\nProf. Dr. Ingo Richter, Berlin<br \/>\n<br \/>\nPD Dr. Klaus Wahl, M\u00fcnchen<\/p>\n<p>Verlagsredaktion:<br \/>\n<br \/>\nDie Verlagsredaktion leitet Edmund Budrich mit Assistent (Inhalte, Autoren) und Beate Glaubitz (technische Redaktion der Texte, z.B. Zitation, Rechtschreibung usw.), mit Sitz in Leverkusen. <\/p>\n<p>Rechtstr\u00e4ger:<br \/>\n<br \/>\nEdmund Budrich<br \/>\n<br \/>\nBeratung und Betreuung von Verlagsprojekten<br \/>\n<br \/>\nS\u00fcrder Str. 22A. D-51375 Leverkusen<br \/>\n<br \/>\nTel. (0049) 214\/40 39 097. Mobil 0160 152 63 61. Fax (0049) 214\/500 61 47<br \/>\n<br \/>\nE-Mail: ebudrichlb@aol.com<\/p>\n<p>Verlag:<br \/>\n<br \/>\nVerlag Barbara Budrich<br \/>\n<br \/>\nStauffenbergstr. 7<br \/>\n<br \/>\nD-51379 Leverkusen Opladen<br \/>\n<br \/>\nph +49 (0)2171.344.594<br \/>\n<br \/>\ninfo@budrich-verlag.de<br \/>\n<br \/>\nwww.budrich-verlag.de<\/p>\n<p>U.S.-office:<br \/>\n<br \/>\nBarbara Budrich Publishers. c\/o Uschi Golden<br \/>\n<br \/>\n28347 Ridgebrook. Farmington Hills, MI<br \/>\n<br \/>\n48334. USA<br \/>\n<br \/>\nph +1.248.488.9153<br \/>\n<br \/>\ninfo@barbara-budrich.net<br \/>\n<br \/>\nwww.barbara-budrich.net <\/p>\n<p>Weitere Informationen:<br \/>\n<br \/>\nhttp:\/\/www.budrich-verlag.de<br \/>\n<br \/>\nhttp:\/\/www.barbara-budrich.net<\/p>\n<p><\/p>\n","protected":false},"excerpt":{"rendered":"<p>Pressemitteilung: eine neue Zeitschrift: Diskurs &#8230;<br \/>\n<br \/>\neine neue Zeitschrift: Diskurs Kindheits- und Jugendforschung<br \/>\n<br \/>\nVer\u00f6ffentlicht am:  17.02.2006 <\/p>\n<p>Ver\u00f6ffentlicht von:  Andrea Macion<br \/>\n<br \/>\nDeutsches Jugendinstitut e.V.<br \/>\n<br \/>\nMEHR:<br \/><\/p>\n","protected":false},"author":2,"featured_media":0,"comment_status":"closed","ping_status":"closed","sticky":false,"template":"","format":"standard","meta":{"footnotes":""},"categories":[26],"tags":[],"class_list":["post-84287","post","type-post","status-publish","format-standard","hentry","category-pinnwand","entry"],"yoast_head":"<!-- This site is optimized with the Yoast SEO plugin v21.0 - https:\/\/yoast.com\/wordpress\/plugins\/seo\/ -->\n<title>Neue Fachzeitschrift Kinder-&amp; Jugendforschung - Feminissima<\/title>\n<meta name=\"robots\" content=\"index, follow, max-snippet:-1, max-image-preview:large, max-video-preview:-1\" \/>\n<link rel=\"canonical\" href=\"https:\/\/feminissima.de\/index.php\/2006\/02\/17\/neue-fachzeitschrift-kinder-jugendforschung\/\" \/>\n<meta property=\"og:locale\" content=\"de_DE\" \/>\n<meta property=\"og:type\" content=\"article\" \/>\n<meta property=\"og:title\" content=\"Neue Fachzeitschrift Kinder-&amp; Jugendforschung - Feminissima\" \/>\n<meta property=\"og:description\" content=\"Pressemitteilung: eine neue Zeitschrift: Diskurs ...  eine neue Zeitschrift: Diskurs Kindheits- und Jugendforschung  Ver\u00f6ffentlicht am: 17.02.2006   Ver\u00f6ffentlicht von: Andrea Macion Deutsches Jugendinstitut e.V.  MEHR:\" \/>\n<meta property=\"og:url\" content=\"https:\/\/feminissima.de\/index.php\/2006\/02\/17\/neue-fachzeitschrift-kinder-jugendforschung\/\" \/>\n<meta property=\"og:site_name\" content=\"Feminissima\" \/>\n<meta property=\"article:published_time\" content=\"2006-02-17T19:49:12+00:00\" \/>\n<meta name=\"author\" content=\"admin\" \/>\n<meta name=\"twitter:card\" content=\"summary_large_image\" \/>\n<meta name=\"twitter:label1\" content=\"Verfasst von\" \/>\n\t<meta name=\"twitter:data1\" content=\"admin\" \/>\n\t<meta name=\"twitter:label2\" content=\"Gesch\u00e4tzte Lesezeit\" \/>\n\t<meta name=\"twitter:data2\" content=\"4\u00a0Minuten\" \/>\n<script type=\"application\/ld+json\" class=\"yoast-schema-graph\">{\"@context\":\"https:\/\/schema.org\",\"@graph\":[{\"@type\":\"WebPage\",\"@id\":\"https:\/\/feminissima.de\/index.php\/2006\/02\/17\/neue-fachzeitschrift-kinder-jugendforschung\/\",\"url\":\"https:\/\/feminissima.de\/index.php\/2006\/02\/17\/neue-fachzeitschrift-kinder-jugendforschung\/\",\"name\":\"Neue Fachzeitschrift Kinder-& Jugendforschung - Feminissima\",\"isPartOf\":{\"@id\":\"https:\/\/feminissima.de\/#website\"},\"datePublished\":\"2006-02-17T19:49:12+00:00\",\"dateModified\":\"2006-02-17T19:49:12+00:00\",\"author\":{\"@id\":\"https:\/\/feminissima.de\/#\/schema\/person\/0b901e053624f88e7ecbea289d9d5128\"},\"breadcrumb\":{\"@id\":\"https:\/\/feminissima.de\/index.php\/2006\/02\/17\/neue-fachzeitschrift-kinder-jugendforschung\/#breadcrumb\"},\"inLanguage\":\"de\",\"potentialAction\":[{\"@type\":\"ReadAction\",\"target\":[\"https:\/\/feminissima.de\/index.php\/2006\/02\/17\/neue-fachzeitschrift-kinder-jugendforschung\/\"]}]},{\"@type\":\"BreadcrumbList\",\"@id\":\"https:\/\/feminissima.de\/index.php\/2006\/02\/17\/neue-fachzeitschrift-kinder-jugendforschung\/#breadcrumb\",\"itemListElement\":[{\"@type\":\"ListItem\",\"position\":1,\"name\":\"Startseite\",\"item\":\"https:\/\/feminissima.de\/\"},{\"@type\":\"ListItem\",\"position\":2,\"name\":\"Neue Fachzeitschrift Kinder-&#038; Jugendforschung\"}]},{\"@type\":\"WebSite\",\"@id\":\"https:\/\/feminissima.de\/#website\",\"url\":\"https:\/\/feminissima.de\/\",\"name\":\"Feminissima\",\"description\":\"\",\"potentialAction\":[{\"@type\":\"SearchAction\",\"target\":{\"@type\":\"EntryPoint\",\"urlTemplate\":\"https:\/\/feminissima.de\/?s={search_term_string}\"},\"query-input\":\"required name=search_term_string\"}],\"inLanguage\":\"de\"},{\"@type\":\"Person\",\"@id\":\"https:\/\/feminissima.de\/#\/schema\/person\/0b901e053624f88e7ecbea289d9d5128\",\"name\":\"admin\",\"image\":{\"@type\":\"ImageObject\",\"inLanguage\":\"de\",\"@id\":\"https:\/\/feminissima.de\/#\/schema\/person\/image\/\",\"url\":\"https:\/\/secure.gravatar.com\/avatar\/8da1f51327453c0bf63338e8e2a791948b7d2ac19b68839492d1e69aac6924a8?s=96&d=mm&r=g\",\"contentUrl\":\"https:\/\/secure.gravatar.com\/avatar\/8da1f51327453c0bf63338e8e2a791948b7d2ac19b68839492d1e69aac6924a8?s=96&d=mm&r=g\",\"caption\":\"admin\"},\"url\":\"https:\/\/feminissima.de\/index.php\/author\/admin\/\"}]}<\/script>\n<!-- \/ Yoast SEO plugin. -->","yoast_head_json":{"title":"Neue Fachzeitschrift Kinder-& Jugendforschung - Feminissima","robots":{"index":"index","follow":"follow","max-snippet":"max-snippet:-1","max-image-preview":"max-image-preview:large","max-video-preview":"max-video-preview:-1"},"canonical":"https:\/\/feminissima.de\/index.php\/2006\/02\/17\/neue-fachzeitschrift-kinder-jugendforschung\/","og_locale":"de_DE","og_type":"article","og_title":"Neue Fachzeitschrift Kinder-& Jugendforschung - Feminissima","og_description":"Pressemitteilung: eine neue Zeitschrift: Diskurs ...  eine neue Zeitschrift: Diskurs Kindheits- und Jugendforschung  Ver\u00f6ffentlicht am: 17.02.2006   Ver\u00f6ffentlicht von: Andrea Macion Deutsches Jugendinstitut e.V.  MEHR:","og_url":"https:\/\/feminissima.de\/index.php\/2006\/02\/17\/neue-fachzeitschrift-kinder-jugendforschung\/","og_site_name":"Feminissima","article_published_time":"2006-02-17T19:49:12+00:00","author":"admin","twitter_card":"summary_large_image","twitter_misc":{"Verfasst von":"admin","Gesch\u00e4tzte Lesezeit":"4\u00a0Minuten"},"schema":{"@context":"https:\/\/schema.org","@graph":[{"@type":"WebPage","@id":"https:\/\/feminissima.de\/index.php\/2006\/02\/17\/neue-fachzeitschrift-kinder-jugendforschung\/","url":"https:\/\/feminissima.de\/index.php\/2006\/02\/17\/neue-fachzeitschrift-kinder-jugendforschung\/","name":"Neue Fachzeitschrift Kinder-& Jugendforschung - Feminissima","isPartOf":{"@id":"https:\/\/feminissima.de\/#website"},"datePublished":"2006-02-17T19:49:12+00:00","dateModified":"2006-02-17T19:49:12+00:00","author":{"@id":"https:\/\/feminissima.de\/#\/schema\/person\/0b901e053624f88e7ecbea289d9d5128"},"breadcrumb":{"@id":"https:\/\/feminissima.de\/index.php\/2006\/02\/17\/neue-fachzeitschrift-kinder-jugendforschung\/#breadcrumb"},"inLanguage":"de","potentialAction":[{"@type":"ReadAction","target":["https:\/\/feminissima.de\/index.php\/2006\/02\/17\/neue-fachzeitschrift-kinder-jugendforschung\/"]}]},{"@type":"BreadcrumbList","@id":"https:\/\/feminissima.de\/index.php\/2006\/02\/17\/neue-fachzeitschrift-kinder-jugendforschung\/#breadcrumb","itemListElement":[{"@type":"ListItem","position":1,"name":"Startseite","item":"https:\/\/feminissima.de\/"},{"@type":"ListItem","position":2,"name":"Neue Fachzeitschrift Kinder-&#038; Jugendforschung"}]},{"@type":"WebSite","@id":"https:\/\/feminissima.de\/#website","url":"https:\/\/feminissima.de\/","name":"Feminissima","description":"","potentialAction":[{"@type":"SearchAction","target":{"@type":"EntryPoint","urlTemplate":"https:\/\/feminissima.de\/?s={search_term_string}"},"query-input":"required name=search_term_string"}],"inLanguage":"de"},{"@type":"Person","@id":"https:\/\/feminissima.de\/#\/schema\/person\/0b901e053624f88e7ecbea289d9d5128","name":"admin","image":{"@type":"ImageObject","inLanguage":"de","@id":"https:\/\/feminissima.de\/#\/schema\/person\/image\/","url":"https:\/\/secure.gravatar.com\/avatar\/8da1f51327453c0bf63338e8e2a791948b7d2ac19b68839492d1e69aac6924a8?s=96&d=mm&r=g","contentUrl":"https:\/\/secure.gravatar.com\/avatar\/8da1f51327453c0bf63338e8e2a791948b7d2ac19b68839492d1e69aac6924a8?s=96&d=mm&r=g","caption":"admin"},"url":"https:\/\/feminissima.de\/index.php\/author\/admin\/"}]}},"jetpack_featured_media_url":"","_links":{"self":[{"href":"https:\/\/feminissima.de\/index.php\/wp-json\/wp\/v2\/posts\/84287","targetHints":{"allow":["GET"]}}],"collection":[{"href":"https:\/\/feminissima.de\/index.php\/wp-json\/wp\/v2\/posts"}],"about":[{"href":"https:\/\/feminissima.de\/index.php\/wp-json\/wp\/v2\/types\/post"}],"author":[{"embeddable":true,"href":"https:\/\/feminissima.de\/index.php\/wp-json\/wp\/v2\/users\/2"}],"replies":[{"embeddable":true,"href":"https:\/\/feminissima.de\/index.php\/wp-json\/wp\/v2\/comments?post=84287"}],"version-history":[{"count":0,"href":"https:\/\/feminissima.de\/index.php\/wp-json\/wp\/v2\/posts\/84287\/revisions"}],"wp:attachment":[{"href":"https:\/\/feminissima.de\/index.php\/wp-json\/wp\/v2\/media?parent=84287"}],"wp:term":[{"taxonomy":"category","embeddable":true,"href":"https:\/\/feminissima.de\/index.php\/wp-json\/wp\/v2\/categories?post=84287"},{"taxonomy":"post_tag","embeddable":true,"href":"https:\/\/feminissima.de\/index.php\/wp-json\/wp\/v2\/tags?post=84287"}],"curies":[{"name":"wp","href":"https:\/\/api.w.org\/{rel}","templated":true}]}}