{"id":84234,"date":"2006-01-26T17:43:05","date_gmt":"2006-01-26T17:43:05","guid":{"rendered":"http:\/\/www.feminissima.de\/?p=84234"},"modified":"2006-01-26T17:43:05","modified_gmt":"2006-01-26T17:43:05","slug":"warum-luegt-die-patientenbeauftragte","status":"publish","type":"post","link":"https:\/\/feminissima.de\/index.php\/2006\/01\/26\/warum-luegt-die-patientenbeauftragte\/","title":{"rendered":"Warum l\u00fcgt die Patientenbeauftragte? ."},"content":{"rendered":"<p> &#8211; weil es alle tun&#8230;Radio Eriwan:<br \/>vom 25.1.live-text\/151725. \/gestern: 399\/heute: 30 &#8211; in der frischen Berlin-Night! Welcome ..!! to the nightriders!<\/p>\n<table width=\"100%\">\n<tr>\n<td style=\"background-image=url('images\/monet-heller.jpg')\"><font size=\"+1\"><\/p>\n<p>Nein-o-nein-!-Dementi-momenti!<\/p>\n<p> Sie  hat ja &#8230;keineswegs&#8230; nich&#8216; gelogen!<\/p>\n<p>Neee, hat-se-nich!<\/p>\n<p>Blo\u00df ein bissi Radio Eriwan gespielt.<\/p>\n<p>Warum?<br \/>Weil sie sagt, im BILD-t-online-Interview:<br \/>Patienten k\u00f6nnten sich bei \u00c4rztepfusch an die \u00c4rztekammer und die Krankenkassen wenden. <\/p>\n<p>&#8222;Im Prinzip kannst du dich an die \u00c4rztekammer und an die Krankenkassen wenden, stimmt.<\/p>\n<p>Nur, erreichen tust-grad-gar nichts!&#8220;<\/p>\n<p>Vielleicht war der Hinweis, <br \/>sich &#8230;vertrauensvoll..hihiho&#8230;<\/p>\n<p>an die hauseigenen Gutachter der \u00c4RZTE-&#8230;zu wenden <br \/>oder an die rasend interessierten Mitarbeiter Innen von Gesetzlichen Krankenkassen,<\/p>\n<p>blo\u00df die politische Antwort auf die gestellte Frage.<br \/>Also eine Null-Antwort.<br \/>Eine Antwort ohne eigentlichen Inhalt.<\/p>\n<p>Sonst h\u00e4tte die Patientenbeauftragte Helga K\u00fchn-Mengel, 58, (SPD) wahrheitsgem\u00e4\u00df antworten m\u00fcssen:<\/p>\n<p>&#8222;Du erreichst eh nix. Also lass es gleich bleiben!&#8220;<\/p>\n<p>Sie werden versuchen, <br \/> dich als schwachsinnig darzustellen,<br \/> falls du \u00fcberlebt hast.<br \/>Ist jemand deiner Angeh\u00f6rigen gestorben: <br \/>noch \u00fcbler werden sie dann mit dir umgehen!<\/p>\n<p>Die Dreistigkeiten,<br \/>die Unverfrorenheiten,<br \/> denen sich die Witwe des ZDF-Moderators Hauser ausgeliefert und ausgesetzt sieht, <\/p>\n<p>ist die echte, <br \/> die tr\u00fcbe deutsche Realit\u00e4t.<\/p>\n<p>Eher spazieren zwei Kamele durch ein halbes Nadel\u00f6hr,<br \/> ehe du in Deutschland der PFUSCH- &#038; SCHLAMP-MAFIA an den wei\u00dfen Kittel kannst.<\/p>\n<p>Sollte es wider aller Erwarten dann doch sogar zu einer Klage kommen,<br \/> allen Vereitelungsversuchen deutscher Juristen-Kollegen zum Trotze, <\/p>\n<p>wird es sicher nicht lange dauern,<br \/>ehe ein deutsches Oberlandesgericht die Klage als nicht zul\u00e4ssig erkl\u00e4rt und lapidar befindet: <\/p>\n<p> &#8222;Der Arzt hat in bestem Ermessen&#8230;. gehandelt&#8230;!&#8220;<\/p>\n<p>Schade, dass die sympathische  Frau K\u00fchn-Mengel so unkritisch ist. <\/p>\n<p>Aber das ist wohl die Aufgabe dieses Amtes. <\/p>\n<p>Ein gutbezahlter Partei-Posten.<\/p>\n<p>Wer wollte da schon Kritik erwarten?<\/p>\n<p>Prost !<\/p>\n<p> Hurra, wir leben noch!<br \/>Zufall!<br \/>Gl\u00fcckssache!<\/p>\n<p><\/td>\n<\/tr>\n<\/table>\n","protected":false},"excerpt":{"rendered":"<p> &#8211; weil es alle tun&#8230;Radio Eriwan:<\/p>\n","protected":false},"author":2,"featured_media":0,"comment_status":"closed","ping_status":"closed","sticky":false,"template":"","format":"standard","meta":{"footnotes":""},"categories":[10],"tags":[],"class_list":["post-84234","post","type-post","status-publish","format-standard","hentry","category-femgesundheit","entry"],"yoast_head":"<!-- This site is optimized with the Yoast SEO plugin v21.0 - https:\/\/yoast.com\/wordpress\/plugins\/seo\/ -->\n<title>Warum l\u00fcgt die Patientenbeauftragte? . - Feminissima<\/title>\n<meta name=\"robots\" content=\"index, follow, max-snippet:-1, max-image-preview:large, max-video-preview:-1\" \/>\n<link rel=\"canonical\" href=\"https:\/\/feminissima.de\/index.php\/2006\/01\/26\/warum-luegt-die-patientenbeauftragte\/\" \/>\n<meta property=\"og:locale\" content=\"de_DE\" \/>\n<meta property=\"og:type\" content=\"article\" \/>\n<meta property=\"og:title\" content=\"Warum l\u00fcgt die Patientenbeauftragte? . - Feminissima\" \/>\n<meta property=\"og:description\" content=\"- weil es alle tun...Radio Eriwan:\" \/>\n<meta property=\"og:url\" content=\"https:\/\/feminissima.de\/index.php\/2006\/01\/26\/warum-luegt-die-patientenbeauftragte\/\" \/>\n<meta property=\"og:site_name\" content=\"Feminissima\" \/>\n<meta property=\"article:published_time\" content=\"2006-01-26T17:43:05+00:00\" \/>\n<meta name=\"author\" content=\"admin\" \/>\n<meta name=\"twitter:card\" content=\"summary_large_image\" \/>\n<meta name=\"twitter:label1\" content=\"Verfasst von\" \/>\n\t<meta name=\"twitter:data1\" content=\"admin\" \/>\n\t<meta name=\"twitter:label2\" content=\"Gesch\u00e4tzte Lesezeit\" \/>\n\t<meta name=\"twitter:data2\" content=\"1\u00a0Minute\" \/>\n<script type=\"application\/ld+json\" class=\"yoast-schema-graph\">{\"@context\":\"https:\/\/schema.org\",\"@graph\":[{\"@type\":\"WebPage\",\"@id\":\"https:\/\/feminissima.de\/index.php\/2006\/01\/26\/warum-luegt-die-patientenbeauftragte\/\",\"url\":\"https:\/\/feminissima.de\/index.php\/2006\/01\/26\/warum-luegt-die-patientenbeauftragte\/\",\"name\":\"Warum l\u00fcgt die Patientenbeauftragte? . - Feminissima\",\"isPartOf\":{\"@id\":\"https:\/\/feminissima.de\/#website\"},\"datePublished\":\"2006-01-26T17:43:05+00:00\",\"dateModified\":\"2006-01-26T17:43:05+00:00\",\"author\":{\"@id\":\"https:\/\/feminissima.de\/#\/schema\/person\/0b901e053624f88e7ecbea289d9d5128\"},\"breadcrumb\":{\"@id\":\"https:\/\/feminissima.de\/index.php\/2006\/01\/26\/warum-luegt-die-patientenbeauftragte\/#breadcrumb\"},\"inLanguage\":\"de\",\"potentialAction\":[{\"@type\":\"ReadAction\",\"target\":[\"https:\/\/feminissima.de\/index.php\/2006\/01\/26\/warum-luegt-die-patientenbeauftragte\/\"]}]},{\"@type\":\"BreadcrumbList\",\"@id\":\"https:\/\/feminissima.de\/index.php\/2006\/01\/26\/warum-luegt-die-patientenbeauftragte\/#breadcrumb\",\"itemListElement\":[{\"@type\":\"ListItem\",\"position\":1,\"name\":\"Startseite\",\"item\":\"https:\/\/feminissima.de\/\"},{\"@type\":\"ListItem\",\"position\":2,\"name\":\"Warum l\u00fcgt die Patientenbeauftragte? .\"}]},{\"@type\":\"WebSite\",\"@id\":\"https:\/\/feminissima.de\/#website\",\"url\":\"https:\/\/feminissima.de\/\",\"name\":\"Feminissima\",\"description\":\"\",\"potentialAction\":[{\"@type\":\"SearchAction\",\"target\":{\"@type\":\"EntryPoint\",\"urlTemplate\":\"https:\/\/feminissima.de\/?s={search_term_string}\"},\"query-input\":\"required name=search_term_string\"}],\"inLanguage\":\"de\"},{\"@type\":\"Person\",\"@id\":\"https:\/\/feminissima.de\/#\/schema\/person\/0b901e053624f88e7ecbea289d9d5128\",\"name\":\"admin\",\"image\":{\"@type\":\"ImageObject\",\"inLanguage\":\"de\",\"@id\":\"https:\/\/feminissima.de\/#\/schema\/person\/image\/\",\"url\":\"https:\/\/secure.gravatar.com\/avatar\/8da1f51327453c0bf63338e8e2a791948b7d2ac19b68839492d1e69aac6924a8?s=96&d=mm&r=g\",\"contentUrl\":\"https:\/\/secure.gravatar.com\/avatar\/8da1f51327453c0bf63338e8e2a791948b7d2ac19b68839492d1e69aac6924a8?s=96&d=mm&r=g\",\"caption\":\"admin\"},\"url\":\"https:\/\/feminissima.de\/index.php\/author\/admin\/\"}]}<\/script>\n<!-- \/ Yoast SEO plugin. -->","yoast_head_json":{"title":"Warum l\u00fcgt die Patientenbeauftragte? . - Feminissima","robots":{"index":"index","follow":"follow","max-snippet":"max-snippet:-1","max-image-preview":"max-image-preview:large","max-video-preview":"max-video-preview:-1"},"canonical":"https:\/\/feminissima.de\/index.php\/2006\/01\/26\/warum-luegt-die-patientenbeauftragte\/","og_locale":"de_DE","og_type":"article","og_title":"Warum l\u00fcgt die Patientenbeauftragte? . - Feminissima","og_description":"- weil es alle tun...Radio Eriwan:","og_url":"https:\/\/feminissima.de\/index.php\/2006\/01\/26\/warum-luegt-die-patientenbeauftragte\/","og_site_name":"Feminissima","article_published_time":"2006-01-26T17:43:05+00:00","author":"admin","twitter_card":"summary_large_image","twitter_misc":{"Verfasst von":"admin","Gesch\u00e4tzte Lesezeit":"1\u00a0Minute"},"schema":{"@context":"https:\/\/schema.org","@graph":[{"@type":"WebPage","@id":"https:\/\/feminissima.de\/index.php\/2006\/01\/26\/warum-luegt-die-patientenbeauftragte\/","url":"https:\/\/feminissima.de\/index.php\/2006\/01\/26\/warum-luegt-die-patientenbeauftragte\/","name":"Warum l\u00fcgt die Patientenbeauftragte? . - Feminissima","isPartOf":{"@id":"https:\/\/feminissima.de\/#website"},"datePublished":"2006-01-26T17:43:05+00:00","dateModified":"2006-01-26T17:43:05+00:00","author":{"@id":"https:\/\/feminissima.de\/#\/schema\/person\/0b901e053624f88e7ecbea289d9d5128"},"breadcrumb":{"@id":"https:\/\/feminissima.de\/index.php\/2006\/01\/26\/warum-luegt-die-patientenbeauftragte\/#breadcrumb"},"inLanguage":"de","potentialAction":[{"@type":"ReadAction","target":["https:\/\/feminissima.de\/index.php\/2006\/01\/26\/warum-luegt-die-patientenbeauftragte\/"]}]},{"@type":"BreadcrumbList","@id":"https:\/\/feminissima.de\/index.php\/2006\/01\/26\/warum-luegt-die-patientenbeauftragte\/#breadcrumb","itemListElement":[{"@type":"ListItem","position":1,"name":"Startseite","item":"https:\/\/feminissima.de\/"},{"@type":"ListItem","position":2,"name":"Warum l\u00fcgt die Patientenbeauftragte? ."}]},{"@type":"WebSite","@id":"https:\/\/feminissima.de\/#website","url":"https:\/\/feminissima.de\/","name":"Feminissima","description":"","potentialAction":[{"@type":"SearchAction","target":{"@type":"EntryPoint","urlTemplate":"https:\/\/feminissima.de\/?s={search_term_string}"},"query-input":"required name=search_term_string"}],"inLanguage":"de"},{"@type":"Person","@id":"https:\/\/feminissima.de\/#\/schema\/person\/0b901e053624f88e7ecbea289d9d5128","name":"admin","image":{"@type":"ImageObject","inLanguage":"de","@id":"https:\/\/feminissima.de\/#\/schema\/person\/image\/","url":"https:\/\/secure.gravatar.com\/avatar\/8da1f51327453c0bf63338e8e2a791948b7d2ac19b68839492d1e69aac6924a8?s=96&d=mm&r=g","contentUrl":"https:\/\/secure.gravatar.com\/avatar\/8da1f51327453c0bf63338e8e2a791948b7d2ac19b68839492d1e69aac6924a8?s=96&d=mm&r=g","caption":"admin"},"url":"https:\/\/feminissima.de\/index.php\/author\/admin\/"}]}},"jetpack_featured_media_url":"","_links":{"self":[{"href":"https:\/\/feminissima.de\/index.php\/wp-json\/wp\/v2\/posts\/84234","targetHints":{"allow":["GET"]}}],"collection":[{"href":"https:\/\/feminissima.de\/index.php\/wp-json\/wp\/v2\/posts"}],"about":[{"href":"https:\/\/feminissima.de\/index.php\/wp-json\/wp\/v2\/types\/post"}],"author":[{"embeddable":true,"href":"https:\/\/feminissima.de\/index.php\/wp-json\/wp\/v2\/users\/2"}],"replies":[{"embeddable":true,"href":"https:\/\/feminissima.de\/index.php\/wp-json\/wp\/v2\/comments?post=84234"}],"version-history":[{"count":0,"href":"https:\/\/feminissima.de\/index.php\/wp-json\/wp\/v2\/posts\/84234\/revisions"}],"wp:attachment":[{"href":"https:\/\/feminissima.de\/index.php\/wp-json\/wp\/v2\/media?parent=84234"}],"wp:term":[{"taxonomy":"category","embeddable":true,"href":"https:\/\/feminissima.de\/index.php\/wp-json\/wp\/v2\/categories?post=84234"},{"taxonomy":"post_tag","embeddable":true,"href":"https:\/\/feminissima.de\/index.php\/wp-json\/wp\/v2\/tags?post=84234"}],"curies":[{"name":"wp","href":"https:\/\/api.w.org\/{rel}","templated":true}]}}