{"id":84233,"date":"2006-01-26T17:37:26","date_gmt":"2006-01-26T17:37:26","guid":{"rendered":"http:\/\/www.feminissima.de\/?p=84233"},"modified":"2006-01-26T17:37:26","modified_gmt":"2006-01-26T17:37:26","slug":"keine-zufaelle-nirgends-cia","status":"publish","type":"post","link":"https:\/\/feminissima.de\/index.php\/2006\/01\/26\/keine-zufaelle-nirgends-cia\/","title":{"rendered":"Keine Zuf\u00e4lle. Nirgends. CIA."},"content":{"rendered":"<p>ja&#8230;vor 2 Jahren ein enth\u00fcllender STERN-Bericht.<br \/>Heute Realit\u00e4t as usual..<br \/>151955.<\/p>\n<p>Ja, l\u00e4ngst ist es kurz vor 22 Uhr&#8230;<br \/>Crissy hat sich rasch in den Room und von den G\u00e4sten, die sich \u00fcber den Spinat und so&#8230;gefreut, was sonst! &#8211; ja, weiter unten&#8230;nur kurzes Hallo!<br \/>Bis sp\u00e4ter &#8211; bis zu den &#8222;welcome to the nightriders!&#8220; culy&#038;truly!<\/p>\n<p>Vorhin, da war es noch :<br \/>Und schon ist es wieder 19 Uhr.<br \/>Die kleinen Lichter brennen, die Birnen funktionieren.<br \/>Die M\u00fcllcontainer \u00fcbervoll, weil jemand ausgezogen ist. Und drau\u00dfen Milde. Marenga putzt den Spinat. Er darf nur kurz aufkochen. Dann in ein Sieb, abtropfen lassen, kalt abbrausen, wieder rein in eine Pfanne oder einen Topf und in Butter und Knoblauch schwenken, auf einen oder auf zwei oder drei! Teller drapieren, mit jeweils zwei Vierteln Zitronen verzieren, fertig.<br \/>Frischer Spinat mit ein paar Tropfen Zitronensaft&#8230;frisch gemahlenem Pfeffer aus der M\u00fchle&#8230;? <br \/>Genau, trotzdem betrachten auch wir die neuerliche Entf\u00fchrung mit entsprechender Sorge.<br \/>Und Sarrazin wird gerade ausgeschimpft, in der Tempodrom-Aff\u00e4re, er setze sich einfach \u00fcber alle hinweg, dieser sympathische SPD-Finanzsenator in Berlin.Und appellieren auch, Verst\u00e4ndnis daf\u00fcr zu haben, dass an zur\u00fcckhaltender Berichterstattung&#8230;<br \/>Und gleichzeitig freuen wir uns dar\u00fcber, dass Frau Merkel gerade in Davos die globalen Probleme er\u00f6rter.<\/p>\n<p>Vorhin war es :<br \/>Fr\u00fcher Abend in Berlin, hallo!<br \/>Es bleibt l\u00e4nger hell, schon aufgefallen?<\/p>\n<p>Die Polit-US-Chargen lachen doch nur \u00fcber die redlichen Versuche des Schweizer Europaratsbeauftragten Dick Marty&#8230;die CIA-Machenschaften und Fl\u00fcge \u00fcber Europa mit Gefangenenen&#8230;.aufzukl\u00e4ren.<\/p>\n<p>Schon 2004 berichtete der STERN \u00fcber die klare Absicht der US-Polit-Clique um Bush &#8211; Foltern in &#8222;anderen Staaten&#8220; auszu\u00fcben:<\/p>\n<table width=\"100%\">\n<tr>\n<td style=\"background-image=url('images\/monet-heller.jpg')\"><font size=\"+1\"><\/p>\n<p>Es geht um einen STERN-BERICHT vom Mai 2004, Titelstory: &#8220; George W. Bush: MORALISCH brankrott&#8220;, Nr. 22 &#8211; und \u00fcber FOLTERN. Hold on!<\/p>\n<p>Dieser Artikel, aus dem FEM zitieren m\u00f6chte, tr\u00e4gt die \u00dcberschrift:<\/p>\n<p>&#8222;Wenn sich Menschen an der Macht berauschen&#8220; &#8211; von Dorit Kowitz.<\/p>\n<p>Darin hei\u00dft es (Seite 41 des genannten STERN):<\/p>\n<p>&#8222;&#8230;.die US-Regierung ist weniger skrupul\u00f6s.<br \/>Nach den Terroranschl\u00e4gen vom 11. September 2001 unterzeichnete US-Pr\u00e4sident George W. Bush <br \/>eine Reihe von Direktiven,<br \/>die den verdeckten Kampf der<br \/>Justiz und der CIA gegen den Terror <br \/>erleichtern soll.<\/p>\n<p>VERD\u00c4CHTIGE, die zur F\u00fchrungsebene der al Quaeda oder des Saddam-Regimes gez\u00e4hlt werden,<br \/>***SIND IM ZWEIFEL NICHT IN DEN USA,<br \/>also dem  Boden eines Rechtsstaates, interniert, <br \/>SONDERN IM AUSLAND.***<\/p>\n<p>Nach Recherchen der NEW YORK TIMES in Geheimdienstkreisen hat das seinen Grund:<\/p>\n<p>FAlls die Verh\u00f6re doch einmal Spuren am K\u00f6rper des Gefangenen hinterlassen w\u00fcrden,<\/p>\n<p>k\u00f6nnte man diesen Bruch der Menschenrechte juristisch einer anderen Regierung anlasten.<\/p>\n<p>Denn auch ein moderner Folterer kann seine Arbeit&#8230;nur machen,<br \/>wenn er eines nicht f\u00fcrchten mu\u00df: Strafe f\u00fcr sein Tun.<\/p>\n<p>In einem Beitrag f\u00fcr die S\u00dcDDEUTSCHE ZEITUNG spricht der fr\u00fchere amerikanische Vernehmungsspezialist Michael Mannings von einer<\/p>\n<p>&#8222;beabsichtigten Unklarheit&#8220;<\/p>\n<p>der US-Politik im Umgang mit Gefangenen.<\/p>\n<p>&#8222;Im Krieg ist der Druck, zu potenziell lebensrettenden Informationen zu kommen, immens&#8220;.<\/p>\n<p>Manning, der f\u00fcr den Milit\u00e4rgeheimdienst arbeitete, <br \/>ist \u00fcberzeugt,<br \/>dass &#8222;die Bilder aus Abu Ghreib erst der Anfang sind&#8220;.<\/p>\n<p>Zitat-Ende aus STERN Nr. 22 vom 19.5.2004 &#8211; <br \/>auf dem H\u00f6hepunkt der bestialischen Vorf\u00e4lle im irakischen Gef\u00e4ngnis Abu Ghreib in Bagdad.<\/p>\n<p>Wobei der STERN der Frage nachging:<br \/>&#8222;WARUM sind FOLTER und DEM\u00dcTIGUNG selbst unter Demokraten bis heute an der Tagesordnung?&#8220;<\/p>\n<p>Psychoanalytiker sehen die Antwort in der repressiven Erziehung und in den USA insbesondere in der REKRUTEN-AUSBILDUNG.<br \/>Sie soll den Willen brechen und die Feindbilder der USA einpeitschen.<\/p>\n<p>\u00dcbrigens, der zitierte STERN zeigt neben dem Foto vom Herbst 2003, <br \/>auf dem Lynndie England einen Gefangenen im Gef\u00e4ngnis Abu Ghreib an der Hundeleine schleift &#8211; <\/p>\n<p>ein anderes vom Herbst 1967 :<\/p>\n<p>VIETNAM: US-Marinesoldaten zerren einen Vietcong an einer Hundeleine zum Verh\u00f6r.<\/p>\n<p>FEMINISSIMA:<\/p>\n<p>Jetzt schreiben wir Januar 2006.<\/p>\n<p>Nur durch den Zufall, dass ein Verschleppter ein Deutscher &#8230;war&#8230;kam heraus, was die CIA und der US-Milit\u00e4rgeheimdienst in Europa &#8222;und Umzu&#8220; seither so treiben.<\/p>\n<p>Zweifelsohne mit Billigung und Wissen oder Halbwissen, denn sicher w\u00fcrden die USA ihre Folter-Politik nicht einfach so&#8230;preisgeben&#8230;.<\/p>\n<p>Oder?<\/p>\n<p>Es gibt keine Freiheit.<br \/>Nirgends.<br \/>Und die USA noch als einen &#8222;demokratischen Staat&#8220; zu bezeichnen,<br \/>w\u00e4re ein Euphemismus ohnegleichen.<\/p>\n<p>meint, wie immer &#8211; <\/p>\n<p>ganz &#8211; <br \/>individualistisch<\/p>\n<p>und<\/p>\n<p>nonkonformistisch<\/p>\n<p>Eure FEMINISSIMA, am Nachmittag.<\/td>\n<\/tr>\n<\/table>\n","protected":false},"excerpt":{"rendered":"<p>ja&#8230;vor 2 Jahren ein enth\u00fcllender STERN-Bericht.<br \/>Heute Realit\u00e4t as usual..<\/p>\n","protected":false},"author":2,"featured_media":0,"comment_status":"closed","ping_status":"closed","sticky":false,"template":"","format":"standard","meta":{"footnotes":""},"categories":[14],"tags":[],"class_list":["post-84233","post","type-post","status-publish","format-standard","hentry","category-fempolitik","entry"],"yoast_head":"<!-- This site is optimized with the Yoast SEO plugin v21.0 - https:\/\/yoast.com\/wordpress\/plugins\/seo\/ -->\n<title>Keine Zuf\u00e4lle. Nirgends. CIA. - Feminissima<\/title>\n<meta name=\"robots\" content=\"index, follow, max-snippet:-1, max-image-preview:large, max-video-preview:-1\" \/>\n<link rel=\"canonical\" href=\"https:\/\/feminissima.de\/index.php\/2006\/01\/26\/keine-zufaelle-nirgends-cia\/\" \/>\n<meta property=\"og:locale\" content=\"de_DE\" \/>\n<meta property=\"og:type\" content=\"article\" \/>\n<meta property=\"og:title\" content=\"Keine Zuf\u00e4lle. Nirgends. CIA. - Feminissima\" \/>\n<meta property=\"og:description\" content=\"ja...vor 2 Jahren ein enth\u00fcllender STERN-Bericht.Heute Realit\u00e4t as usual..\" \/>\n<meta property=\"og:url\" content=\"https:\/\/feminissima.de\/index.php\/2006\/01\/26\/keine-zufaelle-nirgends-cia\/\" \/>\n<meta property=\"og:site_name\" content=\"Feminissima\" \/>\n<meta property=\"article:published_time\" content=\"2006-01-26T17:37:26+00:00\" \/>\n<meta name=\"author\" content=\"admin\" \/>\n<meta name=\"twitter:card\" content=\"summary_large_image\" \/>\n<meta name=\"twitter:label1\" content=\"Verfasst von\" \/>\n\t<meta name=\"twitter:data1\" content=\"admin\" \/>\n\t<meta name=\"twitter:label2\" content=\"Gesch\u00e4tzte Lesezeit\" \/>\n\t<meta name=\"twitter:data2\" content=\"4\u00a0Minuten\" \/>\n<script type=\"application\/ld+json\" class=\"yoast-schema-graph\">{\"@context\":\"https:\/\/schema.org\",\"@graph\":[{\"@type\":\"WebPage\",\"@id\":\"https:\/\/feminissima.de\/index.php\/2006\/01\/26\/keine-zufaelle-nirgends-cia\/\",\"url\":\"https:\/\/feminissima.de\/index.php\/2006\/01\/26\/keine-zufaelle-nirgends-cia\/\",\"name\":\"Keine Zuf\u00e4lle. Nirgends. CIA. - Feminissima\",\"isPartOf\":{\"@id\":\"https:\/\/feminissima.de\/#website\"},\"datePublished\":\"2006-01-26T17:37:26+00:00\",\"dateModified\":\"2006-01-26T17:37:26+00:00\",\"author\":{\"@id\":\"https:\/\/feminissima.de\/#\/schema\/person\/0b901e053624f88e7ecbea289d9d5128\"},\"breadcrumb\":{\"@id\":\"https:\/\/feminissima.de\/index.php\/2006\/01\/26\/keine-zufaelle-nirgends-cia\/#breadcrumb\"},\"inLanguage\":\"de\",\"potentialAction\":[{\"@type\":\"ReadAction\",\"target\":[\"https:\/\/feminissima.de\/index.php\/2006\/01\/26\/keine-zufaelle-nirgends-cia\/\"]}]},{\"@type\":\"BreadcrumbList\",\"@id\":\"https:\/\/feminissima.de\/index.php\/2006\/01\/26\/keine-zufaelle-nirgends-cia\/#breadcrumb\",\"itemListElement\":[{\"@type\":\"ListItem\",\"position\":1,\"name\":\"Startseite\",\"item\":\"https:\/\/feminissima.de\/\"},{\"@type\":\"ListItem\",\"position\":2,\"name\":\"Keine Zuf\u00e4lle. Nirgends. CIA.\"}]},{\"@type\":\"WebSite\",\"@id\":\"https:\/\/feminissima.de\/#website\",\"url\":\"https:\/\/feminissima.de\/\",\"name\":\"Feminissima\",\"description\":\"\",\"potentialAction\":[{\"@type\":\"SearchAction\",\"target\":{\"@type\":\"EntryPoint\",\"urlTemplate\":\"https:\/\/feminissima.de\/?s={search_term_string}\"},\"query-input\":\"required name=search_term_string\"}],\"inLanguage\":\"de\"},{\"@type\":\"Person\",\"@id\":\"https:\/\/feminissima.de\/#\/schema\/person\/0b901e053624f88e7ecbea289d9d5128\",\"name\":\"admin\",\"image\":{\"@type\":\"ImageObject\",\"inLanguage\":\"de\",\"@id\":\"https:\/\/feminissima.de\/#\/schema\/person\/image\/\",\"url\":\"https:\/\/secure.gravatar.com\/avatar\/8da1f51327453c0bf63338e8e2a791948b7d2ac19b68839492d1e69aac6924a8?s=96&d=mm&r=g\",\"contentUrl\":\"https:\/\/secure.gravatar.com\/avatar\/8da1f51327453c0bf63338e8e2a791948b7d2ac19b68839492d1e69aac6924a8?s=96&d=mm&r=g\",\"caption\":\"admin\"},\"url\":\"https:\/\/feminissima.de\/index.php\/author\/admin\/\"}]}<\/script>\n<!-- \/ Yoast SEO plugin. -->","yoast_head_json":{"title":"Keine Zuf\u00e4lle. Nirgends. CIA. - Feminissima","robots":{"index":"index","follow":"follow","max-snippet":"max-snippet:-1","max-image-preview":"max-image-preview:large","max-video-preview":"max-video-preview:-1"},"canonical":"https:\/\/feminissima.de\/index.php\/2006\/01\/26\/keine-zufaelle-nirgends-cia\/","og_locale":"de_DE","og_type":"article","og_title":"Keine Zuf\u00e4lle. Nirgends. CIA. - Feminissima","og_description":"ja...vor 2 Jahren ein enth\u00fcllender STERN-Bericht.Heute Realit\u00e4t as usual..","og_url":"https:\/\/feminissima.de\/index.php\/2006\/01\/26\/keine-zufaelle-nirgends-cia\/","og_site_name":"Feminissima","article_published_time":"2006-01-26T17:37:26+00:00","author":"admin","twitter_card":"summary_large_image","twitter_misc":{"Verfasst von":"admin","Gesch\u00e4tzte Lesezeit":"4\u00a0Minuten"},"schema":{"@context":"https:\/\/schema.org","@graph":[{"@type":"WebPage","@id":"https:\/\/feminissima.de\/index.php\/2006\/01\/26\/keine-zufaelle-nirgends-cia\/","url":"https:\/\/feminissima.de\/index.php\/2006\/01\/26\/keine-zufaelle-nirgends-cia\/","name":"Keine Zuf\u00e4lle. Nirgends. CIA. - Feminissima","isPartOf":{"@id":"https:\/\/feminissima.de\/#website"},"datePublished":"2006-01-26T17:37:26+00:00","dateModified":"2006-01-26T17:37:26+00:00","author":{"@id":"https:\/\/feminissima.de\/#\/schema\/person\/0b901e053624f88e7ecbea289d9d5128"},"breadcrumb":{"@id":"https:\/\/feminissima.de\/index.php\/2006\/01\/26\/keine-zufaelle-nirgends-cia\/#breadcrumb"},"inLanguage":"de","potentialAction":[{"@type":"ReadAction","target":["https:\/\/feminissima.de\/index.php\/2006\/01\/26\/keine-zufaelle-nirgends-cia\/"]}]},{"@type":"BreadcrumbList","@id":"https:\/\/feminissima.de\/index.php\/2006\/01\/26\/keine-zufaelle-nirgends-cia\/#breadcrumb","itemListElement":[{"@type":"ListItem","position":1,"name":"Startseite","item":"https:\/\/feminissima.de\/"},{"@type":"ListItem","position":2,"name":"Keine Zuf\u00e4lle. Nirgends. CIA."}]},{"@type":"WebSite","@id":"https:\/\/feminissima.de\/#website","url":"https:\/\/feminissima.de\/","name":"Feminissima","description":"","potentialAction":[{"@type":"SearchAction","target":{"@type":"EntryPoint","urlTemplate":"https:\/\/feminissima.de\/?s={search_term_string}"},"query-input":"required name=search_term_string"}],"inLanguage":"de"},{"@type":"Person","@id":"https:\/\/feminissima.de\/#\/schema\/person\/0b901e053624f88e7ecbea289d9d5128","name":"admin","image":{"@type":"ImageObject","inLanguage":"de","@id":"https:\/\/feminissima.de\/#\/schema\/person\/image\/","url":"https:\/\/secure.gravatar.com\/avatar\/8da1f51327453c0bf63338e8e2a791948b7d2ac19b68839492d1e69aac6924a8?s=96&d=mm&r=g","contentUrl":"https:\/\/secure.gravatar.com\/avatar\/8da1f51327453c0bf63338e8e2a791948b7d2ac19b68839492d1e69aac6924a8?s=96&d=mm&r=g","caption":"admin"},"url":"https:\/\/feminissima.de\/index.php\/author\/admin\/"}]}},"jetpack_featured_media_url":"","_links":{"self":[{"href":"https:\/\/feminissima.de\/index.php\/wp-json\/wp\/v2\/posts\/84233","targetHints":{"allow":["GET"]}}],"collection":[{"href":"https:\/\/feminissima.de\/index.php\/wp-json\/wp\/v2\/posts"}],"about":[{"href":"https:\/\/feminissima.de\/index.php\/wp-json\/wp\/v2\/types\/post"}],"author":[{"embeddable":true,"href":"https:\/\/feminissima.de\/index.php\/wp-json\/wp\/v2\/users\/2"}],"replies":[{"embeddable":true,"href":"https:\/\/feminissima.de\/index.php\/wp-json\/wp\/v2\/comments?post=84233"}],"version-history":[{"count":0,"href":"https:\/\/feminissima.de\/index.php\/wp-json\/wp\/v2\/posts\/84233\/revisions"}],"wp:attachment":[{"href":"https:\/\/feminissima.de\/index.php\/wp-json\/wp\/v2\/media?parent=84233"}],"wp:term":[{"taxonomy":"category","embeddable":true,"href":"https:\/\/feminissima.de\/index.php\/wp-json\/wp\/v2\/categories?post=84233"},{"taxonomy":"post_tag","embeddable":true,"href":"https:\/\/feminissima.de\/index.php\/wp-json\/wp\/v2\/tags?post=84233"}],"curies":[{"name":"wp","href":"https:\/\/api.w.org\/{rel}","templated":true}]}}