{"id":84228,"date":"2006-01-25T01:19:13","date_gmt":"2006-01-25T01:19:13","guid":{"rendered":"http:\/\/www.feminissima.de\/?p=84228"},"modified":"2006-01-25T01:19:13","modified_gmt":"2006-01-25T01:19:13","slug":"der-erste-winter-jan-06","status":"publish","type":"post","link":"https:\/\/feminissima.de\/index.php\/2006\/01\/25\/der-erste-winter-jan-06\/","title":{"rendered":"Der erste Winter (Jan 06)"},"content":{"rendered":"<p>Sie sagte, in Wien habe sie sich den Hirntumor zugezogen. Wien sei in &#038; mit seinem Schm\u00e4h unertr\u00e4glich. Sie hatte Philosophie dort studiert.<br \/>\n<br \/>\nUnd hier erst der Text \u00fcber die verladenen Dichter&#8230;selbst schuld! Nachttext von gestern..<br \/>151164.\/ gestern: 3.878\/ heute: 255 \/ Es ist gleich 19 Uhr<\/p>\n<table width=\"100%\">\n<tr>\n<td style=\"background-image=url('images\/monet-heller.jpg')\"><font size=\"+1\"><\/p>\n<p>&#8211; zur\u00fcckgeben.<\/p>\n<p>Ihr Gesamtwert wird auf \u00fcber 200 Millionen Euro gesch\u00e4tzt.<\/p>\n<p>Wien will die Gem\u00e4lde, <br \/>die im Verlauf von &#8222;Arisierung&#8220; und Holocaust von den Nazis den j\u00fcdischen Besitzern gestohlen worden sind, nun per Bankkredit zur\u00fcckkaufen&#8230;<\/p>\n<p>Dazu auch den Text eine Textstufe tiefer.<br \/>Der Text vom Wochenende dazu und anderer Nazi-Klau-Orgien &#8211; <br \/>von denen die heutigen Nutznie\u00dfer nichts mehr wissen wollen &#8211; <br \/>er ruht im FEM-Archiv&#8230;.<br \/>Es ist dreist, dass vor allem dar\u00fcber nachgedacht wird, <br \/>wie &#8222;Wien&#8220; diese weltber\u00fchmten Werke des Wiener Jugendstilmalers Gustav Klimt <br \/>&#8222;behalten&#8220; kann.<\/p>\n<p>AUSF\u00dcHRLICH und hintergr\u00fcndig..<br \/>lie\u00df sich \u00fcbrigens die BERLINER ZEITUNG \u00fcber die Aufdeckung und den Skandal aus.<\/p>\n<p> In der heutigen BERLINER MORGENPOST (Springer) &#8211; <\/p>\n<p>hingegen wird lediglich vermeldet, <br \/> in einem 8-Zeiler, ohne jeden Bezug zum Hintergrund,<br \/>auf Seite 18 <br \/>((Kultur &#038; Medien)  <br \/>in bezug auf die die geplante Wiener R\u00fcckkauf-Aktion:<\/p>\n<p>&#8222;Die Bilder m\u00fcssen an die rechtm\u00e4\u00dfigen Besitzer zur\u00fcckgegeben werden.&#8220;<\/p>\n<p>Wie man liest, <br \/>fehlt in der Springer-Tageszeitung sogar der Zusatz &#8222;j\u00fcdisch.&#8220; <br \/>An die rechtm\u00e4\u00dfigen j\u00fcdischen Besitzer, m\u00fcssen die Klimt-Gem\u00e4lde zur\u00fcckgegeben werden!<\/p>\n<p>&#8212;&#8212;&#8212;<\/p>\n<p>Peinlich, dass sich ber\u00fchmte Literatur-Namen, nur zuf\u00e4llig m\u00e4nnlich?<\/p>\n<p>vor den Fu\u00dfball-Karren spannen lie\u00dfen.<\/p>\n<p>In Berlin diskutierten sie&#8230;komisch, wo blieb die sonst so \u00fcppige WERBUNG, wenn es um Fu\u00dfball geht?<\/p>\n<p>Liegt wohl daran, dass die Fu\u00dfball-&#8222;Schaffenden&#8220; in Wirklichkeit mit Kultur und gar mit LITERATUR &#8211; NICHTS IN DEN F\u00dcSSEN oder GAR IN DEN K\u00d6PFEN haben!<\/p>\n<p>Sonst h\u00e4tte man vorher \u00fcberall eine Ank\u00fcndigung finden k\u00f6nnen, die man nicht fand, <\/p>\n<p>dass Autoren wie Javier M\u00e1rias, Henning Mankell, Peter Esterh\u00e1zy, Thomas H\u00fcrlimann, Tim Parks, Per Olof Enquist und andere &#8211; <\/p>\n<p>im Rahmen einer sogenannten Tagung <\/p>\n<p>namens KOPFBALLSPIELER &#8211; sich in Berlin aufgehalten haben.<\/p>\n<p>Diese Tagung sei Teil des <br \/>&#8222;Kunst- und Kulturprogramms zur WM&#8220; <\/p>\n<p>aha!<\/p>\n<p>Auch dort bleiben die M\u00e4nner unter sich. <br \/>Ch\u00e9rie, die Redaktionswildkatze, springt mit einem Fauchen von ihrem Aussichtsplatz.<\/p>\n<\/td>\n<\/tr>\n<\/table>\n","protected":false},"excerpt":{"rendered":"<p>Sie sagte, in Wien habe sie sich den Hirntumor zugezogen. Wien sei in &#038; mit seinem Schm\u00e4h unertr\u00e4glich. Sie hatte Philosophie dort studiert.<br \/>\n<br \/>\nUnd hier erst der Text \u00fcber die verladenen Dichter&#8230;selbst schuld! Nachttext von gestern..<\/p>\n","protected":false},"author":2,"featured_media":0,"comment_status":"closed","ping_status":"closed","sticky":false,"template":"","format":"standard","meta":{"footnotes":""},"categories":[11],"tags":[],"class_list":["post-84228","post","type-post","status-publish","format-standard","hentry","category-femkultur","entry"],"yoast_head":"<!-- This site is optimized with the Yoast SEO plugin v21.0 - https:\/\/yoast.com\/wordpress\/plugins\/seo\/ -->\n<title>Der erste Winter (Jan 06) - Feminissima<\/title>\n<meta name=\"robots\" content=\"index, follow, max-snippet:-1, max-image-preview:large, max-video-preview:-1\" \/>\n<link rel=\"canonical\" href=\"https:\/\/feminissima.de\/index.php\/2006\/01\/25\/der-erste-winter-jan-06\/\" \/>\n<meta property=\"og:locale\" content=\"de_DE\" \/>\n<meta property=\"og:type\" content=\"article\" \/>\n<meta property=\"og:title\" content=\"Der erste Winter (Jan 06) - Feminissima\" \/>\n<meta property=\"og:description\" content=\"Sie sagte, in Wien habe sie sich den Hirntumor zugezogen. Wien sei in &amp; mit seinem Schm\u00e4h unertr\u00e4glich. Sie hatte Philosophie dort studiert. Und hier erst der Text \u00fcber die verladenen Dichter...selbst schuld! Nachttext von gestern..\" \/>\n<meta property=\"og:url\" content=\"https:\/\/feminissima.de\/index.php\/2006\/01\/25\/der-erste-winter-jan-06\/\" \/>\n<meta property=\"og:site_name\" content=\"Feminissima\" \/>\n<meta property=\"article:published_time\" content=\"2006-01-25T01:19:13+00:00\" \/>\n<meta name=\"author\" content=\"admin\" \/>\n<meta name=\"twitter:card\" content=\"summary_large_image\" \/>\n<meta name=\"twitter:label1\" content=\"Verfasst von\" \/>\n\t<meta name=\"twitter:data1\" content=\"admin\" \/>\n\t<meta name=\"twitter:label2\" content=\"Gesch\u00e4tzte Lesezeit\" \/>\n\t<meta name=\"twitter:data2\" content=\"2\u00a0Minuten\" \/>\n<script type=\"application\/ld+json\" class=\"yoast-schema-graph\">{\"@context\":\"https:\/\/schema.org\",\"@graph\":[{\"@type\":\"WebPage\",\"@id\":\"https:\/\/feminissima.de\/index.php\/2006\/01\/25\/der-erste-winter-jan-06\/\",\"url\":\"https:\/\/feminissima.de\/index.php\/2006\/01\/25\/der-erste-winter-jan-06\/\",\"name\":\"Der erste Winter (Jan 06) - Feminissima\",\"isPartOf\":{\"@id\":\"https:\/\/feminissima.de\/#website\"},\"datePublished\":\"2006-01-25T01:19:13+00:00\",\"dateModified\":\"2006-01-25T01:19:13+00:00\",\"author\":{\"@id\":\"https:\/\/feminissima.de\/#\/schema\/person\/0b901e053624f88e7ecbea289d9d5128\"},\"breadcrumb\":{\"@id\":\"https:\/\/feminissima.de\/index.php\/2006\/01\/25\/der-erste-winter-jan-06\/#breadcrumb\"},\"inLanguage\":\"de\",\"potentialAction\":[{\"@type\":\"ReadAction\",\"target\":[\"https:\/\/feminissima.de\/index.php\/2006\/01\/25\/der-erste-winter-jan-06\/\"]}]},{\"@type\":\"BreadcrumbList\",\"@id\":\"https:\/\/feminissima.de\/index.php\/2006\/01\/25\/der-erste-winter-jan-06\/#breadcrumb\",\"itemListElement\":[{\"@type\":\"ListItem\",\"position\":1,\"name\":\"Startseite\",\"item\":\"https:\/\/feminissima.de\/\"},{\"@type\":\"ListItem\",\"position\":2,\"name\":\"Der erste Winter (Jan 06)\"}]},{\"@type\":\"WebSite\",\"@id\":\"https:\/\/feminissima.de\/#website\",\"url\":\"https:\/\/feminissima.de\/\",\"name\":\"Feminissima\",\"description\":\"\",\"potentialAction\":[{\"@type\":\"SearchAction\",\"target\":{\"@type\":\"EntryPoint\",\"urlTemplate\":\"https:\/\/feminissima.de\/?s={search_term_string}\"},\"query-input\":\"required name=search_term_string\"}],\"inLanguage\":\"de\"},{\"@type\":\"Person\",\"@id\":\"https:\/\/feminissima.de\/#\/schema\/person\/0b901e053624f88e7ecbea289d9d5128\",\"name\":\"admin\",\"image\":{\"@type\":\"ImageObject\",\"inLanguage\":\"de\",\"@id\":\"https:\/\/feminissima.de\/#\/schema\/person\/image\/\",\"url\":\"https:\/\/secure.gravatar.com\/avatar\/8da1f51327453c0bf63338e8e2a791948b7d2ac19b68839492d1e69aac6924a8?s=96&d=mm&r=g\",\"contentUrl\":\"https:\/\/secure.gravatar.com\/avatar\/8da1f51327453c0bf63338e8e2a791948b7d2ac19b68839492d1e69aac6924a8?s=96&d=mm&r=g\",\"caption\":\"admin\"},\"url\":\"https:\/\/feminissima.de\/index.php\/author\/admin\/\"}]}<\/script>\n<!-- \/ Yoast SEO plugin. -->","yoast_head_json":{"title":"Der erste Winter (Jan 06) - Feminissima","robots":{"index":"index","follow":"follow","max-snippet":"max-snippet:-1","max-image-preview":"max-image-preview:large","max-video-preview":"max-video-preview:-1"},"canonical":"https:\/\/feminissima.de\/index.php\/2006\/01\/25\/der-erste-winter-jan-06\/","og_locale":"de_DE","og_type":"article","og_title":"Der erste Winter (Jan 06) - Feminissima","og_description":"Sie sagte, in Wien habe sie sich den Hirntumor zugezogen. Wien sei in & mit seinem Schm\u00e4h unertr\u00e4glich. Sie hatte Philosophie dort studiert. Und hier erst der Text \u00fcber die verladenen Dichter...selbst schuld! Nachttext von gestern..","og_url":"https:\/\/feminissima.de\/index.php\/2006\/01\/25\/der-erste-winter-jan-06\/","og_site_name":"Feminissima","article_published_time":"2006-01-25T01:19:13+00:00","author":"admin","twitter_card":"summary_large_image","twitter_misc":{"Verfasst von":"admin","Gesch\u00e4tzte Lesezeit":"2\u00a0Minuten"},"schema":{"@context":"https:\/\/schema.org","@graph":[{"@type":"WebPage","@id":"https:\/\/feminissima.de\/index.php\/2006\/01\/25\/der-erste-winter-jan-06\/","url":"https:\/\/feminissima.de\/index.php\/2006\/01\/25\/der-erste-winter-jan-06\/","name":"Der erste Winter (Jan 06) - Feminissima","isPartOf":{"@id":"https:\/\/feminissima.de\/#website"},"datePublished":"2006-01-25T01:19:13+00:00","dateModified":"2006-01-25T01:19:13+00:00","author":{"@id":"https:\/\/feminissima.de\/#\/schema\/person\/0b901e053624f88e7ecbea289d9d5128"},"breadcrumb":{"@id":"https:\/\/feminissima.de\/index.php\/2006\/01\/25\/der-erste-winter-jan-06\/#breadcrumb"},"inLanguage":"de","potentialAction":[{"@type":"ReadAction","target":["https:\/\/feminissima.de\/index.php\/2006\/01\/25\/der-erste-winter-jan-06\/"]}]},{"@type":"BreadcrumbList","@id":"https:\/\/feminissima.de\/index.php\/2006\/01\/25\/der-erste-winter-jan-06\/#breadcrumb","itemListElement":[{"@type":"ListItem","position":1,"name":"Startseite","item":"https:\/\/feminissima.de\/"},{"@type":"ListItem","position":2,"name":"Der erste Winter (Jan 06)"}]},{"@type":"WebSite","@id":"https:\/\/feminissima.de\/#website","url":"https:\/\/feminissima.de\/","name":"Feminissima","description":"","potentialAction":[{"@type":"SearchAction","target":{"@type":"EntryPoint","urlTemplate":"https:\/\/feminissima.de\/?s={search_term_string}"},"query-input":"required name=search_term_string"}],"inLanguage":"de"},{"@type":"Person","@id":"https:\/\/feminissima.de\/#\/schema\/person\/0b901e053624f88e7ecbea289d9d5128","name":"admin","image":{"@type":"ImageObject","inLanguage":"de","@id":"https:\/\/feminissima.de\/#\/schema\/person\/image\/","url":"https:\/\/secure.gravatar.com\/avatar\/8da1f51327453c0bf63338e8e2a791948b7d2ac19b68839492d1e69aac6924a8?s=96&d=mm&r=g","contentUrl":"https:\/\/secure.gravatar.com\/avatar\/8da1f51327453c0bf63338e8e2a791948b7d2ac19b68839492d1e69aac6924a8?s=96&d=mm&r=g","caption":"admin"},"url":"https:\/\/feminissima.de\/index.php\/author\/admin\/"}]}},"jetpack_featured_media_url":"","_links":{"self":[{"href":"https:\/\/feminissima.de\/index.php\/wp-json\/wp\/v2\/posts\/84228","targetHints":{"allow":["GET"]}}],"collection":[{"href":"https:\/\/feminissima.de\/index.php\/wp-json\/wp\/v2\/posts"}],"about":[{"href":"https:\/\/feminissima.de\/index.php\/wp-json\/wp\/v2\/types\/post"}],"author":[{"embeddable":true,"href":"https:\/\/feminissima.de\/index.php\/wp-json\/wp\/v2\/users\/2"}],"replies":[{"embeddable":true,"href":"https:\/\/feminissima.de\/index.php\/wp-json\/wp\/v2\/comments?post=84228"}],"version-history":[{"count":0,"href":"https:\/\/feminissima.de\/index.php\/wp-json\/wp\/v2\/posts\/84228\/revisions"}],"wp:attachment":[{"href":"https:\/\/feminissima.de\/index.php\/wp-json\/wp\/v2\/media?parent=84228"}],"wp:term":[{"taxonomy":"category","embeddable":true,"href":"https:\/\/feminissima.de\/index.php\/wp-json\/wp\/v2\/categories?post=84228"},{"taxonomy":"post_tag","embeddable":true,"href":"https:\/\/feminissima.de\/index.php\/wp-json\/wp\/v2\/tags?post=84228"}],"curies":[{"name":"wp","href":"https:\/\/api.w.org\/{rel}","templated":true}]}}