{"id":84211,"date":"2006-01-18T11:18:27","date_gmt":"2006-01-18T11:18:27","guid":{"rendered":"http:\/\/www.feminissima.de\/?p=84211"},"modified":"2006-01-18T11:18:27","modified_gmt":"2006-01-18T11:18:27","slug":"pressefischer-draengte-auf-bnd-einsatz","status":"publish","type":"post","link":"https:\/\/feminissima.de\/index.php\/2006\/01\/18\/pressefischer-draengte-auf-bnd-einsatz\/","title":{"rendered":"PRESSE:&#8220;Fischer dr\u00e4ngte auf BND-Einsatz&#8220;"},"content":{"rendered":"<p>Quelle: dpa<br \/>Berlin &#8211; Nach der Entscheidung der Opposition f\u00fcr einen Untersuchungsausschuss zur BND-Irak-Aff\u00e4re informiert Au\u00dfenminister Frank-Walter Steinmeier heute (Mittwoch) den Ausw\u00e4rtigen Ausschuss des Bundestages. Dabei geht es um die Rolle zweier Agenten des Bundesnachrichtendienstes (BND), die 2003 mit Wissen und Billigung der damaligen rot-gr\u00fcnen Bundesregierung in Bagdad geblieben waren.<br \/>\n<br \/>\nNach Medienberichten sollen die M\u00e4nner m\u00f6glicherweise einem amerikanischen Geheimdienst Informationen gegeben haben, die der Zielbestimmung f\u00fcr Bombardierungen durch US-Streitkr\u00e4fte im Irak dienten. Diese Darstellung wurde sowohl von Steinmeier als auch vom BND vehement zur\u00fcckgewiesen. Der SPD-Politiker Steinmeier war 2003 Kanzleramtschef und f\u00fcr die Geheimdienste zust\u00e4ndig. Die beiden Agenten sollen heute vor dem Parlamentarischen Kontrollgremium aussagen. <\/p>\n<p>Nach der Linksfraktion im Bundestag hatten sich gestern (Dienstag) auch FDP und Gr\u00fcne f\u00fcr einen Untersuchungsausschuss ausgesprochen. Damit ist trotz Widerstands der gro\u00dfen Koalition eine Einsetzung des Gremiums durch den Bundestag so gut wie sicher. Allerdings m\u00fcssen sich die drei Oppositionsfraktionen noch auf einen Untersuchungsauftrag verst\u00e4ndigen und dabei ihre unterschiedlichen Ans\u00e4tze vereinen. <\/p>\n<p>Der fr\u00fchere Au\u00dfenminister Joschka Fischer (Gr\u00fcne) hat nach einem Zeitungsbericht im Zusammenspiel mit dem damaligen BND-Pr\u00e4sidenten August Hanning darauf gedr\u00e4ngt, dass deutsche Agenten in Bagdad einen eigenst\u00e4ndigen deutschen Informationskanal f\u00fcr die Dauer des Irak-Krieges aufbauen. Das berichtet die &#8222;Leipziger Volkszeitung&#8220; (Mittwoch) unter Berufung auf hochrangige deutsche Sicherheitskreise. <\/p>\n<p>Unterst\u00fctzt vom damaligen Bundesinnenminister Otto Schily (SPD) und von Steinmeier habe man den USA vor Beginn der deutschen BND-Mission eine weitestgehende Kooperation zugesagt. Es sei auf &#8222;besondere deutsche Verbindungen&#8220; im Irak und auf &#8222;vorhandene Gespr\u00e4chskontakte zum Regime von Saddam Hussein hingewiesen&#8220; worden. Die beiden BND-Agenten &#8211; ausgew\u00e4hlt unter rund 600 von der Bundeswehr zum BND abgesandten Milit\u00e4rs &#8211; h\u00e4tten &#8222;keinerlei direkte Hilfe&#8220; bei kriegerischen Handlungen der US-gef\u00fchrten Invasionstruppe, inklusive Zielerfassung und Einsatz-Koordination, leisten d\u00fcrfen, schreibt das Blatt weiter. <\/p>\n<p>Als ausdr\u00fcckliches Aufgabenfeld, neben dem Schutz ziviler Einrichtungen und der Kontrolle verlassener deutscher Institutionen, seien den beiden Agenten nur zwei Auftr\u00e4ge erteilt worden: Konkrete Informationen \u00fcber den Aufenthaltsort von Saddam Hussein und \u00fcber m\u00f6gliche biologische oder chemische Waffen des Irak sollten &#8222;unverz\u00fcglich&#8220; weitergemeldet werden &#8211; immer \u00fcber die BND-Zentrale in Pullach, so ein Sicherheitsexperte zu der Zeitung.<\/p>\n<p>(dpa)<\/p>\n<p><\/p>\n","protected":false},"excerpt":{"rendered":"<p>Quelle: dpa<\/p>\n","protected":false},"author":2,"featured_media":0,"comment_status":"closed","ping_status":"closed","sticky":false,"template":"","format":"standard","meta":{"footnotes":""},"categories":[13],"tags":[],"class_list":["post-84211","post","type-post","status-publish","format-standard","hentry","category-femmedien","entry"],"yoast_head":"<!-- This site is optimized with the Yoast SEO plugin v21.0 - https:\/\/yoast.com\/wordpress\/plugins\/seo\/ -->\n<title>PRESSE:&quot;Fischer dr\u00e4ngte auf BND-Einsatz&quot; - Feminissima<\/title>\n<meta name=\"robots\" content=\"index, follow, max-snippet:-1, max-image-preview:large, max-video-preview:-1\" \/>\n<link rel=\"canonical\" href=\"https:\/\/feminissima.de\/index.php\/2006\/01\/18\/pressefischer-draengte-auf-bnd-einsatz\/\" \/>\n<meta property=\"og:locale\" content=\"de_DE\" \/>\n<meta property=\"og:type\" content=\"article\" \/>\n<meta property=\"og:title\" content=\"PRESSE:&quot;Fischer dr\u00e4ngte auf BND-Einsatz&quot; - Feminissima\" \/>\n<meta property=\"og:description\" content=\"Quelle: dpa\" \/>\n<meta property=\"og:url\" content=\"https:\/\/feminissima.de\/index.php\/2006\/01\/18\/pressefischer-draengte-auf-bnd-einsatz\/\" \/>\n<meta property=\"og:site_name\" content=\"Feminissima\" \/>\n<meta property=\"article:published_time\" content=\"2006-01-18T11:18:27+00:00\" \/>\n<meta name=\"author\" content=\"admin\" \/>\n<meta name=\"twitter:card\" content=\"summary_large_image\" \/>\n<meta name=\"twitter:label1\" content=\"Verfasst von\" \/>\n\t<meta name=\"twitter:data1\" content=\"admin\" \/>\n\t<meta name=\"twitter:label2\" content=\"Gesch\u00e4tzte Lesezeit\" \/>\n\t<meta name=\"twitter:data2\" content=\"2\u00a0Minuten\" \/>\n<script type=\"application\/ld+json\" class=\"yoast-schema-graph\">{\"@context\":\"https:\/\/schema.org\",\"@graph\":[{\"@type\":\"WebPage\",\"@id\":\"https:\/\/feminissima.de\/index.php\/2006\/01\/18\/pressefischer-draengte-auf-bnd-einsatz\/\",\"url\":\"https:\/\/feminissima.de\/index.php\/2006\/01\/18\/pressefischer-draengte-auf-bnd-einsatz\/\",\"name\":\"PRESSE:\\\"Fischer dr\u00e4ngte auf BND-Einsatz\\\" - Feminissima\",\"isPartOf\":{\"@id\":\"https:\/\/feminissima.de\/#website\"},\"datePublished\":\"2006-01-18T11:18:27+00:00\",\"dateModified\":\"2006-01-18T11:18:27+00:00\",\"author\":{\"@id\":\"https:\/\/feminissima.de\/#\/schema\/person\/0b901e053624f88e7ecbea289d9d5128\"},\"breadcrumb\":{\"@id\":\"https:\/\/feminissima.de\/index.php\/2006\/01\/18\/pressefischer-draengte-auf-bnd-einsatz\/#breadcrumb\"},\"inLanguage\":\"de\",\"potentialAction\":[{\"@type\":\"ReadAction\",\"target\":[\"https:\/\/feminissima.de\/index.php\/2006\/01\/18\/pressefischer-draengte-auf-bnd-einsatz\/\"]}]},{\"@type\":\"BreadcrumbList\",\"@id\":\"https:\/\/feminissima.de\/index.php\/2006\/01\/18\/pressefischer-draengte-auf-bnd-einsatz\/#breadcrumb\",\"itemListElement\":[{\"@type\":\"ListItem\",\"position\":1,\"name\":\"Startseite\",\"item\":\"https:\/\/feminissima.de\/\"},{\"@type\":\"ListItem\",\"position\":2,\"name\":\"PRESSE:&#8220;Fischer dr\u00e4ngte auf BND-Einsatz&#8220;\"}]},{\"@type\":\"WebSite\",\"@id\":\"https:\/\/feminissima.de\/#website\",\"url\":\"https:\/\/feminissima.de\/\",\"name\":\"Feminissima\",\"description\":\"\",\"potentialAction\":[{\"@type\":\"SearchAction\",\"target\":{\"@type\":\"EntryPoint\",\"urlTemplate\":\"https:\/\/feminissima.de\/?s={search_term_string}\"},\"query-input\":\"required name=search_term_string\"}],\"inLanguage\":\"de\"},{\"@type\":\"Person\",\"@id\":\"https:\/\/feminissima.de\/#\/schema\/person\/0b901e053624f88e7ecbea289d9d5128\",\"name\":\"admin\",\"image\":{\"@type\":\"ImageObject\",\"inLanguage\":\"de\",\"@id\":\"https:\/\/feminissima.de\/#\/schema\/person\/image\/\",\"url\":\"https:\/\/secure.gravatar.com\/avatar\/8da1f51327453c0bf63338e8e2a791948b7d2ac19b68839492d1e69aac6924a8?s=96&d=mm&r=g\",\"contentUrl\":\"https:\/\/secure.gravatar.com\/avatar\/8da1f51327453c0bf63338e8e2a791948b7d2ac19b68839492d1e69aac6924a8?s=96&d=mm&r=g\",\"caption\":\"admin\"},\"url\":\"https:\/\/feminissima.de\/index.php\/author\/admin\/\"}]}<\/script>\n<!-- \/ Yoast SEO plugin. -->","yoast_head_json":{"title":"PRESSE:\"Fischer dr\u00e4ngte auf BND-Einsatz\" - Feminissima","robots":{"index":"index","follow":"follow","max-snippet":"max-snippet:-1","max-image-preview":"max-image-preview:large","max-video-preview":"max-video-preview:-1"},"canonical":"https:\/\/feminissima.de\/index.php\/2006\/01\/18\/pressefischer-draengte-auf-bnd-einsatz\/","og_locale":"de_DE","og_type":"article","og_title":"PRESSE:\"Fischer dr\u00e4ngte auf BND-Einsatz\" - Feminissima","og_description":"Quelle: dpa","og_url":"https:\/\/feminissima.de\/index.php\/2006\/01\/18\/pressefischer-draengte-auf-bnd-einsatz\/","og_site_name":"Feminissima","article_published_time":"2006-01-18T11:18:27+00:00","author":"admin","twitter_card":"summary_large_image","twitter_misc":{"Verfasst von":"admin","Gesch\u00e4tzte Lesezeit":"2\u00a0Minuten"},"schema":{"@context":"https:\/\/schema.org","@graph":[{"@type":"WebPage","@id":"https:\/\/feminissima.de\/index.php\/2006\/01\/18\/pressefischer-draengte-auf-bnd-einsatz\/","url":"https:\/\/feminissima.de\/index.php\/2006\/01\/18\/pressefischer-draengte-auf-bnd-einsatz\/","name":"PRESSE:\"Fischer dr\u00e4ngte auf BND-Einsatz\" - Feminissima","isPartOf":{"@id":"https:\/\/feminissima.de\/#website"},"datePublished":"2006-01-18T11:18:27+00:00","dateModified":"2006-01-18T11:18:27+00:00","author":{"@id":"https:\/\/feminissima.de\/#\/schema\/person\/0b901e053624f88e7ecbea289d9d5128"},"breadcrumb":{"@id":"https:\/\/feminissima.de\/index.php\/2006\/01\/18\/pressefischer-draengte-auf-bnd-einsatz\/#breadcrumb"},"inLanguage":"de","potentialAction":[{"@type":"ReadAction","target":["https:\/\/feminissima.de\/index.php\/2006\/01\/18\/pressefischer-draengte-auf-bnd-einsatz\/"]}]},{"@type":"BreadcrumbList","@id":"https:\/\/feminissima.de\/index.php\/2006\/01\/18\/pressefischer-draengte-auf-bnd-einsatz\/#breadcrumb","itemListElement":[{"@type":"ListItem","position":1,"name":"Startseite","item":"https:\/\/feminissima.de\/"},{"@type":"ListItem","position":2,"name":"PRESSE:&#8220;Fischer dr\u00e4ngte auf BND-Einsatz&#8220;"}]},{"@type":"WebSite","@id":"https:\/\/feminissima.de\/#website","url":"https:\/\/feminissima.de\/","name":"Feminissima","description":"","potentialAction":[{"@type":"SearchAction","target":{"@type":"EntryPoint","urlTemplate":"https:\/\/feminissima.de\/?s={search_term_string}"},"query-input":"required name=search_term_string"}],"inLanguage":"de"},{"@type":"Person","@id":"https:\/\/feminissima.de\/#\/schema\/person\/0b901e053624f88e7ecbea289d9d5128","name":"admin","image":{"@type":"ImageObject","inLanguage":"de","@id":"https:\/\/feminissima.de\/#\/schema\/person\/image\/","url":"https:\/\/secure.gravatar.com\/avatar\/8da1f51327453c0bf63338e8e2a791948b7d2ac19b68839492d1e69aac6924a8?s=96&d=mm&r=g","contentUrl":"https:\/\/secure.gravatar.com\/avatar\/8da1f51327453c0bf63338e8e2a791948b7d2ac19b68839492d1e69aac6924a8?s=96&d=mm&r=g","caption":"admin"},"url":"https:\/\/feminissima.de\/index.php\/author\/admin\/"}]}},"jetpack_featured_media_url":"","_links":{"self":[{"href":"https:\/\/feminissima.de\/index.php\/wp-json\/wp\/v2\/posts\/84211","targetHints":{"allow":["GET"]}}],"collection":[{"href":"https:\/\/feminissima.de\/index.php\/wp-json\/wp\/v2\/posts"}],"about":[{"href":"https:\/\/feminissima.de\/index.php\/wp-json\/wp\/v2\/types\/post"}],"author":[{"embeddable":true,"href":"https:\/\/feminissima.de\/index.php\/wp-json\/wp\/v2\/users\/2"}],"replies":[{"embeddable":true,"href":"https:\/\/feminissima.de\/index.php\/wp-json\/wp\/v2\/comments?post=84211"}],"version-history":[{"count":0,"href":"https:\/\/feminissima.de\/index.php\/wp-json\/wp\/v2\/posts\/84211\/revisions"}],"wp:attachment":[{"href":"https:\/\/feminissima.de\/index.php\/wp-json\/wp\/v2\/media?parent=84211"}],"wp:term":[{"taxonomy":"category","embeddable":true,"href":"https:\/\/feminissima.de\/index.php\/wp-json\/wp\/v2\/categories?post=84211"},{"taxonomy":"post_tag","embeddable":true,"href":"https:\/\/feminissima.de\/index.php\/wp-json\/wp\/v2\/tags?post=84211"}],"curies":[{"name":"wp","href":"https:\/\/api.w.org\/{rel}","templated":true}]}}