{"id":84209,"date":"2006-01-18T00:16:52","date_gmt":"2006-01-18T00:16:52","guid":{"rendered":"http:\/\/www.feminissima.de\/?p=84209"},"modified":"2006-01-18T00:16:52","modified_gmt":"2006-01-18T00:16:52","slug":"auch-peters-moerder-ein-wiederholungstaeter","status":"publish","type":"post","link":"https:\/\/feminissima.de\/index.php\/2006\/01\/18\/auch-peters-moerder-ein-wiederholungstaeter\/","title":{"rendered":"Auch Peters M\u00f6rder ein Wiederholungst\u00e4ter"},"content":{"rendered":"<p>Peter wurde nur neun Jahre alt. Weil sein Vater wenigstens einen falschen Freund hatte. Und weil Kinder den Freunden ihrer Eltern vertrauen.<br \/>\n<br \/>\nAber Peter wurde auch nur 9 Jahre alt, weil der juristische Formalismus einen Mann wieder frei lie\u00df, der bereits zuvor schon einmal ein Kind umgebracht hatte. Das soll jetzt alles &#8230;nach dem erneuten &#8230;ja, &#8222;nachgebessert&#8220; werden&#8230;<br \/>145283.\/gestern: 308\/ heute: 193 \/Es ist jetzt 14 Uhr 55 in Berlin.<\/p>\n<table width=\"100%\">\n<tr>\n<td style=\"background-image=url('images\/monet-heller.jpg')\"><font size=\"+1\"><br \/>(siehe auch fem&#038;Gewalt) &#8211; <br \/>Dieser &#8222;Fall&#8220; hatte wieder einmal&#8230; und seither hat sich NICHTS ge\u00e4ndert und ungez\u00e4hlte Opfer sind nach wie vor zu beklagen: <br \/>Kaum war der T\u00e4ter, der wegen einschl\u00e4giger&#8230;.eingesessen, &#8230;.wieder frei, <br \/>griff er sich den kleinen Peter, Sohn eines &#8222;Bekannten&#8220;, mi\u00dfbrauchte und ermordete ihn.<\/p>\n<p>Erst jetzt erh\u00e4lt der Mann &#8222;lebenslang&#8220; und mit Pech wiederum keine Sicherungsverwahrung.<\/p>\n<p>Ihr erinnert Euch der &#8222;Tumulte&#8220; bei der Urteilsverk\u00fcndung gegen den M\u00f6rder der kleinen Ayla &#8211; <br \/>da seine fr\u00fcheren Sexual-Straftaten &#8222;anrechnungsm\u00e4\u00dfig verj\u00e4hrt&#8220; waren, konnte der T\u00e4ter nur &#8222;lebenslang&#8220;, was traditionell 15 Jahre bedeutet, und nicht &#8222;Sicherungsverwahrung&#8220;.<br \/>Polly skandierte:<br \/>A bas le formalisme judiciaire!&#8220; <br \/> Noch immer be-HERRSCHT der Formalismus die Rechtsprechung. <br \/>Das kann nicht rechtens sein, wenn er so viele Leben kostet &#8211; und so viele &#8222;F\u00e4lle&#8220; unerledigt l\u00e4sst.<\/p>\n<p>\/14:00 in Berlin.<\/p>\n<p>****DOCH!<\/p>\n<p>Der 29j\u00e4hrige (!) Martin P., wegen Mordes (..) vorbestraft, wird in die Psychiatrie und erh\u00e4lt Sicherungsverwahrung.<\/p>\n<p>Lest den Text, eine Stufe tiefer..&#8220;Was sagen Sie, nachdem Sie GUTEN TAG gesagt haben&#8220;&#8230;.<\/p>\n<p>auch wenn es sich vielleicht nicht auf Anhieb &#8222;erschlie\u00dft&#8220;&#8230;aber dann vielleicht doch.<\/p>\n<p>Die Frage und\/oder die \u00dcberlegung ist einfach und naheliegend- &#8222;was machte diese M\u00e4nner , und andere, zu Kindes-M\u00f6rdern????&#8220;<\/p>\n<p>Und WIESO werden nicht auch ELTERN BESTRAFT, endlich????<br \/>Eltern sind oft gef\u00e4hrlicher f\u00fcr ihre Kinder als sonstwer auf der Welt&#8230;!<br \/>In den fr\u00fcheren Gro\u00dffamilien konnte das aufgefangen werden. Es gab vielleicht die liebevolle Oma etc. pp. <br \/>die die Unreife der Eltern wettmachen konnte&#8230;<\/p>\n<p>Es g\u00e4be so viel zu verbessern, in diesem Land, &#8211; und es w\u00e4re auch m\u00f6glich, betrachtet man allein all die vielen einsamen Frauen in den Altenwohnheimen, <br \/>die nach einer Aufgabe, nach noch Gebrauchtwerden lechzen, <br \/>nach Liebe auch und die noch immer Liebe zu geben h\u00e4tten &#8211; <br \/>aber es scheint hoffnungslos, in diesem Land etwas im Namen der Liebe oder gar der N\u00e4chstenliebe &#8211; heutzutage..&#8220;einzufordern&#8220;&#8230;<\/p>\n<p>FEMINISSIMA ist \u00fcberzeugt:<\/p>\n<p>Kein Mensch wird als M\u00f6rder geboren.<\/p>\n<p>Die Frage an einen Fachmann w\u00e4re jetzt  &#8211; &#8222;gibt es in der Psyche von T\u00e4tern, die zu M\u00f6rdern werden, einen eklatanten Unterschied zwischen &#8222;Kindesm\u00f6rdern&#8220; und dem &#8222;Mord an Erwachsenen?&#8220;<\/p>\n<p>Als Laie w\u00fcrde man bei den &#8222;Kindesm\u00f6rdern&#8220; besonders schwache Pers\u00f6nlichkeiten vermuten.<br \/>Aber w\u00e4re das zu laienhaft gedacht?<\/p>\n<p>In einem schlauen Buch hatte FEMINISSIMA gelesen,<br \/>&#8222;Der Durchbruch der Selbstbeherrschung&#8220;.<\/p>\n<p>&#8222;Die Sicherung knallt durch, wo sie bei anderen, als Regulativ, noch funktioniert&#8220;.<\/p>\n<p>Mangelndes Selbstbewu\u00dftsein?<br \/>Als Ursache?<\/p>\n<p>Wie auch immer, <br \/>auch wenn es sich vordergr\u00fcndig anders lesen mag, <\/p>\n<p>mit dem Wegsperren, dem endg\u00fcltigen, <br \/>ist das THEMA WEDER GEL\u00d6ST NOCH BEENDET.<\/p>\n<p>Es kann an jeder Ecke wieder neu beginnen.<\/p>\n<p>Wenn ein erwachsen gewordenes, tief verletztes Kind &#8211; meistens sind es M\u00e4nner, &#8211; <br \/>wieder meint, seinen Mangel an &#8222;Macht&#8220; und &#8222;Erfolg&#8220; im Leben &#8211; an einem wehrlosen kleinen Kind &#8230;.<\/p>\n<p>Wir sprechen nicht von Kinderh\u00e4ndlern und pervertierten P\u00e4dophilen, <\/p>\n<p>gegen die das Gesetz auf merkw\u00fcrdige Weise&#8230;weitgehend &#8230;erfolglos bleibt&#8230;vielleicht, weil sie oft aus Kreisen stammen, die &#8230;<\/p>\n<p>ja, heute verb-armer Tag..<\/p>\n<p>Aber auch hier zieht die Frage &#8211; wieso wurden sie, was sie sind????? <br \/>N\u00e4mlich  &#8211; Kindersch\u00e4nder??!!!<\/p>\n<p><\/p>\n","protected":false},"excerpt":{"rendered":"<p>Peter wurde nur neun Jahre alt. Weil sein Vater wenigstens einen falschen Freund hatte. Und weil Kinder den Freunden ihrer Eltern vertrauen.<br \/>\n<br \/>\nAber Peter wurde auch nur 9 Jahre alt, weil der juristische Formalismus einen Mann wieder frei lie\u00df, der bereits zuvor schon einmal ein Kind umgebracht hatte. Das soll jetzt alles &#8230;nach dem erneuten &#8230;ja, &#8222;nachgebessert&#8220; werden&#8230;<\/p>\n","protected":false},"author":2,"featured_media":0,"comment_status":"closed","ping_status":"closed","sticky":false,"template":"","format":"standard","meta":{"footnotes":""},"categories":[15],"tags":[],"class_list":["post-84209","post","type-post","status-publish","format-standard","hentry","category-femrecht","entry"],"yoast_head":"<!-- This site is optimized with the Yoast SEO plugin v21.0 - https:\/\/yoast.com\/wordpress\/plugins\/seo\/ -->\n<title>Auch Peters M\u00f6rder ein Wiederholungst\u00e4ter - Feminissima<\/title>\n<meta name=\"robots\" content=\"index, follow, max-snippet:-1, max-image-preview:large, max-video-preview:-1\" \/>\n<link rel=\"canonical\" href=\"https:\/\/feminissima.de\/index.php\/2006\/01\/18\/auch-peters-moerder-ein-wiederholungstaeter\/\" \/>\n<meta property=\"og:locale\" content=\"de_DE\" \/>\n<meta property=\"og:type\" content=\"article\" \/>\n<meta property=\"og:title\" content=\"Auch Peters M\u00f6rder ein Wiederholungst\u00e4ter - Feminissima\" \/>\n<meta property=\"og:description\" content=\"Peter wurde nur neun Jahre alt. Weil sein Vater wenigstens einen falschen Freund hatte. Und weil Kinder den Freunden ihrer Eltern vertrauen. Aber Peter wurde auch nur 9 Jahre alt, weil der juristische Formalismus einen Mann wieder frei lie\u00df, der bereits zuvor schon einmal ein Kind umgebracht hatte. Das soll jetzt alles ...nach dem erneuten ...ja, &quot;nachgebessert&quot; werden...\" \/>\n<meta property=\"og:url\" content=\"https:\/\/feminissima.de\/index.php\/2006\/01\/18\/auch-peters-moerder-ein-wiederholungstaeter\/\" \/>\n<meta property=\"og:site_name\" content=\"Feminissima\" \/>\n<meta property=\"article:published_time\" content=\"2006-01-18T00:16:52+00:00\" \/>\n<meta name=\"author\" content=\"admin\" \/>\n<meta name=\"twitter:card\" content=\"summary_large_image\" \/>\n<meta name=\"twitter:label1\" content=\"Verfasst von\" \/>\n\t<meta name=\"twitter:data1\" content=\"admin\" \/>\n\t<meta name=\"twitter:label2\" content=\"Gesch\u00e4tzte Lesezeit\" \/>\n\t<meta name=\"twitter:data2\" content=\"3\u00a0Minuten\" \/>\n<script type=\"application\/ld+json\" class=\"yoast-schema-graph\">{\"@context\":\"https:\/\/schema.org\",\"@graph\":[{\"@type\":\"WebPage\",\"@id\":\"https:\/\/feminissima.de\/index.php\/2006\/01\/18\/auch-peters-moerder-ein-wiederholungstaeter\/\",\"url\":\"https:\/\/feminissima.de\/index.php\/2006\/01\/18\/auch-peters-moerder-ein-wiederholungstaeter\/\",\"name\":\"Auch Peters M\u00f6rder ein Wiederholungst\u00e4ter - Feminissima\",\"isPartOf\":{\"@id\":\"https:\/\/feminissima.de\/#website\"},\"datePublished\":\"2006-01-18T00:16:52+00:00\",\"dateModified\":\"2006-01-18T00:16:52+00:00\",\"author\":{\"@id\":\"https:\/\/feminissima.de\/#\/schema\/person\/0b901e053624f88e7ecbea289d9d5128\"},\"breadcrumb\":{\"@id\":\"https:\/\/feminissima.de\/index.php\/2006\/01\/18\/auch-peters-moerder-ein-wiederholungstaeter\/#breadcrumb\"},\"inLanguage\":\"de\",\"potentialAction\":[{\"@type\":\"ReadAction\",\"target\":[\"https:\/\/feminissima.de\/index.php\/2006\/01\/18\/auch-peters-moerder-ein-wiederholungstaeter\/\"]}]},{\"@type\":\"BreadcrumbList\",\"@id\":\"https:\/\/feminissima.de\/index.php\/2006\/01\/18\/auch-peters-moerder-ein-wiederholungstaeter\/#breadcrumb\",\"itemListElement\":[{\"@type\":\"ListItem\",\"position\":1,\"name\":\"Startseite\",\"item\":\"https:\/\/feminissima.de\/\"},{\"@type\":\"ListItem\",\"position\":2,\"name\":\"Auch Peters M\u00f6rder ein Wiederholungst\u00e4ter\"}]},{\"@type\":\"WebSite\",\"@id\":\"https:\/\/feminissima.de\/#website\",\"url\":\"https:\/\/feminissima.de\/\",\"name\":\"Feminissima\",\"description\":\"\",\"potentialAction\":[{\"@type\":\"SearchAction\",\"target\":{\"@type\":\"EntryPoint\",\"urlTemplate\":\"https:\/\/feminissima.de\/?s={search_term_string}\"},\"query-input\":\"required name=search_term_string\"}],\"inLanguage\":\"de\"},{\"@type\":\"Person\",\"@id\":\"https:\/\/feminissima.de\/#\/schema\/person\/0b901e053624f88e7ecbea289d9d5128\",\"name\":\"admin\",\"image\":{\"@type\":\"ImageObject\",\"inLanguage\":\"de\",\"@id\":\"https:\/\/feminissima.de\/#\/schema\/person\/image\/\",\"url\":\"https:\/\/secure.gravatar.com\/avatar\/8da1f51327453c0bf63338e8e2a791948b7d2ac19b68839492d1e69aac6924a8?s=96&d=mm&r=g\",\"contentUrl\":\"https:\/\/secure.gravatar.com\/avatar\/8da1f51327453c0bf63338e8e2a791948b7d2ac19b68839492d1e69aac6924a8?s=96&d=mm&r=g\",\"caption\":\"admin\"},\"url\":\"https:\/\/feminissima.de\/index.php\/author\/admin\/\"}]}<\/script>\n<!-- \/ Yoast SEO plugin. -->","yoast_head_json":{"title":"Auch Peters M\u00f6rder ein Wiederholungst\u00e4ter - Feminissima","robots":{"index":"index","follow":"follow","max-snippet":"max-snippet:-1","max-image-preview":"max-image-preview:large","max-video-preview":"max-video-preview:-1"},"canonical":"https:\/\/feminissima.de\/index.php\/2006\/01\/18\/auch-peters-moerder-ein-wiederholungstaeter\/","og_locale":"de_DE","og_type":"article","og_title":"Auch Peters M\u00f6rder ein Wiederholungst\u00e4ter - Feminissima","og_description":"Peter wurde nur neun Jahre alt. Weil sein Vater wenigstens einen falschen Freund hatte. Und weil Kinder den Freunden ihrer Eltern vertrauen. Aber Peter wurde auch nur 9 Jahre alt, weil der juristische Formalismus einen Mann wieder frei lie\u00df, der bereits zuvor schon einmal ein Kind umgebracht hatte. Das soll jetzt alles ...nach dem erneuten ...ja, \"nachgebessert\" werden...","og_url":"https:\/\/feminissima.de\/index.php\/2006\/01\/18\/auch-peters-moerder-ein-wiederholungstaeter\/","og_site_name":"Feminissima","article_published_time":"2006-01-18T00:16:52+00:00","author":"admin","twitter_card":"summary_large_image","twitter_misc":{"Verfasst von":"admin","Gesch\u00e4tzte Lesezeit":"3\u00a0Minuten"},"schema":{"@context":"https:\/\/schema.org","@graph":[{"@type":"WebPage","@id":"https:\/\/feminissima.de\/index.php\/2006\/01\/18\/auch-peters-moerder-ein-wiederholungstaeter\/","url":"https:\/\/feminissima.de\/index.php\/2006\/01\/18\/auch-peters-moerder-ein-wiederholungstaeter\/","name":"Auch Peters M\u00f6rder ein Wiederholungst\u00e4ter - Feminissima","isPartOf":{"@id":"https:\/\/feminissima.de\/#website"},"datePublished":"2006-01-18T00:16:52+00:00","dateModified":"2006-01-18T00:16:52+00:00","author":{"@id":"https:\/\/feminissima.de\/#\/schema\/person\/0b901e053624f88e7ecbea289d9d5128"},"breadcrumb":{"@id":"https:\/\/feminissima.de\/index.php\/2006\/01\/18\/auch-peters-moerder-ein-wiederholungstaeter\/#breadcrumb"},"inLanguage":"de","potentialAction":[{"@type":"ReadAction","target":["https:\/\/feminissima.de\/index.php\/2006\/01\/18\/auch-peters-moerder-ein-wiederholungstaeter\/"]}]},{"@type":"BreadcrumbList","@id":"https:\/\/feminissima.de\/index.php\/2006\/01\/18\/auch-peters-moerder-ein-wiederholungstaeter\/#breadcrumb","itemListElement":[{"@type":"ListItem","position":1,"name":"Startseite","item":"https:\/\/feminissima.de\/"},{"@type":"ListItem","position":2,"name":"Auch Peters M\u00f6rder ein Wiederholungst\u00e4ter"}]},{"@type":"WebSite","@id":"https:\/\/feminissima.de\/#website","url":"https:\/\/feminissima.de\/","name":"Feminissima","description":"","potentialAction":[{"@type":"SearchAction","target":{"@type":"EntryPoint","urlTemplate":"https:\/\/feminissima.de\/?s={search_term_string}"},"query-input":"required name=search_term_string"}],"inLanguage":"de"},{"@type":"Person","@id":"https:\/\/feminissima.de\/#\/schema\/person\/0b901e053624f88e7ecbea289d9d5128","name":"admin","image":{"@type":"ImageObject","inLanguage":"de","@id":"https:\/\/feminissima.de\/#\/schema\/person\/image\/","url":"https:\/\/secure.gravatar.com\/avatar\/8da1f51327453c0bf63338e8e2a791948b7d2ac19b68839492d1e69aac6924a8?s=96&d=mm&r=g","contentUrl":"https:\/\/secure.gravatar.com\/avatar\/8da1f51327453c0bf63338e8e2a791948b7d2ac19b68839492d1e69aac6924a8?s=96&d=mm&r=g","caption":"admin"},"url":"https:\/\/feminissima.de\/index.php\/author\/admin\/"}]}},"jetpack_featured_media_url":"","_links":{"self":[{"href":"https:\/\/feminissima.de\/index.php\/wp-json\/wp\/v2\/posts\/84209","targetHints":{"allow":["GET"]}}],"collection":[{"href":"https:\/\/feminissima.de\/index.php\/wp-json\/wp\/v2\/posts"}],"about":[{"href":"https:\/\/feminissima.de\/index.php\/wp-json\/wp\/v2\/types\/post"}],"author":[{"embeddable":true,"href":"https:\/\/feminissima.de\/index.php\/wp-json\/wp\/v2\/users\/2"}],"replies":[{"embeddable":true,"href":"https:\/\/feminissima.de\/index.php\/wp-json\/wp\/v2\/comments?post=84209"}],"version-history":[{"count":0,"href":"https:\/\/feminissima.de\/index.php\/wp-json\/wp\/v2\/posts\/84209\/revisions"}],"wp:attachment":[{"href":"https:\/\/feminissima.de\/index.php\/wp-json\/wp\/v2\/media?parent=84209"}],"wp:term":[{"taxonomy":"category","embeddable":true,"href":"https:\/\/feminissima.de\/index.php\/wp-json\/wp\/v2\/categories?post=84209"},{"taxonomy":"post_tag","embeddable":true,"href":"https:\/\/feminissima.de\/index.php\/wp-json\/wp\/v2\/tags?post=84209"}],"curies":[{"name":"wp","href":"https:\/\/api.w.org\/{rel}","templated":true}]}}