{"id":84207,"date":"2006-01-16T11:23:11","date_gmt":"2006-01-16T11:23:11","guid":{"rendered":"http:\/\/www.feminissima.de\/?p=84207"},"modified":"2006-01-16T11:23:11","modified_gmt":"2006-01-16T11:23:11","slug":"wm-fifa-rasenschoner-in-berlin","status":"publish","type":"post","link":"https:\/\/feminissima.de\/index.php\/2006\/01\/16\/wm-fifa-rasenschoner-in-berlin\/","title":{"rendered":"WM: FIFA-Rasenschoner in Berlin.."},"content":{"rendered":"<p>Nun doch kein Rasenspektakel in Sachen &#8222;Kultur&#8220;&#8230;niemand wollte die Heller-Wahnsinn-Karten kaufen: ab 100 Euro aufw\u00e4rts&#8230;Vorgeschoben: der Rasen mu\u00df geschont werden..Der Ball ist rund. Hier der live-Text vom 13.\/14. 1. 2006<br \/>&#8222;es gr\u00fcnt so gr\u00fcn, wenn Berlins Rasen gl\u00fchn&#8230;&#8220;vom 14. 1. 06\/ 143808. \/gestern: 467  \/heute: 16 \/Es ist ..halb drei&#8230;gleich. Welcome to the nightriders!<br \/>Und wer noch richtig wach ist&#8230;kann ROCKPALAST auf 3-sat&#8230;ja, klasse&#8230;!! h\u00f6ren &#038; sehen&#8230;.!<\/p>\n<table width=\"100%\">\n<tr>\n<td style=\"background-image=url('images\/monet-heller.jpg')\"><font size=\"+1\"><br \/>Ja. !<br \/>Willkommen!<br \/>Die sehr ernsthaften&#8230;Kinderspiele der M\u00e4nner, <br \/> und Andr\u00e9 Heller, fr\u00fcher frauenherzenbrechender Poet mit Dauer-rauchig-Timbre,<br \/>Fast-Chansonnier mit dem morbiden Wiener Charme der nonstop-Br\u00fcchigkeit,<br \/>hat diese Attit\u00fcde abgelegt, ist l\u00e4ngst Gesch\u00e4ftsmann geworden, richtiger. <br \/>Er wollte, will, und tut es,  <br \/>wie nicht wenige M\u00e4nner seines Alters,<br \/>Frauen bleibt auch da weniger SPIEL-Raum..because it&#8217;s a man&#8217;s world, Baby! <\/p>\n<p>SICH noch einmal ganz neu erfinden.<\/p>\n<p>Jetzt der Strich durch den sch\u00f6nen Schein! <br \/>Die FIFA hat Hellers WM-Er\u00f6ffnungs-Gala am 7. Juni 2006 &#8211; gecancelled, gestrichen, abgesagt. <\/p>\n<p>Schon Hellers B\u00fchnen-Show: &#8222;Afrika-Afrika!&#8220; <br \/>fand nicht nicht unbedingt ungeteilte Begeisterung,<br \/>Sondern wurde eher als das eingestuft, <br \/>was es ja auch ist &#8211; <br \/>die andere Art der Vermarktung schwarzer Haut..&#8220;<\/p>\n<p>Und wenn Berlins Oberb\u00fcrgermeister jetzt in die Kameras sagt,<br \/>&#8222;ganz Berlin&#8220; w\u00e4re entt\u00e4uscht, <br \/>dass das WM-Er\u00f6ffnungsfestival im Berliner Olympia-Stadion nicht stattfindet,<br \/>das Andr\u00e9 Heller mit noch ein paar anderen, aber unter seiner Ideen-Federf\u00fchrung, 25 Millionen Euro schwer, <br \/>ersatzlos gestrichen seit gestern, von der FIFA,<br \/>dann stimmt ja schon einmal nicht, <br \/>dass &#8222;alle&#8220; Berliner entt\u00e4uscht sind, <br \/>im Gegenteil, viele Berliner sind froh, wenn der Massenauftrieb &#8222;WM&#8220; wieder vor\u00fcber ist. <\/p>\n<p>Au\u00dferdem, gebaut wurde das Olympia-Stadion von Hitler. <br \/>Das sollte man ja nie vergessen.<br \/>Erst recht nicht in Berlin.<\/p>\n<p>Daher reagieren sensible Seelen auf Veranstaltungen der Gr\u00f6\u00dfenordnung wie dieser angek\u00fcndigten: <br \/> mit dem Zusatz&#8220; nie dagewesen&#8220; <br \/>oder &#8222;gr\u00f6\u00dftes der Welt&#8220;&#8230;<br \/>und dann auf diesem Rasen, <br \/>mit Unbehagen, mindestens. <\/p>\n<p>Was die eher hartgesottenen Gem\u00fcter der FIFA-Organisatoren bewogen haben mag, <br \/>die &#8222;WM-Er\u00f6ffnungs-Gala&#8220; <br \/>inszeniert von Andr\u00e9 Heller, ersatzlos zu streichen, unter dem Vorwand, <br \/>der Rasen sei nicht mehr rechtzeitig f\u00fcr den ersten WM-Anpfiff korrekt herzurichten,<br \/>bleibt letztendlich offen,<br \/>ist auch nicht wirklich wichtig.<br \/>Erfreulich, das es so ist.<br \/>Warum das Spektakel 25 Millionen Euro kosten sollte, wenn doch so viele &#8222;tausende Ehrenamtliche&#8220; seit Monaten \u00fcbten und tanzten&#8230;<br \/>wirkt auch ein wenig undurchsichtig.<\/p>\n<p>FEMINISSIMA meint,<br \/>wie immer ganz individualistisch und <br \/>nonkonformistisch &#8211; <\/p>\n<p>..ja, was eigentlich?<br \/>Ist ja gerade schon..<br \/>Na, also der Gedanke, 13.000 Menschen bestreiten die &#8222;WM-Er\u00f6ffnungs-Gala&#8220; &#8211; er hat schon etwas Unheimliches.<br \/>Erinnert halt auch arg an beliebte Propaganda-Veranstaltungen dieser Art in der Nazi-Diktatur-\u00c4ra.<\/p>\n<p>Sollten denn die FIFA-Leute zuletzt ein H\u00e4ndchen f\u00fcr&#8230;Geschichte und was sich schickt und \u00fcberhaupt nicht&#8230;geht, <\/p>\n<p>entwickelt haben..?<\/p>\n<p>Kurz, FEM findet es prima, dass dieses Theater auf dem Rasen ausf\u00e4llt.<\/p>\n<p>****Ach so, nein, es geht nur um den Kommerz: der Kartenvorverkauf hatte arg gefloppt. Erst 7.000 Karten verkauft. <br \/>F\u00fcr das Er\u00f6ffnungsspektakel: <br \/>Zwischen 100 und 700 Euro, pro Eintrittskarte&#8230;<\/p>\n<p>Die spinnen doch, oder?<\/p>\n<p>Ha, wir haben also entschieden&#8230;macht Laune.<br \/>Wir sagten nein, zur allgemeinen WM-Verar&#8230;&#8230;g !<\/p>\n<p>Lasst die Typies kicken, und lasst uns einfach unsere Kultur.<br \/>Okay!<br \/>Nix mit dem Vermeng-Gemenge &#8211; es funktioniert ja auch nicht&#8230;<br \/>quod erat demonstrandum!<\/p>\n<\/td>\n<\/tr>\n<\/table>\n","protected":false},"excerpt":{"rendered":"<p>Nun doch kein Rasenspektakel in Sachen &#8222;Kultur&#8220;&#8230;niemand wollte die Heller-Wahnsinn-Karten kaufen: ab 100 Euro aufw\u00e4rts&#8230;Vorgeschoben: der Rasen mu\u00df geschont werden..Der Ball ist rund. Hier der live-Text vom 13.\/14. 1. 2006<\/p>\n","protected":false},"author":2,"featured_media":0,"comment_status":"closed","ping_status":"closed","sticky":false,"template":"","format":"standard","meta":{"footnotes":""},"categories":[20],"tags":[],"class_list":["post-84207","post","type-post","status-publish","format-standard","hentry","category-impressionen","entry"],"yoast_head":"<!-- This site is optimized with the Yoast SEO plugin v21.0 - https:\/\/yoast.com\/wordpress\/plugins\/seo\/ -->\n<title>WM: FIFA-Rasenschoner in Berlin.. - Feminissima<\/title>\n<meta name=\"robots\" content=\"index, follow, max-snippet:-1, max-image-preview:large, max-video-preview:-1\" \/>\n<link rel=\"canonical\" href=\"https:\/\/feminissima.de\/index.php\/2006\/01\/16\/wm-fifa-rasenschoner-in-berlin\/\" \/>\n<meta property=\"og:locale\" content=\"de_DE\" \/>\n<meta property=\"og:type\" content=\"article\" \/>\n<meta property=\"og:title\" content=\"WM: FIFA-Rasenschoner in Berlin.. - Feminissima\" \/>\n<meta property=\"og:description\" content=\"Nun doch kein Rasenspektakel in Sachen &quot;Kultur&quot;...niemand wollte die Heller-Wahnsinn-Karten kaufen: ab 100 Euro aufw\u00e4rts...Vorgeschoben: der Rasen mu\u00df geschont werden..Der Ball ist rund. Hier der live-Text vom 13.\/14. 1. 2006\" \/>\n<meta property=\"og:url\" content=\"https:\/\/feminissima.de\/index.php\/2006\/01\/16\/wm-fifa-rasenschoner-in-berlin\/\" \/>\n<meta property=\"og:site_name\" content=\"Feminissima\" \/>\n<meta property=\"article:published_time\" content=\"2006-01-16T11:23:11+00:00\" \/>\n<meta name=\"author\" content=\"admin\" \/>\n<meta name=\"twitter:card\" content=\"summary_large_image\" \/>\n<meta name=\"twitter:label1\" content=\"Verfasst von\" \/>\n\t<meta name=\"twitter:data1\" content=\"admin\" \/>\n\t<meta name=\"twitter:label2\" content=\"Gesch\u00e4tzte Lesezeit\" \/>\n\t<meta name=\"twitter:data2\" content=\"3\u00a0Minuten\" \/>\n<script type=\"application\/ld+json\" class=\"yoast-schema-graph\">{\"@context\":\"https:\/\/schema.org\",\"@graph\":[{\"@type\":\"WebPage\",\"@id\":\"https:\/\/feminissima.de\/index.php\/2006\/01\/16\/wm-fifa-rasenschoner-in-berlin\/\",\"url\":\"https:\/\/feminissima.de\/index.php\/2006\/01\/16\/wm-fifa-rasenschoner-in-berlin\/\",\"name\":\"WM: FIFA-Rasenschoner in Berlin.. - Feminissima\",\"isPartOf\":{\"@id\":\"https:\/\/feminissima.de\/#website\"},\"datePublished\":\"2006-01-16T11:23:11+00:00\",\"dateModified\":\"2006-01-16T11:23:11+00:00\",\"author\":{\"@id\":\"https:\/\/feminissima.de\/#\/schema\/person\/0b901e053624f88e7ecbea289d9d5128\"},\"breadcrumb\":{\"@id\":\"https:\/\/feminissima.de\/index.php\/2006\/01\/16\/wm-fifa-rasenschoner-in-berlin\/#breadcrumb\"},\"inLanguage\":\"de\",\"potentialAction\":[{\"@type\":\"ReadAction\",\"target\":[\"https:\/\/feminissima.de\/index.php\/2006\/01\/16\/wm-fifa-rasenschoner-in-berlin\/\"]}]},{\"@type\":\"BreadcrumbList\",\"@id\":\"https:\/\/feminissima.de\/index.php\/2006\/01\/16\/wm-fifa-rasenschoner-in-berlin\/#breadcrumb\",\"itemListElement\":[{\"@type\":\"ListItem\",\"position\":1,\"name\":\"Startseite\",\"item\":\"https:\/\/feminissima.de\/\"},{\"@type\":\"ListItem\",\"position\":2,\"name\":\"WM: FIFA-Rasenschoner in Berlin..\"}]},{\"@type\":\"WebSite\",\"@id\":\"https:\/\/feminissima.de\/#website\",\"url\":\"https:\/\/feminissima.de\/\",\"name\":\"Feminissima\",\"description\":\"\",\"potentialAction\":[{\"@type\":\"SearchAction\",\"target\":{\"@type\":\"EntryPoint\",\"urlTemplate\":\"https:\/\/feminissima.de\/?s={search_term_string}\"},\"query-input\":\"required name=search_term_string\"}],\"inLanguage\":\"de\"},{\"@type\":\"Person\",\"@id\":\"https:\/\/feminissima.de\/#\/schema\/person\/0b901e053624f88e7ecbea289d9d5128\",\"name\":\"admin\",\"image\":{\"@type\":\"ImageObject\",\"inLanguage\":\"de\",\"@id\":\"https:\/\/feminissima.de\/#\/schema\/person\/image\/\",\"url\":\"https:\/\/secure.gravatar.com\/avatar\/8da1f51327453c0bf63338e8e2a791948b7d2ac19b68839492d1e69aac6924a8?s=96&d=mm&r=g\",\"contentUrl\":\"https:\/\/secure.gravatar.com\/avatar\/8da1f51327453c0bf63338e8e2a791948b7d2ac19b68839492d1e69aac6924a8?s=96&d=mm&r=g\",\"caption\":\"admin\"},\"url\":\"https:\/\/feminissima.de\/index.php\/author\/admin\/\"}]}<\/script>\n<!-- \/ Yoast SEO plugin. -->","yoast_head_json":{"title":"WM: FIFA-Rasenschoner in Berlin.. - Feminissima","robots":{"index":"index","follow":"follow","max-snippet":"max-snippet:-1","max-image-preview":"max-image-preview:large","max-video-preview":"max-video-preview:-1"},"canonical":"https:\/\/feminissima.de\/index.php\/2006\/01\/16\/wm-fifa-rasenschoner-in-berlin\/","og_locale":"de_DE","og_type":"article","og_title":"WM: FIFA-Rasenschoner in Berlin.. - Feminissima","og_description":"Nun doch kein Rasenspektakel in Sachen \"Kultur\"...niemand wollte die Heller-Wahnsinn-Karten kaufen: ab 100 Euro aufw\u00e4rts...Vorgeschoben: der Rasen mu\u00df geschont werden..Der Ball ist rund. Hier der live-Text vom 13.\/14. 1. 2006","og_url":"https:\/\/feminissima.de\/index.php\/2006\/01\/16\/wm-fifa-rasenschoner-in-berlin\/","og_site_name":"Feminissima","article_published_time":"2006-01-16T11:23:11+00:00","author":"admin","twitter_card":"summary_large_image","twitter_misc":{"Verfasst von":"admin","Gesch\u00e4tzte Lesezeit":"3\u00a0Minuten"},"schema":{"@context":"https:\/\/schema.org","@graph":[{"@type":"WebPage","@id":"https:\/\/feminissima.de\/index.php\/2006\/01\/16\/wm-fifa-rasenschoner-in-berlin\/","url":"https:\/\/feminissima.de\/index.php\/2006\/01\/16\/wm-fifa-rasenschoner-in-berlin\/","name":"WM: FIFA-Rasenschoner in Berlin.. - Feminissima","isPartOf":{"@id":"https:\/\/feminissima.de\/#website"},"datePublished":"2006-01-16T11:23:11+00:00","dateModified":"2006-01-16T11:23:11+00:00","author":{"@id":"https:\/\/feminissima.de\/#\/schema\/person\/0b901e053624f88e7ecbea289d9d5128"},"breadcrumb":{"@id":"https:\/\/feminissima.de\/index.php\/2006\/01\/16\/wm-fifa-rasenschoner-in-berlin\/#breadcrumb"},"inLanguage":"de","potentialAction":[{"@type":"ReadAction","target":["https:\/\/feminissima.de\/index.php\/2006\/01\/16\/wm-fifa-rasenschoner-in-berlin\/"]}]},{"@type":"BreadcrumbList","@id":"https:\/\/feminissima.de\/index.php\/2006\/01\/16\/wm-fifa-rasenschoner-in-berlin\/#breadcrumb","itemListElement":[{"@type":"ListItem","position":1,"name":"Startseite","item":"https:\/\/feminissima.de\/"},{"@type":"ListItem","position":2,"name":"WM: FIFA-Rasenschoner in Berlin.."}]},{"@type":"WebSite","@id":"https:\/\/feminissima.de\/#website","url":"https:\/\/feminissima.de\/","name":"Feminissima","description":"","potentialAction":[{"@type":"SearchAction","target":{"@type":"EntryPoint","urlTemplate":"https:\/\/feminissima.de\/?s={search_term_string}"},"query-input":"required name=search_term_string"}],"inLanguage":"de"},{"@type":"Person","@id":"https:\/\/feminissima.de\/#\/schema\/person\/0b901e053624f88e7ecbea289d9d5128","name":"admin","image":{"@type":"ImageObject","inLanguage":"de","@id":"https:\/\/feminissima.de\/#\/schema\/person\/image\/","url":"https:\/\/secure.gravatar.com\/avatar\/8da1f51327453c0bf63338e8e2a791948b7d2ac19b68839492d1e69aac6924a8?s=96&d=mm&r=g","contentUrl":"https:\/\/secure.gravatar.com\/avatar\/8da1f51327453c0bf63338e8e2a791948b7d2ac19b68839492d1e69aac6924a8?s=96&d=mm&r=g","caption":"admin"},"url":"https:\/\/feminissima.de\/index.php\/author\/admin\/"}]}},"jetpack_featured_media_url":"","_links":{"self":[{"href":"https:\/\/feminissima.de\/index.php\/wp-json\/wp\/v2\/posts\/84207","targetHints":{"allow":["GET"]}}],"collection":[{"href":"https:\/\/feminissima.de\/index.php\/wp-json\/wp\/v2\/posts"}],"about":[{"href":"https:\/\/feminissima.de\/index.php\/wp-json\/wp\/v2\/types\/post"}],"author":[{"embeddable":true,"href":"https:\/\/feminissima.de\/index.php\/wp-json\/wp\/v2\/users\/2"}],"replies":[{"embeddable":true,"href":"https:\/\/feminissima.de\/index.php\/wp-json\/wp\/v2\/comments?post=84207"}],"version-history":[{"count":0,"href":"https:\/\/feminissima.de\/index.php\/wp-json\/wp\/v2\/posts\/84207\/revisions"}],"wp:attachment":[{"href":"https:\/\/feminissima.de\/index.php\/wp-json\/wp\/v2\/media?parent=84207"}],"wp:term":[{"taxonomy":"category","embeddable":true,"href":"https:\/\/feminissima.de\/index.php\/wp-json\/wp\/v2\/categories?post=84207"},{"taxonomy":"post_tag","embeddable":true,"href":"https:\/\/feminissima.de\/index.php\/wp-json\/wp\/v2\/tags?post=84207"}],"curies":[{"name":"wp","href":"https:\/\/api.w.org\/{rel}","templated":true}]}}