{"id":84203,"date":"2006-01-16T17:36:51","date_gmt":"2006-01-16T17:36:51","guid":{"rendered":"http:\/\/www.feminissima.de\/?p=84203"},"modified":"2006-01-16T17:36:51","modified_gmt":"2006-01-16T17:36:51","slug":"gemischter-montag-16-1-06","status":"publish","type":"post","link":"https:\/\/feminissima.de\/index.php\/2006\/01\/16\/gemischter-montag-16-1-06\/","title":{"rendered":"Gemischter Montag 16.1.06"},"content":{"rendered":"<p>Der Montagstext war anders als die anderen.<br \/>\n<br \/>\nSonderbar uninspiriert. Er lehnt jetzt an der Bar und fragt sich, ob es an der r\u00fcckl\u00e4ufigen Venus liegt, von der alle sprechen. Ah! Verz\u00f6gerungen und so&#8230;r\u00fcckdenkend..sagen sie.<br \/>****nein, sie pausieren ja nicht, sind gerade woanders unabk\u00f6mmlich&#8230;so ein Pech auch! Hold on!<\/p>\n<p>last page view: 145015.<br \/> Aktuelle Uhrzeit: 17 Uhr 30! <br \/>In Berlin. Jetzt dunkel. <\/p>\n<p>mittags:  Drau\u00dfen klar-kalte Sonne.<\/p>\n<p>Der Bericht \u00fcber &#8222;Forschungsreise in die Psychiatrie&#8220;, 3sat,war keine Erstauststrahlung,  hat FEM inzwischen f\u00fcr Euch herausgefunden. <br \/>Und war eine Auftragsproduktion. <br \/>Welcher Sender und welche Redaktion diese 3-teilige Reihe zu verantworten haben, wird FEMINISSIMA dann heute oder morgen von der 3-sat-Pressestelle mitgeteilt.<br \/>Der Haupt-Aufreger von FEM \u00fcber den eigentlich unsendbaren Beitrag (auch v\u00f6llig unoptisch) &#8211; <br \/>bis auf die Elektroschock, da schrecktest du hoch..<br \/>&#8230;JA und das ist es: <br \/>In diesem Beitrag, da ein Professor aus G\u00f6ttingen durch die Psychiatrie-Lande reist..<br \/>wird von einem &#8222;Fachmann&#8220; der Psychiatrie Wilhelmshaven, dem Chef der Psychiatrie!  <br \/>  die Elektroschock-Therapie bei Depressionen als sehr erfolgreich&#8230;dargestellt.<br \/> Ist der Zuschauer da noch nicht geschockt genug, wird das arme, immerhin bet\u00e4ubte Patienten-Opfer, noch gefilmt,<br \/> als sich sein K\u00f6rper trotz der &#8222;leichten Bet\u00e4ubung&#8220; unter dem Strom-Schlag aufb\u00e4umt.<br \/>Gut, Ihr k\u00f6nnt ja auch die Kritik nebenan lesen&#8230;unter fem&#038;Gesundheit, oder auch direkt unter &#8222;Polly&#8220; oder  unter den live-Texten hier anklickbar&#8230;\/<br \/>Die zweite Kritik, der Film \u00fcber LAOS, den stellen wir in K\u00fcrze in fem&#038;Reisen.<br \/>Au\u00dferdem ist in der Hitze des H\u00f6ren\/Sehens\/Lesens\/Redens\/Schreibens ein Bezugsfehler unterlaufen &#8211; <br \/>Der LAOS -Film (auch sehr schwach)<br \/> wurde woanders gesendet&#8230;nicht auf 3-sat. <br \/>Vermutlich ARD oder ZDF &#8211; gleich mal nachschauen. <\/p>\n<table width=\"100%\">\n<tr>\n<td style=\"background-image=url('images\/monet-heller.jpg')\"><font size=\"+1\"><\/p>\n<p>Willkommen!<\/p>\n<p>\nDer live-Text ist gerade wieder entlassen worden.<\/p>\n<p>Er kam nicht wirklich an!<\/p>\n<p>Im Augenblick ein kleiner Zeit-Zwang.<\/p>\n<p>Bis sp\u00e4ter: auf jeden Fall!<\/p>\n<p>Es ist gerade 11 Uhr und 42 Min\u00fctis.<\/p>\n<p>Vorausschau:<\/p>\n<p>Erstmals werden laue JugendamtsLeiter in Berlin gefeuert.<br \/>(wu\u00dften&#8230;aber riefen nicht die Polizei &#8211; nur durch Zufall wurden zwei Kinder gerettet, weil die Polizei auf einem Gel\u00e4nde nach einem mit Haftbefehl Gesuchten, fahndete: die &#8222;Eltern&#8220; feierten und die Kinder waren offenbar seit Tagen in einem kalten dunklen Schuppen und ohne Essen eingesperrt, FEM berichtete<br \/>&#8230;genau, diese &#8222;Eltern&#8220; waren es, dass FEM &#8222;Pr\u00fcgelstrafe f\u00fcr Eltern&#8220; einfiel&#8230;.<br \/>&#8230;sehr moderat-oh-oh-, sagt Marenga mokant, und keiner wei\u00df, was sie damit meint:<br \/> &#8211; zu viel &#8211; zu wenig?<\/p>\n<p>und nat\u00fcrlich noch viel mehr&#8230;an ..INFOS***ATMOS*** SENSATIONEN****<\/p>\n<p>hold on !<br \/>This is your live-programme from Berlin&#8230;<\/p>\n<p>P.S. Mit Pech, mangels Masse, die CDU mu\u00df schmerzlich erkennen, sie hat ja,<br \/> keiner w\u00e4re drauf gekommen, <br \/>von allein,<br \/>keine f\u00e4higen Leute&#8230;, nirgends.??? OH!<br \/>Ha, so wird dann wohl als allerletzte Notl\u00f6sung,<br \/> eine sitzt ja schon als Wirtschaftsminister in der Merkel-Regierung&#8230;<br \/>einen Mann als Gegenkandidaten zu Berlins Oberb\u00fcrgermeister Wowereit, SPD, <br \/>(Wenn in diesem Jahr im Lande Berlin die Landesregierung neu gew\u00e4hlt wird, der Landtag hei\u00dft hier &#8222;Senat&#8220;, wie auch in Bremen und Hamburg..Die Stadtstaaten, genau, warum aber, wir schauen mal nach, Crissy, los!<br \/>)<br \/>aufstellen m\u00fcssen, <br \/>obzwar der schon auch nicht will, <br \/>denn der hat nicht nur gegen den Umzug von Bonn nach Berlin gestimmt,<br \/> sondern auch F\u00dcR den Irak-Krieg&#8230;<\/p>\n<p>Na, in Bonn wohnen&#8217;s ja immer noch&#8230;daher die Flugbereitschaft der  Regierung und der.. Bundeswehr..daf\u00fcr ist sie ja da, dass sie so in der \u00dcbung bleibt und hin-und-her-fliegt, zwischen Bonn und Berlin, <\/p>\n<p>ja, kann ja jeder verstehen:<br \/>Die Politiker ziehen das kuschelige Bonn vor&#8230;<\/p>\n<p>Dort sind sie ungest\u00f6rt, unbeobachtet und unter sich. <\/p>\n<p>Und werden noch mit Respekt behandelt.<br \/>Wie eine Fossilie&#8230;.<\/p>\n<p>****Und-oh, ja versprochen:<br \/>Heute Nachmittag machen wir es uns endlich wieder einmal so richtig gem\u00fctlich, nicht&#8230;? <br \/>Plaudern \u00fcber die r\u00fcckl\u00e4ufige Venus und so&#8230;die uns so sehns\u00fcchtig werden l\u00e4sst&#8230;nach dem Vergangenen&#8230;dem oder der &#8222;Ex&#8220;&#8230;und so&#8230;ja, alles eine Konstellation der Planeten?<\/p>\n<p>Glauben wir dran?<br \/>Jein?<\/p>\n<p>Gibt es ungute Konstellationen der Gestirne&#8230;?<\/p>\n<p>Ja, vielleicht&#8230;aber spiegeln diese vielleicht nur etwas wider&#8230;oder &#8230;ja, dann bis zum Kaffee&#8230;mit Kuchen und Trompeten, nein, Kometen.<\/p>\n<\/td>\n<\/tr>\n<\/table>\n<p><\/p>\n","protected":false},"excerpt":{"rendered":"<p>Der Montagstext war anders als die anderen.<br \/>\n<br \/>\nSonderbar uninspiriert. Er lehnt jetzt an der Bar und fragt sich, ob es an der r\u00fcckl\u00e4ufigen Venus liegt, von der alle sprechen. Ah! Verz\u00f6gerungen und so&#8230;r\u00fcckdenkend..sagen sie.<\/p>\n","protected":false},"author":2,"featured_media":0,"comment_status":"closed","ping_status":"closed","sticky":false,"template":"","format":"standard","meta":{"footnotes":""},"categories":[12],"tags":[],"class_list":["post-84203","post","type-post","status-publish","format-standard","hentry","category-femleben","entry"],"yoast_head":"<!-- This site is optimized with the Yoast SEO plugin v21.0 - https:\/\/yoast.com\/wordpress\/plugins\/seo\/ -->\n<title>Gemischter Montag 16.1.06 - Feminissima<\/title>\n<meta name=\"robots\" content=\"index, follow, max-snippet:-1, max-image-preview:large, max-video-preview:-1\" \/>\n<link rel=\"canonical\" href=\"https:\/\/feminissima.de\/index.php\/2006\/01\/16\/gemischter-montag-16-1-06\/\" \/>\n<meta property=\"og:locale\" content=\"de_DE\" \/>\n<meta property=\"og:type\" content=\"article\" \/>\n<meta property=\"og:title\" content=\"Gemischter Montag 16.1.06 - Feminissima\" \/>\n<meta property=\"og:description\" content=\"Der Montagstext war anders als die anderen.  Sonderbar uninspiriert. Er lehnt jetzt an der Bar und fragt sich, ob es an der r\u00fcckl\u00e4ufigen Venus liegt, von der alle sprechen. Ah! Verz\u00f6gerungen und so...r\u00fcckdenkend..sagen sie.\" \/>\n<meta property=\"og:url\" content=\"https:\/\/feminissima.de\/index.php\/2006\/01\/16\/gemischter-montag-16-1-06\/\" \/>\n<meta property=\"og:site_name\" content=\"Feminissima\" \/>\n<meta property=\"article:published_time\" content=\"2006-01-16T17:36:51+00:00\" \/>\n<meta name=\"author\" content=\"admin\" \/>\n<meta name=\"twitter:card\" content=\"summary_large_image\" \/>\n<meta name=\"twitter:label1\" content=\"Verfasst von\" \/>\n\t<meta name=\"twitter:data1\" content=\"admin\" \/>\n\t<meta name=\"twitter:label2\" content=\"Gesch\u00e4tzte Lesezeit\" \/>\n\t<meta name=\"twitter:data2\" content=\"3\u00a0Minuten\" \/>\n<script type=\"application\/ld+json\" class=\"yoast-schema-graph\">{\"@context\":\"https:\/\/schema.org\",\"@graph\":[{\"@type\":\"WebPage\",\"@id\":\"https:\/\/feminissima.de\/index.php\/2006\/01\/16\/gemischter-montag-16-1-06\/\",\"url\":\"https:\/\/feminissima.de\/index.php\/2006\/01\/16\/gemischter-montag-16-1-06\/\",\"name\":\"Gemischter Montag 16.1.06 - Feminissima\",\"isPartOf\":{\"@id\":\"https:\/\/feminissima.de\/#website\"},\"datePublished\":\"2006-01-16T17:36:51+00:00\",\"dateModified\":\"2006-01-16T17:36:51+00:00\",\"author\":{\"@id\":\"https:\/\/feminissima.de\/#\/schema\/person\/0b901e053624f88e7ecbea289d9d5128\"},\"breadcrumb\":{\"@id\":\"https:\/\/feminissima.de\/index.php\/2006\/01\/16\/gemischter-montag-16-1-06\/#breadcrumb\"},\"inLanguage\":\"de\",\"potentialAction\":[{\"@type\":\"ReadAction\",\"target\":[\"https:\/\/feminissima.de\/index.php\/2006\/01\/16\/gemischter-montag-16-1-06\/\"]}]},{\"@type\":\"BreadcrumbList\",\"@id\":\"https:\/\/feminissima.de\/index.php\/2006\/01\/16\/gemischter-montag-16-1-06\/#breadcrumb\",\"itemListElement\":[{\"@type\":\"ListItem\",\"position\":1,\"name\":\"Startseite\",\"item\":\"https:\/\/feminissima.de\/\"},{\"@type\":\"ListItem\",\"position\":2,\"name\":\"Gemischter Montag 16.1.06\"}]},{\"@type\":\"WebSite\",\"@id\":\"https:\/\/feminissima.de\/#website\",\"url\":\"https:\/\/feminissima.de\/\",\"name\":\"Feminissima\",\"description\":\"\",\"potentialAction\":[{\"@type\":\"SearchAction\",\"target\":{\"@type\":\"EntryPoint\",\"urlTemplate\":\"https:\/\/feminissima.de\/?s={search_term_string}\"},\"query-input\":\"required name=search_term_string\"}],\"inLanguage\":\"de\"},{\"@type\":\"Person\",\"@id\":\"https:\/\/feminissima.de\/#\/schema\/person\/0b901e053624f88e7ecbea289d9d5128\",\"name\":\"admin\",\"image\":{\"@type\":\"ImageObject\",\"inLanguage\":\"de\",\"@id\":\"https:\/\/feminissima.de\/#\/schema\/person\/image\/\",\"url\":\"https:\/\/secure.gravatar.com\/avatar\/8da1f51327453c0bf63338e8e2a791948b7d2ac19b68839492d1e69aac6924a8?s=96&d=mm&r=g\",\"contentUrl\":\"https:\/\/secure.gravatar.com\/avatar\/8da1f51327453c0bf63338e8e2a791948b7d2ac19b68839492d1e69aac6924a8?s=96&d=mm&r=g\",\"caption\":\"admin\"},\"url\":\"https:\/\/feminissima.de\/index.php\/author\/admin\/\"}]}<\/script>\n<!-- \/ Yoast SEO plugin. -->","yoast_head_json":{"title":"Gemischter Montag 16.1.06 - Feminissima","robots":{"index":"index","follow":"follow","max-snippet":"max-snippet:-1","max-image-preview":"max-image-preview:large","max-video-preview":"max-video-preview:-1"},"canonical":"https:\/\/feminissima.de\/index.php\/2006\/01\/16\/gemischter-montag-16-1-06\/","og_locale":"de_DE","og_type":"article","og_title":"Gemischter Montag 16.1.06 - Feminissima","og_description":"Der Montagstext war anders als die anderen.  Sonderbar uninspiriert. Er lehnt jetzt an der Bar und fragt sich, ob es an der r\u00fcckl\u00e4ufigen Venus liegt, von der alle sprechen. Ah! Verz\u00f6gerungen und so...r\u00fcckdenkend..sagen sie.","og_url":"https:\/\/feminissima.de\/index.php\/2006\/01\/16\/gemischter-montag-16-1-06\/","og_site_name":"Feminissima","article_published_time":"2006-01-16T17:36:51+00:00","author":"admin","twitter_card":"summary_large_image","twitter_misc":{"Verfasst von":"admin","Gesch\u00e4tzte Lesezeit":"3\u00a0Minuten"},"schema":{"@context":"https:\/\/schema.org","@graph":[{"@type":"WebPage","@id":"https:\/\/feminissima.de\/index.php\/2006\/01\/16\/gemischter-montag-16-1-06\/","url":"https:\/\/feminissima.de\/index.php\/2006\/01\/16\/gemischter-montag-16-1-06\/","name":"Gemischter Montag 16.1.06 - Feminissima","isPartOf":{"@id":"https:\/\/feminissima.de\/#website"},"datePublished":"2006-01-16T17:36:51+00:00","dateModified":"2006-01-16T17:36:51+00:00","author":{"@id":"https:\/\/feminissima.de\/#\/schema\/person\/0b901e053624f88e7ecbea289d9d5128"},"breadcrumb":{"@id":"https:\/\/feminissima.de\/index.php\/2006\/01\/16\/gemischter-montag-16-1-06\/#breadcrumb"},"inLanguage":"de","potentialAction":[{"@type":"ReadAction","target":["https:\/\/feminissima.de\/index.php\/2006\/01\/16\/gemischter-montag-16-1-06\/"]}]},{"@type":"BreadcrumbList","@id":"https:\/\/feminissima.de\/index.php\/2006\/01\/16\/gemischter-montag-16-1-06\/#breadcrumb","itemListElement":[{"@type":"ListItem","position":1,"name":"Startseite","item":"https:\/\/feminissima.de\/"},{"@type":"ListItem","position":2,"name":"Gemischter Montag 16.1.06"}]},{"@type":"WebSite","@id":"https:\/\/feminissima.de\/#website","url":"https:\/\/feminissima.de\/","name":"Feminissima","description":"","potentialAction":[{"@type":"SearchAction","target":{"@type":"EntryPoint","urlTemplate":"https:\/\/feminissima.de\/?s={search_term_string}"},"query-input":"required name=search_term_string"}],"inLanguage":"de"},{"@type":"Person","@id":"https:\/\/feminissima.de\/#\/schema\/person\/0b901e053624f88e7ecbea289d9d5128","name":"admin","image":{"@type":"ImageObject","inLanguage":"de","@id":"https:\/\/feminissima.de\/#\/schema\/person\/image\/","url":"https:\/\/secure.gravatar.com\/avatar\/8da1f51327453c0bf63338e8e2a791948b7d2ac19b68839492d1e69aac6924a8?s=96&d=mm&r=g","contentUrl":"https:\/\/secure.gravatar.com\/avatar\/8da1f51327453c0bf63338e8e2a791948b7d2ac19b68839492d1e69aac6924a8?s=96&d=mm&r=g","caption":"admin"},"url":"https:\/\/feminissima.de\/index.php\/author\/admin\/"}]}},"jetpack_featured_media_url":"","_links":{"self":[{"href":"https:\/\/feminissima.de\/index.php\/wp-json\/wp\/v2\/posts\/84203","targetHints":{"allow":["GET"]}}],"collection":[{"href":"https:\/\/feminissima.de\/index.php\/wp-json\/wp\/v2\/posts"}],"about":[{"href":"https:\/\/feminissima.de\/index.php\/wp-json\/wp\/v2\/types\/post"}],"author":[{"embeddable":true,"href":"https:\/\/feminissima.de\/index.php\/wp-json\/wp\/v2\/users\/2"}],"replies":[{"embeddable":true,"href":"https:\/\/feminissima.de\/index.php\/wp-json\/wp\/v2\/comments?post=84203"}],"version-history":[{"count":0,"href":"https:\/\/feminissima.de\/index.php\/wp-json\/wp\/v2\/posts\/84203\/revisions"}],"wp:attachment":[{"href":"https:\/\/feminissima.de\/index.php\/wp-json\/wp\/v2\/media?parent=84203"}],"wp:term":[{"taxonomy":"category","embeddable":true,"href":"https:\/\/feminissima.de\/index.php\/wp-json\/wp\/v2\/categories?post=84203"},{"taxonomy":"post_tag","embeddable":true,"href":"https:\/\/feminissima.de\/index.php\/wp-json\/wp\/v2\/tags?post=84203"}],"curies":[{"name":"wp","href":"https:\/\/api.w.org\/{rel}","templated":true}]}}