{"id":84200,"date":"2006-01-13T09:32:35","date_gmt":"2006-01-13T09:32:35","guid":{"rendered":"http:\/\/www.feminissima.de\/?p=84200"},"modified":"2006-01-13T09:32:35","modified_gmt":"2006-01-13T09:32:35","slug":"pinn-rhein-main-buendnis-gegen-sozialabbau","status":"publish","type":"post","link":"https:\/\/feminissima.de\/index.php\/2006\/01\/13\/pinn-rhein-main-buendnis-gegen-sozialabbau\/","title":{"rendered":"PINN: Rhein-Main-B\u00fcndnis gegen Sozialabbau"},"content":{"rendered":"<p>Aktionen, Kontakte, Termine, Ziele.<br \/>\n<br \/>\nIn Frankfurt\/M. \u00fcbrigens jeden Montag um 18 Uhr an der Hauptwachse MONTAGSDEMO.<br \/>Berlin ist eingeschlafen, nachdem viele der ehemals Protestler sanft in ihrem nun alimentierten Dasein als Linkspartei-Bundestags- oder \u00fcberhaupt Abgeordnete wie \u00fcber Nacht stumm geworden sind&#8230;was in der Luft lag &#8211; zu viele Opportunisten dabei!! So kann sich nichts an der HARTZ-IV-Misere \u00e4ndern. Wenn der Protest dagegen nur T\u00fcr\u00f6ffner zum arrivierten Abgeordneten-Leben gewesen sein soll&#8230;<br \/>25. Februar 2006, 16:00 Uhr<\/p>\n<p>Demonstration gegen den &#8222;Deutschen Opernball&#8220; &#8211; gegen innere Aufr\u00fcstung und Sozialabbau &#8212; Frankfurt Hbf  &#8211;<\/p>\n<p>\n  Aus dem Aufruf der autonomen antifa (f):<\/p>\n<p>&#8222;.. Opernball 2006<\/p>\n<p>Am 25. Februar findet in Frankfurt am Main zum 25. Mal der \u201eDeutsche Opernball\u201c statt. Hier treffen sich viele \u201eStars\u201c aus Politik, Wirtschaft und Kulturbetrieb um die beschwerlichen \u201eReformen\u201c f\u00fcr den Standort Deutschland zu feiern. Nachdem es nach langer Zeit schon im letzten Jahr wieder zu Protestaktionen der radikalen Linken kam, rufen wir auch in diesem Jahr dazu auf, die beschwerlichen Refomen zur inneren Aufr\u00fcstung des Standorts Deutschland aus der einzigartig, erfrischend anderen Perspektive zu thematisieren.<\/p>\n<p>Demo: \u201eGegen innere Aufr\u00fcstung und Sozialabbau vorgehen \u2013 Luxus f\u00fcr ALLE!\u201c 25. Februar 2006, Frankfurt Hbf&#8220;<\/p>\n<p>N\u00e4here Informationen<\/p>\n<p>&#8212;&#8212;&#8212;&#8212;&#8212;&#8212;&#8212;&#8212;&#8212;&#8212;&#8212;&#8212;&#8212;&#8212;&#8212;&#8212;&#8212;&#8212;&#8212;&#8212;&#8212;&#8212;&#8212;&#8212;&#8212;&#8212;&#8211;<\/p>\n<p>Jeden Montag, 18:00 Uhr<br \/>\n<br \/>\nKommt alle zur Montagsdemo !- Frankfurt Hauptwache &#8211;<br \/>\n<br \/>\nSeit vielen Monaten gehen tausende Menschen in vielen St\u00e4dten Deutschlands montags auf die Strasse, weil sie die durch HARTZ IV auf die Spitze getriebene Kahlschlagspolitik nicht mehr hinnehmen wollen. Auch in Frankfurt haben sich Menschen diesem Protest angeschlossen. Die Demonstrationen\/ Kundgebungen k\u00f6nnen noch gr\u00f6\u00dfer werden, wenn ArbeitnehmerInnen, Erwerbslose, SozialhilfebezieherInnen, MigrantInnen, Studierende, RentnerInnen, Behinderte und Kranke alle gemeinsam gegen die Verarmungspolitik von SPD, Gr\u00fcne, CDU\/CSU und FDP im Interesse des Kapitals Widerstand leisten.<br \/>\n<br \/>\nWir wehren uns gegen jegliche Spaltungsversuche und gegen die Instrumentalisierung des sozialen Protests. Rassistische, antisemitische, sexistische und neonazistische Parolen haben hier keinen Raum!<br \/>\n<br \/>\nWir rufen alle dazu auf, sich an den Montagsdemos gegen Agenda 2010 und Hartzgesetze zu beteiligen. Auf der Grundlage des Frankfurter Appells, der im Januar auf einer bundesweiten Aktionskonferenz verabschiedet wurde, streben wir ein breites soziales B\u00fcndnis an.<br \/>\n<br \/>\nDeshalb:<\/p>\n<p>Alle gemeinsam gegen Sozialkahlschlag und Lohndumping!<\/p>\n<p>\n&#8212;&#8212;&#8212;&#8212;&#8212;&#8212;&#8212;&#8212;&#8212;&#8212;&#8212;&#8212;&#8212;&#8212;&#8212;&#8212;&#8212;&#8212;&#8212;&#8212;&#8212;&#8212;&#8212;&#8212;&#8212;&#8212;&#8211;<\/p>\n<p>>>2005<\/p>\n<p>&#8212;&#8212;&#8212;&#8212;&#8212;&#8212;&#8212;&#8212;&#8212;&#8212;&#8212;&#8212;&#8212;&#8212;&#8212;&#8212;&#8212;&#8212;&#8212;&#8212;&#8212;&#8212;&#8212;&#8212;&#8212;&#8212;&#8211;<\/p>\n<p>  seit dem 28.10.2004 <\/p>\n<p> Termine<br \/>\n<br \/>\n Protestaktion des VDK gegen Nullrunden bei den Renten, weitere Einschnitte ins soziale Netz und verfehlte Politik<br \/>\n<br \/>\nBrockhaus Brunnen Zeil,<br \/>\n<br \/>\n14.01.2006<br \/>\n<br \/>\n Demonstration gegen Hausverbote am Frankfurter Flughafen<br \/>\n<br \/>\nTerminal I Busparkplatz Bereich A,<br \/>\n<br \/>\n14.01.2006<br \/>\n<br \/>\n Reihe Neoliberale Mythen (IV): Der Mensch \u2013 nur ein Kostenfaktor? Neue Wut &#8211; neue Allianzen?<br \/>\n<br \/>\nClub VoltaiDGB-Haus, Saal, Wilhelm-Leuschner-Str. 69-77, Frankfurt a.M. ,<br \/>\n<br \/>\n17.01.2006<br \/>\n<br \/>\n Veranstaltung mit Joachim Hirsch: \u201eTransformation des kapitalistischen Staats und Ende der liberalen Demokratie\u201c<br \/>\n<br \/>\nKoZ (Uni-Campus Bockenheim), Frankfurt,<br \/>\n<br \/>\n17.01.2006<br \/>\n<br \/>\n Gesundheit ist keine Ware !!! Diskussionsveranstaltung<br \/>\n<br \/>\nDGB-Haus, Wilh. Leuschner-Stra\u00dfe 69-77, Frankfurt,<br \/>\n<br \/>\n18.01.2006<br \/>\n<br \/>\nWeitere Termine<br \/>\n<br \/>\nInfoladen<br \/>\n<br \/>\nHamburger Allee 35 (Frankfurt-Bockenheim), samstags 10-14 Uhr, (069) 97 07 10 27<br \/>\n<br \/>\n\u00ab  Januar 2006  \u00bb<br \/>\n<br \/>\nSo Mo Di Mi Do Fr Sa<br \/>\n<br \/>\n1 2 3 4 5 6 7<br \/>\n<br \/>\n8 9 10 11 12 13 14<br \/>\n<br \/>\n15 16 17  18  19 20 21<br \/>\n<br \/>\n22 23  24 25 26  27 28<br \/>\n<br \/>\n29 30 31      <\/p>\n<p>\n&#8212;&#8212;&#8212;&#8212;&#8212;&#8212;&#8212;&#8212;&#8212;&#8212;&#8212;&#8212;&#8212;&#8212;&#8212;&#8212;&#8212;&#8212;&#8212;&#8212;&#8212;&#8212;&#8212;&#8212;&#8212;&#8212;&#8211;<\/p>\n<p>\u00a9 2004-2006 Rhein-Main-B\u00fcndnis gegen Sozialabbau und Billigl\u00f6hn | Diese Seiten werden mit Plone erstellt | login <\/p>\n","protected":false},"excerpt":{"rendered":"<p>Aktionen, Kontakte, Termine, Ziele.<br \/>\n<br \/>\nIn Frankfurt\/M. \u00fcbrigens jeden Montag um 18 Uhr an der Hauptwachse MONTAGSDEMO.<br \/>Berlin ist eingeschlafen, nachdem viele der ehemals Protestler sanft in ihrem nun alimentierten Dasein als Linkspartei-Bundestags- oder \u00fcberhaupt Abgeordnete wie \u00fcber Nacht stumm geworden sind&#8230;was in der Luft lag &#8211; zu viele Opportunisten dabei!! So kann sich nichts an der HARTZ-IV-Misere \u00e4ndern. Wenn der Protest dagegen nur T\u00fcr\u00f6ffner zum arrivierten Abgeordneten-Leben gewesen sein soll&#8230;<\/p>\n","protected":false},"author":2,"featured_media":0,"comment_status":"closed","ping_status":"closed","sticky":false,"template":"","format":"standard","meta":{"footnotes":""},"categories":[26],"tags":[],"class_list":["post-84200","post","type-post","status-publish","format-standard","hentry","category-pinnwand","entry"],"yoast_head":"<!-- This site is optimized with the Yoast SEO plugin v21.0 - https:\/\/yoast.com\/wordpress\/plugins\/seo\/ -->\n<title>PINN: Rhein-Main-B\u00fcndnis gegen Sozialabbau - Feminissima<\/title>\n<meta name=\"robots\" content=\"index, follow, max-snippet:-1, max-image-preview:large, max-video-preview:-1\" \/>\n<link rel=\"canonical\" href=\"https:\/\/feminissima.de\/index.php\/2006\/01\/13\/pinn-rhein-main-buendnis-gegen-sozialabbau\/\" \/>\n<meta property=\"og:locale\" content=\"de_DE\" \/>\n<meta property=\"og:type\" content=\"article\" \/>\n<meta property=\"og:title\" content=\"PINN: Rhein-Main-B\u00fcndnis gegen Sozialabbau - Feminissima\" \/>\n<meta property=\"og:description\" content=\"Aktionen, Kontakte, Termine, Ziele.  In Frankfurt\/M. \u00fcbrigens jeden Montag um 18 Uhr an der Hauptwachse MONTAGSDEMO.Berlin ist eingeschlafen, nachdem viele der ehemals Protestler sanft in ihrem nun alimentierten Dasein als Linkspartei-Bundestags- oder \u00fcberhaupt Abgeordnete wie \u00fcber Nacht stumm geworden sind...was in der Luft lag - zu viele Opportunisten dabei!! So kann sich nichts an der HARTZ-IV-Misere \u00e4ndern. Wenn der Protest dagegen nur T\u00fcr\u00f6ffner zum arrivierten Abgeordneten-Leben gewesen sein soll...\" \/>\n<meta property=\"og:url\" content=\"https:\/\/feminissima.de\/index.php\/2006\/01\/13\/pinn-rhein-main-buendnis-gegen-sozialabbau\/\" \/>\n<meta property=\"og:site_name\" content=\"Feminissima\" \/>\n<meta property=\"article:published_time\" content=\"2006-01-13T09:32:35+00:00\" \/>\n<meta name=\"author\" content=\"admin\" \/>\n<meta name=\"twitter:card\" content=\"summary_large_image\" \/>\n<meta name=\"twitter:label1\" content=\"Verfasst von\" \/>\n\t<meta name=\"twitter:data1\" content=\"admin\" \/>\n\t<meta name=\"twitter:label2\" content=\"Gesch\u00e4tzte Lesezeit\" \/>\n\t<meta name=\"twitter:data2\" content=\"2\u00a0Minuten\" \/>\n<script type=\"application\/ld+json\" class=\"yoast-schema-graph\">{\"@context\":\"https:\/\/schema.org\",\"@graph\":[{\"@type\":\"WebPage\",\"@id\":\"https:\/\/feminissima.de\/index.php\/2006\/01\/13\/pinn-rhein-main-buendnis-gegen-sozialabbau\/\",\"url\":\"https:\/\/feminissima.de\/index.php\/2006\/01\/13\/pinn-rhein-main-buendnis-gegen-sozialabbau\/\",\"name\":\"PINN: Rhein-Main-B\u00fcndnis gegen Sozialabbau - Feminissima\",\"isPartOf\":{\"@id\":\"https:\/\/feminissima.de\/#website\"},\"datePublished\":\"2006-01-13T09:32:35+00:00\",\"dateModified\":\"2006-01-13T09:32:35+00:00\",\"author\":{\"@id\":\"https:\/\/feminissima.de\/#\/schema\/person\/0b901e053624f88e7ecbea289d9d5128\"},\"breadcrumb\":{\"@id\":\"https:\/\/feminissima.de\/index.php\/2006\/01\/13\/pinn-rhein-main-buendnis-gegen-sozialabbau\/#breadcrumb\"},\"inLanguage\":\"de\",\"potentialAction\":[{\"@type\":\"ReadAction\",\"target\":[\"https:\/\/feminissima.de\/index.php\/2006\/01\/13\/pinn-rhein-main-buendnis-gegen-sozialabbau\/\"]}]},{\"@type\":\"BreadcrumbList\",\"@id\":\"https:\/\/feminissima.de\/index.php\/2006\/01\/13\/pinn-rhein-main-buendnis-gegen-sozialabbau\/#breadcrumb\",\"itemListElement\":[{\"@type\":\"ListItem\",\"position\":1,\"name\":\"Startseite\",\"item\":\"https:\/\/feminissima.de\/\"},{\"@type\":\"ListItem\",\"position\":2,\"name\":\"PINN: Rhein-Main-B\u00fcndnis gegen Sozialabbau\"}]},{\"@type\":\"WebSite\",\"@id\":\"https:\/\/feminissima.de\/#website\",\"url\":\"https:\/\/feminissima.de\/\",\"name\":\"Feminissima\",\"description\":\"\",\"potentialAction\":[{\"@type\":\"SearchAction\",\"target\":{\"@type\":\"EntryPoint\",\"urlTemplate\":\"https:\/\/feminissima.de\/?s={search_term_string}\"},\"query-input\":\"required name=search_term_string\"}],\"inLanguage\":\"de\"},{\"@type\":\"Person\",\"@id\":\"https:\/\/feminissima.de\/#\/schema\/person\/0b901e053624f88e7ecbea289d9d5128\",\"name\":\"admin\",\"image\":{\"@type\":\"ImageObject\",\"inLanguage\":\"de\",\"@id\":\"https:\/\/feminissima.de\/#\/schema\/person\/image\/\",\"url\":\"https:\/\/secure.gravatar.com\/avatar\/8da1f51327453c0bf63338e8e2a791948b7d2ac19b68839492d1e69aac6924a8?s=96&d=mm&r=g\",\"contentUrl\":\"https:\/\/secure.gravatar.com\/avatar\/8da1f51327453c0bf63338e8e2a791948b7d2ac19b68839492d1e69aac6924a8?s=96&d=mm&r=g\",\"caption\":\"admin\"},\"url\":\"https:\/\/feminissima.de\/index.php\/author\/admin\/\"}]}<\/script>\n<!-- \/ Yoast SEO plugin. -->","yoast_head_json":{"title":"PINN: Rhein-Main-B\u00fcndnis gegen Sozialabbau - Feminissima","robots":{"index":"index","follow":"follow","max-snippet":"max-snippet:-1","max-image-preview":"max-image-preview:large","max-video-preview":"max-video-preview:-1"},"canonical":"https:\/\/feminissima.de\/index.php\/2006\/01\/13\/pinn-rhein-main-buendnis-gegen-sozialabbau\/","og_locale":"de_DE","og_type":"article","og_title":"PINN: Rhein-Main-B\u00fcndnis gegen Sozialabbau - Feminissima","og_description":"Aktionen, Kontakte, Termine, Ziele.  In Frankfurt\/M. \u00fcbrigens jeden Montag um 18 Uhr an der Hauptwachse MONTAGSDEMO.Berlin ist eingeschlafen, nachdem viele der ehemals Protestler sanft in ihrem nun alimentierten Dasein als Linkspartei-Bundestags- oder \u00fcberhaupt Abgeordnete wie \u00fcber Nacht stumm geworden sind...was in der Luft lag - zu viele Opportunisten dabei!! So kann sich nichts an der HARTZ-IV-Misere \u00e4ndern. Wenn der Protest dagegen nur T\u00fcr\u00f6ffner zum arrivierten Abgeordneten-Leben gewesen sein soll...","og_url":"https:\/\/feminissima.de\/index.php\/2006\/01\/13\/pinn-rhein-main-buendnis-gegen-sozialabbau\/","og_site_name":"Feminissima","article_published_time":"2006-01-13T09:32:35+00:00","author":"admin","twitter_card":"summary_large_image","twitter_misc":{"Verfasst von":"admin","Gesch\u00e4tzte Lesezeit":"2\u00a0Minuten"},"schema":{"@context":"https:\/\/schema.org","@graph":[{"@type":"WebPage","@id":"https:\/\/feminissima.de\/index.php\/2006\/01\/13\/pinn-rhein-main-buendnis-gegen-sozialabbau\/","url":"https:\/\/feminissima.de\/index.php\/2006\/01\/13\/pinn-rhein-main-buendnis-gegen-sozialabbau\/","name":"PINN: Rhein-Main-B\u00fcndnis gegen Sozialabbau - Feminissima","isPartOf":{"@id":"https:\/\/feminissima.de\/#website"},"datePublished":"2006-01-13T09:32:35+00:00","dateModified":"2006-01-13T09:32:35+00:00","author":{"@id":"https:\/\/feminissima.de\/#\/schema\/person\/0b901e053624f88e7ecbea289d9d5128"},"breadcrumb":{"@id":"https:\/\/feminissima.de\/index.php\/2006\/01\/13\/pinn-rhein-main-buendnis-gegen-sozialabbau\/#breadcrumb"},"inLanguage":"de","potentialAction":[{"@type":"ReadAction","target":["https:\/\/feminissima.de\/index.php\/2006\/01\/13\/pinn-rhein-main-buendnis-gegen-sozialabbau\/"]}]},{"@type":"BreadcrumbList","@id":"https:\/\/feminissima.de\/index.php\/2006\/01\/13\/pinn-rhein-main-buendnis-gegen-sozialabbau\/#breadcrumb","itemListElement":[{"@type":"ListItem","position":1,"name":"Startseite","item":"https:\/\/feminissima.de\/"},{"@type":"ListItem","position":2,"name":"PINN: Rhein-Main-B\u00fcndnis gegen Sozialabbau"}]},{"@type":"WebSite","@id":"https:\/\/feminissima.de\/#website","url":"https:\/\/feminissima.de\/","name":"Feminissima","description":"","potentialAction":[{"@type":"SearchAction","target":{"@type":"EntryPoint","urlTemplate":"https:\/\/feminissima.de\/?s={search_term_string}"},"query-input":"required name=search_term_string"}],"inLanguage":"de"},{"@type":"Person","@id":"https:\/\/feminissima.de\/#\/schema\/person\/0b901e053624f88e7ecbea289d9d5128","name":"admin","image":{"@type":"ImageObject","inLanguage":"de","@id":"https:\/\/feminissima.de\/#\/schema\/person\/image\/","url":"https:\/\/secure.gravatar.com\/avatar\/8da1f51327453c0bf63338e8e2a791948b7d2ac19b68839492d1e69aac6924a8?s=96&d=mm&r=g","contentUrl":"https:\/\/secure.gravatar.com\/avatar\/8da1f51327453c0bf63338e8e2a791948b7d2ac19b68839492d1e69aac6924a8?s=96&d=mm&r=g","caption":"admin"},"url":"https:\/\/feminissima.de\/index.php\/author\/admin\/"}]}},"jetpack_featured_media_url":"","_links":{"self":[{"href":"https:\/\/feminissima.de\/index.php\/wp-json\/wp\/v2\/posts\/84200","targetHints":{"allow":["GET"]}}],"collection":[{"href":"https:\/\/feminissima.de\/index.php\/wp-json\/wp\/v2\/posts"}],"about":[{"href":"https:\/\/feminissima.de\/index.php\/wp-json\/wp\/v2\/types\/post"}],"author":[{"embeddable":true,"href":"https:\/\/feminissima.de\/index.php\/wp-json\/wp\/v2\/users\/2"}],"replies":[{"embeddable":true,"href":"https:\/\/feminissima.de\/index.php\/wp-json\/wp\/v2\/comments?post=84200"}],"version-history":[{"count":0,"href":"https:\/\/feminissima.de\/index.php\/wp-json\/wp\/v2\/posts\/84200\/revisions"}],"wp:attachment":[{"href":"https:\/\/feminissima.de\/index.php\/wp-json\/wp\/v2\/media?parent=84200"}],"wp:term":[{"taxonomy":"category","embeddable":true,"href":"https:\/\/feminissima.de\/index.php\/wp-json\/wp\/v2\/categories?post=84200"},{"taxonomy":"post_tag","embeddable":true,"href":"https:\/\/feminissima.de\/index.php\/wp-json\/wp\/v2\/tags?post=84200"}],"curies":[{"name":"wp","href":"https:\/\/api.w.org\/{rel}","templated":true}]}}