{"id":84199,"date":"2006-01-13T09:10:41","date_gmt":"2006-01-13T09:10:41","guid":{"rendered":"http:\/\/www.feminissima.de\/?p=84199"},"modified":"2006-01-13T09:10:41","modified_gmt":"2006-01-13T09:10:41","slug":"frauen-durch-hartz-iv-besonders-benachteiligt","status":"publish","type":"post","link":"https:\/\/feminissima.de\/index.php\/2006\/01\/13\/frauen-durch-hartz-iv-besonders-benachteiligt\/","title":{"rendered":"FRAUEN durch HARTZ IV besonders benachteiligt."},"content":{"rendered":"<p>Ja, sagen wir doch auch immer! Hier die Resolution des Deutschen Frauenrates von 2005 (Hey, die machen ja was&#8230;!!)SEHR INFORMATIV! SEHR POLITISCH! &#8211; womit der Deutsche Frauenrat sich offenbar mit gesch\u00e4rfterem Profil zeigt! Weiter so!<br \/>DEUTSCHER<br \/>\n<br \/>\nFRAUENRAT<br \/>\n<br \/>\nResolution der Mitgliederversammlung 2005<br \/>\n<br \/>\nHartz IV &#8211; Auswirkungen auf Frauen<br \/>\n<br \/>\nI. Drei Monate nach Inkrafttreten des SGB II zieht der Deutsche Frauenrat eine erste<br \/>\n<br \/>\nZwischenbilanz zum j\u00fcngsten Gesetz f\u00fcr \u201emoderne Dienstleistungen am Arbeitsmarkt\u201c<br \/>\n<br \/>\n(Hartz IV):<br \/>\n<br \/>\n1. Im 1. Im Februar 2005 waren 2.296.000 Frauen arbeitslos. Die Langzeita rbeitslosigkeit<br \/>\n<br \/>\nvon Frauen liegt dabei um fast 19% \u00fcber dem Vorjahresniveau. Es wird nun die<br \/>\n<br \/>\ntats\u00e4chliche Dimension der Langzeitarbeitslosigkeit deutlich.<br \/>\n<br \/>\n2. Um die entscheidenden Schlussfolgerungen aus dem ohnehin besonders schwer<br \/>\n<br \/>\nverst\u00e4ndlichen SGB II zu ziehen, reicht es in wesentlichen Fragen nicht aus, das Sozialgesetzbuch<br \/>\n<br \/>\nzu studieren. Man muss auch die jeweiligen internen Arbeitsanweisungen der<br \/>\n<br \/>\nBundesagentur f\u00fcr Arbeit kennen. Insgesamt besteht erhebliche Rechtsunsicherheit &#8211; f\u00fcr<br \/>\n<br \/>\nMenschen, deren Lebenssituation d urch schlechte Zukunftsperspektiven und prek\u00e4re<br \/>\n<br \/>\nfinanzielle Verh\u00e4ltnisse bereits erheblich belastet ist.<br \/>\n<br \/>\n3. Das SGB II formuliert in \u00a7 1 als durchg\u00e4ngiges Prinzip die Gleichste llung von M\u00e4nnern<br \/>\n<br \/>\nund Frauen. Gleichzeitig orientiert sich die Grundsicherung f\u00fcr Arbeitsuchende (so<br \/>\n<br \/>\nebenfalls \u00a7 1) an dem Ziel, die \u201eEigenverantwortung von erwerbsf\u00e4higen Hilfebed\u00fcrftigen<br \/>\n<br \/>\nund Personen, die mit ihnen in einer Bedarfsgemeinschaft leben, (zu) st\u00e4rken.\u201c In der<br \/>\n<br \/>\nAusgestaltung der Anspruchsvoraussetzungen (\u00a7\u00a7 7ff) wird die \u201eBedarfsgemeinschaft\u201c zur<br \/>\n<br \/>\nKernfigur und \u201eder Hilfebed\u00fcrftige\u201c gleichzeitig an vielen Stellen nur in m\u00e4nnlicher Form<br \/>\n<br \/>\nangesprochen. So entstehen &#8211; vermutlich ungewollt &#8211; in den K\u00f6pfen alte Rollenbilder neu,<br \/>\n<br \/>\ndie den Mann als Ern\u00e4hrer der Haushaltsgemeinschaft sehen und die Partnerin, ebenso<br \/>\n<br \/>\nwie die minderj\u00e4hrigen Kinder, als zugeordnete Unterhaltsberechtigte. Und es werden<br \/>\n<br \/>\n\u00f6konomische Anreize geschaffen, bestehende Partnerschaften zu l\u00f6sen und gemeinsame<br \/>\n<br \/>\nHaushalte aufzugeben.<br \/>\n<br \/>\n4. Die Einf\u00fchrung der \u201eEin-Euro-Jobs\u201c mit dem SGB II droht zu einer Entprofessionalisierung<br \/>\n<br \/>\nund Dequalifizierung von Berufen insbesondere im sozialpflegerischen und<br \/>\n<br \/>\nBildungsbereich zu f\u00fchren.<br \/>\n<br \/>\n5. Frauen, die keine Leistungen aus ALG I und ALG II erhalten, haben keinen<br \/>\n<br \/>\nRechtsanspruch auf Eingliederungs- und Weiterbildungsma\u00dfnahmen.<br \/>\n<br \/>\n6. Benachteiligungen auf dem Arbeitsmarkt, die sich aus den geschlechtsspezifischen<br \/>\n<br \/>\nZuschreibungen der F\u00fcrsorgeaufgaben ergeben, f\u00fchren gerade in Zeiten hoher<br \/>\n<br \/>\nArbeitslosigkeit zu neuen Risiken der Frauenaltersarmut. F\u00fcr Personen, die \u00fcber die<br \/>\n<br \/>\nAnrechnung des Partnereinkommens aus dem SGB II herausfallen, werden keine Beitr\u00e4ge<br \/>\n<br \/>\nzur Rentenversicherung gezahlt.<br \/>\n<br \/>\n2<br \/>\n<br \/>\n7. Mit den verschiedenen Sozialreformgesetzen der letzten Jahre hat sich ein mehrfach<br \/>\n<br \/>\nverschr\u00e4nkter Paradigmenwechsels vollzogen: Die Leistungen aus den Sozialversicherungen<br \/>\n<br \/>\nwurden zur\u00fcckgefahren (z.B. die Bezugsdauer des beitragsfinanzierten Arbeitslosengeldes).<br \/>\n<br \/>\nBei den steuerfinanzierten Hilfen f\u00fcr Bed\u00fcrftige erfolgte formal der \u00dcbergang<br \/>\n<br \/>\nvom Vorrang der Hilfen zum Lebensunterhalt zum Vorrang der Eingliederungshilfen.<br \/>\n<br \/>\nBei der Ber\u00fccksichtigung von famili\u00e4ren Unterhaltsverpflichtungen ist fallweise eine<br \/>\n<br \/>\nLockerung der intergenerativen, bei gleichzeitiger Betonung der partnerschaftlichen<br \/>\n<br \/>\nLeistungsverpflichtungen festzustellen.<br \/>\n<br \/>\nF\u00fcr die vielf\u00e4ltigen Frauenlebensentw\u00fcrfe und -lebensphasen m\u00fcssen ad\u00e4quate<br \/>\n<br \/>\nbiographie- und prozessorientierte L\u00f6sungen gefunden werden. Aus dem oft mit hei\u00dfer<br \/>\n<br \/>\nNadel gestrickten sozialreformerischen Gesetzespaket, insbesondere von Hartz IV,<br \/>\n<br \/>\nsch\u00e4len sich allm\u00e4hlich versteckte Wirkungszusammenh\u00e4nge heraus, die sich als<br \/>\n<br \/>\nnachteilig f\u00fcr Frauen und Familien zu erweisen drohen.<br \/>\n<br \/>\nII. Der Deutsche Frauenrat sieht diesbez\u00fcglich Kontroll- und Korrekturbedarf:<br \/>\n<br \/>\n1. Die Ausgestaltung der Anspruchsvoraussetzungen des Sozialgesetzbuchs ist kritisch<br \/>\n<br \/>\ndarauf hin zu pr\u00fcfen, ob die gew\u00e4hlte Orientierung an der Bedarfsgemeinschaft dem Ziel<br \/>\n<br \/>\nder St\u00e4rkung der Eigenverantwortung der erwerbsf\u00e4higen Frauen und M\u00e4nner dient und<br \/>\n<br \/>\nder vom Subsidiarit\u00e4tsprinzip geforderten F\u00f6rderung der kleinen Gemeinschaften<br \/>\n<br \/>\nentspricht. Zum Wohle der Familien ist eine Individualisierung der Anspr\u00fcche auf ALG II<br \/>\n<br \/>\ndurchzusetzen. Die Anrechnungsregelungen f\u00fcr das Partnereinkommen m\u00fcssen ver\u00e4ndert<br \/>\n<br \/>\nwerden, um positive Anreize f\u00fcr die Bildung und Stabilit\u00e4t von Solidargemeinschaften zu<br \/>\n<br \/>\nschaffen.<br \/>\n<br \/>\n2. Der eigene Anspruch auf Weiterbildung f\u00fcr Arbeit suchende Frauen ist unabh\u00e4ngig<br \/>\n<br \/>\ndavon als F\u00f6rderanspruch auszugestalten, ob ein Anspruch auf Geldleistungen nach SGB<br \/>\n<br \/>\nIII\/II (Arbeitslosengeld oder ALG II) besteht oder nicht. Langzeitarbeitslose Ehefrauen<br \/>\n<br \/>\nerwerbst\u00e4tiger M\u00e4nner und Berufsr\u00fcckkehrerinnen d\u00fcrfen bei Fort- und<br \/>\n<br \/>\nWeiterbildungsma\u00dfnahmen nicht schlechter gestellt sein als langzeitarbeitslose Singles.<br \/>\n<br \/>\n3. Es muss sichergestellt werden, dass 1 \u20ac-Jobs qualifi zierte Besch\u00e4ftigung nicht<br \/>\n<br \/>\nverdr\u00e4ngen. Die Integration von Langzeitarbeitslosen in den ersten Arbeitsmarkt hat<br \/>\n<br \/>\nVorrang. Deshalb ist eine Ver\u00e4nderung der engen und komplizierten<br \/>\n<br \/>\nZuverdienstregelungen unerl\u00e4sslich.<br \/>\n<br \/>\n4. Um Transparenz sicher zu stellen, m\u00fcssen Arbeitssuchende Anspruch auf vollst\u00e4ndige<br \/>\n<br \/>\nInformation \u00fcber die Entscheidungsgrundlagen ihrer eigenen Leistungsbescheide erhalten.<br \/>\n<br \/>\n5. Vordringlich bleibt eine Reform der Alterssicherung, die Frauen eine eigenst\u00e4ndige<br \/>\n<br \/>\nAltersrente sichert. Es geht dabei um den voll additiven Ausbau der<br \/>\n<br \/>\nKindererziehungszeiten, verbesserte Erwerbsarbeitschancen von Frauen\/M\u00fcttern und die<br \/>\n<br \/>\nEinf\u00fchrung eines Rentenanwartschaftssplittings, das ehelichen G\u00fcterstand, steuerliche<br \/>\n<br \/>\nVeranlagung und rentenrechtliche Ber\u00fccksichtigung synchronisiert.<br \/>\n<br \/>\nIII. Die Bundesregierung wird aufgefordert, die Entwicklung der Hartz IV -Gesetzgebung zu<br \/>\n<br \/>\n\u00fcberpr\u00fcfen und die sich besonders f\u00fcr Frauen abzeichnenden gravierenden<br \/>\n<br \/>\nVerschlechterungen in Bezug auf ihre finanzielle wie auch arbeitsmarktpolitische Situation<br \/>\n<br \/>\ndurch geeignete Gesetzeskorrekturen zur\u00fcckzunehmen.<\/p>\n","protected":false},"excerpt":{"rendered":"<p>Ja, sagen wir doch auch immer! Hier die Resolution des Deutschen Frauenrates von 2005 (Hey, die machen ja was&#8230;!!)SEHR INFORMATIV! SEHR POLITISCH! &#8211; womit der Deutsche Frauenrat sich offenbar mit gesch\u00e4rfterem Profil zeigt! Weiter so!<\/p>\n","protected":false},"author":2,"featured_media":0,"comment_status":"closed","ping_status":"closed","sticky":false,"template":"","format":"standard","meta":{"footnotes":""},"categories":[15],"tags":[],"class_list":["post-84199","post","type-post","status-publish","format-standard","hentry","category-femrecht","entry"],"yoast_head":"<!-- This site is optimized with the Yoast SEO plugin v21.0 - https:\/\/yoast.com\/wordpress\/plugins\/seo\/ -->\n<title>FRAUEN durch HARTZ IV besonders benachteiligt. - Feminissima<\/title>\n<meta name=\"robots\" content=\"index, follow, max-snippet:-1, max-image-preview:large, max-video-preview:-1\" \/>\n<link rel=\"canonical\" href=\"https:\/\/feminissima.de\/index.php\/2006\/01\/13\/frauen-durch-hartz-iv-besonders-benachteiligt\/\" \/>\n<meta property=\"og:locale\" content=\"de_DE\" \/>\n<meta property=\"og:type\" content=\"article\" \/>\n<meta property=\"og:title\" content=\"FRAUEN durch HARTZ IV besonders benachteiligt. - Feminissima\" \/>\n<meta property=\"og:description\" content=\"Ja, sagen wir doch auch immer! Hier die Resolution des Deutschen Frauenrates von 2005 (Hey, die machen ja was...!!)SEHR INFORMATIV! SEHR POLITISCH! - womit der Deutsche Frauenrat sich offenbar mit gesch\u00e4rfterem Profil zeigt! Weiter so!\" \/>\n<meta property=\"og:url\" content=\"https:\/\/feminissima.de\/index.php\/2006\/01\/13\/frauen-durch-hartz-iv-besonders-benachteiligt\/\" \/>\n<meta property=\"og:site_name\" content=\"Feminissima\" \/>\n<meta property=\"article:published_time\" content=\"2006-01-13T09:10:41+00:00\" \/>\n<meta name=\"author\" content=\"admin\" \/>\n<meta name=\"twitter:card\" content=\"summary_large_image\" \/>\n<meta name=\"twitter:label1\" content=\"Verfasst von\" \/>\n\t<meta name=\"twitter:data1\" content=\"admin\" \/>\n\t<meta name=\"twitter:label2\" content=\"Gesch\u00e4tzte Lesezeit\" \/>\n\t<meta name=\"twitter:data2\" content=\"4\u00a0Minuten\" \/>\n<script type=\"application\/ld+json\" class=\"yoast-schema-graph\">{\"@context\":\"https:\/\/schema.org\",\"@graph\":[{\"@type\":\"WebPage\",\"@id\":\"https:\/\/feminissima.de\/index.php\/2006\/01\/13\/frauen-durch-hartz-iv-besonders-benachteiligt\/\",\"url\":\"https:\/\/feminissima.de\/index.php\/2006\/01\/13\/frauen-durch-hartz-iv-besonders-benachteiligt\/\",\"name\":\"FRAUEN durch HARTZ IV besonders benachteiligt. - Feminissima\",\"isPartOf\":{\"@id\":\"https:\/\/feminissima.de\/#website\"},\"datePublished\":\"2006-01-13T09:10:41+00:00\",\"dateModified\":\"2006-01-13T09:10:41+00:00\",\"author\":{\"@id\":\"https:\/\/feminissima.de\/#\/schema\/person\/0b901e053624f88e7ecbea289d9d5128\"},\"breadcrumb\":{\"@id\":\"https:\/\/feminissima.de\/index.php\/2006\/01\/13\/frauen-durch-hartz-iv-besonders-benachteiligt\/#breadcrumb\"},\"inLanguage\":\"de\",\"potentialAction\":[{\"@type\":\"ReadAction\",\"target\":[\"https:\/\/feminissima.de\/index.php\/2006\/01\/13\/frauen-durch-hartz-iv-besonders-benachteiligt\/\"]}]},{\"@type\":\"BreadcrumbList\",\"@id\":\"https:\/\/feminissima.de\/index.php\/2006\/01\/13\/frauen-durch-hartz-iv-besonders-benachteiligt\/#breadcrumb\",\"itemListElement\":[{\"@type\":\"ListItem\",\"position\":1,\"name\":\"Startseite\",\"item\":\"https:\/\/feminissima.de\/\"},{\"@type\":\"ListItem\",\"position\":2,\"name\":\"FRAUEN durch HARTZ IV besonders benachteiligt.\"}]},{\"@type\":\"WebSite\",\"@id\":\"https:\/\/feminissima.de\/#website\",\"url\":\"https:\/\/feminissima.de\/\",\"name\":\"Feminissima\",\"description\":\"\",\"potentialAction\":[{\"@type\":\"SearchAction\",\"target\":{\"@type\":\"EntryPoint\",\"urlTemplate\":\"https:\/\/feminissima.de\/?s={search_term_string}\"},\"query-input\":\"required name=search_term_string\"}],\"inLanguage\":\"de\"},{\"@type\":\"Person\",\"@id\":\"https:\/\/feminissima.de\/#\/schema\/person\/0b901e053624f88e7ecbea289d9d5128\",\"name\":\"admin\",\"image\":{\"@type\":\"ImageObject\",\"inLanguage\":\"de\",\"@id\":\"https:\/\/feminissima.de\/#\/schema\/person\/image\/\",\"url\":\"https:\/\/secure.gravatar.com\/avatar\/8da1f51327453c0bf63338e8e2a791948b7d2ac19b68839492d1e69aac6924a8?s=96&d=mm&r=g\",\"contentUrl\":\"https:\/\/secure.gravatar.com\/avatar\/8da1f51327453c0bf63338e8e2a791948b7d2ac19b68839492d1e69aac6924a8?s=96&d=mm&r=g\",\"caption\":\"admin\"},\"url\":\"https:\/\/feminissima.de\/index.php\/author\/admin\/\"}]}<\/script>\n<!-- \/ Yoast SEO plugin. -->","yoast_head_json":{"title":"FRAUEN durch HARTZ IV besonders benachteiligt. - Feminissima","robots":{"index":"index","follow":"follow","max-snippet":"max-snippet:-1","max-image-preview":"max-image-preview:large","max-video-preview":"max-video-preview:-1"},"canonical":"https:\/\/feminissima.de\/index.php\/2006\/01\/13\/frauen-durch-hartz-iv-besonders-benachteiligt\/","og_locale":"de_DE","og_type":"article","og_title":"FRAUEN durch HARTZ IV besonders benachteiligt. - Feminissima","og_description":"Ja, sagen wir doch auch immer! Hier die Resolution des Deutschen Frauenrates von 2005 (Hey, die machen ja was...!!)SEHR INFORMATIV! SEHR POLITISCH! - womit der Deutsche Frauenrat sich offenbar mit gesch\u00e4rfterem Profil zeigt! Weiter so!","og_url":"https:\/\/feminissima.de\/index.php\/2006\/01\/13\/frauen-durch-hartz-iv-besonders-benachteiligt\/","og_site_name":"Feminissima","article_published_time":"2006-01-13T09:10:41+00:00","author":"admin","twitter_card":"summary_large_image","twitter_misc":{"Verfasst von":"admin","Gesch\u00e4tzte Lesezeit":"4\u00a0Minuten"},"schema":{"@context":"https:\/\/schema.org","@graph":[{"@type":"WebPage","@id":"https:\/\/feminissima.de\/index.php\/2006\/01\/13\/frauen-durch-hartz-iv-besonders-benachteiligt\/","url":"https:\/\/feminissima.de\/index.php\/2006\/01\/13\/frauen-durch-hartz-iv-besonders-benachteiligt\/","name":"FRAUEN durch HARTZ IV besonders benachteiligt. - Feminissima","isPartOf":{"@id":"https:\/\/feminissima.de\/#website"},"datePublished":"2006-01-13T09:10:41+00:00","dateModified":"2006-01-13T09:10:41+00:00","author":{"@id":"https:\/\/feminissima.de\/#\/schema\/person\/0b901e053624f88e7ecbea289d9d5128"},"breadcrumb":{"@id":"https:\/\/feminissima.de\/index.php\/2006\/01\/13\/frauen-durch-hartz-iv-besonders-benachteiligt\/#breadcrumb"},"inLanguage":"de","potentialAction":[{"@type":"ReadAction","target":["https:\/\/feminissima.de\/index.php\/2006\/01\/13\/frauen-durch-hartz-iv-besonders-benachteiligt\/"]}]},{"@type":"BreadcrumbList","@id":"https:\/\/feminissima.de\/index.php\/2006\/01\/13\/frauen-durch-hartz-iv-besonders-benachteiligt\/#breadcrumb","itemListElement":[{"@type":"ListItem","position":1,"name":"Startseite","item":"https:\/\/feminissima.de\/"},{"@type":"ListItem","position":2,"name":"FRAUEN durch HARTZ IV besonders benachteiligt."}]},{"@type":"WebSite","@id":"https:\/\/feminissima.de\/#website","url":"https:\/\/feminissima.de\/","name":"Feminissima","description":"","potentialAction":[{"@type":"SearchAction","target":{"@type":"EntryPoint","urlTemplate":"https:\/\/feminissima.de\/?s={search_term_string}"},"query-input":"required name=search_term_string"}],"inLanguage":"de"},{"@type":"Person","@id":"https:\/\/feminissima.de\/#\/schema\/person\/0b901e053624f88e7ecbea289d9d5128","name":"admin","image":{"@type":"ImageObject","inLanguage":"de","@id":"https:\/\/feminissima.de\/#\/schema\/person\/image\/","url":"https:\/\/secure.gravatar.com\/avatar\/8da1f51327453c0bf63338e8e2a791948b7d2ac19b68839492d1e69aac6924a8?s=96&d=mm&r=g","contentUrl":"https:\/\/secure.gravatar.com\/avatar\/8da1f51327453c0bf63338e8e2a791948b7d2ac19b68839492d1e69aac6924a8?s=96&d=mm&r=g","caption":"admin"},"url":"https:\/\/feminissima.de\/index.php\/author\/admin\/"}]}},"jetpack_featured_media_url":"","_links":{"self":[{"href":"https:\/\/feminissima.de\/index.php\/wp-json\/wp\/v2\/posts\/84199","targetHints":{"allow":["GET"]}}],"collection":[{"href":"https:\/\/feminissima.de\/index.php\/wp-json\/wp\/v2\/posts"}],"about":[{"href":"https:\/\/feminissima.de\/index.php\/wp-json\/wp\/v2\/types\/post"}],"author":[{"embeddable":true,"href":"https:\/\/feminissima.de\/index.php\/wp-json\/wp\/v2\/users\/2"}],"replies":[{"embeddable":true,"href":"https:\/\/feminissima.de\/index.php\/wp-json\/wp\/v2\/comments?post=84199"}],"version-history":[{"count":0,"href":"https:\/\/feminissima.de\/index.php\/wp-json\/wp\/v2\/posts\/84199\/revisions"}],"wp:attachment":[{"href":"https:\/\/feminissima.de\/index.php\/wp-json\/wp\/v2\/media?parent=84199"}],"wp:term":[{"taxonomy":"category","embeddable":true,"href":"https:\/\/feminissima.de\/index.php\/wp-json\/wp\/v2\/categories?post=84199"},{"taxonomy":"post_tag","embeddable":true,"href":"https:\/\/feminissima.de\/index.php\/wp-json\/wp\/v2\/tags?post=84199"}],"curies":[{"name":"wp","href":"https:\/\/api.w.org\/{rel}","templated":true}]}}