{"id":84195,"date":"2006-01-12T01:03:30","date_gmt":"2006-01-12T01:03:30","guid":{"rendered":"http:\/\/www.feminissima.de\/?p=84195"},"modified":"2006-01-12T01:03:30","modified_gmt":"2006-01-12T01:03:30","slug":"aylas-ermordung-mildes-urteil","status":"publish","type":"post","link":"https:\/\/feminissima.de\/index.php\/2006\/01\/12\/aylas-ermordung-mildes-urteil\/","title":{"rendered":"AYLAS Ermordung: mildes Urteil"},"content":{"rendered":"<p>Lebenslang. Aber keine Sicherheitsverwahrung. Weil fr\u00fchere Sexualstraftaten bereits der Anrechnungsverj\u00e4hrung unterlagen&#8230;.ein Bericht der Leipziger Volkszeitung.<br \/>142060.. <br \/>\/<\/p>\n<table width=\"100%\">\n<tr>\n<td style=\"background-image=url('images\/monet-heller.jpg')\"><font size=\"+1\"><\/p>\n<p>\nLeipziger Volkszeitung vom Mittwoch, 11. Januar 2006<\/p>\n<p>Aylas Mutter: &#8222;Urteil nicht gerecht&#8220; <\/p>\n<p>\nZwickau\/Leipzig. <\/p>\n<p>Ein Raunen geht durch den Gerichtssaal, als das Urteil f\u00fcr den M\u00f6rder der kleinen Ayla aus Zwickau verk\u00fcndet wird:<\/p>\n<p> Lebenslange Haft, ABER KEINE  SICHERUNGSVERWAHRUNG.<\/p>\n<p> W\u00e4hrend der T\u00e4ter Mario L. die Entscheidung des Vorsitzenden Richters Klaus Hartmann \u00e4u\u00dferlich regungslos aufnimmt, <br \/>k\u00f6nnen die Angeh\u00f6rigen der Sechsj\u00e4hrigen ihre Gef\u00fchle nicht mehr unter Kontrolle halten. <\/p>\n<p>\n&#8222;Wie w\u00e4re es denn, wenn wir deine Tochter umbringen w\u00fcrden, w\u00e4hrend du in Haft bist?&#8220;, <\/p>\n<p>schreit Aylas Mutter Mario L. voller Verzweiflung und Entt\u00e4uschung entgegen. <\/p>\n<p>Zu diesem Zeitpunkt hat Aylas Gro\u00dfmutter bereits schreiend den Saal verlassen.<br \/> Im Foyer des Zwickauer Landgerichtes bricht sie zusammen, <br \/>den Gerichtssal kann sie auch zur Urteilsbegr\u00fcndung nicht mehr betreten.<\/p>\n<p>Richter Hartmann sagt, eine Sicherungsverwahrung habe die Strafkammer zwar f\u00fcr<\/p>\n<p> &#8222;w\u00fcnschenswert&#8220; <\/p>\n<p>gehalten,<\/p>\n<p> allerdings habe man daf\u00fcr keine rechtliche Grundlage gesehen. <\/p>\n<p>(!!!!)<\/p>\n<p>Die Vorstrafen des M\u00f6rders h\u00e4tten wegen inzwischen eingetretener R\u00fcckfallverj\u00e4hrung nicht herangezogen werden k\u00f6nnen.<\/p>\n<p>(Anmerkung FEM: Ah, Regularien erlauben es den M\u00f6rdern&#8230;jetzt begreifen wir es doch wenigstens endlich!!!!!)<\/p>\n<p> Allerdings sei durch die planm\u00e4\u00dfige und brutale Vorgehensweise eine besondere Schwere der Schuld gegeben.<\/p>\n<p> Daher bestehe keine Aussicht auf vorzeitige Haftentlassung nach 15 Jahren, <br \/>so Hartmann weiter. <\/p>\n<p>******!!!!Ayla war nicht das erste Opfer von Mario L.<\/p>\n<p> Bereits vor 20 Jahren ermordete er eine alte Frau, <\/p>\n<p>1997 missbrauchte er die beiden Kinder seines Bruders sexuell.<\/p>\n<p> Acht Jahre sp\u00e4ter, am Morgen des 17. Mai 2005 &#8211; <\/p>\n<p>wenige Tage vor Aylas siebtem Geburtstag &#8211;<\/p>\n<p> packte Mario L. das M\u00e4dchen auf ihrem Schulweg und steckte sie in den Kofferraum seines Autos. <\/p>\n<p>Nach Aussagen einer Sch\u00fclerin hatte das M\u00e4dchen laut geschrien und sich verzweifelt gewehrt. <\/p>\n<p>****!!!<\/p>\n<p>Alles spielte sich in Sekundenschnelle ab.<\/p>\n<p>\nNach Hinweis eines Zeugen wurde der arbeitslose Fliesenleger aus Reinsdorf bei Zwickau &#8211; <br \/>Vater einer knapp zwei Jahre alten Tochter &#8211; <br \/>wenige Stunden sp\u00e4ter festgenommen. <\/p>\n<p>Er f\u00fchrte die Ermittler zu der Leiche und gestand das Verbrechen weitgehend.<\/p>\n<p> Im Prozess trat der fast kindlich wirkende Mann <br \/>stets in schwarzem Blazer und wei\u00dfem Rollkragenpullover auf &#8211; <br \/>und mit einer Unschuldsmiene. <\/p>\n<p>Er k\u00f6nne sich die Tat bis heute nicht erkl\u00e4ren, sagt er in seinem Schlusswort.<\/p>\n<p>\nNach Auffassung des Gerichts hatte Mario L. schon bei der Entf\u00fchrung Aylas den Vorsatz, das M\u00e4dchen sexuell zu missbrauchen und dann zu t\u00f6ten.<br \/> Er habe das Verbrechen begangen, um &#8222;seine sexuellen Fantasien zu befriedigen&#8220;. <\/p>\n<p>Warum er Aylas Leiche aber bestialisch verst\u00fcmmelte,<\/p>\n<p> daf\u00fcr fanden die Richter keinen Beweggrund, <\/p>\n<p>nur Vermutungen. <\/p>\n<p>Entweder habe er in einer Wutattacke das Opfer f\u00fcr das Geschehen verantwortlich gemacht <\/p>\n<p>oder die Aufkl\u00e4rung der Tat erschweren wollen.<\/p>\n<p>\n&#8222;F\u00fcr die Angeh\u00f6rigen der Kleinen ist die Entscheidung ein Schlag ins Gesicht&#8220;, sagt Renate Gerullis von der Opferorganisation Wei\u00dfer Ring, die sich seit der Tat um Aylas Familie k\u00fcmmert. Allein die M\u00f6glichkeit, dass Mario L. jemals wieder in Freiheit sein und im schlimmsten Fall wieder einem Kind etwas zuleide tun k\u00f6nne, sei f\u00fcr die Verwandten unertr\u00e4glich.<\/p>\n<p>\nAylas Mutter will noch nicht aufgeben: &#8222;Das Urteil ist nicht gerecht und nicht im Namen des Volkes. Es muss doch m\u00f6glich sein, diesen Wiederholungst\u00e4ter f\u00fcr immer wegzusperren. Ich werde noch keine Ruhe finden&#8220;, sagt sie. Ihre 15 Monate alte zweite Tochter will sie nun noch mehr beh\u00fcten als zuvor. &#8222;Auch wenn der Schmerz der Mutter nach einiger Zeit nachlassen wird: Ihr Leben wird nie wieder so sein wie vor der Ermordung ihres Kindes&#8220;, sagt Renate Gerullis.<\/p>\n<p>Ellen Grosshans<\/p>\n<p>FEM:DEUTSCHE RICHTER UND KINDERM\u00d6RDER:<\/p>\n<p>erst k\u00fcrzlich hob das Bundesverfassungsgericht das Urteil im Fall KAROLINA als zu milde auf&#8230;<\/p>\n<\/td>\n<\/tr>\n<\/table>\n","protected":false},"excerpt":{"rendered":"<p>Lebenslang. Aber keine Sicherheitsverwahrung. Weil fr\u00fchere Sexualstraftaten bereits der Anrechnungsverj\u00e4hrung unterlagen&#8230;.ein Bericht der Leipziger Volkszeitung.<\/p>\n","protected":false},"author":2,"featured_media":0,"comment_status":"closed","ping_status":"closed","sticky":false,"template":"","format":"standard","meta":{"footnotes":""},"categories":[15],"tags":[],"class_list":["post-84195","post","type-post","status-publish","format-standard","hentry","category-femrecht","entry"],"yoast_head":"<!-- This site is optimized with the Yoast SEO plugin v21.0 - https:\/\/yoast.com\/wordpress\/plugins\/seo\/ -->\n<title>AYLAS Ermordung: mildes Urteil - Feminissima<\/title>\n<meta name=\"robots\" content=\"index, follow, max-snippet:-1, max-image-preview:large, max-video-preview:-1\" \/>\n<link rel=\"canonical\" href=\"https:\/\/feminissima.de\/index.php\/2006\/01\/12\/aylas-ermordung-mildes-urteil\/\" \/>\n<meta property=\"og:locale\" content=\"de_DE\" \/>\n<meta property=\"og:type\" content=\"article\" \/>\n<meta property=\"og:title\" content=\"AYLAS Ermordung: mildes Urteil - Feminissima\" \/>\n<meta property=\"og:description\" content=\"Lebenslang. Aber keine Sicherheitsverwahrung. Weil fr\u00fchere Sexualstraftaten bereits der Anrechnungsverj\u00e4hrung unterlagen....ein Bericht der Leipziger Volkszeitung.\" \/>\n<meta property=\"og:url\" content=\"https:\/\/feminissima.de\/index.php\/2006\/01\/12\/aylas-ermordung-mildes-urteil\/\" \/>\n<meta property=\"og:site_name\" content=\"Feminissima\" \/>\n<meta property=\"article:published_time\" content=\"2006-01-12T01:03:30+00:00\" \/>\n<meta name=\"author\" content=\"admin\" \/>\n<meta name=\"twitter:card\" content=\"summary_large_image\" \/>\n<meta name=\"twitter:label1\" content=\"Verfasst von\" \/>\n\t<meta name=\"twitter:data1\" content=\"admin\" \/>\n\t<meta name=\"twitter:label2\" content=\"Gesch\u00e4tzte Lesezeit\" \/>\n\t<meta name=\"twitter:data2\" content=\"3\u00a0Minuten\" \/>\n<script type=\"application\/ld+json\" class=\"yoast-schema-graph\">{\"@context\":\"https:\/\/schema.org\",\"@graph\":[{\"@type\":\"WebPage\",\"@id\":\"https:\/\/feminissima.de\/index.php\/2006\/01\/12\/aylas-ermordung-mildes-urteil\/\",\"url\":\"https:\/\/feminissima.de\/index.php\/2006\/01\/12\/aylas-ermordung-mildes-urteil\/\",\"name\":\"AYLAS Ermordung: mildes Urteil - Feminissima\",\"isPartOf\":{\"@id\":\"https:\/\/feminissima.de\/#website\"},\"datePublished\":\"2006-01-12T01:03:30+00:00\",\"dateModified\":\"2006-01-12T01:03:30+00:00\",\"author\":{\"@id\":\"https:\/\/feminissima.de\/#\/schema\/person\/0b901e053624f88e7ecbea289d9d5128\"},\"breadcrumb\":{\"@id\":\"https:\/\/feminissima.de\/index.php\/2006\/01\/12\/aylas-ermordung-mildes-urteil\/#breadcrumb\"},\"inLanguage\":\"de\",\"potentialAction\":[{\"@type\":\"ReadAction\",\"target\":[\"https:\/\/feminissima.de\/index.php\/2006\/01\/12\/aylas-ermordung-mildes-urteil\/\"]}]},{\"@type\":\"BreadcrumbList\",\"@id\":\"https:\/\/feminissima.de\/index.php\/2006\/01\/12\/aylas-ermordung-mildes-urteil\/#breadcrumb\",\"itemListElement\":[{\"@type\":\"ListItem\",\"position\":1,\"name\":\"Startseite\",\"item\":\"https:\/\/feminissima.de\/\"},{\"@type\":\"ListItem\",\"position\":2,\"name\":\"AYLAS Ermordung: mildes Urteil\"}]},{\"@type\":\"WebSite\",\"@id\":\"https:\/\/feminissima.de\/#website\",\"url\":\"https:\/\/feminissima.de\/\",\"name\":\"Feminissima\",\"description\":\"\",\"potentialAction\":[{\"@type\":\"SearchAction\",\"target\":{\"@type\":\"EntryPoint\",\"urlTemplate\":\"https:\/\/feminissima.de\/?s={search_term_string}\"},\"query-input\":\"required name=search_term_string\"}],\"inLanguage\":\"de\"},{\"@type\":\"Person\",\"@id\":\"https:\/\/feminissima.de\/#\/schema\/person\/0b901e053624f88e7ecbea289d9d5128\",\"name\":\"admin\",\"image\":{\"@type\":\"ImageObject\",\"inLanguage\":\"de\",\"@id\":\"https:\/\/feminissima.de\/#\/schema\/person\/image\/\",\"url\":\"https:\/\/secure.gravatar.com\/avatar\/8da1f51327453c0bf63338e8e2a791948b7d2ac19b68839492d1e69aac6924a8?s=96&d=mm&r=g\",\"contentUrl\":\"https:\/\/secure.gravatar.com\/avatar\/8da1f51327453c0bf63338e8e2a791948b7d2ac19b68839492d1e69aac6924a8?s=96&d=mm&r=g\",\"caption\":\"admin\"},\"url\":\"https:\/\/feminissima.de\/index.php\/author\/admin\/\"}]}<\/script>\n<!-- \/ Yoast SEO plugin. -->","yoast_head_json":{"title":"AYLAS Ermordung: mildes Urteil - Feminissima","robots":{"index":"index","follow":"follow","max-snippet":"max-snippet:-1","max-image-preview":"max-image-preview:large","max-video-preview":"max-video-preview:-1"},"canonical":"https:\/\/feminissima.de\/index.php\/2006\/01\/12\/aylas-ermordung-mildes-urteil\/","og_locale":"de_DE","og_type":"article","og_title":"AYLAS Ermordung: mildes Urteil - Feminissima","og_description":"Lebenslang. Aber keine Sicherheitsverwahrung. Weil fr\u00fchere Sexualstraftaten bereits der Anrechnungsverj\u00e4hrung unterlagen....ein Bericht der Leipziger Volkszeitung.","og_url":"https:\/\/feminissima.de\/index.php\/2006\/01\/12\/aylas-ermordung-mildes-urteil\/","og_site_name":"Feminissima","article_published_time":"2006-01-12T01:03:30+00:00","author":"admin","twitter_card":"summary_large_image","twitter_misc":{"Verfasst von":"admin","Gesch\u00e4tzte Lesezeit":"3\u00a0Minuten"},"schema":{"@context":"https:\/\/schema.org","@graph":[{"@type":"WebPage","@id":"https:\/\/feminissima.de\/index.php\/2006\/01\/12\/aylas-ermordung-mildes-urteil\/","url":"https:\/\/feminissima.de\/index.php\/2006\/01\/12\/aylas-ermordung-mildes-urteil\/","name":"AYLAS Ermordung: mildes Urteil - Feminissima","isPartOf":{"@id":"https:\/\/feminissima.de\/#website"},"datePublished":"2006-01-12T01:03:30+00:00","dateModified":"2006-01-12T01:03:30+00:00","author":{"@id":"https:\/\/feminissima.de\/#\/schema\/person\/0b901e053624f88e7ecbea289d9d5128"},"breadcrumb":{"@id":"https:\/\/feminissima.de\/index.php\/2006\/01\/12\/aylas-ermordung-mildes-urteil\/#breadcrumb"},"inLanguage":"de","potentialAction":[{"@type":"ReadAction","target":["https:\/\/feminissima.de\/index.php\/2006\/01\/12\/aylas-ermordung-mildes-urteil\/"]}]},{"@type":"BreadcrumbList","@id":"https:\/\/feminissima.de\/index.php\/2006\/01\/12\/aylas-ermordung-mildes-urteil\/#breadcrumb","itemListElement":[{"@type":"ListItem","position":1,"name":"Startseite","item":"https:\/\/feminissima.de\/"},{"@type":"ListItem","position":2,"name":"AYLAS Ermordung: mildes Urteil"}]},{"@type":"WebSite","@id":"https:\/\/feminissima.de\/#website","url":"https:\/\/feminissima.de\/","name":"Feminissima","description":"","potentialAction":[{"@type":"SearchAction","target":{"@type":"EntryPoint","urlTemplate":"https:\/\/feminissima.de\/?s={search_term_string}"},"query-input":"required name=search_term_string"}],"inLanguage":"de"},{"@type":"Person","@id":"https:\/\/feminissima.de\/#\/schema\/person\/0b901e053624f88e7ecbea289d9d5128","name":"admin","image":{"@type":"ImageObject","inLanguage":"de","@id":"https:\/\/feminissima.de\/#\/schema\/person\/image\/","url":"https:\/\/secure.gravatar.com\/avatar\/8da1f51327453c0bf63338e8e2a791948b7d2ac19b68839492d1e69aac6924a8?s=96&d=mm&r=g","contentUrl":"https:\/\/secure.gravatar.com\/avatar\/8da1f51327453c0bf63338e8e2a791948b7d2ac19b68839492d1e69aac6924a8?s=96&d=mm&r=g","caption":"admin"},"url":"https:\/\/feminissima.de\/index.php\/author\/admin\/"}]}},"jetpack_featured_media_url":"","_links":{"self":[{"href":"https:\/\/feminissima.de\/index.php\/wp-json\/wp\/v2\/posts\/84195","targetHints":{"allow":["GET"]}}],"collection":[{"href":"https:\/\/feminissima.de\/index.php\/wp-json\/wp\/v2\/posts"}],"about":[{"href":"https:\/\/feminissima.de\/index.php\/wp-json\/wp\/v2\/types\/post"}],"author":[{"embeddable":true,"href":"https:\/\/feminissima.de\/index.php\/wp-json\/wp\/v2\/users\/2"}],"replies":[{"embeddable":true,"href":"https:\/\/feminissima.de\/index.php\/wp-json\/wp\/v2\/comments?post=84195"}],"version-history":[{"count":0,"href":"https:\/\/feminissima.de\/index.php\/wp-json\/wp\/v2\/posts\/84195\/revisions"}],"wp:attachment":[{"href":"https:\/\/feminissima.de\/index.php\/wp-json\/wp\/v2\/media?parent=84195"}],"wp:term":[{"taxonomy":"category","embeddable":true,"href":"https:\/\/feminissima.de\/index.php\/wp-json\/wp\/v2\/categories?post=84195"},{"taxonomy":"post_tag","embeddable":true,"href":"https:\/\/feminissima.de\/index.php\/wp-json\/wp\/v2\/tags?post=84195"}],"curies":[{"name":"wp","href":"https:\/\/api.w.org\/{rel}","templated":true}]}}