{"id":84192,"date":"2006-01-11T07:36:52","date_gmt":"2006-01-11T07:36:52","guid":{"rendered":"http:\/\/www.feminissima.de\/?p=84192"},"modified":"2006-01-11T07:36:52","modified_gmt":"2006-01-11T07:36:52","slug":"semperopernball-lebt-nach-67-jahren-wieder-auf","status":"publish","type":"post","link":"https:\/\/feminissima.de\/index.php\/2006\/01\/11\/semperopernball-lebt-nach-67-jahren-wieder-auf\/","title":{"rendered":"SemperOpernball lebt nach 67 Jahren wieder auf"},"content":{"rendered":"<p>DRESDEN: (von: pressetext.de) P\u00fcnktlich zum 800. Jubil\u00e4umsgeburtstag der Landeshauptstadt Dresden wird erstmals seit 1939 wieder der SemperOpernball http:\/\/www.semperopernball.de den internationalen Ballkalender bereichern. <\/p>\n<p>SemperOpernball in Dresden lebt nach 67 Jahren wieder auf<br \/>\n<br \/>\nH\u00f6chster Kultur-Genuss am 13. Januar p\u00fcnktlich zum Stadtjubil\u00e4um<\/p>\n<p>\nDie Semperoper in Dresden wird zum gesellschaftlichen Treffpunkt <\/p>\n<p>Dresden  &#8211; H\u00f6chster Kultur-Genuss in Elb-Florenz: P\u00fcnktlich zum 800. Jubil\u00e4umsgeburtstag der Landeshauptstadt Dresden wird erstmals seit 1939 wieder der SemperOpernball http:\/\/www.semperopernball.de den internationalen Ballkalender bereichern. \u00dcber 2.200 G\u00e4ste aus Deutschland und Europa &#8211; die Herren stilecht im Frack oder Smoking, die Damen ebenso angemessen im langen Abendkleid &#8211; feiern am 13. Januar (Freitag) in den geschmackvollen R\u00e4umlichkeiten der S\u00e4chsischen Staatsoper. Zur erwarteten Prominenz aus Wirtschaft, Politik und Showbusiness im weltber\u00fchmten Opernhaus, das im Jahr 1841 als K\u00f6nigliches Hoftheater eingeweiht worden war und zwischen Zwinger, Schloss und Frauenkirche liegt, z\u00e4hlen der argentinische Star-Tenor Marcelo Alvarez, die rum\u00e4nische Sopranistin Angela Gheorghiu, Wolfgang Stumph, Gunther Emmerlich mit der Semper House Band sowie Paul Kuhn und die Willy Ketzer Band. <\/p>\n<p>Mit dem offiziellen Er\u00f6ffnungsprogramm um 21.00 Uhr \u00fcbernimmt Schauspielerin Senta Berger die Moderation, f\u00fcr die Organisation zeichnet der Semper Opernball e.V., mit Unterst\u00fctzung der Berliner Agentur Flaskamp AG, verantwortlich. F\u00f6rderer hatten bereits seit 1997 an den Pl\u00e4nen f\u00fcr eine Renaissance dieser Festivit\u00e4t mit niveauvollen Darbietungen an traditionsreicher St\u00e4tte gebastelt. Gute Unterhaltung bis 5 Uhr fr\u00fch sollen au\u00dferdem die S\u00e4chsische Staatskapelle und der Staatsopernchor garantieren. In den Getr\u00e4nkekarten d\u00fcrfen Champagner oder edle Weine nat\u00fcrlich nicht fehlen. Qualit\u00e4t hat bekanntlich ihren Preis: Einzelne Flanierkarten kosten ab 120 Euro, f\u00fcr einen VIP-Tisch f\u00fcr zw\u00f6lf Personen im Saal sind insgesamt 16.400 Euro hinzubl\u00e4ttern. <\/p>\n<p>&#8222;Wir d\u00fcrfen uns auf eine rauschende Nacht der Superlative mit fulminanten Inszenierungen und herausragenden K\u00fcnstlern freuen. Dieser Ball soll wieder zu einem echten gesellschaftlichen Ereignis und einem besonderen Mythos werden&#8220;, sagt Projektleiterin Nicole Lohrisch gegen\u00fcber pressetext. In einer einst\u00fcndigen TV-Live\u00fcbertragung will der exklusive Medienpartner des SemperOpernballs, der Mitteldeutsche Rundfunk (MDR), seinen Zuschauern die besondere Atmosph\u00e4re in die heimischen Wohnzimmer liefern. Die weiteren Exklusivpartner sind die Brauerei Radeberger und das &#8222;Kempinski Hotel Taschenbergpalais&#8220;. Im Gegensatz zum von h\u00f6chster Etikette gepr\u00e4gten Wiener Opernball stellt der MDR durch eine &#8222;JUMP DELUXE Lounge&#8220; den Kontakt zwischen Jung und Alt her und verdeutlicht damit den bewusst moderneren Rahmen. (Ende) <\/p>\n<p>\nAussender: pressetext.deutschland<br \/>\n<br \/>\nRedakteur: Frank-Michael Rall<br \/>\n<br \/>\nemail: FMRALL@aol.com<br \/>\n<br \/>\nTel. ++49-160-368 4262  <\/p>\n","protected":false},"excerpt":{"rendered":"<p>DRESDEN: (von: pressetext.de) P\u00fcnktlich zum 800. Jubil\u00e4umsgeburtstag der Landeshauptstadt Dresden wird erstmals seit 1939 wieder der SemperOpernball http:\/\/www.semperopernball.de den internationalen Ballkalender bereichern.<br \/><\/p>\n","protected":false},"author":2,"featured_media":0,"comment_status":"closed","ping_status":"closed","sticky":false,"template":"","format":"standard","meta":{"footnotes":""},"categories":[16],"tags":[],"class_list":["post-84192","post","type-post","status-publish","format-standard","hentry","category-femreise","entry"],"yoast_head":"<!-- This site is optimized with the Yoast SEO plugin v21.0 - https:\/\/yoast.com\/wordpress\/plugins\/seo\/ -->\n<title>SemperOpernball lebt nach 67 Jahren wieder auf - Feminissima<\/title>\n<meta name=\"robots\" content=\"index, follow, max-snippet:-1, max-image-preview:large, max-video-preview:-1\" \/>\n<link rel=\"canonical\" href=\"https:\/\/feminissima.de\/index.php\/2006\/01\/11\/semperopernball-lebt-nach-67-jahren-wieder-auf\/\" \/>\n<meta property=\"og:locale\" content=\"de_DE\" \/>\n<meta property=\"og:type\" content=\"article\" \/>\n<meta property=\"og:title\" content=\"SemperOpernball lebt nach 67 Jahren wieder auf - Feminissima\" \/>\n<meta property=\"og:description\" content=\"DRESDEN: (von: pressetext.de) P\u00fcnktlich zum 800. Jubil\u00e4umsgeburtstag der Landeshauptstadt Dresden wird erstmals seit 1939 wieder der SemperOpernball http:\/\/www.semperopernball.de den internationalen Ballkalender bereichern.\" \/>\n<meta property=\"og:url\" content=\"https:\/\/feminissima.de\/index.php\/2006\/01\/11\/semperopernball-lebt-nach-67-jahren-wieder-auf\/\" \/>\n<meta property=\"og:site_name\" content=\"Feminissima\" \/>\n<meta property=\"article:published_time\" content=\"2006-01-11T07:36:52+00:00\" \/>\n<meta name=\"author\" content=\"admin\" \/>\n<meta name=\"twitter:card\" content=\"summary_large_image\" \/>\n<meta name=\"twitter:label1\" content=\"Verfasst von\" \/>\n\t<meta name=\"twitter:data1\" content=\"admin\" \/>\n\t<meta name=\"twitter:label2\" content=\"Gesch\u00e4tzte Lesezeit\" \/>\n\t<meta name=\"twitter:data2\" content=\"2\u00a0Minuten\" \/>\n<script type=\"application\/ld+json\" class=\"yoast-schema-graph\">{\"@context\":\"https:\/\/schema.org\",\"@graph\":[{\"@type\":\"WebPage\",\"@id\":\"https:\/\/feminissima.de\/index.php\/2006\/01\/11\/semperopernball-lebt-nach-67-jahren-wieder-auf\/\",\"url\":\"https:\/\/feminissima.de\/index.php\/2006\/01\/11\/semperopernball-lebt-nach-67-jahren-wieder-auf\/\",\"name\":\"SemperOpernball lebt nach 67 Jahren wieder auf - Feminissima\",\"isPartOf\":{\"@id\":\"https:\/\/feminissima.de\/#website\"},\"datePublished\":\"2006-01-11T07:36:52+00:00\",\"dateModified\":\"2006-01-11T07:36:52+00:00\",\"author\":{\"@id\":\"https:\/\/feminissima.de\/#\/schema\/person\/0b901e053624f88e7ecbea289d9d5128\"},\"breadcrumb\":{\"@id\":\"https:\/\/feminissima.de\/index.php\/2006\/01\/11\/semperopernball-lebt-nach-67-jahren-wieder-auf\/#breadcrumb\"},\"inLanguage\":\"de\",\"potentialAction\":[{\"@type\":\"ReadAction\",\"target\":[\"https:\/\/feminissima.de\/index.php\/2006\/01\/11\/semperopernball-lebt-nach-67-jahren-wieder-auf\/\"]}]},{\"@type\":\"BreadcrumbList\",\"@id\":\"https:\/\/feminissima.de\/index.php\/2006\/01\/11\/semperopernball-lebt-nach-67-jahren-wieder-auf\/#breadcrumb\",\"itemListElement\":[{\"@type\":\"ListItem\",\"position\":1,\"name\":\"Startseite\",\"item\":\"https:\/\/feminissima.de\/\"},{\"@type\":\"ListItem\",\"position\":2,\"name\":\"SemperOpernball lebt nach 67 Jahren wieder auf\"}]},{\"@type\":\"WebSite\",\"@id\":\"https:\/\/feminissima.de\/#website\",\"url\":\"https:\/\/feminissima.de\/\",\"name\":\"Feminissima\",\"description\":\"\",\"potentialAction\":[{\"@type\":\"SearchAction\",\"target\":{\"@type\":\"EntryPoint\",\"urlTemplate\":\"https:\/\/feminissima.de\/?s={search_term_string}\"},\"query-input\":\"required name=search_term_string\"}],\"inLanguage\":\"de\"},{\"@type\":\"Person\",\"@id\":\"https:\/\/feminissima.de\/#\/schema\/person\/0b901e053624f88e7ecbea289d9d5128\",\"name\":\"admin\",\"image\":{\"@type\":\"ImageObject\",\"inLanguage\":\"de\",\"@id\":\"https:\/\/feminissima.de\/#\/schema\/person\/image\/\",\"url\":\"https:\/\/secure.gravatar.com\/avatar\/8da1f51327453c0bf63338e8e2a791948b7d2ac19b68839492d1e69aac6924a8?s=96&d=mm&r=g\",\"contentUrl\":\"https:\/\/secure.gravatar.com\/avatar\/8da1f51327453c0bf63338e8e2a791948b7d2ac19b68839492d1e69aac6924a8?s=96&d=mm&r=g\",\"caption\":\"admin\"},\"url\":\"https:\/\/feminissima.de\/index.php\/author\/admin\/\"}]}<\/script>\n<!-- \/ Yoast SEO plugin. -->","yoast_head_json":{"title":"SemperOpernball lebt nach 67 Jahren wieder auf - Feminissima","robots":{"index":"index","follow":"follow","max-snippet":"max-snippet:-1","max-image-preview":"max-image-preview:large","max-video-preview":"max-video-preview:-1"},"canonical":"https:\/\/feminissima.de\/index.php\/2006\/01\/11\/semperopernball-lebt-nach-67-jahren-wieder-auf\/","og_locale":"de_DE","og_type":"article","og_title":"SemperOpernball lebt nach 67 Jahren wieder auf - Feminissima","og_description":"DRESDEN: (von: pressetext.de) P\u00fcnktlich zum 800. Jubil\u00e4umsgeburtstag der Landeshauptstadt Dresden wird erstmals seit 1939 wieder der SemperOpernball http:\/\/www.semperopernball.de den internationalen Ballkalender bereichern.","og_url":"https:\/\/feminissima.de\/index.php\/2006\/01\/11\/semperopernball-lebt-nach-67-jahren-wieder-auf\/","og_site_name":"Feminissima","article_published_time":"2006-01-11T07:36:52+00:00","author":"admin","twitter_card":"summary_large_image","twitter_misc":{"Verfasst von":"admin","Gesch\u00e4tzte Lesezeit":"2\u00a0Minuten"},"schema":{"@context":"https:\/\/schema.org","@graph":[{"@type":"WebPage","@id":"https:\/\/feminissima.de\/index.php\/2006\/01\/11\/semperopernball-lebt-nach-67-jahren-wieder-auf\/","url":"https:\/\/feminissima.de\/index.php\/2006\/01\/11\/semperopernball-lebt-nach-67-jahren-wieder-auf\/","name":"SemperOpernball lebt nach 67 Jahren wieder auf - Feminissima","isPartOf":{"@id":"https:\/\/feminissima.de\/#website"},"datePublished":"2006-01-11T07:36:52+00:00","dateModified":"2006-01-11T07:36:52+00:00","author":{"@id":"https:\/\/feminissima.de\/#\/schema\/person\/0b901e053624f88e7ecbea289d9d5128"},"breadcrumb":{"@id":"https:\/\/feminissima.de\/index.php\/2006\/01\/11\/semperopernball-lebt-nach-67-jahren-wieder-auf\/#breadcrumb"},"inLanguage":"de","potentialAction":[{"@type":"ReadAction","target":["https:\/\/feminissima.de\/index.php\/2006\/01\/11\/semperopernball-lebt-nach-67-jahren-wieder-auf\/"]}]},{"@type":"BreadcrumbList","@id":"https:\/\/feminissima.de\/index.php\/2006\/01\/11\/semperopernball-lebt-nach-67-jahren-wieder-auf\/#breadcrumb","itemListElement":[{"@type":"ListItem","position":1,"name":"Startseite","item":"https:\/\/feminissima.de\/"},{"@type":"ListItem","position":2,"name":"SemperOpernball lebt nach 67 Jahren wieder auf"}]},{"@type":"WebSite","@id":"https:\/\/feminissima.de\/#website","url":"https:\/\/feminissima.de\/","name":"Feminissima","description":"","potentialAction":[{"@type":"SearchAction","target":{"@type":"EntryPoint","urlTemplate":"https:\/\/feminissima.de\/?s={search_term_string}"},"query-input":"required name=search_term_string"}],"inLanguage":"de"},{"@type":"Person","@id":"https:\/\/feminissima.de\/#\/schema\/person\/0b901e053624f88e7ecbea289d9d5128","name":"admin","image":{"@type":"ImageObject","inLanguage":"de","@id":"https:\/\/feminissima.de\/#\/schema\/person\/image\/","url":"https:\/\/secure.gravatar.com\/avatar\/8da1f51327453c0bf63338e8e2a791948b7d2ac19b68839492d1e69aac6924a8?s=96&d=mm&r=g","contentUrl":"https:\/\/secure.gravatar.com\/avatar\/8da1f51327453c0bf63338e8e2a791948b7d2ac19b68839492d1e69aac6924a8?s=96&d=mm&r=g","caption":"admin"},"url":"https:\/\/feminissima.de\/index.php\/author\/admin\/"}]}},"jetpack_featured_media_url":"","_links":{"self":[{"href":"https:\/\/feminissima.de\/index.php\/wp-json\/wp\/v2\/posts\/84192","targetHints":{"allow":["GET"]}}],"collection":[{"href":"https:\/\/feminissima.de\/index.php\/wp-json\/wp\/v2\/posts"}],"about":[{"href":"https:\/\/feminissima.de\/index.php\/wp-json\/wp\/v2\/types\/post"}],"author":[{"embeddable":true,"href":"https:\/\/feminissima.de\/index.php\/wp-json\/wp\/v2\/users\/2"}],"replies":[{"embeddable":true,"href":"https:\/\/feminissima.de\/index.php\/wp-json\/wp\/v2\/comments?post=84192"}],"version-history":[{"count":0,"href":"https:\/\/feminissima.de\/index.php\/wp-json\/wp\/v2\/posts\/84192\/revisions"}],"wp:attachment":[{"href":"https:\/\/feminissima.de\/index.php\/wp-json\/wp\/v2\/media?parent=84192"}],"wp:term":[{"taxonomy":"category","embeddable":true,"href":"https:\/\/feminissima.de\/index.php\/wp-json\/wp\/v2\/categories?post=84192"},{"taxonomy":"post_tag","embeddable":true,"href":"https:\/\/feminissima.de\/index.php\/wp-json\/wp\/v2\/tags?post=84192"}],"curies":[{"name":"wp","href":"https:\/\/api.w.org\/{rel}","templated":true}]}}