{"id":84191,"date":"2006-01-11T07:16:13","date_gmt":"2006-01-11T07:16:13","guid":{"rendered":"http:\/\/www.feminissima.de\/?p=84191"},"modified":"2006-01-11T07:16:13","modified_gmt":"2006-01-11T07:16:13","slug":"abschied-in-bad-reichenhall","status":"publish","type":"post","link":"https:\/\/feminissima.de\/index.php\/2006\/01\/11\/abschied-in-bad-reichenhall\/","title":{"rendered":"Abschied in Bad Reichenhall"},"content":{"rendered":"<p>Gestern &#8211; <\/p>\n<table width=\"100%\">\n<tr>\n<td style=\"background-image=url('images\/monet-heller.jpg')\"><font size=\"+1\">Altes Testament: ICH LASSE DICH NICHT FALLEN UND VERLASSE DICH NICHT.<\/p>\n<p>K\u00f6nnen diese Worte tr\u00f6sten?<\/p>\n<p>Gibt es \u00fcberhaupt Trost?<\/p>\n<p>Acht Tage.<\/p>\n<p>Acht Tage ist es her.<br \/>Es geschah vor acht Tagen.<\/p>\n<p>Gleich am zweiten Tag im neuen Jahr.<br \/>Wie standen die Sterne an diesem Tag?<br \/>Als das Dach der Eissporthalle in Bad Reichenhall einst\u00fcrzte und die Menschen unter sich begrub?<br \/>Gleichzeitig in den Bergen drei junge Leute ihr Leben im Schnee lassen mu\u00dften?<br \/>Bei einem Lawinenungl\u00fcck, unweit des Ortes? <\/p>\n<p>Die Kirche Sankt Zeno in Bad Reichenhall, w\u00e4hrend des Trauergottesdienstes, gestern, <\/p>\n<p>der Abschied ist herzzerrei\u00dfend, von den 15 Toten in Bad Reichenhall: <\/p>\n<p>Kerze f\u00fcr Kerze wird beim Trauergottesdienst am Dienstagabend entz\u00fcndet, eines f\u00fcr jedes Leben, das beim Einsturz der Eishalle so unvermittelt erloschen ist. <br \/>Minutenlang l\u00e4utet die Totenglocke, <br \/>w\u00e4hrend Stadtpfarrer Helmut Bauer die Namen der Opfer verliest. <br \/> Knapp 1.000 Menschen haben sich versammelt,<br \/> um den get\u00f6teten drei Frauen und zw\u00f6lf Kindern und Jugendlichen die letzte Ehre zu erweisen. <\/p>\n<p>An dem gut einst\u00fcndigen \u00f6kumenischen Gottesdienst, den der M\u00fcnchner Kardinal Friedrich Wetter gemeinsam mit der evangelischen Regionalbisch\u00f6fin f\u00fcr M\u00fcnchen und Oberbayern, Susanne Breit-Ke\u00dfler, zelebriert,<br \/> nehmen auch der bayerische Ministerpr\u00e4sident Edmund Stoiber mit seiner Frau Karin teil, <br \/>zahlreiche Staatsminister sowie als Vertreter der Bundesregierung Wirtschaftsminister Michael Glos.<\/p>\n<p>\u00abBl\u00fchendes Leben ausgel\u00f6scht von einer Minute auf die andere\u00bb, <br \/>sagt Bisch\u00f6fin Breit-Ke\u00dfler, in ihrer Predigt. <br \/>\u00abNichts ist mehr, wie es vorher war.\u00bb <\/p>\n<p>Das j\u00fcngste Opfer, die siebenj\u00e4hrige Lea, starb gemeinsam mit ihrer Mutter in den tonnenschweren Tr\u00fcmmern der Eishalle. <\/p>\n<p>Zur\u00fcck bleiben zwei Br\u00fcder, die jetzt Vollwaisen sind. <\/p>\n<p>Die Eltern der elfj\u00e4hrigen Christina und der achtj\u00e4hrigen Marina verloren am Montag vergangener Woche beide Kinder.<\/p>\n<p> \u00abNicht nur die Eislaufhalle ist zusammengebrochen\u00bb, sagt Kardinal Wetter, \u00abf\u00fcr die Familien und Angeh\u00f6rigen ist die Welt eingest\u00fcrzt.\u00bb <\/p>\n<p>Und mit den Angeh\u00f6rigen, die trauernd in den vorderen Reihen sitzen, teilt er den Schmerz:<\/p>\n<p> \u00abDas tragische Ungl\u00fcck hat tiefe Wunden geschlagen. Ihre Herzen bluten.\u00bb <\/p>\n<p>Das so hoffnungsfroh begonnene neue Jahr habe bereits am zweiten Tag \u00abunendlichen Schmerz und gro\u00dfes Leid\u00bb gebracht, erinnert Breit-Ke\u00dfler an den 2. Januar, an dem au\u00dferdem drei junge Menschen von einer Lawine nahe Bad Reichenhall in den Tod gerissen wurden.<\/p>\n<p> Auch f\u00fcr sie z\u00fcnden katholische und evangelische Ortspfarrer, Helfer des Katastropheneinsatzes und Mitglieder des Kriseninterventionsteams Kerzen an der Osterkerze, dem Symbol f\u00fcr ewiges Leben, an. Schweigend werden die Kerzen auf den Altar gestellt. <\/p>\n<p>Der Berchtesgadener Landrat Georg Grabner spricht mit br\u00fcchiger Stimme von einem unvergleichlich leidvollen Tag in der Geschichte der Region.<\/p>\n<p> Wie Stoiber und der Reichenhaller Oberb\u00fcrgermeister Wolfgang Heitmeier spricht auch Grabner den Angeh\u00f6rigen sein Beileid aus und w\u00fcnscht ihnen Kraft. <br \/>Au\u00dferdem danken die Politiker den hunderten Rettern f\u00fcr ihren unerm\u00fcdlichen Einsatz \u00fcber Tage hinweg.<\/p>\n<p>Stoiber betont die Solidarit\u00e4t mit den Hinterbliebenen:<\/p>\n<p> \u00abSie sind nicht allein. Ganz Bayern trauert mit Ihnen.\u00bb <\/p>\n<p>Als Zeichen der Betroffenheit wehten am Dienstag im ganzen Freistaat die Flaggen an allen \u00f6ffentlichen Geb\u00e4uden auf Halbmast. <\/p>\n<p>Der \u00f6kumenische Trauergottesdienst wird live im Fernsehen \u00fcbertragen. <\/p>\n<p>Wir trauern alle.<\/p>\n","protected":false},"excerpt":{"rendered":"<p>Gestern &#8211; <\/p>\n","protected":false},"author":2,"featured_media":0,"comment_status":"closed","ping_status":"closed","sticky":false,"template":"","format":"standard","meta":{"footnotes":""},"categories":[12],"tags":[],"class_list":["post-84191","post","type-post","status-publish","format-standard","hentry","category-femleben","entry"],"yoast_head":"<!-- This site is optimized with the Yoast SEO plugin v21.0 - https:\/\/yoast.com\/wordpress\/plugins\/seo\/ -->\n<title>Abschied in Bad Reichenhall - Feminissima<\/title>\n<meta name=\"robots\" content=\"index, follow, max-snippet:-1, max-image-preview:large, max-video-preview:-1\" \/>\n<link rel=\"canonical\" href=\"https:\/\/feminissima.de\/index.php\/2006\/01\/11\/abschied-in-bad-reichenhall\/\" \/>\n<meta property=\"og:locale\" content=\"de_DE\" \/>\n<meta property=\"og:type\" content=\"article\" \/>\n<meta property=\"og:title\" content=\"Abschied in Bad Reichenhall - Feminissima\" \/>\n<meta property=\"og:description\" content=\"Gestern -\" \/>\n<meta property=\"og:url\" content=\"https:\/\/feminissima.de\/index.php\/2006\/01\/11\/abschied-in-bad-reichenhall\/\" \/>\n<meta property=\"og:site_name\" content=\"Feminissima\" \/>\n<meta property=\"article:published_time\" content=\"2006-01-11T07:16:13+00:00\" \/>\n<meta name=\"author\" content=\"admin\" \/>\n<meta name=\"twitter:card\" content=\"summary_large_image\" \/>\n<meta name=\"twitter:label1\" content=\"Verfasst von\" \/>\n\t<meta name=\"twitter:data1\" content=\"admin\" \/>\n\t<meta name=\"twitter:label2\" content=\"Gesch\u00e4tzte Lesezeit\" \/>\n\t<meta name=\"twitter:data2\" content=\"3\u00a0Minuten\" \/>\n<script type=\"application\/ld+json\" class=\"yoast-schema-graph\">{\"@context\":\"https:\/\/schema.org\",\"@graph\":[{\"@type\":\"WebPage\",\"@id\":\"https:\/\/feminissima.de\/index.php\/2006\/01\/11\/abschied-in-bad-reichenhall\/\",\"url\":\"https:\/\/feminissima.de\/index.php\/2006\/01\/11\/abschied-in-bad-reichenhall\/\",\"name\":\"Abschied in Bad Reichenhall - Feminissima\",\"isPartOf\":{\"@id\":\"https:\/\/feminissima.de\/#website\"},\"datePublished\":\"2006-01-11T07:16:13+00:00\",\"dateModified\":\"2006-01-11T07:16:13+00:00\",\"author\":{\"@id\":\"https:\/\/feminissima.de\/#\/schema\/person\/0b901e053624f88e7ecbea289d9d5128\"},\"breadcrumb\":{\"@id\":\"https:\/\/feminissima.de\/index.php\/2006\/01\/11\/abschied-in-bad-reichenhall\/#breadcrumb\"},\"inLanguage\":\"de\",\"potentialAction\":[{\"@type\":\"ReadAction\",\"target\":[\"https:\/\/feminissima.de\/index.php\/2006\/01\/11\/abschied-in-bad-reichenhall\/\"]}]},{\"@type\":\"BreadcrumbList\",\"@id\":\"https:\/\/feminissima.de\/index.php\/2006\/01\/11\/abschied-in-bad-reichenhall\/#breadcrumb\",\"itemListElement\":[{\"@type\":\"ListItem\",\"position\":1,\"name\":\"Startseite\",\"item\":\"https:\/\/feminissima.de\/\"},{\"@type\":\"ListItem\",\"position\":2,\"name\":\"Abschied in Bad Reichenhall\"}]},{\"@type\":\"WebSite\",\"@id\":\"https:\/\/feminissima.de\/#website\",\"url\":\"https:\/\/feminissima.de\/\",\"name\":\"Feminissima\",\"description\":\"\",\"potentialAction\":[{\"@type\":\"SearchAction\",\"target\":{\"@type\":\"EntryPoint\",\"urlTemplate\":\"https:\/\/feminissima.de\/?s={search_term_string}\"},\"query-input\":\"required name=search_term_string\"}],\"inLanguage\":\"de\"},{\"@type\":\"Person\",\"@id\":\"https:\/\/feminissima.de\/#\/schema\/person\/0b901e053624f88e7ecbea289d9d5128\",\"name\":\"admin\",\"image\":{\"@type\":\"ImageObject\",\"inLanguage\":\"de\",\"@id\":\"https:\/\/feminissima.de\/#\/schema\/person\/image\/\",\"url\":\"https:\/\/secure.gravatar.com\/avatar\/8da1f51327453c0bf63338e8e2a791948b7d2ac19b68839492d1e69aac6924a8?s=96&d=mm&r=g\",\"contentUrl\":\"https:\/\/secure.gravatar.com\/avatar\/8da1f51327453c0bf63338e8e2a791948b7d2ac19b68839492d1e69aac6924a8?s=96&d=mm&r=g\",\"caption\":\"admin\"},\"url\":\"https:\/\/feminissima.de\/index.php\/author\/admin\/\"}]}<\/script>\n<!-- \/ Yoast SEO plugin. -->","yoast_head_json":{"title":"Abschied in Bad Reichenhall - Feminissima","robots":{"index":"index","follow":"follow","max-snippet":"max-snippet:-1","max-image-preview":"max-image-preview:large","max-video-preview":"max-video-preview:-1"},"canonical":"https:\/\/feminissima.de\/index.php\/2006\/01\/11\/abschied-in-bad-reichenhall\/","og_locale":"de_DE","og_type":"article","og_title":"Abschied in Bad Reichenhall - Feminissima","og_description":"Gestern -","og_url":"https:\/\/feminissima.de\/index.php\/2006\/01\/11\/abschied-in-bad-reichenhall\/","og_site_name":"Feminissima","article_published_time":"2006-01-11T07:16:13+00:00","author":"admin","twitter_card":"summary_large_image","twitter_misc":{"Verfasst von":"admin","Gesch\u00e4tzte Lesezeit":"3\u00a0Minuten"},"schema":{"@context":"https:\/\/schema.org","@graph":[{"@type":"WebPage","@id":"https:\/\/feminissima.de\/index.php\/2006\/01\/11\/abschied-in-bad-reichenhall\/","url":"https:\/\/feminissima.de\/index.php\/2006\/01\/11\/abschied-in-bad-reichenhall\/","name":"Abschied in Bad Reichenhall - Feminissima","isPartOf":{"@id":"https:\/\/feminissima.de\/#website"},"datePublished":"2006-01-11T07:16:13+00:00","dateModified":"2006-01-11T07:16:13+00:00","author":{"@id":"https:\/\/feminissima.de\/#\/schema\/person\/0b901e053624f88e7ecbea289d9d5128"},"breadcrumb":{"@id":"https:\/\/feminissima.de\/index.php\/2006\/01\/11\/abschied-in-bad-reichenhall\/#breadcrumb"},"inLanguage":"de","potentialAction":[{"@type":"ReadAction","target":["https:\/\/feminissima.de\/index.php\/2006\/01\/11\/abschied-in-bad-reichenhall\/"]}]},{"@type":"BreadcrumbList","@id":"https:\/\/feminissima.de\/index.php\/2006\/01\/11\/abschied-in-bad-reichenhall\/#breadcrumb","itemListElement":[{"@type":"ListItem","position":1,"name":"Startseite","item":"https:\/\/feminissima.de\/"},{"@type":"ListItem","position":2,"name":"Abschied in Bad Reichenhall"}]},{"@type":"WebSite","@id":"https:\/\/feminissima.de\/#website","url":"https:\/\/feminissima.de\/","name":"Feminissima","description":"","potentialAction":[{"@type":"SearchAction","target":{"@type":"EntryPoint","urlTemplate":"https:\/\/feminissima.de\/?s={search_term_string}"},"query-input":"required name=search_term_string"}],"inLanguage":"de"},{"@type":"Person","@id":"https:\/\/feminissima.de\/#\/schema\/person\/0b901e053624f88e7ecbea289d9d5128","name":"admin","image":{"@type":"ImageObject","inLanguage":"de","@id":"https:\/\/feminissima.de\/#\/schema\/person\/image\/","url":"https:\/\/secure.gravatar.com\/avatar\/8da1f51327453c0bf63338e8e2a791948b7d2ac19b68839492d1e69aac6924a8?s=96&d=mm&r=g","contentUrl":"https:\/\/secure.gravatar.com\/avatar\/8da1f51327453c0bf63338e8e2a791948b7d2ac19b68839492d1e69aac6924a8?s=96&d=mm&r=g","caption":"admin"},"url":"https:\/\/feminissima.de\/index.php\/author\/admin\/"}]}},"jetpack_featured_media_url":"","_links":{"self":[{"href":"https:\/\/feminissima.de\/index.php\/wp-json\/wp\/v2\/posts\/84191","targetHints":{"allow":["GET"]}}],"collection":[{"href":"https:\/\/feminissima.de\/index.php\/wp-json\/wp\/v2\/posts"}],"about":[{"href":"https:\/\/feminissima.de\/index.php\/wp-json\/wp\/v2\/types\/post"}],"author":[{"embeddable":true,"href":"https:\/\/feminissima.de\/index.php\/wp-json\/wp\/v2\/users\/2"}],"replies":[{"embeddable":true,"href":"https:\/\/feminissima.de\/index.php\/wp-json\/wp\/v2\/comments?post=84191"}],"version-history":[{"count":0,"href":"https:\/\/feminissima.de\/index.php\/wp-json\/wp\/v2\/posts\/84191\/revisions"}],"wp:attachment":[{"href":"https:\/\/feminissima.de\/index.php\/wp-json\/wp\/v2\/media?parent=84191"}],"wp:term":[{"taxonomy":"category","embeddable":true,"href":"https:\/\/feminissima.de\/index.php\/wp-json\/wp\/v2\/categories?post=84191"},{"taxonomy":"post_tag","embeddable":true,"href":"https:\/\/feminissima.de\/index.php\/wp-json\/wp\/v2\/tags?post=84191"}],"curies":[{"name":"wp","href":"https:\/\/api.w.org\/{rel}","templated":true}]}}