{"id":84127,"date":"2005-12-10T00:58:38","date_gmt":"2005-12-10T00:58:38","guid":{"rendered":"http:\/\/www.feminissima.de\/?p=84127"},"modified":"2005-12-10T00:58:38","modified_gmt":"2005-12-10T00:58:38","slug":"das-erbe-der-vaeter","status":"publish","type":"post","link":"https:\/\/feminissima.de\/index.php\/2005\/12\/10\/das-erbe-der-vaeter\/","title":{"rendered":"&#8222;Das ERBE DER V\u00c4TER"},"content":{"rendered":"<p>wie der Otto-Wolff-Konzern arisch wurde &#8211; gestern Abend auf 3-sat. \/Vom WDR.\/Eine typsch deutsche Geschichte. Man sollte vielleicht sagen &#8211; eine typisch j\u00fcdische Geschichte &#8211; die Nazis nahmen alles..<br \/>  Das Erbe der V\u00e4ter<br \/>\n<br \/>\n Wie der Otto Wolff-Konzern arisch wurde  <\/p>\n<p>      \u00a9 WDR  <\/p>\n<p>Zwei Menschen mit einer gemeinsamen Vorgeschichte, deren Lebensl\u00e4ufe aber unterschiedlicher nicht sein k\u00f6nnten. Der eine, Otto Wolff von Amerongen, war lange Jahre der wichtigste Repr\u00e4sentant der deutschen Wirtschaft und ist Ehrenpr\u00e4sident des Deutschen Industrie- und Handelstages, ein reicher und m\u00e4chtiger Mann. Der andere, Ulrich Strau\u00df, lebt in Los Angeles am Rande der Gesellschaft. Ihre Biografien sind exemplarisch f\u00fcr eines der dunkelsten Kapitel der deutschen Geschichte.  <\/p>\n<p>\nAnfang des 20. Jahrhunderts gr\u00fcndeten die V\u00e4ter der beiden, Otto Wolff und Ottmar Strau\u00df, in K\u00f6ln die Eisenhandelsfirma Otto Wolff, die in wenigen Jahren zu einem der bedeutendsten deutschen Industriekonzerne heranwuchs. Kurz nach der Machtergreifung durch die Nazis musste Ottmar Strau\u00df als Jude den Konzern verlassen. Zun\u00e4chst gingen seine Konzernbeteiligungen, sp\u00e4ter auch seine wertvollen Immobilien auf seinen Kompagnon Wolff \u00fcber. Strau\u00df verstarb v\u00f6llig verarmt im Schweizer Exil, nachdem er im letzten Moment noch die Flucht seines Sohnes Ulrich vor den Nazis nach Amerika m\u00f6glich gemacht hatte.  <\/p>\n<p>Ulrich Strau\u00df, Sohn von Ottmar Strau\u00df  <\/p>\n<p>W\u00e4hrend Ulrich sich in den Vereinigten Staaten mehr schlecht als recht durchschl\u00e4gt, wird nach dem Tode von Otto Wolff 1940 dessen Sohn Otto Wolff von Amerongen Firmenchef. Als Ulrich Strau\u00df f\u00fcr die Auspl\u00fcnderung seiner Familie als Folge der nationalsozialistischen Rassenpolitik Entsch\u00e4digung von Otto Wolff verlangt, st\u00f6\u00dft er auf eine Mauer des Schweigens. Erst nach f\u00fcnfj\u00e4hrigem Rechtsstreit schlie\u00dfen sie einen Vergleich. F\u00fcr den Verlust seines riesigen Verm\u00f6gens bekommt Strau\u00df 7 Millionen DM und damit nur einen Bruchteil dessen, was ihm eigentlich zugestanden h\u00e4tte.<br \/>\n<br \/>\nBesonders delikat ist die Tatsache, dass sich Otto Wolff von Amerongen \u00e4u\u00dferst lukrativ mit dem Naziregime arrangierte. Er t\u00e4tigte f\u00fcr die F\u00fchrung des NS Staates Aktieneink\u00e4ufe und Verk\u00e4ufe von sog. &#8222;Raubaktien&#8220; j\u00fcdischer Herkunft. Daneben k\u00fcmmerte sich Otto Wolff von Amerongen um den Nachschub an Wolfram, ein Metall, das zur Produktion von Kanonenrohren und Gewehrl\u00e4ufen dringend ben\u00f6tigt wurde. Die Gewinne, die von Amerongen in Kooperation mit dem Naziregime anh\u00e4ufen konnte, waren immens und sie konnten vor allem in die Nachkriegs\u00e4ra gerettet werden. Lange Zeit fragte auch niemand nach der Vergangenheit des Konzerns und seines Besitzers. Otto Wolff von Amerongen hatte beste Beziehungen zu fast allen deutschen Kanzlern. Am 7. September 2001, in dem Jahr, in dem auch seine Verstrickungen mit dem Naziregime bekannt werden, erh\u00e4lt von Amerongen in Berlin das Gro\u00dfkreuz des Bundesverdienstordens &#8211; die h\u00f6chste Auszeichnung Deutschlands. Zu dem unr\u00fchmlichen Kapitel m\u00f6chte sich Otto Wolff von Amerongen dagegen weder im Interview \u00e4u\u00dfern, noch Einsicht in die Firmenakten gew\u00e4hren. <\/p>\n<p>Daf\u00fcr erschien im Auftrag der Otto-Wolff-Stiftung eine Interpretation der Firmengeschichte. Sieben Historiker beschreiben sehr detailliert die Geschichte der Firma. Die Zeit von 1933-45 wird in dem Buch nicht ausgeblendet, doch die W\u00fcrdigung der Person Otto Wolffs und Otto Wolff von Amerongens steht in dem Buch nat\u00fcrlich im Vordergrund.<\/p>\n<p>Der Film &#8222;Das Erbe der V\u00e4ter&#8220;, dokumentiert die systematische Auspl\u00fcnderung der Familie Strau\u00df, eine der ehemals reichsten j\u00fcdischen Industriellenfamilien in Deutschland. Er zeigt, wie die S\u00f6hne mit dem Erbe der V\u00e4ter, das mit der Hypothek der deutschen Geschichte belastet ist, umgehen. Ein Film von Gert Monheim und J\u00fcrgen Naumann. <\/p>\n<p>\nFreitag, 09. Dezember 2005, 20.15 Uhr  <\/p>\n<p>\n Interview mit dem Historiker Janis Schmelzer \u00fcber die Rolle von Amerongens im Zweiten Weltkrieg.<br \/>\n<br \/>\n IHK K\u00f6ln: Geschichte von Otto Wolff erschienen   <\/p>\n<p>\n Hehler f\u00fcr Hitler &#8211; Die geheimen Gesch\u00e4fte der Firma Otto Wolff (Sendung 2004)  <\/p>\n<p> 05.12.2005 \/ WDR SRR  <\/p>\n","protected":false},"excerpt":{"rendered":"<p>wie der Otto-Wolff-Konzern arisch wurde &#8211; gestern Abend auf 3-sat. \/Vom WDR.\/Eine typsch deutsche Geschichte. Man sollte vielleicht sagen &#8211; eine typisch j\u00fcdische Geschichte &#8211; die Nazis nahmen alles..<\/p>\n","protected":false},"author":2,"featured_media":0,"comment_status":"closed","ping_status":"closed","sticky":false,"template":"","format":"standard","meta":{"footnotes":""},"categories":[15],"tags":[],"class_list":["post-84127","post","type-post","status-publish","format-standard","hentry","category-femrecht","entry"],"yoast_head":"<!-- This site is optimized with the Yoast SEO plugin v21.0 - https:\/\/yoast.com\/wordpress\/plugins\/seo\/ -->\n<title>&quot;Das ERBE DER V\u00c4TER - Feminissima<\/title>\n<meta name=\"robots\" content=\"index, follow, max-snippet:-1, max-image-preview:large, max-video-preview:-1\" \/>\n<link rel=\"canonical\" href=\"https:\/\/feminissima.de\/index.php\/2005\/12\/10\/das-erbe-der-vaeter\/\" \/>\n<meta property=\"og:locale\" content=\"de_DE\" \/>\n<meta property=\"og:type\" content=\"article\" \/>\n<meta property=\"og:title\" content=\"&quot;Das ERBE DER V\u00c4TER - Feminissima\" \/>\n<meta property=\"og:description\" content=\"wie der Otto-Wolff-Konzern arisch wurde - gestern Abend auf 3-sat. \/Vom WDR.\/Eine typsch deutsche Geschichte. Man sollte vielleicht sagen - eine typisch j\u00fcdische Geschichte - die Nazis nahmen alles..\" \/>\n<meta property=\"og:url\" content=\"https:\/\/feminissima.de\/index.php\/2005\/12\/10\/das-erbe-der-vaeter\/\" \/>\n<meta property=\"og:site_name\" content=\"Feminissima\" \/>\n<meta property=\"article:published_time\" content=\"2005-12-10T00:58:38+00:00\" \/>\n<meta name=\"author\" content=\"admin\" \/>\n<meta name=\"twitter:card\" content=\"summary_large_image\" \/>\n<meta name=\"twitter:label1\" content=\"Verfasst von\" \/>\n\t<meta name=\"twitter:data1\" content=\"admin\" \/>\n\t<meta name=\"twitter:label2\" content=\"Gesch\u00e4tzte Lesezeit\" \/>\n\t<meta name=\"twitter:data2\" content=\"3\u00a0Minuten\" \/>\n<script type=\"application\/ld+json\" class=\"yoast-schema-graph\">{\"@context\":\"https:\/\/schema.org\",\"@graph\":[{\"@type\":\"WebPage\",\"@id\":\"https:\/\/feminissima.de\/index.php\/2005\/12\/10\/das-erbe-der-vaeter\/\",\"url\":\"https:\/\/feminissima.de\/index.php\/2005\/12\/10\/das-erbe-der-vaeter\/\",\"name\":\"\\\"Das ERBE DER V\u00c4TER - Feminissima\",\"isPartOf\":{\"@id\":\"https:\/\/feminissima.de\/#website\"},\"datePublished\":\"2005-12-10T00:58:38+00:00\",\"dateModified\":\"2005-12-10T00:58:38+00:00\",\"author\":{\"@id\":\"https:\/\/feminissima.de\/#\/schema\/person\/0b901e053624f88e7ecbea289d9d5128\"},\"breadcrumb\":{\"@id\":\"https:\/\/feminissima.de\/index.php\/2005\/12\/10\/das-erbe-der-vaeter\/#breadcrumb\"},\"inLanguage\":\"de\",\"potentialAction\":[{\"@type\":\"ReadAction\",\"target\":[\"https:\/\/feminissima.de\/index.php\/2005\/12\/10\/das-erbe-der-vaeter\/\"]}]},{\"@type\":\"BreadcrumbList\",\"@id\":\"https:\/\/feminissima.de\/index.php\/2005\/12\/10\/das-erbe-der-vaeter\/#breadcrumb\",\"itemListElement\":[{\"@type\":\"ListItem\",\"position\":1,\"name\":\"Startseite\",\"item\":\"https:\/\/feminissima.de\/\"},{\"@type\":\"ListItem\",\"position\":2,\"name\":\"&#8222;Das ERBE DER V\u00c4TER\"}]},{\"@type\":\"WebSite\",\"@id\":\"https:\/\/feminissima.de\/#website\",\"url\":\"https:\/\/feminissima.de\/\",\"name\":\"Feminissima\",\"description\":\"\",\"potentialAction\":[{\"@type\":\"SearchAction\",\"target\":{\"@type\":\"EntryPoint\",\"urlTemplate\":\"https:\/\/feminissima.de\/?s={search_term_string}\"},\"query-input\":\"required name=search_term_string\"}],\"inLanguage\":\"de\"},{\"@type\":\"Person\",\"@id\":\"https:\/\/feminissima.de\/#\/schema\/person\/0b901e053624f88e7ecbea289d9d5128\",\"name\":\"admin\",\"image\":{\"@type\":\"ImageObject\",\"inLanguage\":\"de\",\"@id\":\"https:\/\/feminissima.de\/#\/schema\/person\/image\/\",\"url\":\"https:\/\/secure.gravatar.com\/avatar\/8da1f51327453c0bf63338e8e2a791948b7d2ac19b68839492d1e69aac6924a8?s=96&d=mm&r=g\",\"contentUrl\":\"https:\/\/secure.gravatar.com\/avatar\/8da1f51327453c0bf63338e8e2a791948b7d2ac19b68839492d1e69aac6924a8?s=96&d=mm&r=g\",\"caption\":\"admin\"},\"url\":\"https:\/\/feminissima.de\/index.php\/author\/admin\/\"}]}<\/script>\n<!-- \/ Yoast SEO plugin. -->","yoast_head_json":{"title":"\"Das ERBE DER V\u00c4TER - Feminissima","robots":{"index":"index","follow":"follow","max-snippet":"max-snippet:-1","max-image-preview":"max-image-preview:large","max-video-preview":"max-video-preview:-1"},"canonical":"https:\/\/feminissima.de\/index.php\/2005\/12\/10\/das-erbe-der-vaeter\/","og_locale":"de_DE","og_type":"article","og_title":"\"Das ERBE DER V\u00c4TER - Feminissima","og_description":"wie der Otto-Wolff-Konzern arisch wurde - gestern Abend auf 3-sat. \/Vom WDR.\/Eine typsch deutsche Geschichte. Man sollte vielleicht sagen - eine typisch j\u00fcdische Geschichte - die Nazis nahmen alles..","og_url":"https:\/\/feminissima.de\/index.php\/2005\/12\/10\/das-erbe-der-vaeter\/","og_site_name":"Feminissima","article_published_time":"2005-12-10T00:58:38+00:00","author":"admin","twitter_card":"summary_large_image","twitter_misc":{"Verfasst von":"admin","Gesch\u00e4tzte Lesezeit":"3\u00a0Minuten"},"schema":{"@context":"https:\/\/schema.org","@graph":[{"@type":"WebPage","@id":"https:\/\/feminissima.de\/index.php\/2005\/12\/10\/das-erbe-der-vaeter\/","url":"https:\/\/feminissima.de\/index.php\/2005\/12\/10\/das-erbe-der-vaeter\/","name":"\"Das ERBE DER V\u00c4TER - Feminissima","isPartOf":{"@id":"https:\/\/feminissima.de\/#website"},"datePublished":"2005-12-10T00:58:38+00:00","dateModified":"2005-12-10T00:58:38+00:00","author":{"@id":"https:\/\/feminissima.de\/#\/schema\/person\/0b901e053624f88e7ecbea289d9d5128"},"breadcrumb":{"@id":"https:\/\/feminissima.de\/index.php\/2005\/12\/10\/das-erbe-der-vaeter\/#breadcrumb"},"inLanguage":"de","potentialAction":[{"@type":"ReadAction","target":["https:\/\/feminissima.de\/index.php\/2005\/12\/10\/das-erbe-der-vaeter\/"]}]},{"@type":"BreadcrumbList","@id":"https:\/\/feminissima.de\/index.php\/2005\/12\/10\/das-erbe-der-vaeter\/#breadcrumb","itemListElement":[{"@type":"ListItem","position":1,"name":"Startseite","item":"https:\/\/feminissima.de\/"},{"@type":"ListItem","position":2,"name":"&#8222;Das ERBE DER V\u00c4TER"}]},{"@type":"WebSite","@id":"https:\/\/feminissima.de\/#website","url":"https:\/\/feminissima.de\/","name":"Feminissima","description":"","potentialAction":[{"@type":"SearchAction","target":{"@type":"EntryPoint","urlTemplate":"https:\/\/feminissima.de\/?s={search_term_string}"},"query-input":"required name=search_term_string"}],"inLanguage":"de"},{"@type":"Person","@id":"https:\/\/feminissima.de\/#\/schema\/person\/0b901e053624f88e7ecbea289d9d5128","name":"admin","image":{"@type":"ImageObject","inLanguage":"de","@id":"https:\/\/feminissima.de\/#\/schema\/person\/image\/","url":"https:\/\/secure.gravatar.com\/avatar\/8da1f51327453c0bf63338e8e2a791948b7d2ac19b68839492d1e69aac6924a8?s=96&d=mm&r=g","contentUrl":"https:\/\/secure.gravatar.com\/avatar\/8da1f51327453c0bf63338e8e2a791948b7d2ac19b68839492d1e69aac6924a8?s=96&d=mm&r=g","caption":"admin"},"url":"https:\/\/feminissima.de\/index.php\/author\/admin\/"}]}},"jetpack_featured_media_url":"","_links":{"self":[{"href":"https:\/\/feminissima.de\/index.php\/wp-json\/wp\/v2\/posts\/84127","targetHints":{"allow":["GET"]}}],"collection":[{"href":"https:\/\/feminissima.de\/index.php\/wp-json\/wp\/v2\/posts"}],"about":[{"href":"https:\/\/feminissima.de\/index.php\/wp-json\/wp\/v2\/types\/post"}],"author":[{"embeddable":true,"href":"https:\/\/feminissima.de\/index.php\/wp-json\/wp\/v2\/users\/2"}],"replies":[{"embeddable":true,"href":"https:\/\/feminissima.de\/index.php\/wp-json\/wp\/v2\/comments?post=84127"}],"version-history":[{"count":0,"href":"https:\/\/feminissima.de\/index.php\/wp-json\/wp\/v2\/posts\/84127\/revisions"}],"wp:attachment":[{"href":"https:\/\/feminissima.de\/index.php\/wp-json\/wp\/v2\/media?parent=84127"}],"wp:term":[{"taxonomy":"category","embeddable":true,"href":"https:\/\/feminissima.de\/index.php\/wp-json\/wp\/v2\/categories?post=84127"},{"taxonomy":"post_tag","embeddable":true,"href":"https:\/\/feminissima.de\/index.php\/wp-json\/wp\/v2\/tags?post=84127"}],"curies":[{"name":"wp","href":"https:\/\/api.w.org\/{rel}","templated":true}]}}