{"id":84082,"date":"2005-11-21T14:17:56","date_gmt":"2005-11-21T14:17:56","guid":{"rendered":"http:\/\/www.feminissima.de\/?p=84082"},"modified":"2005-11-21T14:17:56","modified_gmt":"2005-11-21T14:17:56","slug":"pressefreiheit-in-berlin","status":"publish","type":"post","link":"https:\/\/feminissima.de\/index.php\/2005\/11\/21\/pressefreiheit-in-berlin\/","title":{"rendered":"Pressefreiheit &#8230;in Berlin&#8230;"},"content":{"rendered":"<p>Internationale Journalisten wurde beim Staatsbesuch des chinesischen Pr\u00e4sidenten Hu Jintao der Zutritt zum Roten Rathaus (Berlin) verweigert  &#8211; trotz Akkreditierung.<br \/>107174.<\/p>\n<table width=\"100%\">\n<tr>\n<td style=\"background-image=url('images\/monet-heller.jpg')\"><font size=\"+1\"><\/p>\n<p>&#8230;<\/p>\n<p>\n  Die Berliner Polizei weist den Vorwurf, der Ausschluss von Journalisten anl\u00e4sslich des Staatsbesuches des chinesischen Pr\u00e4sidenten Hu Jintao sei auf Bitten des Landeskriminalamtes erfolgt, entschieden zur\u00fcck.<\/p>\n<p>Es habe auch keine Kommunikationspanne zwischen dem Landes- und dem Bundeskriminalamt gegeben.<\/p>\n<p>\nMedienberichten zufolge war sechs chinakritischen Reportern beim Besuch von Hu Jintao bei Berlins Regierendem B\u00fcrgermeister Klaus Wowereit (SPD) der Zugang zum Rathaus verwehrt worden. <\/p>\n<p>Die Journalisten seien akkreditiert gewesen und h\u00e4tten bereits von anderen Stationen des Besuchs berichtet, ohne dass es Probleme gab.<\/p>\n<p>Zu keinem Zeitpunkt sei die Bitte oder Empfehlung von Mitarbeitern des Landeskriminalamtes ausgesprochen worden, <br \/>Journalisten den Zutritt zu verwehren, f\u00fcgte der Polizeisprecher hinzu. <\/p>\n<p>Verantwortliche der Senatskanzlei h\u00e4tten von den Beamten lediglich den vom Bundeskriminalamt \u00fcbermittelten Hinweis erhalten, <\/p>\n<p>dass sich unter den Journalisten der Sekte Falun Gong nahe stehende Personen befinden. <\/p>\n<p>Die Entscheidung dar\u00fcber, ob ihnen Zutritt zum Berliner Rathaus gew\u00e4hrt wird, sei allein vom Hausrechtsinhaber getroffen, bekannt gegeben und durchgesetzt worden, f\u00fcgte der Sprecher hinzu. <\/p>\n<p>Nach Erkenntnissen der Polizei wurden zwei Journalisten sowie ein Kameramann am Betreten des Roten Rathauses gehindert.<\/p>\n<p>Lest auch weiter unten FEMs Text: &#8222;Das gro\u00dfe Schweigen&#8220;. <\/p>\n<p>Die Repressalien wie anschwellender Bocksgesang&#8230;<\/p>\n<p> WER WAREN DIE JOURNALISTEN?<\/p>\n<p>(\u00dcbrigens, seit den Texten der Nacht versucht wieder ein &#8222;Port Attack&#8220; uns zu hacken&#8230;)<\/p>\n<p> dpa schrieb:<\/p>\n<p>\nNach Angaben des Bundespresseamts waren die Journalisten f\u00fcr die gesamte Reise Hus akkreditiert und \u00fcberpr\u00fcft.<\/p>\n<p>&#8230;..Sechs akkreditierte Journalisten sind am Freitag (vorletzter Woche Anm. FEM) in Berlin von einem Besuchstermin des chinesischen Staatspr\u00e4sidenten Hu Jintao im Roten Rathaus ausgeschlossen worden. <br \/>Wer die Journalisten am Betreten des Rathauses hinderte, war zun\u00e4chst unklar.<\/p>\n<p>Wie die Internationale Gesellschaft f\u00fcr Menschenrechte (IGFM) mitteilte,<\/p>\n<p> arbeiten die Journalisten f\u00fcr den Rundfunksender <br \/>Voice of America,<br \/> den New Yorker Fernsehsender NTD- TV, <br \/>die chinesischsprachige Wochenzeitung &#8222;Epoch Times&#8220; <br \/>sowie die \u00f6sterreichische Zeitung &#8222;Die Neue Epoche&#8220;. <\/p>\n<p>Nach Angaben der IGFM stehen sie der Bewegung Falun Gong nahe und h\u00e4tten zuvor die Menschenrechtslage in China kritisiert.<\/p>\n<p>Nach Angaben des Bundespresseamts waren die Journalisten f\u00fcr die gesamte Reise Hus akkreditiert und \u00fcberpr\u00fcft.<\/p>\n<p> &#8222;Sie haben sich bei den Terminen in Schloss Charlottenburg und im Kanzleramt korrekt verhalten&#8220;,<\/p>\n<p> sagte ein Sprecher. <\/p>\n<p>&#8222;Wer im Roten Rathaus die Weisung gegeben hat, entzieht sich unserer Kenntnis.&#8220; <\/p>\n<p>Die Senatskanzlei wollte sich auf Anfrage zu dem Geschehen nicht \u00e4u\u00dfern.&#8220; <\/p>\n<p>Genau darin \u00e4u\u00dfert sich der n\u00e4chste Skandal..<\/p>\n<p>Die Presse erh\u00e4lt keine Antworten mehr &#8211; wie aus lateinamerikanischen Diktaturen bestens bekannt&#8230;<\/p>\n<p><\/td>\n<\/tr>\n<\/table>\n","protected":false},"excerpt":{"rendered":"<p>Internationale Journalisten wurde beim Staatsbesuch des chinesischen Pr\u00e4sidenten Hu Jintao der Zutritt zum Roten Rathaus (Berlin) verweigert  &#8211; trotz Akkreditierung.<\/p>\n","protected":false},"author":2,"featured_media":0,"comment_status":"closed","ping_status":"closed","sticky":false,"template":"","format":"standard","meta":{"footnotes":""},"categories":[13],"tags":[],"class_list":["post-84082","post","type-post","status-publish","format-standard","hentry","category-femmedien","entry"],"yoast_head":"<!-- This site is optimized with the Yoast SEO plugin v21.0 - https:\/\/yoast.com\/wordpress\/plugins\/seo\/ -->\n<title>Pressefreiheit ...in Berlin... - Feminissima<\/title>\n<meta name=\"robots\" content=\"index, follow, max-snippet:-1, max-image-preview:large, max-video-preview:-1\" \/>\n<link rel=\"canonical\" href=\"https:\/\/feminissima.de\/index.php\/2005\/11\/21\/pressefreiheit-in-berlin\/\" \/>\n<meta property=\"og:locale\" content=\"de_DE\" \/>\n<meta property=\"og:type\" content=\"article\" \/>\n<meta property=\"og:title\" content=\"Pressefreiheit ...in Berlin... - Feminissima\" \/>\n<meta property=\"og:description\" content=\"Internationale Journalisten wurde beim Staatsbesuch des chinesischen Pr\u00e4sidenten Hu Jintao der Zutritt zum Roten Rathaus (Berlin) verweigert - trotz Akkreditierung.\" \/>\n<meta property=\"og:url\" content=\"https:\/\/feminissima.de\/index.php\/2005\/11\/21\/pressefreiheit-in-berlin\/\" \/>\n<meta property=\"og:site_name\" content=\"Feminissima\" \/>\n<meta property=\"article:published_time\" content=\"2005-11-21T14:17:56+00:00\" \/>\n<meta name=\"author\" content=\"admin\" \/>\n<meta name=\"twitter:card\" content=\"summary_large_image\" \/>\n<meta name=\"twitter:label1\" content=\"Verfasst von\" \/>\n\t<meta name=\"twitter:data1\" content=\"admin\" \/>\n\t<meta name=\"twitter:label2\" content=\"Gesch\u00e4tzte Lesezeit\" \/>\n\t<meta name=\"twitter:data2\" content=\"2\u00a0Minuten\" \/>\n<script type=\"application\/ld+json\" class=\"yoast-schema-graph\">{\"@context\":\"https:\/\/schema.org\",\"@graph\":[{\"@type\":\"WebPage\",\"@id\":\"https:\/\/feminissima.de\/index.php\/2005\/11\/21\/pressefreiheit-in-berlin\/\",\"url\":\"https:\/\/feminissima.de\/index.php\/2005\/11\/21\/pressefreiheit-in-berlin\/\",\"name\":\"Pressefreiheit ...in Berlin... - Feminissima\",\"isPartOf\":{\"@id\":\"https:\/\/feminissima.de\/#website\"},\"datePublished\":\"2005-11-21T14:17:56+00:00\",\"dateModified\":\"2005-11-21T14:17:56+00:00\",\"author\":{\"@id\":\"https:\/\/feminissima.de\/#\/schema\/person\/0b901e053624f88e7ecbea289d9d5128\"},\"breadcrumb\":{\"@id\":\"https:\/\/feminissima.de\/index.php\/2005\/11\/21\/pressefreiheit-in-berlin\/#breadcrumb\"},\"inLanguage\":\"de\",\"potentialAction\":[{\"@type\":\"ReadAction\",\"target\":[\"https:\/\/feminissima.de\/index.php\/2005\/11\/21\/pressefreiheit-in-berlin\/\"]}]},{\"@type\":\"BreadcrumbList\",\"@id\":\"https:\/\/feminissima.de\/index.php\/2005\/11\/21\/pressefreiheit-in-berlin\/#breadcrumb\",\"itemListElement\":[{\"@type\":\"ListItem\",\"position\":1,\"name\":\"Startseite\",\"item\":\"https:\/\/feminissima.de\/\"},{\"@type\":\"ListItem\",\"position\":2,\"name\":\"Pressefreiheit &#8230;in Berlin&#8230;\"}]},{\"@type\":\"WebSite\",\"@id\":\"https:\/\/feminissima.de\/#website\",\"url\":\"https:\/\/feminissima.de\/\",\"name\":\"Feminissima\",\"description\":\"\",\"potentialAction\":[{\"@type\":\"SearchAction\",\"target\":{\"@type\":\"EntryPoint\",\"urlTemplate\":\"https:\/\/feminissima.de\/?s={search_term_string}\"},\"query-input\":\"required name=search_term_string\"}],\"inLanguage\":\"de\"},{\"@type\":\"Person\",\"@id\":\"https:\/\/feminissima.de\/#\/schema\/person\/0b901e053624f88e7ecbea289d9d5128\",\"name\":\"admin\",\"image\":{\"@type\":\"ImageObject\",\"inLanguage\":\"de\",\"@id\":\"https:\/\/feminissima.de\/#\/schema\/person\/image\/\",\"url\":\"https:\/\/secure.gravatar.com\/avatar\/8da1f51327453c0bf63338e8e2a791948b7d2ac19b68839492d1e69aac6924a8?s=96&d=mm&r=g\",\"contentUrl\":\"https:\/\/secure.gravatar.com\/avatar\/8da1f51327453c0bf63338e8e2a791948b7d2ac19b68839492d1e69aac6924a8?s=96&d=mm&r=g\",\"caption\":\"admin\"},\"url\":\"https:\/\/feminissima.de\/index.php\/author\/admin\/\"}]}<\/script>\n<!-- \/ Yoast SEO plugin. -->","yoast_head_json":{"title":"Pressefreiheit ...in Berlin... - Feminissima","robots":{"index":"index","follow":"follow","max-snippet":"max-snippet:-1","max-image-preview":"max-image-preview:large","max-video-preview":"max-video-preview:-1"},"canonical":"https:\/\/feminissima.de\/index.php\/2005\/11\/21\/pressefreiheit-in-berlin\/","og_locale":"de_DE","og_type":"article","og_title":"Pressefreiheit ...in Berlin... - Feminissima","og_description":"Internationale Journalisten wurde beim Staatsbesuch des chinesischen Pr\u00e4sidenten Hu Jintao der Zutritt zum Roten Rathaus (Berlin) verweigert - trotz Akkreditierung.","og_url":"https:\/\/feminissima.de\/index.php\/2005\/11\/21\/pressefreiheit-in-berlin\/","og_site_name":"Feminissima","article_published_time":"2005-11-21T14:17:56+00:00","author":"admin","twitter_card":"summary_large_image","twitter_misc":{"Verfasst von":"admin","Gesch\u00e4tzte Lesezeit":"2\u00a0Minuten"},"schema":{"@context":"https:\/\/schema.org","@graph":[{"@type":"WebPage","@id":"https:\/\/feminissima.de\/index.php\/2005\/11\/21\/pressefreiheit-in-berlin\/","url":"https:\/\/feminissima.de\/index.php\/2005\/11\/21\/pressefreiheit-in-berlin\/","name":"Pressefreiheit ...in Berlin... - Feminissima","isPartOf":{"@id":"https:\/\/feminissima.de\/#website"},"datePublished":"2005-11-21T14:17:56+00:00","dateModified":"2005-11-21T14:17:56+00:00","author":{"@id":"https:\/\/feminissima.de\/#\/schema\/person\/0b901e053624f88e7ecbea289d9d5128"},"breadcrumb":{"@id":"https:\/\/feminissima.de\/index.php\/2005\/11\/21\/pressefreiheit-in-berlin\/#breadcrumb"},"inLanguage":"de","potentialAction":[{"@type":"ReadAction","target":["https:\/\/feminissima.de\/index.php\/2005\/11\/21\/pressefreiheit-in-berlin\/"]}]},{"@type":"BreadcrumbList","@id":"https:\/\/feminissima.de\/index.php\/2005\/11\/21\/pressefreiheit-in-berlin\/#breadcrumb","itemListElement":[{"@type":"ListItem","position":1,"name":"Startseite","item":"https:\/\/feminissima.de\/"},{"@type":"ListItem","position":2,"name":"Pressefreiheit &#8230;in Berlin&#8230;"}]},{"@type":"WebSite","@id":"https:\/\/feminissima.de\/#website","url":"https:\/\/feminissima.de\/","name":"Feminissima","description":"","potentialAction":[{"@type":"SearchAction","target":{"@type":"EntryPoint","urlTemplate":"https:\/\/feminissima.de\/?s={search_term_string}"},"query-input":"required name=search_term_string"}],"inLanguage":"de"},{"@type":"Person","@id":"https:\/\/feminissima.de\/#\/schema\/person\/0b901e053624f88e7ecbea289d9d5128","name":"admin","image":{"@type":"ImageObject","inLanguage":"de","@id":"https:\/\/feminissima.de\/#\/schema\/person\/image\/","url":"https:\/\/secure.gravatar.com\/avatar\/8da1f51327453c0bf63338e8e2a791948b7d2ac19b68839492d1e69aac6924a8?s=96&d=mm&r=g","contentUrl":"https:\/\/secure.gravatar.com\/avatar\/8da1f51327453c0bf63338e8e2a791948b7d2ac19b68839492d1e69aac6924a8?s=96&d=mm&r=g","caption":"admin"},"url":"https:\/\/feminissima.de\/index.php\/author\/admin\/"}]}},"jetpack_featured_media_url":"","_links":{"self":[{"href":"https:\/\/feminissima.de\/index.php\/wp-json\/wp\/v2\/posts\/84082","targetHints":{"allow":["GET"]}}],"collection":[{"href":"https:\/\/feminissima.de\/index.php\/wp-json\/wp\/v2\/posts"}],"about":[{"href":"https:\/\/feminissima.de\/index.php\/wp-json\/wp\/v2\/types\/post"}],"author":[{"embeddable":true,"href":"https:\/\/feminissima.de\/index.php\/wp-json\/wp\/v2\/users\/2"}],"replies":[{"embeddable":true,"href":"https:\/\/feminissima.de\/index.php\/wp-json\/wp\/v2\/comments?post=84082"}],"version-history":[{"count":0,"href":"https:\/\/feminissima.de\/index.php\/wp-json\/wp\/v2\/posts\/84082\/revisions"}],"wp:attachment":[{"href":"https:\/\/feminissima.de\/index.php\/wp-json\/wp\/v2\/media?parent=84082"}],"wp:term":[{"taxonomy":"category","embeddable":true,"href":"https:\/\/feminissima.de\/index.php\/wp-json\/wp\/v2\/categories?post=84082"},{"taxonomy":"post_tag","embeddable":true,"href":"https:\/\/feminissima.de\/index.php\/wp-json\/wp\/v2\/tags?post=84082"}],"curies":[{"name":"wp","href":"https:\/\/api.w.org\/{rel}","templated":true}]}}