{"id":83973,"date":"2006-06-16T20:02:41","date_gmt":"2006-06-16T20:02:41","guid":{"rendered":"http:\/\/www.feminissima.de\/?p=83973"},"modified":"2006-06-16T20:02:41","modified_gmt":"2006-06-16T20:02:41","slug":"muentes-rententobak-vom-tisch","status":"publish","type":"post","link":"https:\/\/feminissima.de\/index.php\/2006\/06\/16\/muentes-rententobak-vom-tisch\/","title":{"rendered":"M\u00fcntes Rententobak &#8211; vom Tisch?"},"content":{"rendered":"<p>ex-live-Texte vom Vormittag des 16. 6. 2006<br \/>238900.<br \/>Heute: 326 &#8211; aber diese Besucher haben den Nachttext gelesen&#8230;denn der JETZT-Text..ist gerade erst entstanden&#8230;<\/p>\n<p>Guten Morgen !<\/p>\n<p>Das Wetter h\u00e4lt es wie die derzeitigen WM-Spieler &#8211; lange Zeit gar nichts, und dann alles auf einmal !<br \/>Jetzt bereits schon 26 Grad, und noch l\u00e4ngst nicht Mittag&#8230;<\/p>\n<p>Crissy, die studienabschlu\u00dfabsolvierte, dauer-unterbezahlte, weil unbezahlte Praktikantin, <br \/>nun anonymisiert durch den flugsy-bugsy-Begriff &#8222;Generation Praktikanten&#8220; , nach der &#8222;Generation Golf&#8220;, nach der &#8222;Generation der Rentenvertilger&#8220;&#8230;<br \/>ja, durch die Anonymisierung, durch den Einsatz verwischend-verwaschener Substantiva kann jedes Einzelschicksal in NICHTS aufgel\u00f6st werden&#8230;.<\/p>\n<p>Crissy also &#8211; setzt gerade mal den frischen Kaffee auf!<br \/>Es ist 12 Uhr, high noon..!<\/p>\n<p>Willkommen in Berlin!<\/p>\n<p>Stil-Putzerin Marion war zu Werke,<br \/>aber der Text bleibt ernst.<\/p>\n<p>Bei Nichtgefallen einfach weiter runterscrollen&#8230;auch Heiteres bis auf weiteres&#8230;.<\/p>\n<p><\/p>\n<table width=\"100%\">\n<tr>\n<td style=\"background-image=url('images\/monet-heller.jpg')\"><font size=\"+1\"><\/p>\n<p>Auch wenn die verk\u00fcrzten<br \/>Unsch\u00f6n- Verlautbarungen aus N\u00fcrnberg, <br \/>anders als fr\u00fcher, <br \/>keine exakten Daten mehr liefern,<br \/>etwa &#8211; <br \/>wie hoch ist der Anteil der Arbeitslosen bei Frauen und M\u00e4nnern &#8211; <br \/>welche Altersgruppe ist am meisten von der Erwerbslosigkeit betroffen,<br \/>welche Branchen verzeichnen die traurigsten Rekorde &#8211; <\/p>\n<p>auch wenn dies alles nicht mehr \u00f6ffentlich gemacht wird,<br \/>wie es noch vor wenigen Jahren ordentliche Sitte war,<\/p>\n<p>wirft dies die Frage auf &#8211; <\/p>\n<p>oder werden uns die exakten Daten blo\u00df von einer Presse verheimlicht, die keine mehr ist?<\/p>\n<p>Mal die Probe aufs Exempel: eine Nachfrage bei der Pressestelle der Arbeitsagentur in N\u00fcrnberg wird dies ja aufkl\u00e4ren:<br \/>Werden die Statistiken nicht mehr en Detail herausgegeben &#8211; <\/p>\n<p>oder sind die Journalisten zu faul&#8230;<br \/>oder deren Chefs zu geb\u00fcckt, um sich zu getrauen, die Wahrheit zu drucken&#8230;?<br \/>Zu senden&#8230;?<\/p>\n<p>Heuer-geheuer-nicht-geheuer, <br \/>will dies allerdings<br \/>wie &#8222;Methode&#8220; wirken.<\/p>\n<p>Ein passendes Make-Up,<br \/>die Camouflage eines diktatorisch-autorit\u00e4ren Staates,<br \/>der seine Leute ausbeuten, verteufeln,<br \/>aber ihnen nichts Gutes will.<br \/>Nur sich selbst versorgend.<\/p>\n<p>Fast auch kein Problem mehr,<br \/>dies durchzusetzen, <\/p>\n<p>angesichts einer hierzulande aussterbenden 4. Gewalt <\/p>\n<p>namens kritischer, investigatorischer PRESSE,<br \/>die sich in weiten Teilen zum<br \/>Lobby-istentum hat bekehren-einkaufen lassen,<\/p>\n<p>und unehrenhaft (auch durch Verschweigen) <br \/>jenen zuarbeitet,<br \/>die fr\u00fcher vehement bek\u00e4mpft und enttarnt worden sind,<br \/>dies die einst vornehmste Aufgabe eines Journalisten!<\/p>\n<p>so bleibt in all dieser Gemengelage aus Opportunismus und Bestechlichkeit<\/p>\n<p>doch ein Bodensatz zur\u00fcck.<\/p>\n<p>Eine Handvoll denkender, f\u00fchlender, analysierender, nicht korrumpierbarer Menschen. <\/p>\n<p>Die nicht jenen nach dem Mund reden, die gerade an der Macht sind.<\/p>\n<p>Die nicht ihr M\u00e4ntelchen nach jedem Wind h\u00e4ngen.<\/p>\n<p>Sondern die in der Lage sind, zu sagen, was zu sagen ist,<br \/>und was jedes Kleinkind wei\u00df, <br \/>angesichts der Tatsache, dass Jobs ab 39 in diesem Land, es sei denn du bist parteigekaufter gutbezahlter Politiker oder Parteiposten-Vitamin-B-Bezieher, gutdotiert, sonst w\u00fcrde es ja keiner von diesen Menschen machen,<\/p>\n<p>l\u00e4sst sich einfach nicht vom Tisch der Wirklichkeit fegen,<br \/>auch wenn M\u00fcntefering, der Super-Umfaller und seinesgleichen noch so laut knarzen-schnarren,<\/p>\n<p>IN DIESEM LAND KRIEGT KEIN MENSCH MEHR \u00dcBER 40 EINE ARBEIT!<\/p>\n<p>Das ist das Resultat nicht nur einer komplett verfehlten, <br \/>weil nicht vorhandenen Sozialpolitik.<\/p>\n<p>Dies ist auch das Resultat gewisser &#8222;Autoren&#8220;, leider ihre \u00c4mter in Chefredaktionen und Herausgeber-Funktionen dazu mi\u00dfbrauchend,<br \/>auch noch ihren letztlich ultra-reaktion\u00e4ren, menschenfeindlichen Sud auf andere auszukippen,<br \/>nur weil sie die Macht und die M\u00f6glichkeit dazu besitzen. <\/p>\n<p>Wer einen &#8222;Generationenkrieg&#8220; k\u00fcnstlich ausruft,<\/p>\n<p>der den Respekt vor dem Alter abl\u00f6st,<\/p>\n<p>der braucht sich inzwischen selbst nicht mehr \u00fcber Ausw\u00fcchse wie in Berlin zu wundern, <br \/>wie mit Alten und Pflegebed\u00fcrftigen umgegangen wird, <br \/>siehe eine Textstufe tiefer&#8230;<\/p>\n<p>Wenn Menschen ab 50 sich sch\u00e4men m\u00fcssen, <br \/>&#8222;weil sie noch leben&#8220;, <br \/>&#8222;weil sie noch arbeiten wollen&#8220;, <br \/>weil sie noch nicht wu\u00dften,<br \/>dass es ein unverzeihliches Stigma in diesem Land ist, <br \/>\u00e4lter als 39 zu werden,<br \/>und dann nicht wenigstens Million\u00e4r oder TV-Moderator oder Sportler oder Lobbyist zu sein &#8211; <br \/>also sein Geld aus teils nicht mehr nachvollziehbaren Quellen bezieht, und das reichlich,<\/p>\n<p>wer hingegen einer sozialversicherungspflichtigen Arbeit nachgehen m\u00f6chte, nach wie vor, vielleicht so dumm war, <br \/>als Frau, einmal Mutter und Ehefrau gewesen zu sein,<br \/>die jetzt,<br \/>verlassen und zur\u00fcckgelassen, wieder in das Erwerbsleben zur\u00fcckm\u00f6chte, <br \/>weil niemandem auf der Tasche liegen wollend &#8211; <\/p>\n<p>da schallen die Flure vor h\u00f6hnischem Gel\u00e4chter.<\/p>\n<p>&#8222;Wo leben Sie denn?&#8220;<br \/>&#8222;Haben Sie mal auf Ihr Geburtsdatum geschaut?&#8220;<\/p>\n<p>Wenn ein Mann wie M\u00fcntefering, <br \/>der wie ein trotziges Kleinkind mit dem Fu\u00df aufstampfte, <br \/>als eine junge, gutaussehende und rhetorisch und geistig M\u00fcnte weit \u00fcberlegene Andrea Nahles<br \/>ihn, unterst\u00fctzt und vorangeschoben von &#8222;Parteifreunden&#8220; &#8211; abzul\u00f6sen sich anschickte, <br \/>aus der bisherigen Machtposition als Partei-Alles-Sager rauszukicken: <br \/>ja, da reagierte M\u00fcntefering wie im Kindergarten (oder wie ein Potentat???)<br \/> &#8211; wenn das gr\u00f6\u00dfere Kind die kleineren drangsaliert,<br \/>meint, das zu d\u00fcrfen, <\/p>\n<p>da ging M\u00fcntefering hin, <br \/>die SPD noch weiter kaputtzumachen,<\/p>\n<p>noch mehr, als sie eh schon an Glaubw\u00fcrdigkeit eingeb\u00fc\u00dft hatte, <br \/>durch die &#8222;HARTZ IV&#8220;-Menschenvernichtungsmaschinerie,<br \/> verkauft als &#8222;Wunderwerk der Reform&#8220;&#8230; <\/p>\n<p>und durch Bonzen-Partei-Bubis wie Schr\u00f6der und Sheriff Schily:<\/p>\n<p>Andrea Nahles sollte den Posten und die Macht nicht kriegen!<br \/>Eine FRAU in einer Machtposition in der SPD-M\u00e4nner-Pinkel-Clique??!<br \/>Nein, das nicht!<\/p>\n<p>Aber da Nahles glasklar gewonnen h\u00e4tte&#8230;.,<br \/>wollte M\u00fcntefering nun auch nicht mehr,<br \/>weil sich ja damit Mi\u00dftrauen gegen ihn gezeigt hatte, <br \/>indem Nahles ihm vorgezogen worden war&#8230;<\/p>\n<p>Nun wollte das gro\u00dfe Kindergartenkind aber ein irgendwie doch noch ad\u00e4quates Spielzeug haben, <br \/>zum Ausgleich f\u00fcr das Hinschmei\u00dfen.<\/p>\n<p>Ja, zum Ausgleich wof\u00fcr???????<\/p>\n<p>Dass er Frau Merkel die F\u00fcsse umschleimt?<br \/>Dass er endlich sein wahres Gesicht nicht mehr verbergen kann&#8230;?<\/p>\n<p>Diese Mischung aus h\u00f6lzerner Eitelkeit, Selbstverliebtheit bei zunehmender Borniertheit?<br \/>Und Selbst\u00fcbersch\u00e4tzung.<\/p>\n<p>Womit und wodurch also h\u00e4tte<\/p>\n<p>\n M\u00fcntefering den Posten eines &#8222;Arbeitsministers&#8220; &#8211; verdient?<br \/>Hat er sich je als Arbeitsmarktspezialist hervorgetan?<\/p>\n<p>Oder dergleichen?<\/p>\n<p>Nein, es war ein reines Posten-Macht-Geschacher.<\/p>\n<p>Mit K\u00f6nnen und Qualifikation hatte das wenig zu tun.<br \/>Und auch wir, die W\u00e4hler, wollten ihn ja nicht mehr.<\/p>\n<p>Eigentlich hatten wir, die W\u00e4hler,<br \/> klipp und klar gemacht,<br \/>dass wir weder SPD noch CDU wieder auf den St\u00fchlen der Macht haben wollten.<\/p>\n<p>Nun, um den roten Faden&#8230;.wieder aufzugreifen.<\/p>\n<p>Es gibt die von Politikern viel-geschm\u00e4hten Akademiker, die, anders als viele Politiker in Ministerw\u00fcrden,<br \/>viele Jahre gelernt und studiert und sich Fachwissen und Kenntnisse zugelegt haben &#8211; <br \/>die DENKEN k\u00f6nnen, und zum Gl\u00fcck gelangt dann auch hin und wieder so ein Sachverstand in die wichtigeren Kommissionen, die die unwissenden&#8230;.Politiker beraten&#8230;<br \/>oder einfach schlicht &#8222;etwas zu sagen haben&#8220;.<\/p>\n<p>So d\u00fcrfte sicher sein:<\/p>\n<p>Die Rente mit 67 wird nicht durchkommen.<\/p>\n<p>Es war eine Luftblase, ein Wort-Bla-Bla eines l\u00e4ngst abgehalfterten Mannes, der nicht kapiert, dass seine Zeit vor\u00fcber ist, <\/p>\n<p>vielleicht sollte es eine weitere Kampagne der Einsch\u00fcchterung gegen uns, das Volk sein, und wehe denen,<br \/> die nicht rechtzeitig sozialvertr\u00e4glich sterben,<br \/> nicht wahr, dann wird ein bissi nachgeholfen, <br \/>aber Papiertiger werden selten verurteilt&#8230;abgew\u00e4hlt hat offenbar nicht ausgereicht. <\/p>\n<p>Und doch &#8211; !<\/p>\n<p>Noch SIND WIR EINE DEMOKRATIE, auch wenn das die Herrschaften in Berlin t\u00e4glich mehr zu vergessen scheinen.<\/p>\n","protected":false},"excerpt":{"rendered":"<p>ex-live-Texte vom Vormittag des 16. 6. 2006<\/p>\n","protected":false},"author":2,"featured_media":0,"comment_status":"closed","ping_status":"closed","sticky":false,"template":"","format":"standard","meta":{"footnotes":""},"categories":[17],"tags":[],"class_list":["post-83973","post","type-post","status-publish","format-standard","hentry","category-femwirtschaft","entry"],"yoast_head":"<!-- This site is optimized with the Yoast SEO plugin v21.0 - https:\/\/yoast.com\/wordpress\/plugins\/seo\/ -->\n<title>M\u00fcntes Rententobak - vom Tisch? - Feminissima<\/title>\n<meta name=\"robots\" content=\"index, follow, max-snippet:-1, max-image-preview:large, max-video-preview:-1\" \/>\n<link rel=\"canonical\" href=\"https:\/\/feminissima.de\/index.php\/2006\/06\/16\/muentes-rententobak-vom-tisch\/\" \/>\n<meta property=\"og:locale\" content=\"de_DE\" \/>\n<meta property=\"og:type\" content=\"article\" \/>\n<meta property=\"og:title\" content=\"M\u00fcntes Rententobak - vom Tisch? - Feminissima\" \/>\n<meta property=\"og:description\" content=\"ex-live-Texte vom Vormittag des 16. 6. 2006\" \/>\n<meta property=\"og:url\" content=\"https:\/\/feminissima.de\/index.php\/2006\/06\/16\/muentes-rententobak-vom-tisch\/\" \/>\n<meta property=\"og:site_name\" content=\"Feminissima\" \/>\n<meta property=\"article:published_time\" content=\"2006-06-16T20:02:41+00:00\" \/>\n<meta name=\"author\" content=\"admin\" \/>\n<meta name=\"twitter:card\" content=\"summary_large_image\" \/>\n<meta name=\"twitter:label1\" content=\"Verfasst von\" \/>\n\t<meta name=\"twitter:data1\" content=\"admin\" \/>\n\t<meta name=\"twitter:label2\" content=\"Gesch\u00e4tzte Lesezeit\" \/>\n\t<meta name=\"twitter:data2\" content=\"6\u00a0Minuten\" \/>\n<script type=\"application\/ld+json\" class=\"yoast-schema-graph\">{\"@context\":\"https:\/\/schema.org\",\"@graph\":[{\"@type\":\"WebPage\",\"@id\":\"https:\/\/feminissima.de\/index.php\/2006\/06\/16\/muentes-rententobak-vom-tisch\/\",\"url\":\"https:\/\/feminissima.de\/index.php\/2006\/06\/16\/muentes-rententobak-vom-tisch\/\",\"name\":\"M\u00fcntes Rententobak - vom Tisch? - Feminissima\",\"isPartOf\":{\"@id\":\"https:\/\/feminissima.de\/#website\"},\"datePublished\":\"2006-06-16T20:02:41+00:00\",\"dateModified\":\"2006-06-16T20:02:41+00:00\",\"author\":{\"@id\":\"https:\/\/feminissima.de\/#\/schema\/person\/0b901e053624f88e7ecbea289d9d5128\"},\"breadcrumb\":{\"@id\":\"https:\/\/feminissima.de\/index.php\/2006\/06\/16\/muentes-rententobak-vom-tisch\/#breadcrumb\"},\"inLanguage\":\"de\",\"potentialAction\":[{\"@type\":\"ReadAction\",\"target\":[\"https:\/\/feminissima.de\/index.php\/2006\/06\/16\/muentes-rententobak-vom-tisch\/\"]}]},{\"@type\":\"BreadcrumbList\",\"@id\":\"https:\/\/feminissima.de\/index.php\/2006\/06\/16\/muentes-rententobak-vom-tisch\/#breadcrumb\",\"itemListElement\":[{\"@type\":\"ListItem\",\"position\":1,\"name\":\"Startseite\",\"item\":\"https:\/\/feminissima.de\/\"},{\"@type\":\"ListItem\",\"position\":2,\"name\":\"M\u00fcntes Rententobak &#8211; vom Tisch?\"}]},{\"@type\":\"WebSite\",\"@id\":\"https:\/\/feminissima.de\/#website\",\"url\":\"https:\/\/feminissima.de\/\",\"name\":\"Feminissima\",\"description\":\"\",\"potentialAction\":[{\"@type\":\"SearchAction\",\"target\":{\"@type\":\"EntryPoint\",\"urlTemplate\":\"https:\/\/feminissima.de\/?s={search_term_string}\"},\"query-input\":\"required name=search_term_string\"}],\"inLanguage\":\"de\"},{\"@type\":\"Person\",\"@id\":\"https:\/\/feminissima.de\/#\/schema\/person\/0b901e053624f88e7ecbea289d9d5128\",\"name\":\"admin\",\"image\":{\"@type\":\"ImageObject\",\"inLanguage\":\"de\",\"@id\":\"https:\/\/feminissima.de\/#\/schema\/person\/image\/\",\"url\":\"https:\/\/secure.gravatar.com\/avatar\/8da1f51327453c0bf63338e8e2a791948b7d2ac19b68839492d1e69aac6924a8?s=96&d=mm&r=g\",\"contentUrl\":\"https:\/\/secure.gravatar.com\/avatar\/8da1f51327453c0bf63338e8e2a791948b7d2ac19b68839492d1e69aac6924a8?s=96&d=mm&r=g\",\"caption\":\"admin\"},\"url\":\"https:\/\/feminissima.de\/index.php\/author\/admin\/\"}]}<\/script>\n<!-- \/ Yoast SEO plugin. -->","yoast_head_json":{"title":"M\u00fcntes Rententobak - vom Tisch? - Feminissima","robots":{"index":"index","follow":"follow","max-snippet":"max-snippet:-1","max-image-preview":"max-image-preview:large","max-video-preview":"max-video-preview:-1"},"canonical":"https:\/\/feminissima.de\/index.php\/2006\/06\/16\/muentes-rententobak-vom-tisch\/","og_locale":"de_DE","og_type":"article","og_title":"M\u00fcntes Rententobak - vom Tisch? - Feminissima","og_description":"ex-live-Texte vom Vormittag des 16. 6. 2006","og_url":"https:\/\/feminissima.de\/index.php\/2006\/06\/16\/muentes-rententobak-vom-tisch\/","og_site_name":"Feminissima","article_published_time":"2006-06-16T20:02:41+00:00","author":"admin","twitter_card":"summary_large_image","twitter_misc":{"Verfasst von":"admin","Gesch\u00e4tzte Lesezeit":"6\u00a0Minuten"},"schema":{"@context":"https:\/\/schema.org","@graph":[{"@type":"WebPage","@id":"https:\/\/feminissima.de\/index.php\/2006\/06\/16\/muentes-rententobak-vom-tisch\/","url":"https:\/\/feminissima.de\/index.php\/2006\/06\/16\/muentes-rententobak-vom-tisch\/","name":"M\u00fcntes Rententobak - vom Tisch? - Feminissima","isPartOf":{"@id":"https:\/\/feminissima.de\/#website"},"datePublished":"2006-06-16T20:02:41+00:00","dateModified":"2006-06-16T20:02:41+00:00","author":{"@id":"https:\/\/feminissima.de\/#\/schema\/person\/0b901e053624f88e7ecbea289d9d5128"},"breadcrumb":{"@id":"https:\/\/feminissima.de\/index.php\/2006\/06\/16\/muentes-rententobak-vom-tisch\/#breadcrumb"},"inLanguage":"de","potentialAction":[{"@type":"ReadAction","target":["https:\/\/feminissima.de\/index.php\/2006\/06\/16\/muentes-rententobak-vom-tisch\/"]}]},{"@type":"BreadcrumbList","@id":"https:\/\/feminissima.de\/index.php\/2006\/06\/16\/muentes-rententobak-vom-tisch\/#breadcrumb","itemListElement":[{"@type":"ListItem","position":1,"name":"Startseite","item":"https:\/\/feminissima.de\/"},{"@type":"ListItem","position":2,"name":"M\u00fcntes Rententobak &#8211; vom Tisch?"}]},{"@type":"WebSite","@id":"https:\/\/feminissima.de\/#website","url":"https:\/\/feminissima.de\/","name":"Feminissima","description":"","potentialAction":[{"@type":"SearchAction","target":{"@type":"EntryPoint","urlTemplate":"https:\/\/feminissima.de\/?s={search_term_string}"},"query-input":"required name=search_term_string"}],"inLanguage":"de"},{"@type":"Person","@id":"https:\/\/feminissima.de\/#\/schema\/person\/0b901e053624f88e7ecbea289d9d5128","name":"admin","image":{"@type":"ImageObject","inLanguage":"de","@id":"https:\/\/feminissima.de\/#\/schema\/person\/image\/","url":"https:\/\/secure.gravatar.com\/avatar\/8da1f51327453c0bf63338e8e2a791948b7d2ac19b68839492d1e69aac6924a8?s=96&d=mm&r=g","contentUrl":"https:\/\/secure.gravatar.com\/avatar\/8da1f51327453c0bf63338e8e2a791948b7d2ac19b68839492d1e69aac6924a8?s=96&d=mm&r=g","caption":"admin"},"url":"https:\/\/feminissima.de\/index.php\/author\/admin\/"}]}},"jetpack_featured_media_url":"","_links":{"self":[{"href":"https:\/\/feminissima.de\/index.php\/wp-json\/wp\/v2\/posts\/83973","targetHints":{"allow":["GET"]}}],"collection":[{"href":"https:\/\/feminissima.de\/index.php\/wp-json\/wp\/v2\/posts"}],"about":[{"href":"https:\/\/feminissima.de\/index.php\/wp-json\/wp\/v2\/types\/post"}],"author":[{"embeddable":true,"href":"https:\/\/feminissima.de\/index.php\/wp-json\/wp\/v2\/users\/2"}],"replies":[{"embeddable":true,"href":"https:\/\/feminissima.de\/index.php\/wp-json\/wp\/v2\/comments?post=83973"}],"version-history":[{"count":0,"href":"https:\/\/feminissima.de\/index.php\/wp-json\/wp\/v2\/posts\/83973\/revisions"}],"wp:attachment":[{"href":"https:\/\/feminissima.de\/index.php\/wp-json\/wp\/v2\/media?parent=83973"}],"wp:term":[{"taxonomy":"category","embeddable":true,"href":"https:\/\/feminissima.de\/index.php\/wp-json\/wp\/v2\/categories?post=83973"},{"taxonomy":"post_tag","embeddable":true,"href":"https:\/\/feminissima.de\/index.php\/wp-json\/wp\/v2\/tags?post=83973"}],"curies":[{"name":"wp","href":"https:\/\/api.w.org\/{rel}","templated":true}]}}