{"id":83853,"date":"2005-07-13T08:47:38","date_gmt":"2005-07-13T08:47:38","guid":{"rendered":"http:\/\/www.feminissima.de\/?p=83853"},"modified":"2005-07-13T08:47:38","modified_gmt":"2005-07-13T08:47:38","slug":"presse-taz-lafontaine-und-die-arroganz-der-eliten","status":"publish","type":"post","link":"https:\/\/feminissima.de\/index.php\/2005\/07\/13\/presse-taz-lafontaine-und-die-arroganz-der-eliten\/","title":{"rendered":"PRESSE- &#8222;Taz&#8220; : Lafontaine und die Arroganz der  Eliten"},"content":{"rendered":"<p>Sehr guter, leider zu kurzer&#8230;aber im Kern sogar SEHR GUTER KOMMENTAR &#8230;.&#8220;dass die Bef\u00fcrworter der neuen Linkspartei weder Rassisten noch Chauvinisten sind&#8220; &#8211; (FEM MAG LEIDER LAFONTAINE NICHT MEHR&#8230;wegen seiner ganz-klar-rassistisch-fremdenfeindlichen \u00c4u\u00dferungen und dem Kalk\u00fcl, das dahinter steckt). Aber es stimmt &#8211; die W\u00c4HLER, die links w\u00e4hlen, habe sonst keine ..WAHL&#8230;um den Doppelsinn des armen strapazierten &#8212;aber eigentlich feinen Wortes &#8212;<\/p>\n<p> Lafontaine und die Ignoranz der Eliten<br \/>\n<br \/>\nKOMMENTAR VON DANIEL HAUFLER<br \/>\n<br \/>\nDie Linkspartei dominiert den Wahlkampf. Sie gibt vor, was die anderen Parteien fordern k\u00f6nnen. Ja, sie wird mit ihren Prozenten entscheiden, welche Koalition m\u00f6glich ist. Entsprechend hektisch und schrill reagiert die etablierte Konkurrenz.<\/p>\n<p>Lafontaine macht es ihnen dabei auch leicht. Keine Frage, seine \u00c4u\u00dferungen \u00fcber Arbeitsmigranten oder Asylanten sind schon lange unterschwellig fremdenfeindlich. Darauf muss man mit moralischen Argumenten antworten. Doch leider bleibt es bei diesem Politdiskurs des erhobenen Zeigefingers.<\/p>\n<p>Dabei sollten die politischen Eliten zur Kenntnis nehmen, was Wahlforscher l\u00e4ngst ermittelt haben: Die Anh\u00e4nger der Linkspartei sind weder Rassisten noch Chauvinisten &#8211; sie f\u00fcrchten ihren sozialen Abstieg. Das ist ernst zu nehmen, statt moralisch abzuwerten nach dem Motto: Die wollen blo\u00df nicht teilen. Doch das ist erneut der Gestus der politischen Elite, die sich um ihre Existenz keine Sorgen machen muss.<\/p>\n<p>Diese Elite gibt es, gerade in den Parteiapparaten. Aber bei den W\u00e4hlern wird die Schicht der Abgesicherten best\u00e4ndig kleiner. Zu Recht bef\u00fcrchten 40 Prozent inzwischen, dass es ihnen demn\u00e4chst \u00f6konomisch schlechter geht. Der R\u00fcckzug des Staates und der Slogan vom &#8222;Fordern und F\u00f6rdern&#8220; hat sie nerv\u00f6s gemacht. Selbst in der Mittelschicht glauben viele, dass sie einmal Solidarit\u00e4t brauchen werden.<\/p>\n<p>Diese neue Unruhe wird von den etablierten Parteien sogar wahrgenommen &#8211; doch reagiert man eher beleidigt und verk\u00fcrzt. Die emp\u00f6rte Lieblingsfrage lautet: Wann endlich verstehen die Sozialhilfeempf\u00e4nger, dass es ihnen mit Hartz IV in Wahrheit doch viel besser geht?! Damit wird souver\u00e4n ignoriert, dass die W\u00e4hler Experten in eigener Sache sind.<\/p>\n<p>Das zumindest hat die Linkspartei erkannt. Es wird den etablierten Parteien nichts nutzen zu behaupten, dass die linken \u00f6konomischen Vorschl\u00e4ge nicht funktionieren. Denn noch deutlicher ist: Die bisherigen Rezepte haben versagt. Weder Steuersenkungen noch privatisierte Sozialleistungen haben f\u00fcr Gerechtigkeit gesorgt. Solange den etablierten Parteien nichts Besseres einf\u00e4llt, wird die Linkspartei auch die kommenden Wahlk\u00e4mpfe bestimmen.<\/p>\n<p>taz Nr. 7714 vom 13.7.2005, Seite 1, 62 Zeilen (Kommentar), DANIEL HAUFLER<\/p>\n<p>taz muss sein: Was ist Ihnen die Internetausgabe der taz wert?<\/p>\n<p>Druckversion<\/p>\n<p>Seitenanfang<\/p>\n<p>\u00a9 Contrapress media GmbH<br \/>\n<br \/>\nVervielf\u00e4ltigung nur mit Genehmigung des taz-Verlags <\/p>\n<p>Anzeigen<\/p>\n<p>\nSeite 1 <\/p>\n<p> N\u00e4chster<br \/>\n<br \/>\n LeserInnenbrief <\/p>\n<p>\n Sozialforum 2005: 8 taz-Sonderseiten<\/p>\n<p>\nMacht euch bereit!<\/p>\n<p>Kurzabo plus 6 Anstecker <\/p>\n<p>\nMonatlich: taz-Newsletter<\/p>\n<p>\nDas Parmesan-Set und weitere sch\u00f6ne Pr\u00e4mien <\/p>\n<p>6 Monate taz lesen, 5 bezahlen. Die fetten Jahre sind vorbei.<\/p>\n<p>Ein Fahrrad, das klassisches und edles Design mit modernster Technik verbindet. <\/p>\n<p>\nLesen Sie die taz 10 Wochen lang f\u00fcr 60 Euro. Unser Dankesch\u00f6n f\u00fcr Sie: <\/p>\n<p>Das Sommer-Survival-Buch<br \/>\n<br \/>\nvon Bernhard P\u00f6tter, die RussenSoul-CD und weitere attraktive Pr\u00e4mien <\/p>\n<p>Keine taz am Kiosk?<br \/>\n<br \/>\nBitte melden!<\/p>\n<p>taz Entwicklungs KG<br \/>\n<br \/>\nKauft die taz! <\/p>\n<p>Bestellen Sie 5 Wochen taz plus den &#8222;Atlas der Globalisierung&#8220; f\u00fcr nur 22,50 Euro <\/p>\n<p>Lauf dich gl\u00fccklich! Am 6. August bei der Berliner Bewag-City-Nacht im taz-Genossenschaft-Block. Joggend, walkend, skatend. Infos <\/p>\n<p><\/p>\n","protected":false},"excerpt":{"rendered":"<p>Sehr guter, leider zu kurzer&#8230;aber im Kern sogar SEHR GUTER KOMMENTAR &#8230;.&#8220;dass die Bef\u00fcrworter der neuen Linkspartei weder Rassisten noch Chauvinisten sind&#8220; &#8211; (FEM MAG LEIDER LAFONTAINE NICHT MEHR&#8230;wegen seiner ganz-klar-rassistisch-fremdenfeindlichen \u00c4u\u00dferungen und dem Kalk\u00fcl, das dahinter steckt). Aber es stimmt &#8211; die W\u00c4HLER, die links w\u00e4hlen, habe sonst keine ..WAHL&#8230;um den Doppelsinn des armen strapazierten &#8212;aber eigentlich feinen Wortes &#8212;<\/p>\n","protected":false},"author":2,"featured_media":0,"comment_status":"closed","ping_status":"closed","sticky":false,"template":"","format":"standard","meta":{"footnotes":""},"categories":[14],"tags":[],"class_list":["post-83853","post","type-post","status-publish","format-standard","hentry","category-fempolitik","entry"],"yoast_head":"<!-- This site is optimized with the Yoast SEO plugin v21.0 - https:\/\/yoast.com\/wordpress\/plugins\/seo\/ -->\n<title>PRESSE- &quot;Taz&quot; : Lafontaine und die Arroganz der Eliten - Feminissima<\/title>\n<meta name=\"robots\" content=\"index, follow, max-snippet:-1, max-image-preview:large, max-video-preview:-1\" \/>\n<link rel=\"canonical\" href=\"https:\/\/feminissima.de\/index.php\/2005\/07\/13\/presse-taz-lafontaine-und-die-arroganz-der-eliten\/\" \/>\n<meta property=\"og:locale\" content=\"de_DE\" \/>\n<meta property=\"og:type\" content=\"article\" \/>\n<meta property=\"og:title\" content=\"PRESSE- &quot;Taz&quot; : Lafontaine und die Arroganz der Eliten - Feminissima\" \/>\n<meta property=\"og:description\" content=\"Sehr guter, leider zu kurzer...aber im Kern sogar SEHR GUTER KOMMENTAR ....&quot;dass die Bef\u00fcrworter der neuen Linkspartei weder Rassisten noch Chauvinisten sind&quot; - (FEM MAG LEIDER LAFONTAINE NICHT MEHR...wegen seiner ganz-klar-rassistisch-fremdenfeindlichen \u00c4u\u00dferungen und dem Kalk\u00fcl, das dahinter steckt). Aber es stimmt - die W\u00c4HLER, die links w\u00e4hlen, habe sonst keine ..WAHL...um den Doppelsinn des armen strapazierten ---aber eigentlich feinen Wortes ---\" \/>\n<meta property=\"og:url\" content=\"https:\/\/feminissima.de\/index.php\/2005\/07\/13\/presse-taz-lafontaine-und-die-arroganz-der-eliten\/\" \/>\n<meta property=\"og:site_name\" content=\"Feminissima\" \/>\n<meta property=\"article:published_time\" content=\"2005-07-13T08:47:38+00:00\" \/>\n<meta name=\"author\" content=\"admin\" \/>\n<meta name=\"twitter:card\" content=\"summary_large_image\" \/>\n<meta name=\"twitter:label1\" content=\"Verfasst von\" \/>\n\t<meta name=\"twitter:data1\" content=\"admin\" \/>\n\t<meta name=\"twitter:label2\" content=\"Gesch\u00e4tzte Lesezeit\" \/>\n\t<meta name=\"twitter:data2\" content=\"3\u00a0Minuten\" \/>\n<script type=\"application\/ld+json\" class=\"yoast-schema-graph\">{\"@context\":\"https:\/\/schema.org\",\"@graph\":[{\"@type\":\"WebPage\",\"@id\":\"https:\/\/feminissima.de\/index.php\/2005\/07\/13\/presse-taz-lafontaine-und-die-arroganz-der-eliten\/\",\"url\":\"https:\/\/feminissima.de\/index.php\/2005\/07\/13\/presse-taz-lafontaine-und-die-arroganz-der-eliten\/\",\"name\":\"PRESSE- \\\"Taz\\\" : Lafontaine und die Arroganz der Eliten - Feminissima\",\"isPartOf\":{\"@id\":\"https:\/\/feminissima.de\/#website\"},\"datePublished\":\"2005-07-13T08:47:38+00:00\",\"dateModified\":\"2005-07-13T08:47:38+00:00\",\"author\":{\"@id\":\"https:\/\/feminissima.de\/#\/schema\/person\/0b901e053624f88e7ecbea289d9d5128\"},\"breadcrumb\":{\"@id\":\"https:\/\/feminissima.de\/index.php\/2005\/07\/13\/presse-taz-lafontaine-und-die-arroganz-der-eliten\/#breadcrumb\"},\"inLanguage\":\"de\",\"potentialAction\":[{\"@type\":\"ReadAction\",\"target\":[\"https:\/\/feminissima.de\/index.php\/2005\/07\/13\/presse-taz-lafontaine-und-die-arroganz-der-eliten\/\"]}]},{\"@type\":\"BreadcrumbList\",\"@id\":\"https:\/\/feminissima.de\/index.php\/2005\/07\/13\/presse-taz-lafontaine-und-die-arroganz-der-eliten\/#breadcrumb\",\"itemListElement\":[{\"@type\":\"ListItem\",\"position\":1,\"name\":\"Startseite\",\"item\":\"https:\/\/feminissima.de\/\"},{\"@type\":\"ListItem\",\"position\":2,\"name\":\"PRESSE- &#8222;Taz&#8220; : Lafontaine und die Arroganz der Eliten\"}]},{\"@type\":\"WebSite\",\"@id\":\"https:\/\/feminissima.de\/#website\",\"url\":\"https:\/\/feminissima.de\/\",\"name\":\"Feminissima\",\"description\":\"\",\"potentialAction\":[{\"@type\":\"SearchAction\",\"target\":{\"@type\":\"EntryPoint\",\"urlTemplate\":\"https:\/\/feminissima.de\/?s={search_term_string}\"},\"query-input\":\"required name=search_term_string\"}],\"inLanguage\":\"de\"},{\"@type\":\"Person\",\"@id\":\"https:\/\/feminissima.de\/#\/schema\/person\/0b901e053624f88e7ecbea289d9d5128\",\"name\":\"admin\",\"image\":{\"@type\":\"ImageObject\",\"inLanguage\":\"de\",\"@id\":\"https:\/\/feminissima.de\/#\/schema\/person\/image\/\",\"url\":\"https:\/\/secure.gravatar.com\/avatar\/8da1f51327453c0bf63338e8e2a791948b7d2ac19b68839492d1e69aac6924a8?s=96&d=mm&r=g\",\"contentUrl\":\"https:\/\/secure.gravatar.com\/avatar\/8da1f51327453c0bf63338e8e2a791948b7d2ac19b68839492d1e69aac6924a8?s=96&d=mm&r=g\",\"caption\":\"admin\"},\"url\":\"https:\/\/feminissima.de\/index.php\/author\/admin\/\"}]}<\/script>\n<!-- \/ Yoast SEO plugin. -->","yoast_head_json":{"title":"PRESSE- \"Taz\" : Lafontaine und die Arroganz der Eliten - Feminissima","robots":{"index":"index","follow":"follow","max-snippet":"max-snippet:-1","max-image-preview":"max-image-preview:large","max-video-preview":"max-video-preview:-1"},"canonical":"https:\/\/feminissima.de\/index.php\/2005\/07\/13\/presse-taz-lafontaine-und-die-arroganz-der-eliten\/","og_locale":"de_DE","og_type":"article","og_title":"PRESSE- \"Taz\" : Lafontaine und die Arroganz der Eliten - Feminissima","og_description":"Sehr guter, leider zu kurzer...aber im Kern sogar SEHR GUTER KOMMENTAR ....\"dass die Bef\u00fcrworter der neuen Linkspartei weder Rassisten noch Chauvinisten sind\" - (FEM MAG LEIDER LAFONTAINE NICHT MEHR...wegen seiner ganz-klar-rassistisch-fremdenfeindlichen \u00c4u\u00dferungen und dem Kalk\u00fcl, das dahinter steckt). Aber es stimmt - die W\u00c4HLER, die links w\u00e4hlen, habe sonst keine ..WAHL...um den Doppelsinn des armen strapazierten ---aber eigentlich feinen Wortes ---","og_url":"https:\/\/feminissima.de\/index.php\/2005\/07\/13\/presse-taz-lafontaine-und-die-arroganz-der-eliten\/","og_site_name":"Feminissima","article_published_time":"2005-07-13T08:47:38+00:00","author":"admin","twitter_card":"summary_large_image","twitter_misc":{"Verfasst von":"admin","Gesch\u00e4tzte Lesezeit":"3\u00a0Minuten"},"schema":{"@context":"https:\/\/schema.org","@graph":[{"@type":"WebPage","@id":"https:\/\/feminissima.de\/index.php\/2005\/07\/13\/presse-taz-lafontaine-und-die-arroganz-der-eliten\/","url":"https:\/\/feminissima.de\/index.php\/2005\/07\/13\/presse-taz-lafontaine-und-die-arroganz-der-eliten\/","name":"PRESSE- \"Taz\" : Lafontaine und die Arroganz der Eliten - Feminissima","isPartOf":{"@id":"https:\/\/feminissima.de\/#website"},"datePublished":"2005-07-13T08:47:38+00:00","dateModified":"2005-07-13T08:47:38+00:00","author":{"@id":"https:\/\/feminissima.de\/#\/schema\/person\/0b901e053624f88e7ecbea289d9d5128"},"breadcrumb":{"@id":"https:\/\/feminissima.de\/index.php\/2005\/07\/13\/presse-taz-lafontaine-und-die-arroganz-der-eliten\/#breadcrumb"},"inLanguage":"de","potentialAction":[{"@type":"ReadAction","target":["https:\/\/feminissima.de\/index.php\/2005\/07\/13\/presse-taz-lafontaine-und-die-arroganz-der-eliten\/"]}]},{"@type":"BreadcrumbList","@id":"https:\/\/feminissima.de\/index.php\/2005\/07\/13\/presse-taz-lafontaine-und-die-arroganz-der-eliten\/#breadcrumb","itemListElement":[{"@type":"ListItem","position":1,"name":"Startseite","item":"https:\/\/feminissima.de\/"},{"@type":"ListItem","position":2,"name":"PRESSE- &#8222;Taz&#8220; : Lafontaine und die Arroganz der Eliten"}]},{"@type":"WebSite","@id":"https:\/\/feminissima.de\/#website","url":"https:\/\/feminissima.de\/","name":"Feminissima","description":"","potentialAction":[{"@type":"SearchAction","target":{"@type":"EntryPoint","urlTemplate":"https:\/\/feminissima.de\/?s={search_term_string}"},"query-input":"required name=search_term_string"}],"inLanguage":"de"},{"@type":"Person","@id":"https:\/\/feminissima.de\/#\/schema\/person\/0b901e053624f88e7ecbea289d9d5128","name":"admin","image":{"@type":"ImageObject","inLanguage":"de","@id":"https:\/\/feminissima.de\/#\/schema\/person\/image\/","url":"https:\/\/secure.gravatar.com\/avatar\/8da1f51327453c0bf63338e8e2a791948b7d2ac19b68839492d1e69aac6924a8?s=96&d=mm&r=g","contentUrl":"https:\/\/secure.gravatar.com\/avatar\/8da1f51327453c0bf63338e8e2a791948b7d2ac19b68839492d1e69aac6924a8?s=96&d=mm&r=g","caption":"admin"},"url":"https:\/\/feminissima.de\/index.php\/author\/admin\/"}]}},"jetpack_featured_media_url":"","_links":{"self":[{"href":"https:\/\/feminissima.de\/index.php\/wp-json\/wp\/v2\/posts\/83853","targetHints":{"allow":["GET"]}}],"collection":[{"href":"https:\/\/feminissima.de\/index.php\/wp-json\/wp\/v2\/posts"}],"about":[{"href":"https:\/\/feminissima.de\/index.php\/wp-json\/wp\/v2\/types\/post"}],"author":[{"embeddable":true,"href":"https:\/\/feminissima.de\/index.php\/wp-json\/wp\/v2\/users\/2"}],"replies":[{"embeddable":true,"href":"https:\/\/feminissima.de\/index.php\/wp-json\/wp\/v2\/comments?post=83853"}],"version-history":[{"count":0,"href":"https:\/\/feminissima.de\/index.php\/wp-json\/wp\/v2\/posts\/83853\/revisions"}],"wp:attachment":[{"href":"https:\/\/feminissima.de\/index.php\/wp-json\/wp\/v2\/media?parent=83853"}],"wp:term":[{"taxonomy":"category","embeddable":true,"href":"https:\/\/feminissima.de\/index.php\/wp-json\/wp\/v2\/categories?post=83853"},{"taxonomy":"post_tag","embeddable":true,"href":"https:\/\/feminissima.de\/index.php\/wp-json\/wp\/v2\/tags?post=83853"}],"curies":[{"name":"wp","href":"https:\/\/api.w.org\/{rel}","templated":true}]}}