{"id":83851,"date":"2005-07-13T07:04:55","date_gmt":"2005-07-13T07:04:55","guid":{"rendered":"http:\/\/www.feminissima.de\/?p=83851"},"modified":"2005-07-13T07:04:55","modified_gmt":"2005-07-13T07:04:55","slug":"tage-an-denen-du-besser-zuhause-bleibst","status":"publish","type":"post","link":"https:\/\/feminissima.de\/index.php\/2005\/07\/13\/tage-an-denen-du-besser-zuhause-bleibst\/","title":{"rendered":"Tage, an denen du besser zuhause bleibst."},"content":{"rendered":"<p>Vor dem Morgentext&#8230;nicht zu vergessen &#8211; der Nacht-Text&#8230;R\u00fcckkehr vom Waschsalon, Fischh\u00e4ute zwischen den Fingern&#8230;(insgesamt 3 Texte von gestern).<br \/>\n<br \/>\nUnd gestern gegen 8 begann die M\u00f6rtelmaschine&#8230;der Pre\u00dflufthammer&#8230;und auch die Hitze&#8230;dir allm\u00e4hlich zu Kopfe zu steigen. Und dann U-Bahnen, die NIE! dort ankommen, wo Du hinwillst&#8230;<\/p>\n<p>55175.\/&#8230;280 G\u00e4ste gestern..? Oh &#8211; !  Nein, ein Tippfehler  218, Erleichterung! <\/p>\n<p>Dann hat ja der Pudding noch gereicht..Ja&#8230;we do what we can..! <\/p>\n<p>Welcome to the nightriders&#8230;<br \/>\n<br \/>\nWhere do you come from..?<br \/>\n<br \/>\nIt&#8217;s 0:30 and &#8211; leer&#8230;H\u00e4nde wie Fisch-H\u00e4ute&#8230;<br \/>\n<br \/>\nvon all dem feuchten W\u00e4sche-Verteilen<br \/>\n<br \/>\n in der ja viel zu kleinen Wohnung daf\u00fcr&#8230;<\/p>\n<p>DAf\u00fcr ist sie nicht gedacht.<br \/>\n<br \/>\nUnd auch nicht gemacht. <\/p>\n<p>Sie ist kein Waschsalon, you know.<br \/>\n<br \/>\nSchade auch.<br \/>\n<br \/>\nKommt gut durch die Nacht &#8211; es ist eine Sommernacht&#8230;der Balkon biegt sich ja auch schon&#8230;&#8220;W\u00e4sche&#8220;&#8230;ja, oh &#8211; weitere Nachrichten, wie in Deutschland wieder Kinder geboren werden, sagt der sympathische Mann vom ZDF-Nacht-Magazin..interessant!<br \/>\n<br \/>\nUnd die Urlauber freuen sich bei und an Sonne an Ost- und Nordsee. Sagt die Wetterfee. <\/p>\n<p>Da f\u00e4llt einem der Mondstand ein.<br \/>\n<br \/>\nJa, man soll vielleicht nicht W\u00e4sche waschen, bei aszendierendem Mond&#8230;ja-aj. <\/p>\n<p>Die in Bayern sind hingegen angeschmiert. Im Norden scheint dagegen die Sonne. \u00c4tsch. &#8222;Es wird auch morgen wieder sommerlich warm..&#8220; &#8212; 32 Grad..na, da wird ja bis zum Abend die W\u00e4sche trocken..wenigstens. In Berchtesgaden wie immer im Sommer &#8211; Regen. Passt-scho! Nein, oder?<\/p>\n<p>UND HIER DER FR\u00dcHE MORGEN, ein Dienstag &#8211; 12.Juli 2005<\/p>\n<p>live-text vom 12. Juli 05 <\/p>\n<p>&#8222;Eigentlich beginnt der Dienstag &#8211; ein echter Dienst- Tag, erst jetzt! <\/p>\n<p>ES ist nach 8 und das Nachbarhaus wird neu verputzt.<br \/>\n<br \/>\nGigantische M\u00f6rtelmischmaschinen oder wie das genauer hei\u00dft,<br \/>\n<br \/>\nverbreiten einen umfassenden runden all-inclusve-Sound!<br \/>\n<br \/>\nDezent assistiert von einem Pre\u00dfluft-H\u00e4mmerchen, weil die Stra\u00dfe aufgerissen wird. <\/p>\n<p>Und an der Ampel hat gerade wieder ein Autofahrer vergessen, dass die Ampel gelegentlich auf Rot schaltet &#8211; und seine Bremsen maltr\u00e4tiert. Ja, ein frischer, unruhiger Morgen, der Kaffee m\u00f6chte dampfen, aber &#8211; ach, nein, er ist noch nicht gekocht..aber, und das zur allgemeinen Beruhigung, die W\u00e4sche ist fast trocken &#8211; zumindest das, was f\u00fcr das outdoor live gebraucht wird, an einem Tag, den die Wetterfee gestern als &#8222;weiterhin Sonnenschein&#8220; &#8211; sehr viel Sonnenschein&#8230;und bis die G\u00e4ste heute Abend &#8230;<\/p>\n<p>HEUTE WIRD FEMINISSIMA DREI JAHRE JUNG!! <\/p>\n<p>&#8211; bis dahin, bei der schon-jetzt-br\u00fcllenden-Hitze&#8230;wird ja auch der Rest. Das haben die davon, wenn die schon um 22 Uhr jetzt schlie\u00dfen, und nicht um 23 Uhr ! In diesem neon-n\u00fcchternen-Waschsalon, wo die Maschinen von alleine sich abschalten&#8230;und du mit irgendwie verschlossenem Gesicht Deine triefnasse W\u00e4sche ungetrocknet mit nach Hause nehmen darfst&#8230;<\/p>\n<p>Also &#8211; ein ZETTEL w\u00e4re ja auch&#8230;na, in Berlin wohl zuviel verlangt&#8230;&#8220;WIR SCHLIESSEN 1 STUNDE FR\u00dcHER&#8220;..bzw. die Maschinen. Aber was nutzt Dir die \u00d6ffnungszeit bis 23 Uhr  &#8211; wenn Du ab 22 Uhr nicht mehr schleudern und TROCKNEN kannst&#8230;?? Ja, Dearies &#038; Dears &#8211; nun trudeln die Redaktions-Animals ein..Ch\u00e9rie, die Redaktionswildkatze riecht den Braten &#8211; und &#8211; los &#8211; geht es &#8211; ! <\/p>\n<p>KOMMT mit CONTENANCE durch den Tag &#8211; FEMINISSIMA bem\u00fcht sich auch &#8230;! Die Lese Lounges sind ge\u00f6ffnet, gut durchflutet &#8211; bitte sehr! <\/p>\n<p>Oh ja&#8230;.und so ging der Tag weiter..:<\/p>\n<p>Und Du kannst nur sagen: hey! es gibt Tage, da bleibst Du besser gleich zuhause.<br \/>\n<br \/>\nHeute ist so einer!<br \/>\n<br \/>\nEigentlich fing es ja schon gestern an.<br \/>\n<br \/>\nDer wunderbare Waschsalon-Abend!<\/p>\n<p>Aber heute.. Im Kopf das, was sich andere auf Zettel schreiben, und in der U-Bahn merkst Du, dass Du den einzigen und wichtigen Zettel sch\u00f6n neben diesem netten PC hast liegenlassen. Aber Du hast ja ein gutes Ged\u00e4chtnis, nicht wahr? Aber Du wei\u00dft auch&#8230;etwas in Deinem Hinterk\u00f6pfchen fl\u00fcstert Dir zu, dass Du mit den Linien U- 7 und U &#8211; 9 schon \u00f6fter Deine Schwierigkeiten hattest. Und vor allem mit der BUNDESALLEE, dieser Adresse. Die ist t\u00fcckisch. Sehr t\u00fcckisch. Denn dort gibt es U-Bahn-Haltestellen sowohl von der U-7 als auch der U- 9. Und die BUNDESALLEE, wie der Name schon d\u00fcster ahnen l\u00e4sst, ist eine lange, breite, teilweise sogar durch einen Tunnel getrennte ..nein es gehen zwei Spuren der Stra\u00dfe in die eine -und zwei Spuren in die andere Richtung. Also so gro\u00df, riesig, und Du als kleiner Mensch da, kannst Du nat\u00fcrlich nicht von einer Seite die Hausnummer auf der anderen sehen&#8230;.jajaja&#8230;beim ersten Versuch, neulich, als es so sch\u00fcttete, da hatte es auch nicht auf Anhieb geklappt&#8230;und heute &#8211; nach eineinhalb Stunden &#8230;es begann mit der Wahl der falschen U-Bahn&#8230;dann in die falsche Richtung&#8230;.na &#8211; ein anderes Mal mehr..Als Du dann endlich nach eineinhalb Stunden..siedende Hitze, tausend Informationen &#8222;SCHAUEN SIE DOCH MAL dort &#8212;&#8220; &#8230;&#8220;Fragen Sie doch mal den Texifahrer&#8220;&#8230;.worin bestand der IRRTUM..????? So einfach, so banal&#8230;so&#8230;Du dachtest, es g\u00e4be eine EIGENE U-BAHN-Haltestation namens &#8222;BUNDESALLEE&#8220;. Nein, gibt es nicht.<br \/>\n<br \/>\nNur die Namen der abzweigenden Stra\u00dfen. Aber damit wei\u00dft Du noch l\u00e4ngst nicht, welche BUNDES-STRASSEN-HAUSNUMMER das ist &#8230;.ob die 200 oder die 212&#8230;auf der anderen Stra\u00dfenseite die 20&#8230;ja.aja&#8230;und dann gibt es meist 4 verschiedene Ausstiege..und wenn Du an der falschen ausgestiegen bist, erscheint Dir alles fremd&#8230;weil Du Dich auch nicht wirklich genau auf der BUNDESALLEE so gut auskennst&#8230;.und wenn Dir dann jemand freundlich sagt &#8211; &#8222;ACH, SIE MEINEN DEN BUNDESPLATZ&#8220;, weil der eine eigene U-Bahn-Haltestelle &#8230;und du kletterst die 1000. sten Treppen hoch, weil die Rolltreppen genau heute alle repariert werden oder sonstwie den Geist aufgegeben haben&#8230;und Dich umschaust&#8230;wei\u00dft Du sofort&#8230;DAS IST ES AUCH NICHT!!<\/p>\n<p>***Was tun, bevor der Mensch kollabiert?****ZUR\u00dcCKFAHREN!HEIMFAHREN. KOPF UNTER WASSER&#8230;und GAAAAAAAAANZ LAUT \u00dcBER DICH SELBT LAAACHEN&#8230;.\/hier mal schnell einen k\u00fchlen Willkommenstrunk&#8230;mhh&#8230;ja&#8230;Die Sachen sind aber alle trocken geworden. Es d\u00fcrften \u00fcber 40 Grad sein&#8230;auf dem Balk\u00f6ng-chen&#8230;Aber die Jalousien und die nun wieder &#8230;..gew\u00e4sserten&#8230;HANDT\u00dcCHER IN DER BALKONT\u00dcR&#8230;&#8230;halten die Hitze ganz gut drau\u00dfen.. HI-di-ho&#8230;.heute wird FEMINISSIMA drei JAHRE &#8230;alt..jung&#8230;hold on..! Bis sp\u00e4ter. Jetzt mu\u00df ja obligatorisch alles richtig gut aufger\u00e4umt werden&#8230;wenn Du es selbst schon nicht bist..naja&#8230;besser so, als anders. ODer`? Und eigentlich hat man ja wieder einen guten Teil mehr von der Stadt kennengelernt&#8230;heute Vormittag! Einfach alles positiv sehen&#8230;ommmm!!(Lach-sweet-bitter&#8230;)<\/p>\n","protected":false},"excerpt":{"rendered":"<p>Vor dem Morgentext&#8230;nicht zu vergessen &#8211; der Nacht-Text&#8230;R\u00fcckkehr vom Waschsalon, Fischh\u00e4ute zwischen den Fingern&#8230;(insgesamt 3 Texte von gestern).<br \/>\n<br \/>\nUnd gestern gegen 8 begann die M\u00f6rtelmaschine&#8230;der Pre\u00dflufthammer&#8230;und auch die Hitze&#8230;dir allm\u00e4hlich zu Kopfe zu steigen. Und dann U-Bahnen, die NIE! dort ankommen, wo Du hinwillst&#8230;<br \/><\/p>\n","protected":false},"author":2,"featured_media":0,"comment_status":"closed","ping_status":"closed","sticky":false,"template":"","format":"standard","meta":{"footnotes":""},"categories":[12],"tags":[],"class_list":["post-83851","post","type-post","status-publish","format-standard","hentry","category-femleben","entry"],"yoast_head":"<!-- This site is optimized with the Yoast SEO plugin v21.0 - https:\/\/yoast.com\/wordpress\/plugins\/seo\/ -->\n<title>Tage, an denen du besser zuhause bleibst. - Feminissima<\/title>\n<meta name=\"robots\" content=\"index, follow, max-snippet:-1, max-image-preview:large, max-video-preview:-1\" \/>\n<link rel=\"canonical\" href=\"https:\/\/feminissima.de\/index.php\/2005\/07\/13\/tage-an-denen-du-besser-zuhause-bleibst\/\" \/>\n<meta property=\"og:locale\" content=\"de_DE\" \/>\n<meta property=\"og:type\" content=\"article\" \/>\n<meta property=\"og:title\" content=\"Tage, an denen du besser zuhause bleibst. - Feminissima\" \/>\n<meta property=\"og:description\" content=\"Vor dem Morgentext...nicht zu vergessen - der Nacht-Text...R\u00fcckkehr vom Waschsalon, Fischh\u00e4ute zwischen den Fingern...(insgesamt 3 Texte von gestern). Und gestern gegen 8 begann die M\u00f6rtelmaschine...der Pre\u00dflufthammer...und auch die Hitze...dir allm\u00e4hlich zu Kopfe zu steigen. Und dann U-Bahnen, die NIE! dort ankommen, wo Du hinwillst...\" \/>\n<meta property=\"og:url\" content=\"https:\/\/feminissima.de\/index.php\/2005\/07\/13\/tage-an-denen-du-besser-zuhause-bleibst\/\" \/>\n<meta property=\"og:site_name\" content=\"Feminissima\" \/>\n<meta property=\"article:published_time\" content=\"2005-07-13T07:04:55+00:00\" \/>\n<meta name=\"author\" content=\"admin\" \/>\n<meta name=\"twitter:card\" content=\"summary_large_image\" \/>\n<meta name=\"twitter:label1\" content=\"Verfasst von\" \/>\n\t<meta name=\"twitter:data1\" content=\"admin\" \/>\n\t<meta name=\"twitter:label2\" content=\"Gesch\u00e4tzte Lesezeit\" \/>\n\t<meta name=\"twitter:data2\" content=\"5\u00a0Minuten\" \/>\n<script type=\"application\/ld+json\" class=\"yoast-schema-graph\">{\"@context\":\"https:\/\/schema.org\",\"@graph\":[{\"@type\":\"WebPage\",\"@id\":\"https:\/\/feminissima.de\/index.php\/2005\/07\/13\/tage-an-denen-du-besser-zuhause-bleibst\/\",\"url\":\"https:\/\/feminissima.de\/index.php\/2005\/07\/13\/tage-an-denen-du-besser-zuhause-bleibst\/\",\"name\":\"Tage, an denen du besser zuhause bleibst. - Feminissima\",\"isPartOf\":{\"@id\":\"https:\/\/feminissima.de\/#website\"},\"datePublished\":\"2005-07-13T07:04:55+00:00\",\"dateModified\":\"2005-07-13T07:04:55+00:00\",\"author\":{\"@id\":\"https:\/\/feminissima.de\/#\/schema\/person\/0b901e053624f88e7ecbea289d9d5128\"},\"breadcrumb\":{\"@id\":\"https:\/\/feminissima.de\/index.php\/2005\/07\/13\/tage-an-denen-du-besser-zuhause-bleibst\/#breadcrumb\"},\"inLanguage\":\"de\",\"potentialAction\":[{\"@type\":\"ReadAction\",\"target\":[\"https:\/\/feminissima.de\/index.php\/2005\/07\/13\/tage-an-denen-du-besser-zuhause-bleibst\/\"]}]},{\"@type\":\"BreadcrumbList\",\"@id\":\"https:\/\/feminissima.de\/index.php\/2005\/07\/13\/tage-an-denen-du-besser-zuhause-bleibst\/#breadcrumb\",\"itemListElement\":[{\"@type\":\"ListItem\",\"position\":1,\"name\":\"Startseite\",\"item\":\"https:\/\/feminissima.de\/\"},{\"@type\":\"ListItem\",\"position\":2,\"name\":\"Tage, an denen du besser zuhause bleibst.\"}]},{\"@type\":\"WebSite\",\"@id\":\"https:\/\/feminissima.de\/#website\",\"url\":\"https:\/\/feminissima.de\/\",\"name\":\"Feminissima\",\"description\":\"\",\"potentialAction\":[{\"@type\":\"SearchAction\",\"target\":{\"@type\":\"EntryPoint\",\"urlTemplate\":\"https:\/\/feminissima.de\/?s={search_term_string}\"},\"query-input\":\"required name=search_term_string\"}],\"inLanguage\":\"de\"},{\"@type\":\"Person\",\"@id\":\"https:\/\/feminissima.de\/#\/schema\/person\/0b901e053624f88e7ecbea289d9d5128\",\"name\":\"admin\",\"image\":{\"@type\":\"ImageObject\",\"inLanguage\":\"de\",\"@id\":\"https:\/\/feminissima.de\/#\/schema\/person\/image\/\",\"url\":\"https:\/\/secure.gravatar.com\/avatar\/8da1f51327453c0bf63338e8e2a791948b7d2ac19b68839492d1e69aac6924a8?s=96&d=mm&r=g\",\"contentUrl\":\"https:\/\/secure.gravatar.com\/avatar\/8da1f51327453c0bf63338e8e2a791948b7d2ac19b68839492d1e69aac6924a8?s=96&d=mm&r=g\",\"caption\":\"admin\"},\"url\":\"https:\/\/feminissima.de\/index.php\/author\/admin\/\"}]}<\/script>\n<!-- \/ Yoast SEO plugin. -->","yoast_head_json":{"title":"Tage, an denen du besser zuhause bleibst. - Feminissima","robots":{"index":"index","follow":"follow","max-snippet":"max-snippet:-1","max-image-preview":"max-image-preview:large","max-video-preview":"max-video-preview:-1"},"canonical":"https:\/\/feminissima.de\/index.php\/2005\/07\/13\/tage-an-denen-du-besser-zuhause-bleibst\/","og_locale":"de_DE","og_type":"article","og_title":"Tage, an denen du besser zuhause bleibst. - Feminissima","og_description":"Vor dem Morgentext...nicht zu vergessen - der Nacht-Text...R\u00fcckkehr vom Waschsalon, Fischh\u00e4ute zwischen den Fingern...(insgesamt 3 Texte von gestern). Und gestern gegen 8 begann die M\u00f6rtelmaschine...der Pre\u00dflufthammer...und auch die Hitze...dir allm\u00e4hlich zu Kopfe zu steigen. Und dann U-Bahnen, die NIE! dort ankommen, wo Du hinwillst...","og_url":"https:\/\/feminissima.de\/index.php\/2005\/07\/13\/tage-an-denen-du-besser-zuhause-bleibst\/","og_site_name":"Feminissima","article_published_time":"2005-07-13T07:04:55+00:00","author":"admin","twitter_card":"summary_large_image","twitter_misc":{"Verfasst von":"admin","Gesch\u00e4tzte Lesezeit":"5\u00a0Minuten"},"schema":{"@context":"https:\/\/schema.org","@graph":[{"@type":"WebPage","@id":"https:\/\/feminissima.de\/index.php\/2005\/07\/13\/tage-an-denen-du-besser-zuhause-bleibst\/","url":"https:\/\/feminissima.de\/index.php\/2005\/07\/13\/tage-an-denen-du-besser-zuhause-bleibst\/","name":"Tage, an denen du besser zuhause bleibst. - Feminissima","isPartOf":{"@id":"https:\/\/feminissima.de\/#website"},"datePublished":"2005-07-13T07:04:55+00:00","dateModified":"2005-07-13T07:04:55+00:00","author":{"@id":"https:\/\/feminissima.de\/#\/schema\/person\/0b901e053624f88e7ecbea289d9d5128"},"breadcrumb":{"@id":"https:\/\/feminissima.de\/index.php\/2005\/07\/13\/tage-an-denen-du-besser-zuhause-bleibst\/#breadcrumb"},"inLanguage":"de","potentialAction":[{"@type":"ReadAction","target":["https:\/\/feminissima.de\/index.php\/2005\/07\/13\/tage-an-denen-du-besser-zuhause-bleibst\/"]}]},{"@type":"BreadcrumbList","@id":"https:\/\/feminissima.de\/index.php\/2005\/07\/13\/tage-an-denen-du-besser-zuhause-bleibst\/#breadcrumb","itemListElement":[{"@type":"ListItem","position":1,"name":"Startseite","item":"https:\/\/feminissima.de\/"},{"@type":"ListItem","position":2,"name":"Tage, an denen du besser zuhause bleibst."}]},{"@type":"WebSite","@id":"https:\/\/feminissima.de\/#website","url":"https:\/\/feminissima.de\/","name":"Feminissima","description":"","potentialAction":[{"@type":"SearchAction","target":{"@type":"EntryPoint","urlTemplate":"https:\/\/feminissima.de\/?s={search_term_string}"},"query-input":"required name=search_term_string"}],"inLanguage":"de"},{"@type":"Person","@id":"https:\/\/feminissima.de\/#\/schema\/person\/0b901e053624f88e7ecbea289d9d5128","name":"admin","image":{"@type":"ImageObject","inLanguage":"de","@id":"https:\/\/feminissima.de\/#\/schema\/person\/image\/","url":"https:\/\/secure.gravatar.com\/avatar\/8da1f51327453c0bf63338e8e2a791948b7d2ac19b68839492d1e69aac6924a8?s=96&d=mm&r=g","contentUrl":"https:\/\/secure.gravatar.com\/avatar\/8da1f51327453c0bf63338e8e2a791948b7d2ac19b68839492d1e69aac6924a8?s=96&d=mm&r=g","caption":"admin"},"url":"https:\/\/feminissima.de\/index.php\/author\/admin\/"}]}},"jetpack_featured_media_url":"","_links":{"self":[{"href":"https:\/\/feminissima.de\/index.php\/wp-json\/wp\/v2\/posts\/83851","targetHints":{"allow":["GET"]}}],"collection":[{"href":"https:\/\/feminissima.de\/index.php\/wp-json\/wp\/v2\/posts"}],"about":[{"href":"https:\/\/feminissima.de\/index.php\/wp-json\/wp\/v2\/types\/post"}],"author":[{"embeddable":true,"href":"https:\/\/feminissima.de\/index.php\/wp-json\/wp\/v2\/users\/2"}],"replies":[{"embeddable":true,"href":"https:\/\/feminissima.de\/index.php\/wp-json\/wp\/v2\/comments?post=83851"}],"version-history":[{"count":0,"href":"https:\/\/feminissima.de\/index.php\/wp-json\/wp\/v2\/posts\/83851\/revisions"}],"wp:attachment":[{"href":"https:\/\/feminissima.de\/index.php\/wp-json\/wp\/v2\/media?parent=83851"}],"wp:term":[{"taxonomy":"category","embeddable":true,"href":"https:\/\/feminissima.de\/index.php\/wp-json\/wp\/v2\/categories?post=83851"},{"taxonomy":"post_tag","embeddable":true,"href":"https:\/\/feminissima.de\/index.php\/wp-json\/wp\/v2\/tags?post=83851"}],"curies":[{"name":"wp","href":"https:\/\/api.w.org\/{rel}","templated":true}]}}