{"id":83832,"date":"2005-07-06T09:40:42","date_gmt":"2005-07-06T09:40:42","guid":{"rendered":"http:\/\/www.feminissima.de\/?p=83832"},"modified":"2005-07-06T09:40:42","modified_gmt":"2005-07-06T09:40:42","slug":"afrik-com-rassismus-im-augsburger-zoo","status":"publish","type":"post","link":"https:\/\/feminissima.de\/index.php\/2005\/07\/06\/afrik-com-rassismus-im-augsburger-zoo\/","title":{"rendered":"AFRIK.COM : Rassismus im Augsburger Zoo"},"content":{"rendered":"<p>Sp\u00e4ter die \u00dcbersetzung des Textes \u00fcber den Clou des Augsburger Zoos, ein &#8222;afrikanisches Dorf&#8220; darzusgtellen. www.AFRIK.com &#8211; die toute l&#8217;AFRIQUE &#8211; Site, macht sich dar\u00fcber lustig&#8230;wie ein Deutschland&#8230;mit eindeutig kolonialer Vergangenheit &#8230;diese nun wieder durch einen &#8222;Menschen-Zoo&#8220; aufleben l\u00e4sst&#8230;! &#8222;LES ZOOS HUMAINS DE RETOUR EN ALLEMAGNE..&#8220;\/Hier die Site in franz\u00f6sischer Originalsprache &#8211; es geht auch um neue Konflikte zwischen Marokko und den Sahouris &#8211; und hier auch les derni\u00e8res br\u00e8ves, die letzten Meldungen:<br \/>Derni\u00e8res br\u00e8ves <\/p>\n<p> &#8211; Burundi : le CNDD-FDD remporte les l\u00e9gislatives<br \/>\n<br \/>\n&#8211; Alg\u00e9rie : f\u00eate de l\u2019ind\u00e9pendance<br \/>\n<br \/>\n&#8211; Les Etats-Unis vont doubler leur aide \u00e0 l\u2019Afrique<br \/>\n<br \/>\n&#8211; C\u00f4te d\u2019Ivoire : un militaire battu et un autre tu\u00e9 par des gardes pr\u00e9sidentiels<br \/>\n<br \/>\n&#8211; Togo : le Prince Albert II reconna\u00eetra-t-il officiellement Alexandre ?<br \/>\n<br \/>\n&#8211; Nigeria : Segun Afolabi remporte le prix Caine<br \/>\n<br \/>\n&#8211; Huit Kenyans et un Tanzanien pris en otage en Somalie<br \/>\n<br \/>\n&#8211; Kenya : une radio sophistiqu\u00e9e pour relier les p\u00eacheurs du lac Victoria<br \/>\n<br \/>\n&#8211; Tunisie : Benetton ouvre une nouvelle unit\u00e9 de coloration<br \/>\n<br \/>\n&#8211; Des Congolais s\u00e9ropositifs mari\u00e9s<\/p>\n<p>\nZoom sur :<br \/>\n<br \/>\n \u00ab Les forces impartiales doivent d\u00e9sarmer les rebelles \u00bb<\/p>\n<p> Fran\u00e7ois Xavier Verschave est mort<\/p>\n<p> Bon anniversaire Aim\u00e9 C\u00e9saire<\/p>\n<p>\nPUBLICIT\u00c9<\/p>\n<p>Dossiers <\/p>\n<p> Dr\u00e9panocytose<\/p>\n<p>\n Guerre d\u2019Alg\u00e9rie<\/p>\n<p>\nArchives<br \/>\n<br \/>\nLes archives Soci\u00e9t\u00e9<\/p>\n<p>\nBurundi<br \/>\n<br \/>\nLe FDD remporte les premi\u00e8res l\u00e9gislatives burundaises depuis 1993<br \/>\n<br \/>\nLe Burundi franchit une \u00e9tape cruciale dans sa longue marche vers la paix <\/p>\n<p>Sorti vainqueur des \u00e9lections communales, du 3 juin dernier, les Forces pour la d\u00e9fense de la d\u00e9mocratie (FDD) seront \u00e9galement le parti majoritaire dans la nouvelle Assembl\u00e9e nationale burundaise. Les premiers r\u00e9sultats des premi\u00e8res l\u00e9gislatives burundaises, depuis 1993, ont \u00e9t\u00e9 communiqu\u00e9es, il y a quelques heures, par la Commission \u00e9lectorale nationale ind\u00e9pendante.<br \/>\n<br \/>\nLire la suite &#8230;   <\/p>\n<p>\n&#8212;&#8212;&#8212;&#8212;&#8212;&#8212;&#8212;&#8212;&#8212;&#8212;&#8212;&#8212;&#8212;&#8212;&#8212;&#8212;&#8212;&#8212;&#8212;&#8212;&#8212;&#8212;&#8212;&#8212;&#8212;&#8212;&#8211;<br \/>\n<br \/>\nPan Afrique<br \/>\n<br \/>\n\u2018African village\u2019 : les zoos humains de retour en Allemagne&#8230;<br \/>\n<br \/>\nAlors que l\u2019Allemagne s\u2019interroge sur son pass\u00e9 colonial, \u00e0 la faveur d\u2019une campagne d\u00e9nomm\u00e9e Africome 2004-2006, les responsables du zoo d\u2019Augsbourg avec &#8222;African village&#8220; l\u2019ont fait renouer avec une &#8222;attraction&#8220; fort honteuse. Celle des zoos humains. Retour sur un \u00e9v\u00e8nement qui a d\u00e9fray\u00e9 la chronique en Allemagne et qui a choqu\u00e9 l\u2019ensemble de la diaspora noire \u00e0 travers le monde.<br \/>\n<br \/>\nLire la suite &#8230;  Togo<br \/>\n<br \/>\nTogo : \u00ab Faure Gnassingbe va cr\u00e9er plus de difficult\u00e9s que son p\u00e8re \u00bb<br \/>\n<br \/>\nJean-Pierre Fabre, le secr\u00e9taire g\u00e9n\u00e9ral de l\u2019Union des forces de changement, principal parti d\u2019opposition togolais, \u00e9tait \u00e0 Cotonou pour faire entendre sa voix au \u00ab Forum des partis, des m\u00e9dias et de la soci\u00e9t\u00e9 civile en Afrique de l\u2019Ouest \u00bb. Il revient pour Afrik sur l\u2019avenir de son pays, sur le r\u00f4le de la Cedeao (Communaut\u00e9 \u00e9conomique des Etats d\u2019Afrique de l\u2019Ouest) et de la France dans la crise actuelle, ainsi que sur sa rencontre avec le repr\u00e9sentant du parti de Faure Gnassingbe au Forum.<br \/>\n<br \/>\nLire la suite &#8230;  Alg\u00e9rie Maroc<br \/>\n<br \/>\nMaroc : escalade dans le conflit saharaoui<br \/>\n<br \/>\nDes tensions entre le Maroc et le territoire du Sahara occidental reprennent de l\u2019ampleur. Si cette situation dure depuis 30 ans, ces derni\u00e8res semaines ont vu abonder manifestations et r\u00e9pressions massives. Les mouvements de protestation saharaouis et la voix de la communaut\u00e9 internationale semblent par ailleurs engager une nouvelle prise de conscience du sort des Sahraouis s\u00e9questr\u00e9s dans des camps de d\u00e9tention dans le Sud du Maroc.<br \/>\n<br \/>\nLire la suite &#8230;<br \/>\n<br \/>\nPan Afrique R.D.C.<br \/>\n<br \/>\nMontpellier inaugure sa rue Lumumba<br \/>\n<br \/>\nUne rue Patrice Lumumba va \u00eatre inaugur\u00e9e, samedi, \u00e0 Montpellier (France). A l\u2019initiative du Maire de cette ville cosmopolite, la rue doit rendre hommage au p\u00e8re de l\u2019ind\u00e9pendance congolaise (RDC), v\u00e9ritable symbole de libert\u00e9 et de justice en Afrique. L\u2019Association des Congolais D\u00e9mocratiques de Montpellier a organis\u00e9 des festivit\u00e9s pour c\u00e9l\u00e9brer en couleurs l\u2019\u00e9v\u00e8nement.<br \/>\n<br \/>\nLire la suite &#8230;  R.D.C.<br \/>\n<br \/>\nRDC : f\u00eate de l\u2019Ind\u00e9pendance mouvement\u00e9e<br \/>\n<br \/>\nLe jeudi 30 juin a \u00e9t\u00e9 le jour de tous les dangers en R\u00e9publique d\u00e9mocratique du Congo. Date du 45e anniversaire de l\u2019ind\u00e9pendance, c\u2019\u00e9tait aussi celle des \u00e9lections qui devaient mettre fin \u00e0 la p\u00e9riode de transition. Mais ni la f\u00eate ni le changement politique n\u2019ont \u00e9t\u00e9 au rendez-vous. A Kinshasa et dans plusieurs villes du pays, des manifestations d\u2019opposants ont \u00e9t\u00e9 r\u00e9prim\u00e9es par les armes. Bilan : entre 1 et 11 morts sur l\u2019ensemble du territoire.<br \/>\n<br \/>\nLire la suite &#8230;  C\u00f4te d\u2019Ivoire<br \/>\n<br \/>\n\u00ab Les forces impartiales doivent d\u00e9sarmer les rebelles \u00bb<br \/>\n<br \/>\nPascal Affi N\u2019Guessan, pr\u00e9sident du Front populaire ivoirien (au pouvoir), estime que les Nations Unies et les soldats fran\u00e7ais, regroup\u00e9s sous le terme g\u00e9n\u00e9rique de Forces impartiales, devraient s\u2019imposer dans le d\u00e9sarmement du pays. Invit\u00e9 au Forum des partis politiques, des m\u00e9dias et de la soci\u00e9t\u00e9 civile pour la d\u00e9mocratie et la paix, \u00e0 Cotonou (B\u00e9nin), l\u2019ancien Premier ministre, revenant sur les pourparlers de Pretoria, estime que le d\u00e9sarmement est non n\u00e9gociable.<br \/>\n<br \/>\nLire la suite &#8230;<br \/>\n<br \/>\nPan Afrique<br \/>\n<br \/>\nFran\u00e7ois Xavier Verschave est mort<br \/>\n<br \/>\nFran\u00e7ois Xavier Verschave est d\u00e9c\u00e9d\u00e9 mercredi 29 juin des suites d\u2019un cancer. Il avait 59 ans. Membre fondateur de l\u2019ONG Survie, il \u00e9tait l\u2019auteur ou co-auteur d\u2019une vingtaine d\u2019ouvrages explosifs sur les relations \u00e9conomico-politiques entre la France et ses anciennes colonies. Il s\u2019\u00e9tait donn\u00e9 pour mission de d\u00e9noncer les relations occultes qu\u2019entretenaient dirigeants fran\u00e7ais et chefs d\u2019Etats africains, n\u00e9buleuse d\u00e9sormais connue sous le nom de \u00ab Fran\u00e7afrique \u00bb.<br \/>\n<br \/>\nLire la suite &#8230;  Pan Afrique<br \/>\n<br \/>\nGare au henn\u00e9 noir !<br \/>\n<br \/>\nLa Belgique met en garde ses concitoyens contre les tatouages temporaires au henn\u00e9 noir. Car certains ajoutent \u00e0 la poudre v\u00e9g\u00e9tale, tr\u00e8s utilis\u00e9e en Afrique du Nord, du para-ph\u00e9nyl\u00e8nediamine. Une fois expos\u00e9e \u00e0 cette substance tr\u00e8s allergisante, la peau peut d\u00e9velopper, l\u00e0 o\u00f9 elle a \u00e9t\u00e9 tatou\u00e9e, des r\u00e9actions telles que des \u00ab d\u00e9mangeaisons et autres rougeurs \u00bb. Une hypersensibilit\u00e9 irr\u00e9versible.<br \/>\n<br \/>\nLire la suite &#8230;  Pan Afrique B\u00e9nin<br \/>\n<br \/>\nLe politique, le journaliste et le citoyen en d\u00e9bat \u00e0 Cotonou<br \/>\n<br \/>\nLe premier forum des partis politiques, des m\u00e9dias et de la soci\u00e9t\u00e9 civile en Afrique de l\u2019Ouest a d\u00e9but\u00e9 mardi, \u00e0 Cotonou (B\u00e9nin), pour quatre jours de travaux \u00e0 fort potentiel explosif. A l\u2019exception notable du Rassemblement du peuple togolais de Faure Gnassingb\u00e9, presque tous les partis de la sous-r\u00e9gion, gouvernants comme opposants, ont r\u00e9pondu favorablement \u00e0 l\u2019invitation.<br \/>\n<br \/>\nLire la suite &#8230;  <\/p>\n","protected":false},"excerpt":{"rendered":"<p>Sp\u00e4ter die \u00dcbersetzung des Textes \u00fcber den Clou des Augsburger Zoos, ein &#8222;afrikanisches Dorf&#8220; darzusgtellen. www.AFRIK.com &#8211; die toute l&#8217;AFRIQUE &#8211; Site, macht sich dar\u00fcber lustig&#8230;wie ein Deutschland&#8230;mit eindeutig kolonialer Vergangenheit &#8230;diese nun wieder durch einen &#8222;Menschen-Zoo&#8220; aufleben l\u00e4sst&#8230;! &#8222;LES ZOOS HUMAINS DE RETOUR EN ALLEMAGNE..&#8220;\/Hier die Site in franz\u00f6sischer Originalsprache &#8211; es geht auch um neue Konflikte zwischen Marokko und den Sahouris &#8211; und hier auch les derni\u00e8res br\u00e8ves, die letzten Meldungen:<\/p>\n","protected":false},"author":2,"featured_media":0,"comment_status":"closed","ping_status":"closed","sticky":false,"template":"","format":"standard","meta":{"footnotes":""},"categories":[13],"tags":[],"class_list":["post-83832","post","type-post","status-publish","format-standard","hentry","category-femmedien","entry"],"yoast_head":"<!-- This site is optimized with the Yoast SEO plugin v21.0 - https:\/\/yoast.com\/wordpress\/plugins\/seo\/ -->\n<title>AFRIK.COM : Rassismus im Augsburger Zoo - Feminissima<\/title>\n<meta name=\"robots\" content=\"index, follow, max-snippet:-1, max-image-preview:large, max-video-preview:-1\" \/>\n<link rel=\"canonical\" href=\"https:\/\/feminissima.de\/index.php\/2005\/07\/06\/afrik-com-rassismus-im-augsburger-zoo\/\" \/>\n<meta property=\"og:locale\" content=\"de_DE\" \/>\n<meta property=\"og:type\" content=\"article\" \/>\n<meta property=\"og:title\" content=\"AFRIK.COM : Rassismus im Augsburger Zoo - Feminissima\" \/>\n<meta property=\"og:description\" content=\"Sp\u00e4ter die \u00dcbersetzung des Textes \u00fcber den Clou des Augsburger Zoos, ein &quot;afrikanisches Dorf&quot; darzusgtellen. www.AFRIK.com - die toute l&#039;AFRIQUE - Site, macht sich dar\u00fcber lustig...wie ein Deutschland...mit eindeutig kolonialer Vergangenheit ...diese nun wieder durch einen &quot;Menschen-Zoo&quot; aufleben l\u00e4sst...! &quot;LES ZOOS HUMAINS DE RETOUR EN ALLEMAGNE..&quot;\/Hier die Site in franz\u00f6sischer Originalsprache - es geht auch um neue Konflikte zwischen Marokko und den Sahouris - und hier auch les derni\u00e8res br\u00e8ves, die letzten Meldungen:\" \/>\n<meta property=\"og:url\" content=\"https:\/\/feminissima.de\/index.php\/2005\/07\/06\/afrik-com-rassismus-im-augsburger-zoo\/\" \/>\n<meta property=\"og:site_name\" content=\"Feminissima\" \/>\n<meta property=\"article:published_time\" content=\"2005-07-06T09:40:42+00:00\" \/>\n<meta name=\"author\" content=\"admin\" \/>\n<meta name=\"twitter:card\" content=\"summary_large_image\" \/>\n<meta name=\"twitter:label1\" content=\"Verfasst von\" \/>\n\t<meta name=\"twitter:data1\" content=\"admin\" \/>\n\t<meta name=\"twitter:label2\" content=\"Gesch\u00e4tzte Lesezeit\" \/>\n\t<meta name=\"twitter:data2\" content=\"6\u00a0Minuten\" \/>\n<script type=\"application\/ld+json\" class=\"yoast-schema-graph\">{\"@context\":\"https:\/\/schema.org\",\"@graph\":[{\"@type\":\"WebPage\",\"@id\":\"https:\/\/feminissima.de\/index.php\/2005\/07\/06\/afrik-com-rassismus-im-augsburger-zoo\/\",\"url\":\"https:\/\/feminissima.de\/index.php\/2005\/07\/06\/afrik-com-rassismus-im-augsburger-zoo\/\",\"name\":\"AFRIK.COM : Rassismus im Augsburger Zoo - Feminissima\",\"isPartOf\":{\"@id\":\"https:\/\/feminissima.de\/#website\"},\"datePublished\":\"2005-07-06T09:40:42+00:00\",\"dateModified\":\"2005-07-06T09:40:42+00:00\",\"author\":{\"@id\":\"https:\/\/feminissima.de\/#\/schema\/person\/0b901e053624f88e7ecbea289d9d5128\"},\"breadcrumb\":{\"@id\":\"https:\/\/feminissima.de\/index.php\/2005\/07\/06\/afrik-com-rassismus-im-augsburger-zoo\/#breadcrumb\"},\"inLanguage\":\"de\",\"potentialAction\":[{\"@type\":\"ReadAction\",\"target\":[\"https:\/\/feminissima.de\/index.php\/2005\/07\/06\/afrik-com-rassismus-im-augsburger-zoo\/\"]}]},{\"@type\":\"BreadcrumbList\",\"@id\":\"https:\/\/feminissima.de\/index.php\/2005\/07\/06\/afrik-com-rassismus-im-augsburger-zoo\/#breadcrumb\",\"itemListElement\":[{\"@type\":\"ListItem\",\"position\":1,\"name\":\"Startseite\",\"item\":\"https:\/\/feminissima.de\/\"},{\"@type\":\"ListItem\",\"position\":2,\"name\":\"AFRIK.COM : Rassismus im Augsburger Zoo\"}]},{\"@type\":\"WebSite\",\"@id\":\"https:\/\/feminissima.de\/#website\",\"url\":\"https:\/\/feminissima.de\/\",\"name\":\"Feminissima\",\"description\":\"\",\"potentialAction\":[{\"@type\":\"SearchAction\",\"target\":{\"@type\":\"EntryPoint\",\"urlTemplate\":\"https:\/\/feminissima.de\/?s={search_term_string}\"},\"query-input\":\"required name=search_term_string\"}],\"inLanguage\":\"de\"},{\"@type\":\"Person\",\"@id\":\"https:\/\/feminissima.de\/#\/schema\/person\/0b901e053624f88e7ecbea289d9d5128\",\"name\":\"admin\",\"image\":{\"@type\":\"ImageObject\",\"inLanguage\":\"de\",\"@id\":\"https:\/\/feminissima.de\/#\/schema\/person\/image\/\",\"url\":\"https:\/\/secure.gravatar.com\/avatar\/8da1f51327453c0bf63338e8e2a791948b7d2ac19b68839492d1e69aac6924a8?s=96&d=mm&r=g\",\"contentUrl\":\"https:\/\/secure.gravatar.com\/avatar\/8da1f51327453c0bf63338e8e2a791948b7d2ac19b68839492d1e69aac6924a8?s=96&d=mm&r=g\",\"caption\":\"admin\"},\"url\":\"https:\/\/feminissima.de\/index.php\/author\/admin\/\"}]}<\/script>\n<!-- \/ Yoast SEO plugin. -->","yoast_head_json":{"title":"AFRIK.COM : Rassismus im Augsburger Zoo - Feminissima","robots":{"index":"index","follow":"follow","max-snippet":"max-snippet:-1","max-image-preview":"max-image-preview:large","max-video-preview":"max-video-preview:-1"},"canonical":"https:\/\/feminissima.de\/index.php\/2005\/07\/06\/afrik-com-rassismus-im-augsburger-zoo\/","og_locale":"de_DE","og_type":"article","og_title":"AFRIK.COM : Rassismus im Augsburger Zoo - Feminissima","og_description":"Sp\u00e4ter die \u00dcbersetzung des Textes \u00fcber den Clou des Augsburger Zoos, ein \"afrikanisches Dorf\" darzusgtellen. www.AFRIK.com - die toute l'AFRIQUE - Site, macht sich dar\u00fcber lustig...wie ein Deutschland...mit eindeutig kolonialer Vergangenheit ...diese nun wieder durch einen \"Menschen-Zoo\" aufleben l\u00e4sst...! \"LES ZOOS HUMAINS DE RETOUR EN ALLEMAGNE..\"\/Hier die Site in franz\u00f6sischer Originalsprache - es geht auch um neue Konflikte zwischen Marokko und den Sahouris - und hier auch les derni\u00e8res br\u00e8ves, die letzten Meldungen:","og_url":"https:\/\/feminissima.de\/index.php\/2005\/07\/06\/afrik-com-rassismus-im-augsburger-zoo\/","og_site_name":"Feminissima","article_published_time":"2005-07-06T09:40:42+00:00","author":"admin","twitter_card":"summary_large_image","twitter_misc":{"Verfasst von":"admin","Gesch\u00e4tzte Lesezeit":"6\u00a0Minuten"},"schema":{"@context":"https:\/\/schema.org","@graph":[{"@type":"WebPage","@id":"https:\/\/feminissima.de\/index.php\/2005\/07\/06\/afrik-com-rassismus-im-augsburger-zoo\/","url":"https:\/\/feminissima.de\/index.php\/2005\/07\/06\/afrik-com-rassismus-im-augsburger-zoo\/","name":"AFRIK.COM : Rassismus im Augsburger Zoo - Feminissima","isPartOf":{"@id":"https:\/\/feminissima.de\/#website"},"datePublished":"2005-07-06T09:40:42+00:00","dateModified":"2005-07-06T09:40:42+00:00","author":{"@id":"https:\/\/feminissima.de\/#\/schema\/person\/0b901e053624f88e7ecbea289d9d5128"},"breadcrumb":{"@id":"https:\/\/feminissima.de\/index.php\/2005\/07\/06\/afrik-com-rassismus-im-augsburger-zoo\/#breadcrumb"},"inLanguage":"de","potentialAction":[{"@type":"ReadAction","target":["https:\/\/feminissima.de\/index.php\/2005\/07\/06\/afrik-com-rassismus-im-augsburger-zoo\/"]}]},{"@type":"BreadcrumbList","@id":"https:\/\/feminissima.de\/index.php\/2005\/07\/06\/afrik-com-rassismus-im-augsburger-zoo\/#breadcrumb","itemListElement":[{"@type":"ListItem","position":1,"name":"Startseite","item":"https:\/\/feminissima.de\/"},{"@type":"ListItem","position":2,"name":"AFRIK.COM : Rassismus im Augsburger Zoo"}]},{"@type":"WebSite","@id":"https:\/\/feminissima.de\/#website","url":"https:\/\/feminissima.de\/","name":"Feminissima","description":"","potentialAction":[{"@type":"SearchAction","target":{"@type":"EntryPoint","urlTemplate":"https:\/\/feminissima.de\/?s={search_term_string}"},"query-input":"required name=search_term_string"}],"inLanguage":"de"},{"@type":"Person","@id":"https:\/\/feminissima.de\/#\/schema\/person\/0b901e053624f88e7ecbea289d9d5128","name":"admin","image":{"@type":"ImageObject","inLanguage":"de","@id":"https:\/\/feminissima.de\/#\/schema\/person\/image\/","url":"https:\/\/secure.gravatar.com\/avatar\/8da1f51327453c0bf63338e8e2a791948b7d2ac19b68839492d1e69aac6924a8?s=96&d=mm&r=g","contentUrl":"https:\/\/secure.gravatar.com\/avatar\/8da1f51327453c0bf63338e8e2a791948b7d2ac19b68839492d1e69aac6924a8?s=96&d=mm&r=g","caption":"admin"},"url":"https:\/\/feminissima.de\/index.php\/author\/admin\/"}]}},"jetpack_featured_media_url":"","_links":{"self":[{"href":"https:\/\/feminissima.de\/index.php\/wp-json\/wp\/v2\/posts\/83832","targetHints":{"allow":["GET"]}}],"collection":[{"href":"https:\/\/feminissima.de\/index.php\/wp-json\/wp\/v2\/posts"}],"about":[{"href":"https:\/\/feminissima.de\/index.php\/wp-json\/wp\/v2\/types\/post"}],"author":[{"embeddable":true,"href":"https:\/\/feminissima.de\/index.php\/wp-json\/wp\/v2\/users\/2"}],"replies":[{"embeddable":true,"href":"https:\/\/feminissima.de\/index.php\/wp-json\/wp\/v2\/comments?post=83832"}],"version-history":[{"count":0,"href":"https:\/\/feminissima.de\/index.php\/wp-json\/wp\/v2\/posts\/83832\/revisions"}],"wp:attachment":[{"href":"https:\/\/feminissima.de\/index.php\/wp-json\/wp\/v2\/media?parent=83832"}],"wp:term":[{"taxonomy":"category","embeddable":true,"href":"https:\/\/feminissima.de\/index.php\/wp-json\/wp\/v2\/categories?post=83832"},{"taxonomy":"post_tag","embeddable":true,"href":"https:\/\/feminissima.de\/index.php\/wp-json\/wp\/v2\/tags?post=83832"}],"curies":[{"name":"wp","href":"https:\/\/api.w.org\/{rel}","templated":true}]}}