{"id":83804,"date":"2005-06-29T02:03:01","date_gmt":"2005-06-29T02:03:01","guid":{"rendered":"http:\/\/www.feminissima.de\/?p=83804"},"modified":"2005-06-29T02:03:01","modified_gmt":"2005-06-29T02:03:01","slug":"ich-war-das-perfekte-kind-ard-wdr","status":"publish","type":"post","link":"https:\/\/feminissima.de\/index.php\/2005\/06\/29\/ich-war-das-perfekte-kind-ard-wdr\/","title":{"rendered":"&#8222;Ich war das perfekte Kind&#8220; \/ARD\/WDR"},"content":{"rendered":"<p>Die Rezension vom 27. Juni 2005\/abends auf der live-Site.<\/p>\n<table width=\"100%\">\n<tr>\n<td style=\"background-image=url('images\/monet-heller.jpg')\"><font size=\"+1\"><\/p>\n<p>&#8230; <br \/>Die unverwechselbare Stimme von Nina Hoss <br \/>und die unverkennbare Handschrift der Umbreits:<\/p>\n<p>Bernd Umbreit (Kameramann, 2004 Kamerapreis)und Heidi Umbreit (Ton) &#8211; <\/p>\n<p>dieser Dokumentationsfilm &#8211; <\/p>\n<p>&#8222;ICH WAR DAS PERFEKTE KIND&#8220; &#8211; <\/p>\n<p>Portr\u00e4t eines &#8222;Stra\u00dfenkindes&#8220; &#8211;<br \/> das eins war, und doch eigentlich keins war &#8211; <\/p>\n<p>sondern nach etwas suchte, <br \/>das ihm diese Kapitalisten-Konsum-Welt nicht bieten konnte. <\/p>\n<p>Der Film,<br \/> dessen erster Ton, <br \/>dessen erstes Bild, <br \/>Dich alle Nebenbeit\u00e4tigkeiten auf der Stelle &#8230;<br \/>..ja, du setzt Dich hin <br \/>und willst kein Bild, <br \/>kein Wort, <br \/>keinen Zwischenton &#8211; <br \/>verpassen. <\/p>\n<p>Und &#8211; Du erkennst auch ein St\u00fcck dieser Stadt Berlin <br \/>in diesem Film wieder <br \/>und du fragst Dich,<br \/> ob Du dieses M\u00e4dchen nicht schon gesehen hast &#8211; <br \/>aber es gibt viele davon, <br \/>in Berlin&#8230;<\/p>\n<p>Der Film bietet eine Hoffung an &#8211; (und f\u00fcr uns..Zuschauer..)<\/p>\n<p>f\u00fcr die junge Frau, <br \/>die viel f\u00fcr sich erkannt hat:<br \/> die Freiheit, die sie drei Jahre gesucht hat, <br \/>auf der Stra\u00dfe, <br \/>und die sie &#8222;so&#8220; dort auch nicht findet. <\/p>\n<p>Der Ausblick: <br \/>sie, die auch Abitur hat, <br \/>ihr gelang nach einigen Praktika &#8211;<br \/>die auszuhalten schwer waren, deren Regelm\u00e4\u00dfigkeit des Ablaufs,<br \/> die Aufnahme zu einer Artisten-Zirkus-Ausbildung &#8211; <br \/>Richtung Jongleurin. <\/p>\n<p>&#8222;Damit brauche ich vor niemandem zu buckeln&#8230;.kann jederzeit auf der Stra\u00dfe als freie Stra\u00dfenk\u00fcnstlerin auch was verdienen&#8230;&#8220;<\/p>\n<p>DAs &#8222;perfekte Kind&#8220; &#8211; entstammte einer Lehrerin-Ingenieursfamilie aus dem Osnabr\u00fcckischen&#8230;<br \/>Flachland. <br \/>Sie floh vor der Adrettheit und der Bigotterie dieser Welt,<br \/> die sie nie als &#8222;heil&#8220;, sondern immer nur &#8222;als verlogen&#8220; empfand. <\/p>\n<p>FEMINISSIMA (info@feminissima.de)<\/p>\n<p><\/td>\n<\/tr>\n<\/table>\n","protected":false},"excerpt":{"rendered":"<p>Die Rezension vom 27. Juni 2005\/abends auf der live-Site.<\/p>\n","protected":false},"author":2,"featured_media":0,"comment_status":"closed","ping_status":"closed","sticky":false,"template":"","format":"standard","meta":{"footnotes":""},"categories":[11],"tags":[],"class_list":["post-83804","post","type-post","status-publish","format-standard","hentry","category-femkultur","entry"],"yoast_head":"<!-- This site is optimized with the Yoast SEO plugin v21.0 - https:\/\/yoast.com\/wordpress\/plugins\/seo\/ -->\n<title>&quot;Ich war das perfekte Kind&quot; \/ARD\/WDR - Feminissima<\/title>\n<meta name=\"robots\" content=\"index, follow, max-snippet:-1, max-image-preview:large, max-video-preview:-1\" \/>\n<link rel=\"canonical\" href=\"https:\/\/feminissima.de\/index.php\/2005\/06\/29\/ich-war-das-perfekte-kind-ard-wdr\/\" \/>\n<meta property=\"og:locale\" content=\"de_DE\" \/>\n<meta property=\"og:type\" content=\"article\" \/>\n<meta property=\"og:title\" content=\"&quot;Ich war das perfekte Kind&quot; \/ARD\/WDR - Feminissima\" \/>\n<meta property=\"og:description\" content=\"Die Rezension vom 27. Juni 2005\/abends auf der live-Site.\" \/>\n<meta property=\"og:url\" content=\"https:\/\/feminissima.de\/index.php\/2005\/06\/29\/ich-war-das-perfekte-kind-ard-wdr\/\" \/>\n<meta property=\"og:site_name\" content=\"Feminissima\" \/>\n<meta property=\"article:published_time\" content=\"2005-06-29T02:03:01+00:00\" \/>\n<meta name=\"author\" content=\"admin\" \/>\n<meta name=\"twitter:card\" content=\"summary_large_image\" \/>\n<meta name=\"twitter:label1\" content=\"Verfasst von\" \/>\n\t<meta name=\"twitter:data1\" content=\"admin\" \/>\n\t<meta name=\"twitter:label2\" content=\"Gesch\u00e4tzte Lesezeit\" \/>\n\t<meta name=\"twitter:data2\" content=\"1\u00a0Minute\" \/>\n<script type=\"application\/ld+json\" class=\"yoast-schema-graph\">{\"@context\":\"https:\/\/schema.org\",\"@graph\":[{\"@type\":\"WebPage\",\"@id\":\"https:\/\/feminissima.de\/index.php\/2005\/06\/29\/ich-war-das-perfekte-kind-ard-wdr\/\",\"url\":\"https:\/\/feminissima.de\/index.php\/2005\/06\/29\/ich-war-das-perfekte-kind-ard-wdr\/\",\"name\":\"\\\"Ich war das perfekte Kind\\\" \/ARD\/WDR - Feminissima\",\"isPartOf\":{\"@id\":\"https:\/\/feminissima.de\/#website\"},\"datePublished\":\"2005-06-29T02:03:01+00:00\",\"dateModified\":\"2005-06-29T02:03:01+00:00\",\"author\":{\"@id\":\"https:\/\/feminissima.de\/#\/schema\/person\/0b901e053624f88e7ecbea289d9d5128\"},\"breadcrumb\":{\"@id\":\"https:\/\/feminissima.de\/index.php\/2005\/06\/29\/ich-war-das-perfekte-kind-ard-wdr\/#breadcrumb\"},\"inLanguage\":\"de\",\"potentialAction\":[{\"@type\":\"ReadAction\",\"target\":[\"https:\/\/feminissima.de\/index.php\/2005\/06\/29\/ich-war-das-perfekte-kind-ard-wdr\/\"]}]},{\"@type\":\"BreadcrumbList\",\"@id\":\"https:\/\/feminissima.de\/index.php\/2005\/06\/29\/ich-war-das-perfekte-kind-ard-wdr\/#breadcrumb\",\"itemListElement\":[{\"@type\":\"ListItem\",\"position\":1,\"name\":\"Startseite\",\"item\":\"https:\/\/feminissima.de\/\"},{\"@type\":\"ListItem\",\"position\":2,\"name\":\"&#8222;Ich war das perfekte Kind&#8220; \/ARD\/WDR\"}]},{\"@type\":\"WebSite\",\"@id\":\"https:\/\/feminissima.de\/#website\",\"url\":\"https:\/\/feminissima.de\/\",\"name\":\"Feminissima\",\"description\":\"\",\"potentialAction\":[{\"@type\":\"SearchAction\",\"target\":{\"@type\":\"EntryPoint\",\"urlTemplate\":\"https:\/\/feminissima.de\/?s={search_term_string}\"},\"query-input\":\"required name=search_term_string\"}],\"inLanguage\":\"de\"},{\"@type\":\"Person\",\"@id\":\"https:\/\/feminissima.de\/#\/schema\/person\/0b901e053624f88e7ecbea289d9d5128\",\"name\":\"admin\",\"image\":{\"@type\":\"ImageObject\",\"inLanguage\":\"de\",\"@id\":\"https:\/\/feminissima.de\/#\/schema\/person\/image\/\",\"url\":\"https:\/\/secure.gravatar.com\/avatar\/8da1f51327453c0bf63338e8e2a791948b7d2ac19b68839492d1e69aac6924a8?s=96&d=mm&r=g\",\"contentUrl\":\"https:\/\/secure.gravatar.com\/avatar\/8da1f51327453c0bf63338e8e2a791948b7d2ac19b68839492d1e69aac6924a8?s=96&d=mm&r=g\",\"caption\":\"admin\"},\"url\":\"https:\/\/feminissima.de\/index.php\/author\/admin\/\"}]}<\/script>\n<!-- \/ Yoast SEO plugin. -->","yoast_head_json":{"title":"\"Ich war das perfekte Kind\" \/ARD\/WDR - Feminissima","robots":{"index":"index","follow":"follow","max-snippet":"max-snippet:-1","max-image-preview":"max-image-preview:large","max-video-preview":"max-video-preview:-1"},"canonical":"https:\/\/feminissima.de\/index.php\/2005\/06\/29\/ich-war-das-perfekte-kind-ard-wdr\/","og_locale":"de_DE","og_type":"article","og_title":"\"Ich war das perfekte Kind\" \/ARD\/WDR - Feminissima","og_description":"Die Rezension vom 27. Juni 2005\/abends auf der live-Site.","og_url":"https:\/\/feminissima.de\/index.php\/2005\/06\/29\/ich-war-das-perfekte-kind-ard-wdr\/","og_site_name":"Feminissima","article_published_time":"2005-06-29T02:03:01+00:00","author":"admin","twitter_card":"summary_large_image","twitter_misc":{"Verfasst von":"admin","Gesch\u00e4tzte Lesezeit":"1\u00a0Minute"},"schema":{"@context":"https:\/\/schema.org","@graph":[{"@type":"WebPage","@id":"https:\/\/feminissima.de\/index.php\/2005\/06\/29\/ich-war-das-perfekte-kind-ard-wdr\/","url":"https:\/\/feminissima.de\/index.php\/2005\/06\/29\/ich-war-das-perfekte-kind-ard-wdr\/","name":"\"Ich war das perfekte Kind\" \/ARD\/WDR - Feminissima","isPartOf":{"@id":"https:\/\/feminissima.de\/#website"},"datePublished":"2005-06-29T02:03:01+00:00","dateModified":"2005-06-29T02:03:01+00:00","author":{"@id":"https:\/\/feminissima.de\/#\/schema\/person\/0b901e053624f88e7ecbea289d9d5128"},"breadcrumb":{"@id":"https:\/\/feminissima.de\/index.php\/2005\/06\/29\/ich-war-das-perfekte-kind-ard-wdr\/#breadcrumb"},"inLanguage":"de","potentialAction":[{"@type":"ReadAction","target":["https:\/\/feminissima.de\/index.php\/2005\/06\/29\/ich-war-das-perfekte-kind-ard-wdr\/"]}]},{"@type":"BreadcrumbList","@id":"https:\/\/feminissima.de\/index.php\/2005\/06\/29\/ich-war-das-perfekte-kind-ard-wdr\/#breadcrumb","itemListElement":[{"@type":"ListItem","position":1,"name":"Startseite","item":"https:\/\/feminissima.de\/"},{"@type":"ListItem","position":2,"name":"&#8222;Ich war das perfekte Kind&#8220; \/ARD\/WDR"}]},{"@type":"WebSite","@id":"https:\/\/feminissima.de\/#website","url":"https:\/\/feminissima.de\/","name":"Feminissima","description":"","potentialAction":[{"@type":"SearchAction","target":{"@type":"EntryPoint","urlTemplate":"https:\/\/feminissima.de\/?s={search_term_string}"},"query-input":"required name=search_term_string"}],"inLanguage":"de"},{"@type":"Person","@id":"https:\/\/feminissima.de\/#\/schema\/person\/0b901e053624f88e7ecbea289d9d5128","name":"admin","image":{"@type":"ImageObject","inLanguage":"de","@id":"https:\/\/feminissima.de\/#\/schema\/person\/image\/","url":"https:\/\/secure.gravatar.com\/avatar\/8da1f51327453c0bf63338e8e2a791948b7d2ac19b68839492d1e69aac6924a8?s=96&d=mm&r=g","contentUrl":"https:\/\/secure.gravatar.com\/avatar\/8da1f51327453c0bf63338e8e2a791948b7d2ac19b68839492d1e69aac6924a8?s=96&d=mm&r=g","caption":"admin"},"url":"https:\/\/feminissima.de\/index.php\/author\/admin\/"}]}},"jetpack_featured_media_url":"","_links":{"self":[{"href":"https:\/\/feminissima.de\/index.php\/wp-json\/wp\/v2\/posts\/83804","targetHints":{"allow":["GET"]}}],"collection":[{"href":"https:\/\/feminissima.de\/index.php\/wp-json\/wp\/v2\/posts"}],"about":[{"href":"https:\/\/feminissima.de\/index.php\/wp-json\/wp\/v2\/types\/post"}],"author":[{"embeddable":true,"href":"https:\/\/feminissima.de\/index.php\/wp-json\/wp\/v2\/users\/2"}],"replies":[{"embeddable":true,"href":"https:\/\/feminissima.de\/index.php\/wp-json\/wp\/v2\/comments?post=83804"}],"version-history":[{"count":0,"href":"https:\/\/feminissima.de\/index.php\/wp-json\/wp\/v2\/posts\/83804\/revisions"}],"wp:attachment":[{"href":"https:\/\/feminissima.de\/index.php\/wp-json\/wp\/v2\/media?parent=83804"}],"wp:term":[{"taxonomy":"category","embeddable":true,"href":"https:\/\/feminissima.de\/index.php\/wp-json\/wp\/v2\/categories?post=83804"},{"taxonomy":"post_tag","embeddable":true,"href":"https:\/\/feminissima.de\/index.php\/wp-json\/wp\/v2\/tags?post=83804"}],"curies":[{"name":"wp","href":"https:\/\/api.w.org\/{rel}","templated":true}]}}