{"id":83800,"date":"2005-06-27T11:40:16","date_gmt":"2005-06-27T11:40:16","guid":{"rendered":"http:\/\/www.feminissima.de\/?p=83800"},"modified":"2005-06-27T11:40:16","modified_gmt":"2005-06-27T11:40:16","slug":"gewalt-leichenteile-in-bayern","status":"publish","type":"post","link":"https:\/\/feminissima.de\/index.php\/2005\/06\/27\/gewalt-leichenteile-in-bayern\/","title":{"rendered":"GEWALT: Leichenteile in Bayern"},"content":{"rendered":"<p>..Leichenteil von zwei Menschen in Bayern gefunden. Sie sollen noch nicht lange &#8230;weiter &#8211; Leichenteile von den 300 verschwundenen Kindern in London&#8230;Kinder afrikanischer Herkunft &#8211; hier der Text von der live-Site heute Vormittag von FEMINISSIMA &#8211; <br \/>\/last page view: 51462.\/Wir begr\u00fc\u00dften schon sehr herzlich 197 G\u00e4ste, heute, es ist&#8230;10 Uhr, Berlin: \/ Der grausige Fund in Oberbayern. Wieso gibt es keine Vermi\u00dftenmeldung?<br \/>\n<br \/>\nLaut gmx-aktuell k\u00f6nnte eine Hand einer etwa 16 Jahren jungen Frau zugeordnet werden. UND WIESO GIBT ES KEINE VERMISSTENMELDUNG? Das \u00f6ffnet finstersten Mutma\u00dfungen wieder einmal &#8230;doch nicht wieder ein &#8222;Ehrenmord&#8220; oder ein &#8222;Ritualmord&#8220;? Aber ist ein MORD eigentlich noch schlimmer, als der andere? Die uralte philosophische \u00dcberlegung! Dazu gesellt sich der Gedanke, wie sonderbar es ist, dass die 300 Kinder afrikanischer Herkunft, die in London seit etwa 2001 &#8222;verschwunden&#8220; sind, Funde von Rumpfteilen in der Themse &#8211; ERST JETZT &#8211; und auch nur &#8222;sehr regional&#8220; &#8211; in die Presse gekommen sind. FEMINISSIMA fand die schrecklichen Informationen dar\u00fcber vor einiger Zeit in www. AFRIK.com und in THE INDEPENDENT, GB, Vor wenigen Tagen berichtete spiegel-online detaillierter dar\u00fcber. Mit Details, die wir unseren LeserInnen ersparen m\u00f6chten. Details, die jedoch den Verdacht erh\u00e4rtet haben, laut einem Bericht von SCOTLAND YARD, dass es sich um Ritualmorde gehandelt haben k\u00f6nnte. Auch da die FRAGE &#8211; wieso blieb das Verschwinden von etwa 300 Kindern so lange so &#8222;unbemerkt?&#8220; Oder liegt es daran, dass AFRIKA uns presse-m\u00e4\u00dfig nicht interessiert? Wir lediglich jeweils von Kriegs-und- Polit-Schlagzeilen gesiebt erfahren..?? K\u00fcrzlich ging bei FEMINISSIMA z.B. eine Mail ein, die f\u00fcr sich spricht: Eine Journalistin suchte f\u00fcr einen Reportage-Aufenthalt, f\u00fcr ein Doku-Film-Projekt in Afrika (Sierra Leone) Sponsoren &#8211; bei Sendern sei sie abgeblitzt, mit den Worten: &#8222;Afrika interessiert doch &#8230;niemanden&#8220;. Doch da FEM nicht nachpr\u00fcfen kann, bei wievielen Sendern\/Redaktionen nachgefragt worden ist&#8230;kann der Wahrheitsgehalt so gesehen, nicht \u00fcbernommen werden &#8211; doch die Tatsache, wie wenig wir wirklich von AFRIKA erfahren, sprechen eigentlich f\u00fcr sich. FEMINISSIMA m\u00f6chte das ein wenig \u00e4ndern. Auch heute wieder &#8211; in fem&#038;Medien &#8211; www.AFRIK.com\/ mit der Information &#8211; dass \u00c4gypter trotz rapide steigender Lungenkrebserkrankungen (allein der SMOG in Kairo..!) so tun, als existiere die Krankheit nicht. Wir \u00fcbersetzen sp\u00e4ter mehr.<\/p>\n","protected":false},"excerpt":{"rendered":"<p>..Leichenteil von zwei Menschen in Bayern gefunden. Sie sollen noch nicht lange &#8230;weiter &#8211; Leichenteile von den 300 verschwundenen Kindern in London&#8230;Kinder afrikanischer Herkunft &#8211; hier der Text von der live-Site heute Vormittag von FEMINISSIMA &#8211; <\/p>\n","protected":false},"author":2,"featured_media":0,"comment_status":"closed","ping_status":"closed","sticky":false,"template":"","format":"standard","meta":{"footnotes":""},"categories":[15],"tags":[],"class_list":["post-83800","post","type-post","status-publish","format-standard","hentry","category-femrecht","entry"],"yoast_head":"<!-- This site is optimized with the Yoast SEO plugin v21.0 - https:\/\/yoast.com\/wordpress\/plugins\/seo\/ -->\n<title>GEWALT: Leichenteile in Bayern - Feminissima<\/title>\n<meta name=\"robots\" content=\"index, follow, max-snippet:-1, max-image-preview:large, max-video-preview:-1\" \/>\n<link rel=\"canonical\" href=\"https:\/\/feminissima.de\/index.php\/2005\/06\/27\/gewalt-leichenteile-in-bayern\/\" \/>\n<meta property=\"og:locale\" content=\"de_DE\" \/>\n<meta property=\"og:type\" content=\"article\" \/>\n<meta property=\"og:title\" content=\"GEWALT: Leichenteile in Bayern - Feminissima\" \/>\n<meta property=\"og:description\" content=\"..Leichenteil von zwei Menschen in Bayern gefunden. Sie sollen noch nicht lange ...weiter - Leichenteile von den 300 verschwundenen Kindern in London...Kinder afrikanischer Herkunft - hier der Text von der live-Site heute Vormittag von FEMINISSIMA -\" \/>\n<meta property=\"og:url\" content=\"https:\/\/feminissima.de\/index.php\/2005\/06\/27\/gewalt-leichenteile-in-bayern\/\" \/>\n<meta property=\"og:site_name\" content=\"Feminissima\" \/>\n<meta property=\"article:published_time\" content=\"2005-06-27T11:40:16+00:00\" \/>\n<meta name=\"author\" content=\"admin\" \/>\n<meta name=\"twitter:card\" content=\"summary_large_image\" \/>\n<meta name=\"twitter:label1\" content=\"Verfasst von\" \/>\n\t<meta name=\"twitter:data1\" content=\"admin\" \/>\n\t<meta name=\"twitter:label2\" content=\"Gesch\u00e4tzte Lesezeit\" \/>\n\t<meta name=\"twitter:data2\" content=\"2\u00a0Minuten\" \/>\n<script type=\"application\/ld+json\" class=\"yoast-schema-graph\">{\"@context\":\"https:\/\/schema.org\",\"@graph\":[{\"@type\":\"WebPage\",\"@id\":\"https:\/\/feminissima.de\/index.php\/2005\/06\/27\/gewalt-leichenteile-in-bayern\/\",\"url\":\"https:\/\/feminissima.de\/index.php\/2005\/06\/27\/gewalt-leichenteile-in-bayern\/\",\"name\":\"GEWALT: Leichenteile in Bayern - Feminissima\",\"isPartOf\":{\"@id\":\"https:\/\/feminissima.de\/#website\"},\"datePublished\":\"2005-06-27T11:40:16+00:00\",\"dateModified\":\"2005-06-27T11:40:16+00:00\",\"author\":{\"@id\":\"https:\/\/feminissima.de\/#\/schema\/person\/0b901e053624f88e7ecbea289d9d5128\"},\"breadcrumb\":{\"@id\":\"https:\/\/feminissima.de\/index.php\/2005\/06\/27\/gewalt-leichenteile-in-bayern\/#breadcrumb\"},\"inLanguage\":\"de\",\"potentialAction\":[{\"@type\":\"ReadAction\",\"target\":[\"https:\/\/feminissima.de\/index.php\/2005\/06\/27\/gewalt-leichenteile-in-bayern\/\"]}]},{\"@type\":\"BreadcrumbList\",\"@id\":\"https:\/\/feminissima.de\/index.php\/2005\/06\/27\/gewalt-leichenteile-in-bayern\/#breadcrumb\",\"itemListElement\":[{\"@type\":\"ListItem\",\"position\":1,\"name\":\"Startseite\",\"item\":\"https:\/\/feminissima.de\/\"},{\"@type\":\"ListItem\",\"position\":2,\"name\":\"GEWALT: Leichenteile in Bayern\"}]},{\"@type\":\"WebSite\",\"@id\":\"https:\/\/feminissima.de\/#website\",\"url\":\"https:\/\/feminissima.de\/\",\"name\":\"Feminissima\",\"description\":\"\",\"potentialAction\":[{\"@type\":\"SearchAction\",\"target\":{\"@type\":\"EntryPoint\",\"urlTemplate\":\"https:\/\/feminissima.de\/?s={search_term_string}\"},\"query-input\":\"required name=search_term_string\"}],\"inLanguage\":\"de\"},{\"@type\":\"Person\",\"@id\":\"https:\/\/feminissima.de\/#\/schema\/person\/0b901e053624f88e7ecbea289d9d5128\",\"name\":\"admin\",\"image\":{\"@type\":\"ImageObject\",\"inLanguage\":\"de\",\"@id\":\"https:\/\/feminissima.de\/#\/schema\/person\/image\/\",\"url\":\"https:\/\/secure.gravatar.com\/avatar\/8da1f51327453c0bf63338e8e2a791948b7d2ac19b68839492d1e69aac6924a8?s=96&d=mm&r=g\",\"contentUrl\":\"https:\/\/secure.gravatar.com\/avatar\/8da1f51327453c0bf63338e8e2a791948b7d2ac19b68839492d1e69aac6924a8?s=96&d=mm&r=g\",\"caption\":\"admin\"},\"url\":\"https:\/\/feminissima.de\/index.php\/author\/admin\/\"}]}<\/script>\n<!-- \/ Yoast SEO plugin. -->","yoast_head_json":{"title":"GEWALT: Leichenteile in Bayern - Feminissima","robots":{"index":"index","follow":"follow","max-snippet":"max-snippet:-1","max-image-preview":"max-image-preview:large","max-video-preview":"max-video-preview:-1"},"canonical":"https:\/\/feminissima.de\/index.php\/2005\/06\/27\/gewalt-leichenteile-in-bayern\/","og_locale":"de_DE","og_type":"article","og_title":"GEWALT: Leichenteile in Bayern - Feminissima","og_description":"..Leichenteil von zwei Menschen in Bayern gefunden. Sie sollen noch nicht lange ...weiter - Leichenteile von den 300 verschwundenen Kindern in London...Kinder afrikanischer Herkunft - hier der Text von der live-Site heute Vormittag von FEMINISSIMA -","og_url":"https:\/\/feminissima.de\/index.php\/2005\/06\/27\/gewalt-leichenteile-in-bayern\/","og_site_name":"Feminissima","article_published_time":"2005-06-27T11:40:16+00:00","author":"admin","twitter_card":"summary_large_image","twitter_misc":{"Verfasst von":"admin","Gesch\u00e4tzte Lesezeit":"2\u00a0Minuten"},"schema":{"@context":"https:\/\/schema.org","@graph":[{"@type":"WebPage","@id":"https:\/\/feminissima.de\/index.php\/2005\/06\/27\/gewalt-leichenteile-in-bayern\/","url":"https:\/\/feminissima.de\/index.php\/2005\/06\/27\/gewalt-leichenteile-in-bayern\/","name":"GEWALT: Leichenteile in Bayern - Feminissima","isPartOf":{"@id":"https:\/\/feminissima.de\/#website"},"datePublished":"2005-06-27T11:40:16+00:00","dateModified":"2005-06-27T11:40:16+00:00","author":{"@id":"https:\/\/feminissima.de\/#\/schema\/person\/0b901e053624f88e7ecbea289d9d5128"},"breadcrumb":{"@id":"https:\/\/feminissima.de\/index.php\/2005\/06\/27\/gewalt-leichenteile-in-bayern\/#breadcrumb"},"inLanguage":"de","potentialAction":[{"@type":"ReadAction","target":["https:\/\/feminissima.de\/index.php\/2005\/06\/27\/gewalt-leichenteile-in-bayern\/"]}]},{"@type":"BreadcrumbList","@id":"https:\/\/feminissima.de\/index.php\/2005\/06\/27\/gewalt-leichenteile-in-bayern\/#breadcrumb","itemListElement":[{"@type":"ListItem","position":1,"name":"Startseite","item":"https:\/\/feminissima.de\/"},{"@type":"ListItem","position":2,"name":"GEWALT: Leichenteile in Bayern"}]},{"@type":"WebSite","@id":"https:\/\/feminissima.de\/#website","url":"https:\/\/feminissima.de\/","name":"Feminissima","description":"","potentialAction":[{"@type":"SearchAction","target":{"@type":"EntryPoint","urlTemplate":"https:\/\/feminissima.de\/?s={search_term_string}"},"query-input":"required name=search_term_string"}],"inLanguage":"de"},{"@type":"Person","@id":"https:\/\/feminissima.de\/#\/schema\/person\/0b901e053624f88e7ecbea289d9d5128","name":"admin","image":{"@type":"ImageObject","inLanguage":"de","@id":"https:\/\/feminissima.de\/#\/schema\/person\/image\/","url":"https:\/\/secure.gravatar.com\/avatar\/8da1f51327453c0bf63338e8e2a791948b7d2ac19b68839492d1e69aac6924a8?s=96&d=mm&r=g","contentUrl":"https:\/\/secure.gravatar.com\/avatar\/8da1f51327453c0bf63338e8e2a791948b7d2ac19b68839492d1e69aac6924a8?s=96&d=mm&r=g","caption":"admin"},"url":"https:\/\/feminissima.de\/index.php\/author\/admin\/"}]}},"jetpack_featured_media_url":"","_links":{"self":[{"href":"https:\/\/feminissima.de\/index.php\/wp-json\/wp\/v2\/posts\/83800","targetHints":{"allow":["GET"]}}],"collection":[{"href":"https:\/\/feminissima.de\/index.php\/wp-json\/wp\/v2\/posts"}],"about":[{"href":"https:\/\/feminissima.de\/index.php\/wp-json\/wp\/v2\/types\/post"}],"author":[{"embeddable":true,"href":"https:\/\/feminissima.de\/index.php\/wp-json\/wp\/v2\/users\/2"}],"replies":[{"embeddable":true,"href":"https:\/\/feminissima.de\/index.php\/wp-json\/wp\/v2\/comments?post=83800"}],"version-history":[{"count":0,"href":"https:\/\/feminissima.de\/index.php\/wp-json\/wp\/v2\/posts\/83800\/revisions"}],"wp:attachment":[{"href":"https:\/\/feminissima.de\/index.php\/wp-json\/wp\/v2\/media?parent=83800"}],"wp:term":[{"taxonomy":"category","embeddable":true,"href":"https:\/\/feminissima.de\/index.php\/wp-json\/wp\/v2\/categories?post=83800"},{"taxonomy":"post_tag","embeddable":true,"href":"https:\/\/feminissima.de\/index.php\/wp-json\/wp\/v2\/tags?post=83800"}],"curies":[{"name":"wp","href":"https:\/\/api.w.org\/{rel}","templated":true}]}}