{"id":83799,"date":"2005-06-27T11:36:58","date_gmt":"2005-06-27T11:36:58","guid":{"rendered":"http:\/\/www.feminissima.de\/?p=83799"},"modified":"2005-06-27T11:36:58","modified_gmt":"2005-06-27T11:36:58","slug":"politikder-letzte-montag","status":"publish","type":"post","link":"https:\/\/feminissima.de\/index.php\/2005\/06\/27\/politikder-letzte-montag\/","title":{"rendered":"Politik:Der letzte Montag &#8211;"},"content":{"rendered":"<p>Der letzte Montag &#8211; Text ohne \u00dcberschrift &#8211;<br \/>\n<br \/>\nvon der live-Site heute Vormittag in die Rubrik, k\u00f6nnte aber auch in Alltag&#8230;die Rubrik fehlt!! Wir begr\u00fcssen heute bereit 200 G\u00e4ste und die Texte expandieren&#8230;wie die Temperaturen steigen&#8230;daher, to maintain the clearness auf der live-Site&#8230;hier die Texte&#8230;ein-balsamiert..sind aber hoch-lebendig!!<br \/>last page view: 51275.\/gestern: 329\/heute: 10\/es ist 07:17 in Central Europe!\/ zwei \u00dcberschriften sind gerade wieder abgew\u00e4hlt worden: Die erste &#8211; &#8222;Mit ROT-GR\u00dcN in die Zwangs-Diktatur!&#8220; Da riefen die schon-wachen Redaktions-Animals, allen voran Hasso, der wieder von der Stra\u00dfe zur\u00fcckgekehrt ist, der sympathische Stra\u00dfenk\u00f6ter unbestimmbarer Herkunft, der so gerne schlechte News zerbei\u00dft: &#8222;Das ist ja doppelt-gemoppelt!&#8220; Womit er nat\u00fcrlich einen Pleonasmus..hei\u00dft das so&#8230;oder pleonistisch&#8230;das-Neudeutsch-Pleonistische&#8230;.! Ah&#8230;alle blicken ehrf\u00fcrchtig und nicken! Jedenfalls, \u00dcberschrift die Zweite, lautete &#8211; &#8222;Rot-Gr\u00fcn, die schlechtere DDR?&#8220; Konnte auch nicht landen. Da f\u00fchlten sich unsere EX-DDR-RedaktionsMith\u00f6r-M\u00e4uslein arg diskriminiert&#8230;ja, also, \u00dcberschrift erst mal offen&#8230;wie alles! <\/p>\n<table width=\"100%\">\n<tr>\n<td style=\"background-image=url('images\/monet-heller.jpg')\"><font size=\"+1\"><\/p>\n<p>Willkommen&#8230;<br \/>Guten Morgen!<\/p>\n<p> Die Texte werden gerade abgef\u00fchrt!<br \/> Sie haben die Mitwirkung versagt!<br \/>Sie werden gesperrt!<br \/>Sollen sie doch bleiben, wo sie herkommen!<br \/>Ja, auch bei der RENTE&#8230;<br \/>so erreichte uns eine MAIL,<br \/>mu\u00dft Du &#8222;t\u00e4tig&#8220; mitwirken, sonst wird sie Dir gar nicht erst ausgestellt &#8211; <br \/> sondern &#8211; <br \/>eingestellt!<\/p>\n<p>Da schau her!<\/p>\n<p>Wie naiv die FEMNISSIMAS doch immer wieder sind!<\/p>\n<p>Dachten sie doch glatt,<\/p>\n<p> RENTE &#8211; <\/p>\n<p>das sei ein RECHTSANSPRUCH??<br \/>F\u00fcr die  ein Leben lang zwangs-eingezahlt worden war?<\/p>\n<p>Wieso kann da &#8222;mangels Mitwirkung&#8220; gesperrt werden?<\/p>\n<p>Ts, ts, &#8211;  DIESER STAAT !<br \/>Er \u00dcBERRASCHT DOCH T\u00c4GLICH-T\u00c4TLICH wieder neu!<\/p>\n<p> Heidiho! <\/p>\n<p>Es ist 06 Uhr 36 &#8211; !<\/p>\n<p>Hier noch alles fr\u00fchmorgenstimming-unaufger\u00e4umt und durcheinander-wuselig-wuselnd,<\/p>\n<p> die Vokale blicken verschlafen &#8211; aber &#8211; <\/p>\n<p>****this is your live-programme from Berlin: <br \/>frisch &#038; unfromm &#8211; :<\/p>\n<p>INFOS*ATMOS*SENSATIONEN&#8230;<\/p>\n<p>Nein, ganz unter uns &#8211; <\/p>\n<p>ZU VIELE Buchstaben hier auf der live-Site, <br \/>da dr\u00e4ngelt sich doch jeder vor, <br \/>ja, sie sind m\u00e4nnlich! <br \/>Sie treten am liebsten immer nur in Gruppen auf!!<\/p>\n<p>&#8230;Wir verteilen sie freundlichst in ihre Rubriken&#8230;<br \/>nicht alle&#8230;<br \/>mal sehen.<\/p>\n<p> Now, first, we put the cattle-on. <br \/>Tee oder Kaffee?<br \/> Was war das doch gestern wieder f\u00fcr ein IRRITIER-ARSENAL!<\/p>\n<p> &#8230;Nein, dieser Biedenkopf auch, geschenkt..<br \/>Ja, l\u00e4sst er gerne. <br \/>Sich was schenken.<\/p>\n<p> Herr Ramelow, erstaunlich good-looking f\u00fcr einen Politiker!<br \/>von der PDS, <br \/>der genau sagte, <br \/>was FEMINISSIMA denkt..oho! &#8211; <\/p>\n<p>..soll ja \u00fcbrigens <\/p>\n<p>&#8222;aus dem Westen&#8220;<\/p>\n<p> stammen&#8230;schaun-mer-mal!<\/p>\n<p>(Lest doch die nette live-Rezension von gestern Abend, <br \/>schon tief-ausatmend in der MEDIEN-RUBRIK &#8211;<\/p>\n<p> &#8222;CHRISTIANSEN &#8211; die Buchstaben fliehen ins Freie!&#8220; <\/p>\n<p>Auch der poetische Text &#8222;ROSENBL\u00dcTENBL\u00c4TTER&#8220;..<br \/>wie der &#8211; <br \/> ja, leider, <br \/>ist der Blumenladen von nebenan<br \/> nun pleite&#8230;<\/p>\n<p>was noch&#8230;<\/p>\n<p>..das waren live-Texte von gestern, <br \/>doch noch heute FRISCH ON YOUR MIND&#8230;warum nicht.<\/p>\n<p> Zum halben Preis, wie das Brot von gestern&#8230;<\/p>\n<p>JA! MUSIK HOCH &#8211; !<\/p>\n<p>Und &#8211; wer h\u00e4tte je gedacht, <br \/>dsss Helmut-Kohl mal dereinst &#8211; als KUSCHEL-KULT-KANZLER &#8211; <\/p>\n<p>beinah h\u00e4tte FEM <br \/>&#8222;posthum&#8220; <br \/>geschrieben, pardon, <br \/>jedenfalls&#8230;!<br \/> Ach! <br \/>Sie h\u00e4tten alle in Bonn bleiben sollen! <br \/>Und alles w\u00e4re gut geblieben-geworden..<br \/>ja, wirklich, und vielleicht <br \/>h\u00e4tten wir sogar unsere geliebte D-Mark noch&#8230;<\/p>\n<p>Rot-Gr\u00fcn w\u00e4re ein witziger Verein geblieben. <\/p>\n<p>Von dem man verkl\u00e4rt h\u00e4tte tr\u00e4umen k\u00f6nnen.<br \/> Und wir h\u00e4tten keine ungew\u00e4hlte und ungeliebte &#8222;Kommission&#8220; statt einer Regierung bekommen.<\/p>\n<p> Einen HARTZ  h\u00e4tte man f\u00fcr einen Stink-K\u00e4se gehalten&#8230;<br \/>Und f\u00fcr ein Wald-Berg-Gebiet zwischen Hessen und Th\u00fcringen &#8211; <\/p>\n<p>ja-ja-wir stricken uns heute Vormittag <br \/>-ein Filigran-Mensch-Sein-Wieder-D\u00fcrfen &#8211; wann war das zuletzt-GESPINST-Netzwerk <br \/>aus seidenen Wolken-Gedanken-F\u00e4den. <\/p>\n<p>\u00dcBRIGENS &#8211; <\/p>\n<p>heute stellt auch der SPIEGEL fest, <br \/>was FEMINISSIMA, war es vorgestern? <br \/>notierte: <br \/>WASG (wir k\u00f6nnen nur Berlin beurteilen)<br \/> setzt sich stark aus Unterschichts-Publikum zusammen. <br \/>Nein, ist nicht wertfrei. <br \/>Stimmt. <br \/>Der \u00fcble Umgangston auch nicht. <\/p>\n<p>Doch, seien wir ausnahmsweise mal ganz-ganz-ganz &#8211; ehrlich:<\/p>\n<p>Die Unterschicht? Ist ein neues Synonym f\u00fcr &#8222;Politiker&#8220; &#8211; denn der (Umgangs-)Ton ist immer schlecht!<\/p>\n<p>Sch\u00f6nen Montag noch!<\/p>\n<p>Drau\u00dfen wartet das pralle Montagsleben&#8230;<\/p>\n<p>Oder?<\/p>\n<p>FEMINISSIMA (info@feminissima.de)<\/p>\n<p><\/td>\n<\/tr>\n<\/table>\n","protected":false},"excerpt":{"rendered":"<p>Der letzte Montag &#8211; Text ohne \u00dcberschrift &#8211;<br \/>\n<br \/>\nvon der live-Site heute Vormittag in die Rubrik, k\u00f6nnte aber auch in Alltag&#8230;die Rubrik fehlt!! Wir begr\u00fcssen heute bereit 200 G\u00e4ste und die Texte expandieren&#8230;wie die Temperaturen steigen&#8230;daher, to maintain the clearness auf der live-Site&#8230;hier die Texte&#8230;ein-balsamiert..sind aber hoch-lebendig!!<\/p>\n","protected":false},"author":2,"featured_media":0,"comment_status":"closed","ping_status":"closed","sticky":false,"template":"","format":"standard","meta":{"footnotes":""},"categories":[14],"tags":[],"class_list":["post-83799","post","type-post","status-publish","format-standard","hentry","category-fempolitik","entry"],"yoast_head":"<!-- This site is optimized with the Yoast SEO plugin v21.0 - https:\/\/yoast.com\/wordpress\/plugins\/seo\/ -->\n<title>Politik:Der letzte Montag - Feminissima<\/title>\n<meta name=\"robots\" content=\"index, follow, max-snippet:-1, max-image-preview:large, max-video-preview:-1\" \/>\n<link rel=\"canonical\" href=\"https:\/\/feminissima.de\/index.php\/2005\/06\/27\/politikder-letzte-montag\/\" \/>\n<meta property=\"og:locale\" content=\"de_DE\" \/>\n<meta property=\"og:type\" content=\"article\" \/>\n<meta property=\"og:title\" content=\"Politik:Der letzte Montag - Feminissima\" \/>\n<meta property=\"og:description\" content=\"Der letzte Montag - Text ohne \u00dcberschrift -  von der live-Site heute Vormittag in die Rubrik, k\u00f6nnte aber auch in Alltag...die Rubrik fehlt!! Wir begr\u00fcssen heute bereit 200 G\u00e4ste und die Texte expandieren...wie die Temperaturen steigen...daher, to maintain the clearness auf der live-Site...hier die Texte...ein-balsamiert..sind aber hoch-lebendig!!\" \/>\n<meta property=\"og:url\" content=\"https:\/\/feminissima.de\/index.php\/2005\/06\/27\/politikder-letzte-montag\/\" \/>\n<meta property=\"og:site_name\" content=\"Feminissima\" \/>\n<meta property=\"article:published_time\" content=\"2005-06-27T11:36:58+00:00\" \/>\n<meta name=\"author\" content=\"admin\" \/>\n<meta name=\"twitter:card\" content=\"summary_large_image\" \/>\n<meta name=\"twitter:label1\" content=\"Verfasst von\" \/>\n\t<meta name=\"twitter:data1\" content=\"admin\" \/>\n\t<meta name=\"twitter:label2\" content=\"Gesch\u00e4tzte Lesezeit\" \/>\n\t<meta name=\"twitter:data2\" content=\"3\u00a0Minuten\" \/>\n<script type=\"application\/ld+json\" class=\"yoast-schema-graph\">{\"@context\":\"https:\/\/schema.org\",\"@graph\":[{\"@type\":\"WebPage\",\"@id\":\"https:\/\/feminissima.de\/index.php\/2005\/06\/27\/politikder-letzte-montag\/\",\"url\":\"https:\/\/feminissima.de\/index.php\/2005\/06\/27\/politikder-letzte-montag\/\",\"name\":\"Politik:Der letzte Montag - Feminissima\",\"isPartOf\":{\"@id\":\"https:\/\/feminissima.de\/#website\"},\"datePublished\":\"2005-06-27T11:36:58+00:00\",\"dateModified\":\"2005-06-27T11:36:58+00:00\",\"author\":{\"@id\":\"https:\/\/feminissima.de\/#\/schema\/person\/0b901e053624f88e7ecbea289d9d5128\"},\"breadcrumb\":{\"@id\":\"https:\/\/feminissima.de\/index.php\/2005\/06\/27\/politikder-letzte-montag\/#breadcrumb\"},\"inLanguage\":\"de\",\"potentialAction\":[{\"@type\":\"ReadAction\",\"target\":[\"https:\/\/feminissima.de\/index.php\/2005\/06\/27\/politikder-letzte-montag\/\"]}]},{\"@type\":\"BreadcrumbList\",\"@id\":\"https:\/\/feminissima.de\/index.php\/2005\/06\/27\/politikder-letzte-montag\/#breadcrumb\",\"itemListElement\":[{\"@type\":\"ListItem\",\"position\":1,\"name\":\"Startseite\",\"item\":\"https:\/\/feminissima.de\/\"},{\"@type\":\"ListItem\",\"position\":2,\"name\":\"Politik:Der letzte Montag &#8211;\"}]},{\"@type\":\"WebSite\",\"@id\":\"https:\/\/feminissima.de\/#website\",\"url\":\"https:\/\/feminissima.de\/\",\"name\":\"Feminissima\",\"description\":\"\",\"potentialAction\":[{\"@type\":\"SearchAction\",\"target\":{\"@type\":\"EntryPoint\",\"urlTemplate\":\"https:\/\/feminissima.de\/?s={search_term_string}\"},\"query-input\":\"required name=search_term_string\"}],\"inLanguage\":\"de\"},{\"@type\":\"Person\",\"@id\":\"https:\/\/feminissima.de\/#\/schema\/person\/0b901e053624f88e7ecbea289d9d5128\",\"name\":\"admin\",\"image\":{\"@type\":\"ImageObject\",\"inLanguage\":\"de\",\"@id\":\"https:\/\/feminissima.de\/#\/schema\/person\/image\/\",\"url\":\"https:\/\/secure.gravatar.com\/avatar\/8da1f51327453c0bf63338e8e2a791948b7d2ac19b68839492d1e69aac6924a8?s=96&d=mm&r=g\",\"contentUrl\":\"https:\/\/secure.gravatar.com\/avatar\/8da1f51327453c0bf63338e8e2a791948b7d2ac19b68839492d1e69aac6924a8?s=96&d=mm&r=g\",\"caption\":\"admin\"},\"url\":\"https:\/\/feminissima.de\/index.php\/author\/admin\/\"}]}<\/script>\n<!-- \/ Yoast SEO plugin. -->","yoast_head_json":{"title":"Politik:Der letzte Montag - Feminissima","robots":{"index":"index","follow":"follow","max-snippet":"max-snippet:-1","max-image-preview":"max-image-preview:large","max-video-preview":"max-video-preview:-1"},"canonical":"https:\/\/feminissima.de\/index.php\/2005\/06\/27\/politikder-letzte-montag\/","og_locale":"de_DE","og_type":"article","og_title":"Politik:Der letzte Montag - Feminissima","og_description":"Der letzte Montag - Text ohne \u00dcberschrift -  von der live-Site heute Vormittag in die Rubrik, k\u00f6nnte aber auch in Alltag...die Rubrik fehlt!! Wir begr\u00fcssen heute bereit 200 G\u00e4ste und die Texte expandieren...wie die Temperaturen steigen...daher, to maintain the clearness auf der live-Site...hier die Texte...ein-balsamiert..sind aber hoch-lebendig!!","og_url":"https:\/\/feminissima.de\/index.php\/2005\/06\/27\/politikder-letzte-montag\/","og_site_name":"Feminissima","article_published_time":"2005-06-27T11:36:58+00:00","author":"admin","twitter_card":"summary_large_image","twitter_misc":{"Verfasst von":"admin","Gesch\u00e4tzte Lesezeit":"3\u00a0Minuten"},"schema":{"@context":"https:\/\/schema.org","@graph":[{"@type":"WebPage","@id":"https:\/\/feminissima.de\/index.php\/2005\/06\/27\/politikder-letzte-montag\/","url":"https:\/\/feminissima.de\/index.php\/2005\/06\/27\/politikder-letzte-montag\/","name":"Politik:Der letzte Montag - Feminissima","isPartOf":{"@id":"https:\/\/feminissima.de\/#website"},"datePublished":"2005-06-27T11:36:58+00:00","dateModified":"2005-06-27T11:36:58+00:00","author":{"@id":"https:\/\/feminissima.de\/#\/schema\/person\/0b901e053624f88e7ecbea289d9d5128"},"breadcrumb":{"@id":"https:\/\/feminissima.de\/index.php\/2005\/06\/27\/politikder-letzte-montag\/#breadcrumb"},"inLanguage":"de","potentialAction":[{"@type":"ReadAction","target":["https:\/\/feminissima.de\/index.php\/2005\/06\/27\/politikder-letzte-montag\/"]}]},{"@type":"BreadcrumbList","@id":"https:\/\/feminissima.de\/index.php\/2005\/06\/27\/politikder-letzte-montag\/#breadcrumb","itemListElement":[{"@type":"ListItem","position":1,"name":"Startseite","item":"https:\/\/feminissima.de\/"},{"@type":"ListItem","position":2,"name":"Politik:Der letzte Montag &#8211;"}]},{"@type":"WebSite","@id":"https:\/\/feminissima.de\/#website","url":"https:\/\/feminissima.de\/","name":"Feminissima","description":"","potentialAction":[{"@type":"SearchAction","target":{"@type":"EntryPoint","urlTemplate":"https:\/\/feminissima.de\/?s={search_term_string}"},"query-input":"required name=search_term_string"}],"inLanguage":"de"},{"@type":"Person","@id":"https:\/\/feminissima.de\/#\/schema\/person\/0b901e053624f88e7ecbea289d9d5128","name":"admin","image":{"@type":"ImageObject","inLanguage":"de","@id":"https:\/\/feminissima.de\/#\/schema\/person\/image\/","url":"https:\/\/secure.gravatar.com\/avatar\/8da1f51327453c0bf63338e8e2a791948b7d2ac19b68839492d1e69aac6924a8?s=96&d=mm&r=g","contentUrl":"https:\/\/secure.gravatar.com\/avatar\/8da1f51327453c0bf63338e8e2a791948b7d2ac19b68839492d1e69aac6924a8?s=96&d=mm&r=g","caption":"admin"},"url":"https:\/\/feminissima.de\/index.php\/author\/admin\/"}]}},"jetpack_featured_media_url":"","_links":{"self":[{"href":"https:\/\/feminissima.de\/index.php\/wp-json\/wp\/v2\/posts\/83799","targetHints":{"allow":["GET"]}}],"collection":[{"href":"https:\/\/feminissima.de\/index.php\/wp-json\/wp\/v2\/posts"}],"about":[{"href":"https:\/\/feminissima.de\/index.php\/wp-json\/wp\/v2\/types\/post"}],"author":[{"embeddable":true,"href":"https:\/\/feminissima.de\/index.php\/wp-json\/wp\/v2\/users\/2"}],"replies":[{"embeddable":true,"href":"https:\/\/feminissima.de\/index.php\/wp-json\/wp\/v2\/comments?post=83799"}],"version-history":[{"count":0,"href":"https:\/\/feminissima.de\/index.php\/wp-json\/wp\/v2\/posts\/83799\/revisions"}],"wp:attachment":[{"href":"https:\/\/feminissima.de\/index.php\/wp-json\/wp\/v2\/media?parent=83799"}],"wp:term":[{"taxonomy":"category","embeddable":true,"href":"https:\/\/feminissima.de\/index.php\/wp-json\/wp\/v2\/categories?post=83799"},{"taxonomy":"post_tag","embeddable":true,"href":"https:\/\/feminissima.de\/index.php\/wp-json\/wp\/v2\/tags?post=83799"}],"curies":[{"name":"wp","href":"https:\/\/api.w.org\/{rel}","templated":true}]}}