{"id":83797,"date":"2005-06-29T01:58:24","date_gmt":"2005-06-29T01:58:24","guid":{"rendered":"http:\/\/www.feminissima.de\/?p=83797"},"modified":"2005-06-29T01:58:24","modified_gmt":"2005-06-29T01:58:24","slug":"hartz-iv-ein-rechenfehler-kommentar","status":"publish","type":"post","link":"https:\/\/feminissima.de\/index.php\/2005\/06\/29\/hartz-iv-ein-rechenfehler-kommentar\/","title":{"rendered":"HARTZ IV &#8211; ein RECHENFEHLER &#8211; Kommentar"},"content":{"rendered":"<p>Der Kommentar, auf der live-Site, gestern, erhielt dort 150 page views. Er ist ziemlich lang, f\u00fcr einen live-Text (live geschrieben, hinterher, auch live- korrigiert&#8230;einige werden es gemerkt haben, ja&#8230;!) und er ist eigentlich informativer, aber kaum weniger scharf, als abends die Sendung FRONTAL 21 \/ZDF &#8230;im Tenor fast identisch. Als Untertitel zum FEMINISSIMA-Kommentar lie\u00dfe sich auch schreiben: &#8222;Der Versuch einer BEGRIFFS-ENTWIRRUNG&#8220;&#8230;aber auf jeden Fall die Analyse eines &#8211; ja, RECHENFEHLERS&#8230;in mehrfacher Hinsicht..<br \/>last page view: 51815.\/heute 199\/ gestern:340\/ Es ist 15 Uhr 15 in Berlin. Hier ein live-Text-Kommentar.<\/p>\n<table width=\"100%\">\n<tr>\n<td style=\"background-image=url('images\/monet-heller.jpg')\"><font size=\"+1\"><\/p>\n<p>Willkommen&#8230;<\/p>\n<p>Ehe von der gew\u00e4hlten Regierung<br \/> eingesetzte Kommissionen <br \/> die Arbeit einer rotgr\u00fcnen Regierung \u00fcbernahmen, <\/p>\n<p>und damit &#8222;unsere&#8220; Regierung anstatt selbst zu regieren,<br \/>&#8222;regieren lie\u00df&#8220;, &#8211; <\/p>\n<p> die B\u00fcrger auf diese Weise doppelt bezahlten:<\/p>\n<p> Die Geh\u00e4lter f\u00fcr die Regierenden,<br \/> die regieren lie\u00dfen,<br \/> und  &#8222;Beraterhonorare&#8220; gleichzeitig f\u00fcr die &#8222;Beratungs-Kommissions-Gruppen&#8220; &#8211; <br \/>deren Namen dann,<br \/> zumeist ohne Glamour! <br \/>in die Namensgr\u00fcndungen irgendwelcher sich sp\u00e4ter als obskur &#038; obsolet erweisenden Projekte&#8230;eingingen &#8211; <\/p>\n<p>existierte im Sozialsystem noch eine relative Gerechtigkeit. <\/p>\n<p>Jedenfalls im Vergleich zu heute.<br \/> Der B\u00fcrger wird zwar t\u00e4glich mit neuen Begriffen bombardiert,<br \/> deren Kern-Inhalte darzulegen <br \/>auch den Journalisten des Tagesgesch\u00e4fts (oft)die Zeit und das Wissen fehlt &#8211; <br \/>dahinter &#8222;von oben&#8220; die damit erf\u00fcllte Absicht, <br \/>dass der B\u00fcrger auch wirklich-m\u00f6glichst <br \/>&#8222;nichts merke&#8220; -und nicht &#8222;dahinterblicke&#8220; ,<br \/> und daher auch nicht aufmucke, gegen das,<br \/> was denn alles an Makulatur von der Riege, <br \/>die sich Regierung apostrophiert,<br \/> fabriziert werde. <\/p>\n<p>Eine Zeitlang hat es funktioniert. <\/p>\n<p>Dann begannen die B\u00fcrger diese Menschen, <br \/>die sie gew\u00e4hlt hatten,<br \/> und die sie nun als &#8222;Hochstapler&#8220; und auch &#8222;Zechpreller&#8220; bezeichneten, <br \/>zumindest in den Bierg\u00e4rten <br \/>oder den abgenutzen H\u00f6rs\u00e4len mancher Unis &#8211; <br \/>diese Verursacher ihrer Gesamt-Armut &#8211; <\/p>\n<p>abzustrafen. <\/p>\n<p>Sie gingen nicht mehr w\u00e4hlen. <br \/>Und wenn doch, w\u00e4hlten sie anything but ROT-GR\u00dcN.<\/p>\n<p> Ein Wirtschaftsminister, Clement, der zugleich &#8222;Arbeitsminister&#8220; wurde, <br \/>auch diese Fehlkonstruktion, ging, logisch, nach hinten los. <\/p>\n<p>Mit &#8222;SPD&#8220; hat  Clement so wenig am Hut, <br \/>wie ein Neonazi mit Sozialismus.<\/p>\n<p> So wurde eine &#8222;Reform&#8220; zum 1.1. 2005 durchgepeitscht,- <br \/>die in Wirklichkeit den R\u00fcckfall in vor Bismarck&#8217;s Zeiten darstellt; <br \/> das gro\u00dfe Zerschlagen ..<\/p>\n<p>des modernen Sozialstaats. <\/p>\n<p>Mit einem fast immer-inhaltslose Floskeln in den \u00c4ther pustenden <br \/>&#8222;Arbeits- und Wirtschaftsminister&#8220;, namens Clement, SPD .<\/p>\n<p>The big Deal lautete,<br \/>ebenfalls nach einem Beratungs-Kommissionsmitglied benannt, <br \/>denn einem Regierungsmitglied &#8211; <\/p>\n<p> H A R T Z  IV :<\/p>\n<p>Wie jeder wei\u00df, <br \/>und jeder schon vorher wu\u00dfte,<\/p>\n<p>hat HARTZ IV bislang nur einer Gruppe genutzt:<\/p>\n<p>Jener, die damit NOCH MEHR ARBEIT, <br \/>noch MEHR GELD<br \/> bekam,<br \/>und &#8211; noch mehr MACHT \u00fcber andere. <\/p>\n<p>Der Rest wurde per Gesetz zum gesellschaftlichen und finanziellen TAGEL\u00d6HNER von einem Tag auf den anderen degradiert. <\/p>\n<p>Inzwischen, <\/p>\n<p>nur SECHS MONATE SP\u00c4TER <\/p>\n<p>und dem FAST-AUSGEL\u00d6SCHT-SEINS,<\/p>\n<p>politisch,<\/p>\n<p>jener, die das &#8222;politisch&#8220; zu verantworten hat:<\/p>\n<p>kann nicht mehr l\u00e4nger gelogen werden, ist die Wahrheit auf dem Tisch :<\/p>\n<p>Der bereits vorab f\u00fcr jeden denkenden Menschen absehbare Flop einer sogenannten &#8222;Reform&#8220;.<\/p>\n<p>Was sich schon vorher nicht leiden konnte, <br \/>kann es auch nach der &#8222;Reform&#8220; nicht &#8211; :<\/p>\n<p>Sozial\u00e4mter auf der einen, Arbeits\u00e4mter auf der anderen Seite.<\/p>\n<p>Waren bis zum 1. 1. 2005 <br \/> Erstere bislang klar f\u00fcr Sozialhilfebezieher zust\u00e4ndig, <br \/>konnten auch mal schnell und v\u00f6llig unb\u00fcrokratisch helfen &#8211; <\/p>\n<p>sollte durch den feinen Akt der DOPPELABSCHAFFUNG &#8211; <\/p>\n<p> von Arbeitslosenhilfe UND  Sozialhilfe &#8211; <\/p>\n<p>mit der Geburt eines<br \/> neuen, gigantischen <br \/> Papiertigers,<br \/> namens <\/p>\n<p>&#8222;ARBEITSLOSENGELD II&#8220;, <\/p>\n<p> inzwischen fast nur noch  H A R T Z  IV  genannt,<\/p>\n<p>ein neuer Akt von &#8222;Des Kaisers neue Kleider&#8220; beginnen. <\/p>\n<p>&#8222;B\u00fcrger, wie gut habt Ihr es doch!&#8220;<\/p>\n<p>&#8222;Es gibt jetzt keine Sozialhilfe mehr!&#8220;<br \/>&#8222;Mit dieser Diskriminierung ist nun endlich Schlu\u00df!&#8220;<\/p>\n<p> Die erhalten jetzt die Chance ihres Lebens!<br \/>&#8222;die d\u00fcrfen jetzt arbeiten&#8230;!&#8220;<\/p>\n<p>Wunderbar!.<\/p>\n<p>Die anderen, <br \/>DIE zuvor gearbeitet hatten, <br \/>oft schon seit ihrem 15. Lebensjahr,<br \/>und denen bisher Monat f\u00fcr Monat die Sozialversicherung von dem realen Einkommen, den L\u00f6hnen, <br \/>abgezogen worden war, Money, <br \/>das ungefiltert in den gro\u00dfen Rachen &#8222;Staat&#8220; geflossen war, &#8211; <\/p>\n<p>diesen, <\/p>\n<p>die nun arbeitslos geworden waren, <br \/>wurde nun erz\u00e4hlt,<\/p>\n<p>die ARBEITSLOSENHILFE sei, <\/p>\n<p>gleich der SOZIALHILFE, <\/p>\n<p>ja lediglich eine vom Steuerzahler bezahlte Rechnung, <\/p>\n<p>ein Almosen also, f\u00fcr das die Sozialgemeinschaft aufzukommen habe..<br \/>Daher sei es ungerecht, wenn<br \/> diese beiden Gruppen, die L\u00e4nger-Arbeitslosen <br \/> und jene, die nie &#8211; <br \/>wie auch die Freiberufler und Selbst\u00e4ndigen und Beamten nicht,  <\/p>\n<p>nie, die Rede ist wieder von den  Sozialhilfe-Empf\u00e4ngern ,<br \/>in die Sozialkassen eingezahlt hatten, auseinanderdividiert w\u00fcrden. <\/p>\n<p> Inhaltlich &#038; finanziell.<\/p>\n<p>Es sei &#8222;ungerecht&#8220;<br \/>den Sozialhilfe-Empf\u00e4ngern gegen\u00fcber, <\/p>\n<p>und auch gegen\u00fcber dem Rest der Nation,<br \/>die f\u00fcr die Arbeitslosen aufzukommen h\u00e4tten:<\/p>\n<p>Wenn jene, die nach auch l\u00e4ngst verk\u00fcrztem Bezug von &#8222;normalem&#8220; Arbeitslosengeld, <\/p>\n<p>nun Arbeitslosengeld I genannt, <\/p>\n<p> als <br \/>ARBEITSLOSENHILFEBEZIEHER &#8222;mehr&#8220; h\u00e4tten. <\/p>\n<p>Beides, Sozialhilfe, als auch Arbeitslosenhilfe,<br \/> sei eine auf Bed\u00fcrftigkeit beruhende Zahlung.<br \/>Von den &#8222;Steuerzahlern&#8220; finanziert.<br \/>Immer wieder wurde das den B\u00fcrgern eingeh\u00e4mmert. <br \/>Und &#8211; auch das immer wieder:<\/p>\n<p>Es sei daher &#8211; <\/p>\n<p>&#8222;ungerecht&#8220;, <\/p>\n<p>wenn ein Mensch,<\/p>\n<p>der zwar Jahrzehnte seines Lebens gut verdient hatte,<br \/>damit auch <br \/>&#8222;gut&#8220; in die Sozialkassen eingezahlt hatte,<\/p>\n<p>nun, da er nicht mehr verwertbar war,<\/p>\n<p>noch durch die ARBEITLSLOSENHILFE,<br \/>deren H\u00f6he nach dem vorherigen Einkommen sich gestaffelt berechnete,<\/p>\n<p>&#8222;so viel mehr bekommen solle, <br \/>als die anderen, die sich ebenfalls <br \/>&#8222;von des Steuerzahlers Gnaden&#8220; &#8220; aushalten lie\u00dfen, <\/p>\n<p>die &#8222;Sozialhilfe-Empf\u00e4nger.&#8220;<br \/>Aber hingegen nie hinein-gezahlt hatten, in die Kassen.<br \/>Wisch &#038; weg damit eine vorherige gute Ausbildung, ein Studium, ein guter Job.<br \/>Pers\u00f6nliches Engagement.<br \/>Z\u00e4hlte ab dem 1. 1. 2005 nicht mehr.<\/p>\n<p>Wer l\u00e4nger als ein Jahr arbeitslos war , <br \/>war jetzt selbst schuld.<br \/>Und sollte nun &#8211; und so geschah es &#8211; <\/p>\n<p>als HARTZ IV -Empf\u00e4nger &#8211; mit den vorherigen SOZIALHILFE-EMPF\u00c4NGERN <br \/>auf eine Stufe gestellt werden:<\/p>\n<p>GLEICHE ARMUT F\u00dcR ALLE.<\/p>\n<p>Die nicht verwertbar sind.<\/p>\n<p>Damit war \u00fcber Bord geworfen, <br \/>was fast 100 Jahre gegolten hatte.<br \/> Wof\u00fcr ungez\u00e4hlte Menschen gek\u00e4mpft hatten:<br \/>Dass Arbeitslose durch den Verlust ihres Arbeitsplatzes nicht in die j\u00e4he Unversorgtheit, Armut abst\u00fcrzten:<br \/>Daf\u00fcr zahlte der Arbeitnehmer ja auch ein,<br \/> Monat f\u00fcr Monat, <br \/>Jahr f\u00fcr Jahr &#8211; <\/p>\n<p>um im Fall der F\u00e4lle, <br \/>nicht sozial hilflos und ausgeliefert dazustehen.<\/p>\n<p>Indessen war nun der vorherige Arbeitnehmer <br \/>nach nur einem Jahr Arbeitslosigkeit <br \/>der<br \/>\n<br \/>\nrepressiven Armuts-Verwaltung ausgeliefert. <\/p>\n<p>Gestern war vergessen.<\/p>\n<p>Mu\u00dfte sich auf 16seitigen Antragsformularen<br \/>seiner Gesamt-Privatsph\u00e4re berauben lassen,<br \/>um dann weniger als ein Hunger-Almosen vom &#8222;Staat&#8220; zu erhalten.<br \/>Sich gleichzeitig unterstellen lassen m\u00fcssend,<br \/>er wolle nicht arbeiten.<br \/>Daher wurde auch gleich eine neue Form der Zwangsarbeit eingef\u00fchrt.<\/p>\n<p> Von 1 Euro pro Stunde.<\/p>\n<p>Und auch hier viel Geschrei gegen die Wahrheit &#8211; <br \/> die sich indes nicht lange verhehlen lie\u00df &#8211; <\/p>\n<p> SELBSTVERST\u00c4NDLICH raubten diese 1-Euro-Job dem &#8222;Arbeitsmarkt I&#8220; noch weitere Arbeitspl\u00e4tze weg. <\/p>\n<p>Vom sozialen Elend der Betroffenen gar nicht zu reden.<br \/>Wer spricht hier schon noch davon.<\/p>\n<p>Die Suizidrate ist inzwischen in die H\u00f6he geschnellt.<br \/>Das ruft bestenfalls zynische Reaktionen hervor.<\/p>\n<p>\nEin &#8222;Modell&#8220;, einmalig auf der Welt.<br \/>In seiner Menschenverachtung.<\/p>\n<p>In seiner Menschenfeindlichkeit.<\/p>\n<p>Dass die Milchm\u00e4nner-Rechnung nicht aufgehen konnte, erwies sich alsbald.<\/p>\n<p>\nWenig revolution\u00e4r, aber daf\u00fcr nachhaltig&#8230;<\/p>\n<p>durch ihr Wahlverhalten,<\/p>\n<p>zahlten es die maltr\u00e4tierten B\u00fcrger <br \/>es ihrem treulosen Staat zur\u00fcck.<\/p>\n<p> Sie lie\u00dfen die politisch verantwortliche Clique abst\u00fcrzen bis ins Bodenlose.<\/p>\n<p>Seitdem, nach amerikanischem Modell, <br \/>die UMFRAGEN einen Stellenwert erhalten haben, <br \/> der einen enormen Machtfaktor darstellt, <\/p>\n<p>konnten die Herrschenden auch nicht so tun, <br \/> als w\u00fc\u00dften sie nichts von dem, <br \/> was sich an der <br \/>verratenen Basis zusammenbraute.<\/p>\n<p>Die Regierung mu\u00df gehen.<br \/> Sie hat erkannt, dass nur ein R\u00fcckzug sie noch rettet, wenn \u00fcberhaupt.<\/p>\n<p>Und sie haben nun,<br \/> gestern,<br \/> eingestehen m\u00fcssen,<br \/>vor laufenden Kameras, <\/p>\n<p>dass all die &#8222;ORGANISATIONSPROBLEME&#8220; &#8211; <\/p>\n<p>zwischen den Sozial\u00e4mtern, die es ja &#8222;namentlich&#8220; nicht mehr gibt, <br \/> diese sogenannten &#8222;JOB-CENTER&#8220; ,<\/p>\n<p> dieses Gerangel zwischen den von den Kommunen bislang bezahlten Sozial\u00e4mtern,<\/p>\n<p>und der Arbeitsagentur &#8211; <br \/>die vom Bund finanziert wird &#8211; <\/p>\n<p>dass dies so nicht funktionierte.<\/p>\n<p>Um Geld zu sparen, hatten die Kommunen sogar &#8211; Rollstuhlfahrer als Arbeitslose dargestellt,<\/p>\n<p>um die Kosten f\u00fcr die fr\u00fchere Sozialhilfe, die es ja seit dem 1. 1. 2005 auf dem Papier nicht mehr gibt, <\/p>\n<p>dem Bund aufzuhalsen.<\/p>\n<p>Damit nicht genug.<\/p>\n<p>Nach dem ersten Schock begannen indessen jene, <br \/>die sich mit Beginn des neuen Jahres als &#8222;Sozialschmarotzer&#8220; <\/p>\n<p>bezichtigen lassen mu\u00dften, <\/p>\n<p>denen nur durch ZWANG UND ARMUT &#8211; <\/p>\n<p>der Weg wieder in die Arbeit <br \/>gewiesen werden m\u00fcsse &#8211; <\/p>\n<p>damit sie wieder f\u00fcndig w\u00fcrden &#8211; <\/p>\n<p>diese geschundene und zu Recht emp\u00f6rte Gruppe, <\/p>\n<p>suchte sich die besten Schlupfl\u00f6cher dieses Flickschuster-Gesetzes aus. <\/p>\n<p>Um in ihrer Armut per Gesetzes-Strich &#8211;  nicht ganz unter zu gehen.<\/p>\n<p>Nun staunte man &#8222;oben&#8220; nicht schlecht:<\/p>\n<p>Man mu\u00dfte einerseits zugeben, dass die die Kooperation-Koordination in den sogenannten Job-Centern nicht funktionierte. <\/p>\n<p>Noch die EDV, <br \/>die  alles zusammenklammern sollte, <br \/>was nicht durchdacht war. <\/p>\n<p>Und vor allem, <br \/> dass sich &#8211; diametral anders, <br \/>als &#8222;gedacht&#8220; &#8211; <\/p>\n<p>die Ausgaben f\u00fcr HARTZ IV &#8211; <\/p>\n<p>sich schier ins GIGANTISCHE &#8211;<\/p>\n<p>ausgeweitet haben. <\/p>\n<p>Anstatt Geld zu sparen..die Ausgaben ins Uferlose flossen.<\/p>\n<p>Denn eine nicht geringe Anzahl von L\u00e4nger-Arbeitslosen hatte in der Tat<br \/> mit ihrer ARBEITSLOSENHILFE mehr Geld bezogen: konnte damit ihre Miete noch selbst bezahlen; die Rundfunkgeb\u00fchren, und-so-weiter.<\/p>\n<p>Mit &#8222;HARTZ IV&#8220; aber &#8211; wurde &#8222;der Staat&#8220; nun zu einem gigantischen Mietenzahler, plus all der Nebenkosten  wie Strom, Heizung etc. <\/p>\n<p>Und die Rundfunkanstalten hatten schnell die H\u00f6he des Verlustes beziffert,<br \/> die sie dadurch einb\u00fc\u00dften,<br \/> dass Millionen nun keine Rundfunkgeb\u00fchren als Armuts-Opfer,<br \/>mehr zu zahlen brauchten.<\/p>\n<p>Auch die U-Bahn-Tickets wurden f\u00fcr diese Gruppe als &#8222;Sozialticket&#8220; <br \/> preiswerter als zuvor.<\/p>\n<p>\nJetzt die Bankrott-Erkl\u00e4rung &#8211; im Grunde wieder die AUFTEILUNG in &#8222;Sozialhilfe-Empf\u00e4nger&#8220; und &#8222;Zuvor Normal-Arbeitslose&#8220;. <\/p>\n<p>Auch wenn das Wort &#8222;HARTZ IV&#8220; weiterhin bestehen bleibt.<\/p>\n<p>Jetzt wird also wieder neu &#8222;organisiert&#8220;. <\/p>\n<p>Und es wird wieder Monate dauern.<br \/> Bis es funktioniert.<br \/>Oder auch nicht.<\/p>\n<p>Mal ist von 150.000 Menschen die Rede, <br \/>die bis heute ihr Geld noch nicht erhalten haben, <br \/>seit Beginn des Jahres. <\/p>\n<p> Mal von 700.000  &#8211; .<\/p>\n<p>Und der vielleicht h\u00f6chste Preis, den die Verursacher nun selbst zu zahlen haben &#8211; SIE WERDEN POLITISCH GEHASST. <br \/>ROT-GR\u00dcN ist am Ende.<\/p>\n<p>Freilich fallen sie alle weich.<\/p>\n<p> NOCH EINEM WEITEREN RECHEN-FEHLER im System<br \/>verdankt der &#8222;Staat&#8220; seine immensen &#8222;Sozialausgaben&#8220;, die er ja eigentlich genau &#8230;reduzieren wollte. <\/p>\n<p>Auch hier im Hintergrund nicht als die Infamie am Werke. <br \/>Oder wirklich nur einfach Menschen, die nie rechnen konnten??<\/p>\n<p>In all dem Geschw\u00e4tz der Dauerl\u00e4chelnden, <br \/>die nun nicht mehr l\u00e4chelt, <br \/>im Kreise ihres rheinischen Beraters &#8211; <\/p>\n<p>die Noch-Gesundheitsministerin, (SPD) hatte auch sie CAMOUFLIERT, <\/p>\n<p>was wirklich auf die Krankenversicherten noch zukam, <br \/>jenseits der unversch\u00e4mten &#8222;Praxisgeb\u00fchr.&#8220;<\/p>\n<p>Wer nicht mehr festangestellt war &#8211; <\/p>\n<p>geriet nun AUTOMATISCH &#8211; <\/p>\n<p>in den STATUS EINES SELBST\u00c4NDIGEN &#8211; <\/p>\n<p>&#8222;krankenkassentechnisch&#8220;.<\/p>\n<p>Galt fr\u00fcher das Prinzip &#8211; <\/p>\n<p>wie es Festangestellten nach wie vor inkraft ist &#8211; <\/p>\n<p>die BEITR\u00c4GE BEMESSEN SICH NACH DEN EINK\u00dcNFTEN &#8211; <\/p>\n<p>so ist auch das vom Tisch.<\/p>\n<p>Sondern es gilt f\u00fcr jeden der MINDESTSATZ von 270 Euro f\u00fcr die &#8222;unterste Stufe der Selbst\u00e4ndigen&#8220;.<\/p>\n<p>So. <\/p>\n<p>Was hei\u00dft das in Wirklichkeit??<\/p>\n<p>Die Wirklichkeit sieht so aus:<\/p>\n<p>Wer nicht das Geld f\u00fcr die so teuer gewordene &#8222;Freiwillige Versicherung&#8220; hat, &#8222;GEHT ZU HARTZ IV&#8220; &#8211; denn damit sind auch alle Sozialkosten abgedeckt.<\/p>\n<p>Zum Beispiel all die StudentInnen, die nach Abschlu\u00df ihres Studiums noch am \u00dcberlegen sind, was sie machen, auf ihren ersten Job warten, auf den Beginn ihres Referendariats, ihrer Promotion, <\/p>\n<p>sie k\u00f6nnen vielleicht noch die Miete f\u00fcr ihr WG-Zimmer und ihren eigentlich bescheiden gehaltenen Unterhalt aufbringen &#8211; <\/p>\n<p>aber nun \u00fcber Nacht pl\u00f6tzlich 270 Euro Krankenversicherung f\u00fcr eine Gesetzliche Krankenkasse zu zahlen &#8211; <\/p>\n<p>weil es die STAFFELUNG nach unten nicht mehr gibt&#8230;<\/p>\n<p>das schaffen viele nicht.<\/p>\n<p>Und gab es f\u00fcr die &#8222;Sozialhilfe&#8220; noch fr\u00fcher enorme Hemmschwellen,<\/p>\n<p>so sind die gegen\u00fcber HARTZ IV jetzt gefallen.<\/p>\n<p>Es ist das Auffang-System, das letztlich so gesehen, ja gar nicht sooo \u00fcbel ist?<\/p>\n<p>Du kriegst eigentlich alles bezahlt, worum Du Dich vorher doch selbst hast k\u00fcmmern m\u00fcssen.<\/p>\n<p>Zahlen gespensterten durch die Presse : Zig Hunderttausende &#8222;kleiner Selbst\u00e4ndiger&#8220; nicht mehr krankenversichert. <\/p>\n<p>Klar, die k\u00f6nnen es sich nicht mehr leisten.<\/p>\n<p>Am Ende von Lied &#8211; reihen auch sie sich in die langen Schlangen (wie fr\u00fcher, kurz vor Adolf&#8230;)<\/p>\n<p>vor den \u00c4mtern ein, <\/p>\n<p>um irgendwie<\/p>\n<p>zu \u00fcberleben &#8211; <\/p>\n<p>in diesem<\/p>\n<p>Dschungel-Staat.<\/p>\n<p>Dem es peinlich ist, Einkommensbeziehern von \u00fcber 250. 000 Euro j\u00e4hrlich ein paar Cent mehr Steuern abzunehmen.<br \/>Als w\u00e4re es die Mehrheit, <br \/>die so viel Geld verdient.<\/p>\n<p><\/p>\n","protected":false},"excerpt":{"rendered":"<p>Der Kommentar, auf der live-Site, gestern, erhielt dort 150 page views. Er ist ziemlich lang, f\u00fcr einen live-Text (live geschrieben, hinterher, auch live- korrigiert&#8230;einige werden es gemerkt haben, ja&#8230;!) und er ist eigentlich informativer, aber kaum weniger scharf, als abends die Sendung FRONTAL 21 \/ZDF &#8230;im Tenor fast identisch. Als Untertitel zum FEMINISSIMA-Kommentar lie\u00dfe sich auch schreiben: &#8222;Der Versuch einer BEGRIFFS-ENTWIRRUNG&#8220;&#8230;aber auf jeden Fall die Analyse eines &#8211; ja, RECHENFEHLERS&#8230;in mehrfacher Hinsicht..<\/p>\n","protected":false},"author":2,"featured_media":0,"comment_status":"closed","ping_status":"closed","sticky":false,"template":"","format":"standard","meta":{"footnotes":""},"categories":[7],"tags":[],"class_list":["post-83797","post","type-post","status-publish","format-standard","hentry","category-femberuf","entry"],"yoast_head":"<!-- This site is optimized with the Yoast SEO plugin v21.0 - https:\/\/yoast.com\/wordpress\/plugins\/seo\/ -->\n<title>HARTZ IV - ein RECHENFEHLER - Kommentar - Feminissima<\/title>\n<meta name=\"robots\" content=\"index, follow, max-snippet:-1, max-image-preview:large, max-video-preview:-1\" \/>\n<link rel=\"canonical\" href=\"https:\/\/feminissima.de\/index.php\/2005\/06\/29\/hartz-iv-ein-rechenfehler-kommentar\/\" \/>\n<meta property=\"og:locale\" content=\"de_DE\" \/>\n<meta property=\"og:type\" content=\"article\" \/>\n<meta property=\"og:title\" content=\"HARTZ IV - ein RECHENFEHLER - Kommentar - Feminissima\" \/>\n<meta property=\"og:description\" content=\"Der Kommentar, auf der live-Site, gestern, erhielt dort 150 page views. Er ist ziemlich lang, f\u00fcr einen live-Text (live geschrieben, hinterher, auch live- korrigiert...einige werden es gemerkt haben, ja...!) und er ist eigentlich informativer, aber kaum weniger scharf, als abends die Sendung FRONTAL 21 \/ZDF ...im Tenor fast identisch. Als Untertitel zum FEMINISSIMA-Kommentar lie\u00dfe sich auch schreiben: &quot;Der Versuch einer BEGRIFFS-ENTWIRRUNG&quot;...aber auf jeden Fall die Analyse eines - ja, RECHENFEHLERS...in mehrfacher Hinsicht..\" \/>\n<meta property=\"og:url\" content=\"https:\/\/feminissima.de\/index.php\/2005\/06\/29\/hartz-iv-ein-rechenfehler-kommentar\/\" \/>\n<meta property=\"og:site_name\" content=\"Feminissima\" \/>\n<meta property=\"article:published_time\" content=\"2005-06-29T01:58:24+00:00\" \/>\n<meta name=\"author\" content=\"admin\" \/>\n<meta name=\"twitter:card\" content=\"summary_large_image\" \/>\n<meta name=\"twitter:label1\" content=\"Verfasst von\" \/>\n\t<meta name=\"twitter:data1\" content=\"admin\" \/>\n\t<meta name=\"twitter:label2\" content=\"Gesch\u00e4tzte Lesezeit\" \/>\n\t<meta name=\"twitter:data2\" content=\"10\u00a0Minuten\" \/>\n<script type=\"application\/ld+json\" class=\"yoast-schema-graph\">{\"@context\":\"https:\/\/schema.org\",\"@graph\":[{\"@type\":\"WebPage\",\"@id\":\"https:\/\/feminissima.de\/index.php\/2005\/06\/29\/hartz-iv-ein-rechenfehler-kommentar\/\",\"url\":\"https:\/\/feminissima.de\/index.php\/2005\/06\/29\/hartz-iv-ein-rechenfehler-kommentar\/\",\"name\":\"HARTZ IV - ein RECHENFEHLER - Kommentar - Feminissima\",\"isPartOf\":{\"@id\":\"https:\/\/feminissima.de\/#website\"},\"datePublished\":\"2005-06-29T01:58:24+00:00\",\"dateModified\":\"2005-06-29T01:58:24+00:00\",\"author\":{\"@id\":\"https:\/\/feminissima.de\/#\/schema\/person\/0b901e053624f88e7ecbea289d9d5128\"},\"breadcrumb\":{\"@id\":\"https:\/\/feminissima.de\/index.php\/2005\/06\/29\/hartz-iv-ein-rechenfehler-kommentar\/#breadcrumb\"},\"inLanguage\":\"de\",\"potentialAction\":[{\"@type\":\"ReadAction\",\"target\":[\"https:\/\/feminissima.de\/index.php\/2005\/06\/29\/hartz-iv-ein-rechenfehler-kommentar\/\"]}]},{\"@type\":\"BreadcrumbList\",\"@id\":\"https:\/\/feminissima.de\/index.php\/2005\/06\/29\/hartz-iv-ein-rechenfehler-kommentar\/#breadcrumb\",\"itemListElement\":[{\"@type\":\"ListItem\",\"position\":1,\"name\":\"Startseite\",\"item\":\"https:\/\/feminissima.de\/\"},{\"@type\":\"ListItem\",\"position\":2,\"name\":\"HARTZ IV &#8211; ein RECHENFEHLER &#8211; Kommentar\"}]},{\"@type\":\"WebSite\",\"@id\":\"https:\/\/feminissima.de\/#website\",\"url\":\"https:\/\/feminissima.de\/\",\"name\":\"Feminissima\",\"description\":\"\",\"potentialAction\":[{\"@type\":\"SearchAction\",\"target\":{\"@type\":\"EntryPoint\",\"urlTemplate\":\"https:\/\/feminissima.de\/?s={search_term_string}\"},\"query-input\":\"required name=search_term_string\"}],\"inLanguage\":\"de\"},{\"@type\":\"Person\",\"@id\":\"https:\/\/feminissima.de\/#\/schema\/person\/0b901e053624f88e7ecbea289d9d5128\",\"name\":\"admin\",\"image\":{\"@type\":\"ImageObject\",\"inLanguage\":\"de\",\"@id\":\"https:\/\/feminissima.de\/#\/schema\/person\/image\/\",\"url\":\"https:\/\/secure.gravatar.com\/avatar\/8da1f51327453c0bf63338e8e2a791948b7d2ac19b68839492d1e69aac6924a8?s=96&d=mm&r=g\",\"contentUrl\":\"https:\/\/secure.gravatar.com\/avatar\/8da1f51327453c0bf63338e8e2a791948b7d2ac19b68839492d1e69aac6924a8?s=96&d=mm&r=g\",\"caption\":\"admin\"},\"url\":\"https:\/\/feminissima.de\/index.php\/author\/admin\/\"}]}<\/script>\n<!-- \/ Yoast SEO plugin. -->","yoast_head_json":{"title":"HARTZ IV - ein RECHENFEHLER - Kommentar - Feminissima","robots":{"index":"index","follow":"follow","max-snippet":"max-snippet:-1","max-image-preview":"max-image-preview:large","max-video-preview":"max-video-preview:-1"},"canonical":"https:\/\/feminissima.de\/index.php\/2005\/06\/29\/hartz-iv-ein-rechenfehler-kommentar\/","og_locale":"de_DE","og_type":"article","og_title":"HARTZ IV - ein RECHENFEHLER - Kommentar - Feminissima","og_description":"Der Kommentar, auf der live-Site, gestern, erhielt dort 150 page views. Er ist ziemlich lang, f\u00fcr einen live-Text (live geschrieben, hinterher, auch live- korrigiert...einige werden es gemerkt haben, ja...!) und er ist eigentlich informativer, aber kaum weniger scharf, als abends die Sendung FRONTAL 21 \/ZDF ...im Tenor fast identisch. Als Untertitel zum FEMINISSIMA-Kommentar lie\u00dfe sich auch schreiben: \"Der Versuch einer BEGRIFFS-ENTWIRRUNG\"...aber auf jeden Fall die Analyse eines - ja, RECHENFEHLERS...in mehrfacher Hinsicht..","og_url":"https:\/\/feminissima.de\/index.php\/2005\/06\/29\/hartz-iv-ein-rechenfehler-kommentar\/","og_site_name":"Feminissima","article_published_time":"2005-06-29T01:58:24+00:00","author":"admin","twitter_card":"summary_large_image","twitter_misc":{"Verfasst von":"admin","Gesch\u00e4tzte Lesezeit":"10\u00a0Minuten"},"schema":{"@context":"https:\/\/schema.org","@graph":[{"@type":"WebPage","@id":"https:\/\/feminissima.de\/index.php\/2005\/06\/29\/hartz-iv-ein-rechenfehler-kommentar\/","url":"https:\/\/feminissima.de\/index.php\/2005\/06\/29\/hartz-iv-ein-rechenfehler-kommentar\/","name":"HARTZ IV - ein RECHENFEHLER - Kommentar - Feminissima","isPartOf":{"@id":"https:\/\/feminissima.de\/#website"},"datePublished":"2005-06-29T01:58:24+00:00","dateModified":"2005-06-29T01:58:24+00:00","author":{"@id":"https:\/\/feminissima.de\/#\/schema\/person\/0b901e053624f88e7ecbea289d9d5128"},"breadcrumb":{"@id":"https:\/\/feminissima.de\/index.php\/2005\/06\/29\/hartz-iv-ein-rechenfehler-kommentar\/#breadcrumb"},"inLanguage":"de","potentialAction":[{"@type":"ReadAction","target":["https:\/\/feminissima.de\/index.php\/2005\/06\/29\/hartz-iv-ein-rechenfehler-kommentar\/"]}]},{"@type":"BreadcrumbList","@id":"https:\/\/feminissima.de\/index.php\/2005\/06\/29\/hartz-iv-ein-rechenfehler-kommentar\/#breadcrumb","itemListElement":[{"@type":"ListItem","position":1,"name":"Startseite","item":"https:\/\/feminissima.de\/"},{"@type":"ListItem","position":2,"name":"HARTZ IV &#8211; ein RECHENFEHLER &#8211; Kommentar"}]},{"@type":"WebSite","@id":"https:\/\/feminissima.de\/#website","url":"https:\/\/feminissima.de\/","name":"Feminissima","description":"","potentialAction":[{"@type":"SearchAction","target":{"@type":"EntryPoint","urlTemplate":"https:\/\/feminissima.de\/?s={search_term_string}"},"query-input":"required name=search_term_string"}],"inLanguage":"de"},{"@type":"Person","@id":"https:\/\/feminissima.de\/#\/schema\/person\/0b901e053624f88e7ecbea289d9d5128","name":"admin","image":{"@type":"ImageObject","inLanguage":"de","@id":"https:\/\/feminissima.de\/#\/schema\/person\/image\/","url":"https:\/\/secure.gravatar.com\/avatar\/8da1f51327453c0bf63338e8e2a791948b7d2ac19b68839492d1e69aac6924a8?s=96&d=mm&r=g","contentUrl":"https:\/\/secure.gravatar.com\/avatar\/8da1f51327453c0bf63338e8e2a791948b7d2ac19b68839492d1e69aac6924a8?s=96&d=mm&r=g","caption":"admin"},"url":"https:\/\/feminissima.de\/index.php\/author\/admin\/"}]}},"jetpack_featured_media_url":"","_links":{"self":[{"href":"https:\/\/feminissima.de\/index.php\/wp-json\/wp\/v2\/posts\/83797","targetHints":{"allow":["GET"]}}],"collection":[{"href":"https:\/\/feminissima.de\/index.php\/wp-json\/wp\/v2\/posts"}],"about":[{"href":"https:\/\/feminissima.de\/index.php\/wp-json\/wp\/v2\/types\/post"}],"author":[{"embeddable":true,"href":"https:\/\/feminissima.de\/index.php\/wp-json\/wp\/v2\/users\/2"}],"replies":[{"embeddable":true,"href":"https:\/\/feminissima.de\/index.php\/wp-json\/wp\/v2\/comments?post=83797"}],"version-history":[{"count":0,"href":"https:\/\/feminissima.de\/index.php\/wp-json\/wp\/v2\/posts\/83797\/revisions"}],"wp:attachment":[{"href":"https:\/\/feminissima.de\/index.php\/wp-json\/wp\/v2\/media?parent=83797"}],"wp:term":[{"taxonomy":"category","embeddable":true,"href":"https:\/\/feminissima.de\/index.php\/wp-json\/wp\/v2\/categories?post=83797"},{"taxonomy":"post_tag","embeddable":true,"href":"https:\/\/feminissima.de\/index.php\/wp-json\/wp\/v2\/tags?post=83797"}],"curies":[{"name":"wp","href":"https:\/\/api.w.org\/{rel}","templated":true}]}}